{"id":24556,"date":"2020-06-08T08:58:37","date_gmt":"2020-06-08T06:58:37","guid":{"rendered":"https:\/\/kunmedierne.dk\/mors\/?p=24556"},"modified":"2024-08-12T14:06:02","modified_gmt":"2024-08-12T12:06:02","slug":"branden-i-flade-100-ton-savsmuld-er-blevet-til-fem","status":"publish","type":"post","link":"https:\/\/kunmedierne.dk\/mors\/branden-i-flade-100-ton-savsmuld-er-blevet-til-fem\/","title":{"rendered":"Branden i Flade: 100 ton savsmuld er blevet til fem"},"content":{"rendered":"<p><strong>FLADE<\/strong>: De f\u00f8rste vurderinger af m\u00e6ngden af savsmuld involveret i <a href=\"https:\/\/kunmedierne.dk\/mors\/stor-brand-i-flade\/\" target=\"_blank\" rel=\"noopener noreferrer\">s\u00f8ndagens brand<\/a> i Flade er blevet kraftigt neddroslet.<\/p>\n<p>Da Nordjyllands Beredskab i g\u00e5r ankom til det tidligere savv\u00e6rk, l\u00f8d informationerne, at der l\u00f8rdag var leveret 100 ton savv\u00e6rk til fyring. Mandag morgen oplyser J\u00f8rgen Jensen, politikommiss\u00e6r ved lokalpolitiet i Thisted, at m\u00e6ngden, if\u00f8lge d\u00f8gnrapporten hos politiet, i stedet var fem ton savsmuld.<\/p>\n<p>Det var, da ilden fik fat i den megen savsmuld, at der rejste sig en paddehattesky af flammer og r\u00f8g, som kunne ses p\u00e5 lang afstand. Samtidig \u00e6ndredes opgaven for brandv\u00e6snet, som ikke l\u00e6ngere havde muligheden for at redde de br\u00e6ndende bygninger, men m\u00e5tte koncentrere sig om at forhindre str\u00e5levarmen i at s\u00e6tte nabobygninger i brand.<\/p>\n<p>Det lykkedes, mens bygningerne, der var p\u00e5 det tidligere savv\u00e6rk, gik tabt.<\/p>\n<p>Det var en 47-\u00e5rig mand, der boede til leje i en af bygningerne, der s\u00f8ndag morgen slog alarm. Sammen med sin hun slap han ud i tide, og ingen kom s\u00e5ledes til skade under storbranden, der kr\u00e6vede indsats fra seks brandk\u00f8ret\u00f8jer og 20 brandfolk fra Nyk\u00f8bing og Thisted.<\/p>\n<p>\u00c5rsagen til branden kendes ikke endnu, fort\u00e6ller J\u00f8rgen Jensen.<\/p>\n<p>&#8220;Vi skal unders\u00f8ge det n\u00e6rmere i l\u00f8bet af ugen, men det ser ud, som om det er opst\u00e5et omkring et stokerfyr,&#8221; siger han.<\/p>\n","protected":false},"excerpt":{"rendered":"<p>FLADE: De f\u00f8rste vurderinger af m\u00e6ngden af savsmuld involveret i s\u00f8ndagens brand i Flade er blevet kraftigt neddroslet. Da Nordjyllands Beredskab i g\u00e5r ankom til det tidligere savv\u00e6rk, l\u00f8d informationerne, at der l\u00f8rdag var leveret 100 ton savv\u00e6rk til fyring. Mandag morgen oplyser J\u00f8rgen Jensen, politikommiss\u00e6r ved lokalpolitiet i Thisted, at m\u00e6ngden, if\u00f8lge d\u00f8gnrapporten hos [&hellip;]<\/p>\n","protected":false},"author":8,"featured_media":24422,"comment_status":"open","ping_status":"open","sticky":false,"template":"","format":"standard","meta":{"_acf_changed":false,"footnotes":""},"categories":[54,51],"tags":[],"class_list":["post-24556","post","type-post","status-publish","format-standard","has-post-thumbnail","hentry","category-54","category-lokalt"],"acf":[],"yoast_head":"<!-- This site is optimized with the Yoast SEO plugin v26.8 - https:\/\/yoast.com\/product\/yoast-seo-wordpress\/ -->\n<title>Branden i Flade: 100 ton savsmuld er blevet til fem - Mors<\/title>\n<meta name=\"robots\" content=\"index, follow, max-snippet:-1, max-image-preview:large, max-video-preview:-1\" \/>\n<link rel=\"canonical\" href=\"https:\/\/kunmedierne.dk\/mors\/branden-i-flade-100-ton-savsmuld-er-blevet-til-fem\/\" \/>\n<meta property=\"og:locale\" content=\"da_DK\" \/>\n<meta property=\"og:type\" content=\"article\" \/>\n<meta property=\"og:title\" content=\"Branden i Flade: 100 ton savsmuld er blevet til fem - Mors\" \/>\n<meta property=\"og:description\" content=\"FLADE: De f\u00f8rste vurderinger af m\u00e6ngden af savsmuld involveret i s\u00f8ndagens brand i Flade er blevet kraftigt neddroslet. Da Nordjyllands Beredskab i g\u00e5r ankom til det tidligere savv\u00e6rk, l\u00f8d informationerne, at der l\u00f8rdag var leveret 100 ton savv\u00e6rk til fyring. Mandag morgen oplyser J\u00f8rgen Jensen, politikommiss\u00e6r ved lokalpolitiet i Thisted, at m\u00e6ngden, if\u00f8lge d\u00f8gnrapporten hos [&hellip;]\" \/>\n<meta property=\"og:url\" content=\"https:\/\/kunmedierne.dk\/mors\/branden-i-flade-100-ton-savsmuld-er-blevet-til-fem\/\" \/>\n<meta property=\"og:site_name\" content=\"Mors\" \/>\n<meta property=\"article:published_time\" content=\"2020-06-08T06:58:37+00:00\" \/>\n<meta property=\"article:modified_time\" content=\"2024-08-12T12:06:02+00:00\" \/>\n<meta property=\"og:image\" content=\"https:\/\/kunmedierne.dk\/mors\/wp-content\/uploads\/2020\/06\/200607-brand-flade3.jpg\" \/>\n\t<meta property=\"og:image:width\" content=\"770\" \/>\n\t<meta property=\"og:image:height\" content=\"513\" \/>\n\t<meta property=\"og:image:type\" content=\"image\/jpeg\" \/>\n<meta name=\"author\" content=\"David H\u00f8jmark\" \/>\n<meta name=\"twitter:card\" content=\"summary_large_image\" \/>\n<meta name=\"twitter:label1\" content=\"Skrevet af\" \/>\n\t<meta name=\"twitter:data1\" content=\"David H\u00f8jmark\" \/>\n\t<meta name=\"twitter:label2\" content=\"Estimeret l\u00e6setid\" \/>\n\t<meta name=\"twitter:data2\" content=\"1 minut\" \/>\n<script type=\"application\/ld+json\" class=\"yoast-schema-graph\">{\"@context\":\"https:\/\/schema.org\",\"@graph\":[{\"@type\":\"Article\",\"@id\":\"https:\/\/kunmedierne.dk\/mors\/branden-i-flade-100-ton-savsmuld-er-blevet-til-fem\/#article\",\"isPartOf\":{\"@id\":\"https:\/\/kunmedierne.dk\/mors\/branden-i-flade-100-ton-savsmuld-er-blevet-til-fem\/\"},\"author\":{\"name\":\"David H\u00f8jmark\",\"@id\":\"https:\/\/kunmedierne.dk\/mors\/#\/schema\/person\/5fe23251bf1d0abbcdc6f7896579d548\"},\"headline\":\"Branden i Flade: 100 ton savsmuld er blevet til fem\",\"datePublished\":\"2020-06-08T06:58:37+00:00\",\"dateModified\":\"2024-08-12T12:06:02+00:00\",\"mainEntityOfPage\":{\"@id\":\"https:\/\/kunmedierne.dk\/mors\/branden-i-flade-100-ton-savsmuld-er-blevet-til-fem\/\"},\"wordCount\":251,\"commentCount\":0,\"publisher\":{\"@id\":\"https:\/\/kunmedierne.dk\/mors\/#organization\"},\"image\":{\"@id\":\"https:\/\/kunmedierne.dk\/mors\/branden-i-flade-100-ton-savsmuld-er-blevet-til-fem\/#primaryimage\"},\"thumbnailUrl\":\"https:\/\/kunmedierne.dk\/mors\/wp-content\/uploads\/2020\/06\/200607-brand-flade3.jpg\",\"articleSection\":[\"112\",\"Lokalt\"],\"inLanguage\":\"da-DK\",\"potentialAction\":[{\"@type\":\"CommentAction\",\"name\":\"Comment\",\"target\":[\"https:\/\/kunmedierne.dk\/mors\/branden-i-flade-100-ton-savsmuld-er-blevet-til-fem\/#respond\"]}]},{\"@type\":\"WebPage\",\"@id\":\"https:\/\/kunmedierne.dk\/mors\/branden-i-flade-100-ton-savsmuld-er-blevet-til-fem\/\",\"url\":\"https:\/\/kunmedierne.dk\/mors\/branden-i-flade-100-ton-savsmuld-er-blevet-til-fem\/\",\"name\":\"Branden i Flade: 100 ton savsmuld er blevet til fem - Mors\",\"isPartOf\":{\"@id\":\"https:\/\/kunmedierne.dk\/mors\/#website\"},\"primaryImageOfPage\":{\"@id\":\"https:\/\/kunmedierne.dk\/mors\/branden-i-flade-100-ton-savsmuld-er-blevet-til-fem\/#primaryimage\"},\"image\":{\"@id\":\"https:\/\/kunmedierne.dk\/mors\/branden-i-flade-100-ton-savsmuld-er-blevet-til-fem\/#primaryimage\"},\"thumbnailUrl\":\"https:\/\/kunmedierne.dk\/mors\/wp-content\/uploads\/2020\/06\/200607-brand-flade3.jpg\",\"datePublished\":\"2020-06-08T06:58:37+00:00\",\"dateModified\":\"2024-08-12T12:06:02+00:00\",\"breadcrumb\":{\"@id\":\"https:\/\/kunmedierne.dk\/mors\/branden-i-flade-100-ton-savsmuld-er-blevet-til-fem\/#breadcrumb\"},\"inLanguage\":\"da-DK\",\"potentialAction\":[{\"@type\":\"ReadAction\",\"target\":[\"https:\/\/kunmedierne.dk\/mors\/branden-i-flade-100-ton-savsmuld-er-blevet-til-fem\/\"]}]},{\"@type\":\"ImageObject\",\"inLanguage\":\"da-DK\",\"@id\":\"https:\/\/kunmedierne.dk\/mors\/branden-i-flade-100-ton-savsmuld-er-blevet-til-fem\/#primaryimage\",\"url\":\"https:\/\/kunmedierne.dk\/mors\/wp-content\/uploads\/2020\/06\/200607-brand-flade3.jpg\",\"contentUrl\":\"https:\/\/kunmedierne.dk\/mors\/wp-content\/uploads\/2020\/06\/200607-brand-flade3.jpg\",\"width\":770,\"height\":513,\"caption\":\"Brand i Flade. Privatfoto\"},{\"@type\":\"BreadcrumbList\",\"@id\":\"https:\/\/kunmedierne.dk\/mors\/branden-i-flade-100-ton-savsmuld-er-blevet-til-fem\/#breadcrumb\",\"itemListElement\":[{\"@type\":\"ListItem\",\"position\":1,\"name\":\"Hjem\",\"item\":\"https:\/\/kunmedierne.dk\/mors\/\"},{\"@type\":\"ListItem\",\"position\":2,\"name\":\"Branden i Flade: 100 ton savsmuld er blevet til fem\"}]},{\"@type\":\"WebSite\",\"@id\":\"https:\/\/kunmedierne.dk\/mors\/#website\",\"url\":\"https:\/\/kunmedierne.dk\/mors\/\",\"name\":\"Mors\",\"description\":\"et netmedie med journalistik om livet p\u00e5 Mors\",\"publisher\":{\"@id\":\"https:\/\/kunmedierne.dk\/mors\/#organization\"},\"potentialAction\":[{\"@type\":\"SearchAction\",\"target\":{\"@type\":\"EntryPoint\",\"urlTemplate\":\"https:\/\/kunmedierne.dk\/mors\/?s={search_term_string}\"},\"query-input\":{\"@type\":\"PropertyValueSpecification\",\"valueRequired\":true,\"valueName\":\"search_term_string\"}}],\"inLanguage\":\"da-DK\"},{\"@type\":\"Organization\",\"@id\":\"https:\/\/kunmedierne.dk\/mors\/#organization\",\"name\":\"Mors\",\"url\":\"https:\/\/kunmedierne.dk\/mors\/\",\"logo\":{\"@type\":\"ImageObject\",\"inLanguage\":\"da-DK\",\"@id\":\"https:\/\/kunmedierne.dk\/mors\/#\/schema\/logo\/image\/\",\"url\":\"https:\/\/kunmedierne.dk\/mors\/wp-content\/uploads\/2024\/08\/kunmors-logo.svg\",\"contentUrl\":\"https:\/\/kunmedierne.dk\/mors\/wp-content\/uploads\/2024\/08\/kunmors-logo.svg\",\"caption\":\"Mors\"},\"image\":{\"@id\":\"https:\/\/kunmedierne.dk\/mors\/#\/schema\/logo\/image\/\"}},{\"@type\":\"Person\",\"@id\":\"https:\/\/kunmedierne.dk\/mors\/#\/schema\/person\/5fe23251bf1d0abbcdc6f7896579d548\",\"name\":\"David H\u00f8jmark\",\"image\":{\"@type\":\"ImageObject\",\"inLanguage\":\"da-DK\",\"@id\":\"https:\/\/kunmedierne.dk\/mors\/#\/schema\/person\/image\/\",\"url\":\"https:\/\/secure.gravatar.com\/avatar\/4315d6fb9ef244d729989f5f90268eb08d5bf8a3d84402f595fa194bb35784fd?s=96&d=mm&r=g\",\"contentUrl\":\"https:\/\/secure.gravatar.com\/avatar\/4315d6fb9ef244d729989f5f90268eb08d5bf8a3d84402f595fa194bb35784fd?s=96&d=mm&r=g\",\"caption\":\"David H\u00f8jmark\"},\"sameAs\":[\"https:\/\/www.kunmedierne.dk\"],\"url\":\"https:\/\/kunmedierne.dk\/mors\/author\/david\/\"}]}<\/script>\n<!-- \/ Yoast SEO plugin. -->","yoast_head_json":{"title":"Branden i Flade: 100 ton savsmuld er blevet til fem - Mors","robots":{"index":"index","follow":"follow","max-snippet":"max-snippet:-1","max-image-preview":"max-image-preview:large","max-video-preview":"max-video-preview:-1"},"canonical":"https:\/\/kunmedierne.dk\/mors\/branden-i-flade-100-ton-savsmuld-er-blevet-til-fem\/","og_locale":"da_DK","og_type":"article","og_title":"Branden i Flade: 100 ton savsmuld er blevet til fem - Mors","og_description":"FLADE: De f\u00f8rste vurderinger af m\u00e6ngden af savsmuld involveret i s\u00f8ndagens brand i Flade er blevet kraftigt neddroslet. Da Nordjyllands Beredskab i g\u00e5r ankom til det tidligere savv\u00e6rk, l\u00f8d informationerne, at der l\u00f8rdag var leveret 100 ton savv\u00e6rk til fyring. Mandag morgen oplyser J\u00f8rgen Jensen, politikommiss\u00e6r ved lokalpolitiet i Thisted, at m\u00e6ngden, if\u00f8lge d\u00f8gnrapporten hos [&hellip;]","og_url":"https:\/\/kunmedierne.dk\/mors\/branden-i-flade-100-ton-savsmuld-er-blevet-til-fem\/","og_site_name":"Mors","article_published_time":"2020-06-08T06:58:37+00:00","article_modified_time":"2024-08-12T12:06:02+00:00","og_image":[{"width":770,"height":513,"url":"https:\/\/kunmedierne.dk\/mors\/wp-content\/uploads\/2020\/06\/200607-brand-flade3.jpg","type":"image\/jpeg"}],"author":"David H\u00f8jmark","twitter_card":"summary_large_image","twitter_misc":{"Skrevet af":"David H\u00f8jmark","Estimeret l\u00e6setid":"1 minut"},"schema":{"@context":"https:\/\/schema.org","@graph":[{"@type":"Article","@id":"https:\/\/kunmedierne.dk\/mors\/branden-i-flade-100-ton-savsmuld-er-blevet-til-fem\/#article","isPartOf":{"@id":"https:\/\/kunmedierne.dk\/mors\/branden-i-flade-100-ton-savsmuld-er-blevet-til-fem\/"},"author":{"name":"David H\u00f8jmark","@id":"https:\/\/kunmedierne.dk\/mors\/#\/schema\/person\/5fe23251bf1d0abbcdc6f7896579d548"},"headline":"Branden i Flade: 100 ton savsmuld er blevet til fem","datePublished":"2020-06-08T06:58:37+00:00","dateModified":"2024-08-12T12:06:02+00:00","mainEntityOfPage":{"@id":"https:\/\/kunmedierne.dk\/mors\/branden-i-flade-100-ton-savsmuld-er-blevet-til-fem\/"},"wordCount":251,"commentCount":0,"publisher":{"@id":"https:\/\/kunmedierne.dk\/mors\/#organization"},"image":{"@id":"https:\/\/kunmedierne.dk\/mors\/branden-i-flade-100-ton-savsmuld-er-blevet-til-fem\/#primaryimage"},"thumbnailUrl":"https:\/\/kunmedierne.dk\/mors\/wp-content\/uploads\/2020\/06\/200607-brand-flade3.jpg","articleSection":["112","Lokalt"],"inLanguage":"da-DK","potentialAction":[{"@type":"CommentAction","name":"Comment","target":["https:\/\/kunmedierne.dk\/mors\/branden-i-flade-100-ton-savsmuld-er-blevet-til-fem\/#respond"]}]},{"@type":"WebPage","@id":"https:\/\/kunmedierne.dk\/mors\/branden-i-flade-100-ton-savsmuld-er-blevet-til-fem\/","url":"https:\/\/kunmedierne.dk\/mors\/branden-i-flade-100-ton-savsmuld-er-blevet-til-fem\/","name":"Branden i Flade: 100 ton savsmuld er blevet til fem - Mors","isPartOf":{"@id":"https:\/\/kunmedierne.dk\/mors\/#website"},"primaryImageOfPage":{"@id":"https:\/\/kunmedierne.dk\/mors\/branden-i-flade-100-ton-savsmuld-er-blevet-til-fem\/#primaryimage"},"image":{"@id":"https:\/\/kunmedierne.dk\/mors\/branden-i-flade-100-ton-savsmuld-er-blevet-til-fem\/#primaryimage"},"thumbnailUrl":"https:\/\/kunmedierne.dk\/mors\/wp-content\/uploads\/2020\/06\/200607-brand-flade3.jpg","datePublished":"2020-06-08T06:58:37+00:00","dateModified":"2024-08-12T12:06:02+00:00","breadcrumb":{"@id":"https:\/\/kunmedierne.dk\/mors\/branden-i-flade-100-ton-savsmuld-er-blevet-til-fem\/#breadcrumb"},"inLanguage":"da-DK","potentialAction":[{"@type":"ReadAction","target":["https:\/\/kunmedierne.dk\/mors\/branden-i-flade-100-ton-savsmuld-er-blevet-til-fem\/"]}]},{"@type":"ImageObject","inLanguage":"da-DK","@id":"https:\/\/kunmedierne.dk\/mors\/branden-i-flade-100-ton-savsmuld-er-blevet-til-fem\/#primaryimage","url":"https:\/\/kunmedierne.dk\/mors\/wp-content\/uploads\/2020\/06\/200607-brand-flade3.jpg","contentUrl":"https:\/\/kunmedierne.dk\/mors\/wp-content\/uploads\/2020\/06\/200607-brand-flade3.jpg","width":770,"height":513,"caption":"Brand i Flade. Privatfoto"},{"@type":"BreadcrumbList","@id":"https:\/\/kunmedierne.dk\/mors\/branden-i-flade-100-ton-savsmuld-er-blevet-til-fem\/#breadcrumb","itemListElement":[{"@type":"ListItem","position":1,"name":"Hjem","item":"https:\/\/kunmedierne.dk\/mors\/"},{"@type":"ListItem","position":2,"name":"Branden i Flade: 100 ton savsmuld er blevet til fem"}]},{"@type":"WebSite","@id":"https:\/\/kunmedierne.dk\/mors\/#website","url":"https:\/\/kunmedierne.dk\/mors\/","name":"Mors","description":"et netmedie med journalistik om livet p\u00e5 Mors","publisher":{"@id":"https:\/\/kunmedierne.dk\/mors\/#organization"},"potentialAction":[{"@type":"SearchAction","target":{"@type":"EntryPoint","urlTemplate":"https:\/\/kunmedierne.dk\/mors\/?s={search_term_string}"},"query-input":{"@type":"PropertyValueSpecification","valueRequired":true,"valueName":"search_term_string"}}],"inLanguage":"da-DK"},{"@type":"Organization","@id":"https:\/\/kunmedierne.dk\/mors\/#organization","name":"Mors","url":"https:\/\/kunmedierne.dk\/mors\/","logo":{"@type":"ImageObject","inLanguage":"da-DK","@id":"https:\/\/kunmedierne.dk\/mors\/#\/schema\/logo\/image\/","url":"https:\/\/kunmedierne.dk\/mors\/wp-content\/uploads\/2024\/08\/kunmors-logo.svg","contentUrl":"https:\/\/kunmedierne.dk\/mors\/wp-content\/uploads\/2024\/08\/kunmors-logo.svg","caption":"Mors"},"image":{"@id":"https:\/\/kunmedierne.dk\/mors\/#\/schema\/logo\/image\/"}},{"@type":"Person","@id":"https:\/\/kunmedierne.dk\/mors\/#\/schema\/person\/5fe23251bf1d0abbcdc6f7896579d548","name":"David H\u00f8jmark","image":{"@type":"ImageObject","inLanguage":"da-DK","@id":"https:\/\/kunmedierne.dk\/mors\/#\/schema\/person\/image\/","url":"https:\/\/secure.gravatar.com\/avatar\/4315d6fb9ef244d729989f5f90268eb08d5bf8a3d84402f595fa194bb35784fd?s=96&d=mm&r=g","contentUrl":"https:\/\/secure.gravatar.com\/avatar\/4315d6fb9ef244d729989f5f90268eb08d5bf8a3d84402f595fa194bb35784fd?s=96&d=mm&r=g","caption":"David H\u00f8jmark"},"sameAs":["https:\/\/www.kunmedierne.dk"],"url":"https:\/\/kunmedierne.dk\/mors\/author\/david\/"}]}},"_links":{"self":[{"href":"https:\/\/kunmedierne.dk\/mors\/wp-json\/wp\/v2\/posts\/24556","targetHints":{"allow":["GET"]}}],"collection":[{"href":"https:\/\/kunmedierne.dk\/mors\/wp-json\/wp\/v2\/posts"}],"about":[{"href":"https:\/\/kunmedierne.dk\/mors\/wp-json\/wp\/v2\/types\/post"}],"author":[{"embeddable":true,"href":"https:\/\/kunmedierne.dk\/mors\/wp-json\/wp\/v2\/users\/8"}],"replies":[{"embeddable":true,"href":"https:\/\/kunmedierne.dk\/mors\/wp-json\/wp\/v2\/comments?post=24556"}],"version-history":[{"count":1,"href":"https:\/\/kunmedierne.dk\/mors\/wp-json\/wp\/v2\/posts\/24556\/revisions"}],"predecessor-version":[{"id":24558,"href":"https:\/\/kunmedierne.dk\/mors\/wp-json\/wp\/v2\/posts\/24556\/revisions\/24558"}],"wp:featuredmedia":[{"embeddable":true,"href":"https:\/\/kunmedierne.dk\/mors\/wp-json\/wp\/v2\/media\/24422"}],"wp:attachment":[{"href":"https:\/\/kunmedierne.dk\/mors\/wp-json\/wp\/v2\/media?parent=24556"}],"wp:term":[{"taxonomy":"category","embeddable":true,"href":"https:\/\/kunmedierne.dk\/mors\/wp-json\/wp\/v2\/categories?post=24556"},{"taxonomy":"post_tag","embeddable":true,"href":"https:\/\/kunmedierne.dk\/mors\/wp-json\/wp\/v2\/tags?post=24556"}],"curies":[{"name":"wp","href":"https:\/\/api.w.org\/{rel}","templated":true}]}}