{"id":24554,"date":"2020-06-08T11:29:38","date_gmt":"2020-06-08T09:29:38","guid":{"rendered":"https:\/\/kunmedierne.dk\/mors\/?p=24554"},"modified":"2024-08-12T14:06:02","modified_gmt":"2024-08-12T12:06:02","slug":"nu-begynder-kulturmoedet-i-sin-virtuelle-form","status":"publish","type":"post","link":"https:\/\/kunmedierne.dk\/mors\/nu-begynder-kulturmoedet-i-sin-virtuelle-form\/","title":{"rendered":"Nu begynder kulturm\u00f8det i sin virtuelle form"},"content":{"rendered":"<p><strong>K\u00d8BENHAVN<\/strong>: Scenen er kunstcentret Copenhagen Contemporary p\u00e5 Refshale\u00f8en i K\u00f8benhavn, men titlen er stadig Kulturm\u00f8det Mors, n\u00e5r den \u00e5rlige kulturbegivenhed begynder i dag.<\/p>\n<p>Som f\u00f8lge af coronakrisen bliver det i f\u00f8rste omgang i en virtuel udgave i form af en online konference under ledelse af Clement Kjersgaard &#8211; og med deltagelse fra blandt andre Gitta Malling, teaterleder p\u00e5 Limfjordsteatret.<\/p>\n<p>Konferencen har titlen: &#8220;Hvad nu? &#8211; Fremtidens kunst- og kulturliv&#8221;.<\/p>\n<p>&#8220;Med covid-19 pandemien som bagt\u00e6ppe er samtalen om kunst og kultur vigtigere end nogensinde. Vi har set, hvordan kunst og kultur har samlet danskerne i en krisetid. Det er her, vi har fundet f\u00e6llesskab og f\u00e5et ilt til det indre liv. Nu gen\u00e5bner Danmark. Sp\u00f8rgsm\u00e5let er, hvad har vi l\u00e6rt?&#8221; lyder det i en pressemeddelelse fra Kulturm\u00f8det Mors, der i eftermiddag samler\u00a0f\u00f8rende kunstnere, kulturakt\u00f8rer, erhvervsfolk og politikere til tre timers samtale om fremtidens kunst- og kulturliv.<\/p>\n<p>Konferencen varer fra 14.30 til 17.30 og bliver sendt live fra Copenhagen Contemporary. Deltagelse i den kr\u00e6ver, at man tilmelder sig, hvilket er muligt fra hjemmesiden for <a href=\"https:\/\/www.kulturmoedet.dk\/\" target=\"_blank\" rel=\"noopener noreferrer\">Kulturm\u00f8det Mors<\/a>.<\/p>\n<blockquote>\n<h3>DAGENS PROGRAM<\/h3>\n<p><strong>14.30-15.40: F\u00f8rste akt: HVAD HAR KRISEN VIST OS? \u00a0<\/strong><br \/>\nHvad har krisen vist os om kunsten og kulturens rolle i samfundet og i den politiske debat?<\/p>\n<p>&#8211; Camilla Gregersen, formand Dansk Magisterforening<br \/>\n&#8211; Kasper Holten, teaterchef Det Kongelige Teater<br \/>\n&#8211; Lars Sandahl S\u00f8rensen, direkt\u00f8r Dansk Industri<br \/>\n&#8211; Mette Davidsen-Nielsen, kulturredakt\u00f8r Politiken<br \/>\n&#8211; Julie Rokkj\u00e6r Birch, direkt\u00f8r Kvindemuseet<br \/>\n&#8211; Nils Fietje, research manager WHO (in English)<br \/>\n&#8211; Knud Romer, forfatter<\/p>\n<p><strong>15.40-15.50: Pause\u00a0<\/strong><br \/>\n<strong><br \/>\n15.50-17.00: Andet akt: KUNSTEN OG KULTUREN EFTER CORONA<\/strong><br \/>\nEn krise skaber forandring. Hvordan kommer vi til at se det i kunsten og kulturen?<\/p>\n<p>&#8211; Ulla Tofte, direkt\u00f8r M\/S Museet for S\u00f8fart<br \/>\n&#8211; Gitta Malling, teaterleder Limfjordsteatret<br \/>\n&#8211; Marie Nipper, direkt\u00f8r Copenhagen Contemporary<br \/>\n&#8211; Tine Fischer, direkt\u00f8r CPH:Dox<br \/>\n&#8211; Simone Aaberg Kv\u00e6rn, kunstner og pilot<br \/>\n&#8211; Michael Bojesen, formand Statens Kunstfond<br \/>\n&#8211; Anna Malzer, teaterdirekt\u00f8r Mungo Park<br \/>\n&#8211; Benjamin Koppel, musiker<\/p>\n<p data-pm-slice=\"1 1 []\"><strong>16.50-17.00: Pause<\/strong><\/p>\n<p><strong>17.00-17.30: Tredje akt:\u00a0<\/strong><strong>HVAD VIL POLITIKERNE MED KUNST OG KULTUR?<\/strong><\/p>\n<p>&#8211; Morten Messerschmidt, Dansk Folkeparti<br \/>\n&#8211; Zenia Stampe, Radikale Venstre<br \/>\n&#8211; Josephine Fock, Alternativet<br \/>\n&#8211; Birgitte Bergman, Konservative<\/p><\/blockquote>\n","protected":false},"excerpt":{"rendered":"<p>K\u00d8BENHAVN: Scenen er kunstcentret Copenhagen Contemporary p\u00e5 Refshale\u00f8en i K\u00f8benhavn, men titlen er stadig Kulturm\u00f8det Mors, n\u00e5r den \u00e5rlige kulturbegivenhed begynder i dag. Som f\u00f8lge af coronakrisen bliver det i f\u00f8rste omgang i en virtuel udgave i form af en online konference under ledelse af Clement Kjersgaard &#8211; og med deltagelse fra blandt andre Gitta [&hellip;]<\/p>\n","protected":false},"author":8,"featured_media":19442,"comment_status":"open","ping_status":"open","sticky":false,"template":"","format":"standard","meta":{"_acf_changed":false,"footnotes":""},"categories":[49],"tags":[162],"class_list":["post-24554","post","type-post","status-publish","format-standard","has-post-thumbnail","hentry","category-kultur","tag-kulturmoedet"],"acf":[],"yoast_head":"<!-- This site is optimized with the Yoast SEO plugin v26.8 - https:\/\/yoast.com\/product\/yoast-seo-wordpress\/ -->\n<title>Nu begynder kulturm\u00f8det i sin virtuelle form - Mors<\/title>\n<meta name=\"robots\" content=\"index, follow, max-snippet:-1, max-image-preview:large, max-video-preview:-1\" \/>\n<link rel=\"canonical\" href=\"https:\/\/kunmedierne.dk\/mors\/nu-begynder-kulturmoedet-i-sin-virtuelle-form\/\" \/>\n<meta property=\"og:locale\" content=\"da_DK\" \/>\n<meta property=\"og:type\" content=\"article\" \/>\n<meta property=\"og:title\" content=\"Nu begynder kulturm\u00f8det i sin virtuelle form - Mors\" \/>\n<meta property=\"og:description\" content=\"K\u00d8BENHAVN: Scenen er kunstcentret Copenhagen Contemporary p\u00e5 Refshale\u00f8en i K\u00f8benhavn, men titlen er stadig Kulturm\u00f8det Mors, n\u00e5r den \u00e5rlige kulturbegivenhed begynder i dag. Som f\u00f8lge af coronakrisen bliver det i f\u00f8rste omgang i en virtuel udgave i form af en online konference under ledelse af Clement Kjersgaard &#8211; og med deltagelse fra blandt andre Gitta [&hellip;]\" \/>\n<meta property=\"og:url\" content=\"https:\/\/kunmedierne.dk\/mors\/nu-begynder-kulturmoedet-i-sin-virtuelle-form\/\" \/>\n<meta property=\"og:site_name\" content=\"Mors\" \/>\n<meta property=\"article:published_time\" content=\"2020-06-08T09:29:38+00:00\" \/>\n<meta property=\"article:modified_time\" content=\"2024-08-12T12:06:02+00:00\" \/>\n<meta property=\"og:image\" content=\"https:\/\/kunmedierne.dk\/mors\/wp-content\/uploads\/2020\/04\/kulturm\u00f8de2019-3.jpg\" \/>\n\t<meta property=\"og:image:width\" content=\"770\" \/>\n\t<meta property=\"og:image:height\" content=\"514\" \/>\n\t<meta property=\"og:image:type\" content=\"image\/jpeg\" \/>\n<meta name=\"author\" content=\"David H\u00f8jmark\" \/>\n<meta name=\"twitter:card\" content=\"summary_large_image\" \/>\n<meta name=\"twitter:label1\" content=\"Skrevet af\" \/>\n\t<meta name=\"twitter:data1\" content=\"David H\u00f8jmark\" \/>\n\t<meta name=\"twitter:label2\" content=\"Estimeret l\u00e6setid\" \/>\n\t<meta name=\"twitter:data2\" content=\"2 minutter\" \/>\n<script type=\"application\/ld+json\" class=\"yoast-schema-graph\">{\"@context\":\"https:\/\/schema.org\",\"@graph\":[{\"@type\":\"Article\",\"@id\":\"https:\/\/kunmedierne.dk\/mors\/nu-begynder-kulturmoedet-i-sin-virtuelle-form\/#article\",\"isPartOf\":{\"@id\":\"https:\/\/kunmedierne.dk\/mors\/nu-begynder-kulturmoedet-i-sin-virtuelle-form\/\"},\"author\":{\"name\":\"David H\u00f8jmark\",\"@id\":\"https:\/\/kunmedierne.dk\/mors\/#\/schema\/person\/5fe23251bf1d0abbcdc6f7896579d548\"},\"headline\":\"Nu begynder kulturm\u00f8det i sin virtuelle form\",\"datePublished\":\"2020-06-08T09:29:38+00:00\",\"dateModified\":\"2024-08-12T12:06:02+00:00\",\"mainEntityOfPage\":{\"@id\":\"https:\/\/kunmedierne.dk\/mors\/nu-begynder-kulturmoedet-i-sin-virtuelle-form\/\"},\"wordCount\":386,\"commentCount\":0,\"publisher\":{\"@id\":\"https:\/\/kunmedierne.dk\/mors\/#organization\"},\"image\":{\"@id\":\"https:\/\/kunmedierne.dk\/mors\/nu-begynder-kulturmoedet-i-sin-virtuelle-form\/#primaryimage\"},\"thumbnailUrl\":\"https:\/\/kunmedierne.dk\/mors\/wp-content\/uploads\/2020\/04\/kulturm\u00f8de2019-3.jpg\",\"keywords\":[\"Kulturm\u00f8det\"],\"articleSection\":[\"Kultur\"],\"inLanguage\":\"da-DK\",\"potentialAction\":[{\"@type\":\"CommentAction\",\"name\":\"Comment\",\"target\":[\"https:\/\/kunmedierne.dk\/mors\/nu-begynder-kulturmoedet-i-sin-virtuelle-form\/#respond\"]}]},{\"@type\":\"WebPage\",\"@id\":\"https:\/\/kunmedierne.dk\/mors\/nu-begynder-kulturmoedet-i-sin-virtuelle-form\/\",\"url\":\"https:\/\/kunmedierne.dk\/mors\/nu-begynder-kulturmoedet-i-sin-virtuelle-form\/\",\"name\":\"Nu begynder kulturm\u00f8det i sin virtuelle form - Mors\",\"isPartOf\":{\"@id\":\"https:\/\/kunmedierne.dk\/mors\/#website\"},\"primaryImageOfPage\":{\"@id\":\"https:\/\/kunmedierne.dk\/mors\/nu-begynder-kulturmoedet-i-sin-virtuelle-form\/#primaryimage\"},\"image\":{\"@id\":\"https:\/\/kunmedierne.dk\/mors\/nu-begynder-kulturmoedet-i-sin-virtuelle-form\/#primaryimage\"},\"thumbnailUrl\":\"https:\/\/kunmedierne.dk\/mors\/wp-content\/uploads\/2020\/04\/kulturm\u00f8de2019-3.jpg\",\"datePublished\":\"2020-06-08T09:29:38+00:00\",\"dateModified\":\"2024-08-12T12:06:02+00:00\",\"breadcrumb\":{\"@id\":\"https:\/\/kunmedierne.dk\/mors\/nu-begynder-kulturmoedet-i-sin-virtuelle-form\/#breadcrumb\"},\"inLanguage\":\"da-DK\",\"potentialAction\":[{\"@type\":\"ReadAction\",\"target\":[\"https:\/\/kunmedierne.dk\/mors\/nu-begynder-kulturmoedet-i-sin-virtuelle-form\/\"]}]},{\"@type\":\"ImageObject\",\"inLanguage\":\"da-DK\",\"@id\":\"https:\/\/kunmedierne.dk\/mors\/nu-begynder-kulturmoedet-i-sin-virtuelle-form\/#primaryimage\",\"url\":\"https:\/\/kunmedierne.dk\/mors\/wp-content\/uploads\/2020\/04\/kulturm\u00f8de2019-3.jpg\",\"contentUrl\":\"https:\/\/kunmedierne.dk\/mors\/wp-content\/uploads\/2020\/04\/kulturm\u00f8de2019-3.jpg\",\"width\":770,\"height\":514,\"caption\":\"Clement Kjersgaard kommer ogs\u00e5 til at spille en rolle i Kulturm\u00f8det 2020. Foto: Per Bille\/Kulturm\u00f8det Mors.\"},{\"@type\":\"BreadcrumbList\",\"@id\":\"https:\/\/kunmedierne.dk\/mors\/nu-begynder-kulturmoedet-i-sin-virtuelle-form\/#breadcrumb\",\"itemListElement\":[{\"@type\":\"ListItem\",\"position\":1,\"name\":\"Hjem\",\"item\":\"https:\/\/kunmedierne.dk\/mors\/\"},{\"@type\":\"ListItem\",\"position\":2,\"name\":\"Nu begynder kulturm\u00f8det i sin virtuelle form\"}]},{\"@type\":\"WebSite\",\"@id\":\"https:\/\/kunmedierne.dk\/mors\/#website\",\"url\":\"https:\/\/kunmedierne.dk\/mors\/\",\"name\":\"Mors\",\"description\":\"et netmedie med journalistik om livet p\u00e5 Mors\",\"publisher\":{\"@id\":\"https:\/\/kunmedierne.dk\/mors\/#organization\"},\"potentialAction\":[{\"@type\":\"SearchAction\",\"target\":{\"@type\":\"EntryPoint\",\"urlTemplate\":\"https:\/\/kunmedierne.dk\/mors\/?s={search_term_string}\"},\"query-input\":{\"@type\":\"PropertyValueSpecification\",\"valueRequired\":true,\"valueName\":\"search_term_string\"}}],\"inLanguage\":\"da-DK\"},{\"@type\":\"Organization\",\"@id\":\"https:\/\/kunmedierne.dk\/mors\/#organization\",\"name\":\"Mors\",\"url\":\"https:\/\/kunmedierne.dk\/mors\/\",\"logo\":{\"@type\":\"ImageObject\",\"inLanguage\":\"da-DK\",\"@id\":\"https:\/\/kunmedierne.dk\/mors\/#\/schema\/logo\/image\/\",\"url\":\"https:\/\/kunmedierne.dk\/mors\/wp-content\/uploads\/2024\/08\/kunmors-logo.svg\",\"contentUrl\":\"https:\/\/kunmedierne.dk\/mors\/wp-content\/uploads\/2024\/08\/kunmors-logo.svg\",\"caption\":\"Mors\"},\"image\":{\"@id\":\"https:\/\/kunmedierne.dk\/mors\/#\/schema\/logo\/image\/\"}},{\"@type\":\"Person\",\"@id\":\"https:\/\/kunmedierne.dk\/mors\/#\/schema\/person\/5fe23251bf1d0abbcdc6f7896579d548\",\"name\":\"David H\u00f8jmark\",\"image\":{\"@type\":\"ImageObject\",\"inLanguage\":\"da-DK\",\"@id\":\"https:\/\/kunmedierne.dk\/mors\/#\/schema\/person\/image\/\",\"url\":\"https:\/\/secure.gravatar.com\/avatar\/4315d6fb9ef244d729989f5f90268eb08d5bf8a3d84402f595fa194bb35784fd?s=96&d=mm&r=g\",\"contentUrl\":\"https:\/\/secure.gravatar.com\/avatar\/4315d6fb9ef244d729989f5f90268eb08d5bf8a3d84402f595fa194bb35784fd?s=96&d=mm&r=g\",\"caption\":\"David H\u00f8jmark\"},\"sameAs\":[\"https:\/\/www.kunmedierne.dk\"],\"url\":\"https:\/\/kunmedierne.dk\/mors\/author\/david\/\"}]}<\/script>\n<!-- \/ Yoast SEO plugin. -->","yoast_head_json":{"title":"Nu begynder kulturm\u00f8det i sin virtuelle form - Mors","robots":{"index":"index","follow":"follow","max-snippet":"max-snippet:-1","max-image-preview":"max-image-preview:large","max-video-preview":"max-video-preview:-1"},"canonical":"https:\/\/kunmedierne.dk\/mors\/nu-begynder-kulturmoedet-i-sin-virtuelle-form\/","og_locale":"da_DK","og_type":"article","og_title":"Nu begynder kulturm\u00f8det i sin virtuelle form - Mors","og_description":"K\u00d8BENHAVN: Scenen er kunstcentret Copenhagen Contemporary p\u00e5 Refshale\u00f8en i K\u00f8benhavn, men titlen er stadig Kulturm\u00f8det Mors, n\u00e5r den \u00e5rlige kulturbegivenhed begynder i dag. Som f\u00f8lge af coronakrisen bliver det i f\u00f8rste omgang i en virtuel udgave i form af en online konference under ledelse af Clement Kjersgaard &#8211; og med deltagelse fra blandt andre Gitta [&hellip;]","og_url":"https:\/\/kunmedierne.dk\/mors\/nu-begynder-kulturmoedet-i-sin-virtuelle-form\/","og_site_name":"Mors","article_published_time":"2020-06-08T09:29:38+00:00","article_modified_time":"2024-08-12T12:06:02+00:00","og_image":[{"width":770,"height":514,"url":"https:\/\/kunmedierne.dk\/mors\/wp-content\/uploads\/2020\/04\/kulturm\u00f8de2019-3.jpg","type":"image\/jpeg"}],"author":"David H\u00f8jmark","twitter_card":"summary_large_image","twitter_misc":{"Skrevet af":"David H\u00f8jmark","Estimeret l\u00e6setid":"2 minutter"},"schema":{"@context":"https:\/\/schema.org","@graph":[{"@type":"Article","@id":"https:\/\/kunmedierne.dk\/mors\/nu-begynder-kulturmoedet-i-sin-virtuelle-form\/#article","isPartOf":{"@id":"https:\/\/kunmedierne.dk\/mors\/nu-begynder-kulturmoedet-i-sin-virtuelle-form\/"},"author":{"name":"David H\u00f8jmark","@id":"https:\/\/kunmedierne.dk\/mors\/#\/schema\/person\/5fe23251bf1d0abbcdc6f7896579d548"},"headline":"Nu begynder kulturm\u00f8det i sin virtuelle form","datePublished":"2020-06-08T09:29:38+00:00","dateModified":"2024-08-12T12:06:02+00:00","mainEntityOfPage":{"@id":"https:\/\/kunmedierne.dk\/mors\/nu-begynder-kulturmoedet-i-sin-virtuelle-form\/"},"wordCount":386,"commentCount":0,"publisher":{"@id":"https:\/\/kunmedierne.dk\/mors\/#organization"},"image":{"@id":"https:\/\/kunmedierne.dk\/mors\/nu-begynder-kulturmoedet-i-sin-virtuelle-form\/#primaryimage"},"thumbnailUrl":"https:\/\/kunmedierne.dk\/mors\/wp-content\/uploads\/2020\/04\/kulturm\u00f8de2019-3.jpg","keywords":["Kulturm\u00f8det"],"articleSection":["Kultur"],"inLanguage":"da-DK","potentialAction":[{"@type":"CommentAction","name":"Comment","target":["https:\/\/kunmedierne.dk\/mors\/nu-begynder-kulturmoedet-i-sin-virtuelle-form\/#respond"]}]},{"@type":"WebPage","@id":"https:\/\/kunmedierne.dk\/mors\/nu-begynder-kulturmoedet-i-sin-virtuelle-form\/","url":"https:\/\/kunmedierne.dk\/mors\/nu-begynder-kulturmoedet-i-sin-virtuelle-form\/","name":"Nu begynder kulturm\u00f8det i sin virtuelle form - Mors","isPartOf":{"@id":"https:\/\/kunmedierne.dk\/mors\/#website"},"primaryImageOfPage":{"@id":"https:\/\/kunmedierne.dk\/mors\/nu-begynder-kulturmoedet-i-sin-virtuelle-form\/#primaryimage"},"image":{"@id":"https:\/\/kunmedierne.dk\/mors\/nu-begynder-kulturmoedet-i-sin-virtuelle-form\/#primaryimage"},"thumbnailUrl":"https:\/\/kunmedierne.dk\/mors\/wp-content\/uploads\/2020\/04\/kulturm\u00f8de2019-3.jpg","datePublished":"2020-06-08T09:29:38+00:00","dateModified":"2024-08-12T12:06:02+00:00","breadcrumb":{"@id":"https:\/\/kunmedierne.dk\/mors\/nu-begynder-kulturmoedet-i-sin-virtuelle-form\/#breadcrumb"},"inLanguage":"da-DK","potentialAction":[{"@type":"ReadAction","target":["https:\/\/kunmedierne.dk\/mors\/nu-begynder-kulturmoedet-i-sin-virtuelle-form\/"]}]},{"@type":"ImageObject","inLanguage":"da-DK","@id":"https:\/\/kunmedierne.dk\/mors\/nu-begynder-kulturmoedet-i-sin-virtuelle-form\/#primaryimage","url":"https:\/\/kunmedierne.dk\/mors\/wp-content\/uploads\/2020\/04\/kulturm\u00f8de2019-3.jpg","contentUrl":"https:\/\/kunmedierne.dk\/mors\/wp-content\/uploads\/2020\/04\/kulturm\u00f8de2019-3.jpg","width":770,"height":514,"caption":"Clement Kjersgaard kommer ogs\u00e5 til at spille en rolle i Kulturm\u00f8det 2020. Foto: Per Bille\/Kulturm\u00f8det Mors."},{"@type":"BreadcrumbList","@id":"https:\/\/kunmedierne.dk\/mors\/nu-begynder-kulturmoedet-i-sin-virtuelle-form\/#breadcrumb","itemListElement":[{"@type":"ListItem","position":1,"name":"Hjem","item":"https:\/\/kunmedierne.dk\/mors\/"},{"@type":"ListItem","position":2,"name":"Nu begynder kulturm\u00f8det i sin virtuelle form"}]},{"@type":"WebSite","@id":"https:\/\/kunmedierne.dk\/mors\/#website","url":"https:\/\/kunmedierne.dk\/mors\/","name":"Mors","description":"et netmedie med journalistik om livet p\u00e5 Mors","publisher":{"@id":"https:\/\/kunmedierne.dk\/mors\/#organization"},"potentialAction":[{"@type":"SearchAction","target":{"@type":"EntryPoint","urlTemplate":"https:\/\/kunmedierne.dk\/mors\/?s={search_term_string}"},"query-input":{"@type":"PropertyValueSpecification","valueRequired":true,"valueName":"search_term_string"}}],"inLanguage":"da-DK"},{"@type":"Organization","@id":"https:\/\/kunmedierne.dk\/mors\/#organization","name":"Mors","url":"https:\/\/kunmedierne.dk\/mors\/","logo":{"@type":"ImageObject","inLanguage":"da-DK","@id":"https:\/\/kunmedierne.dk\/mors\/#\/schema\/logo\/image\/","url":"https:\/\/kunmedierne.dk\/mors\/wp-content\/uploads\/2024\/08\/kunmors-logo.svg","contentUrl":"https:\/\/kunmedierne.dk\/mors\/wp-content\/uploads\/2024\/08\/kunmors-logo.svg","caption":"Mors"},"image":{"@id":"https:\/\/kunmedierne.dk\/mors\/#\/schema\/logo\/image\/"}},{"@type":"Person","@id":"https:\/\/kunmedierne.dk\/mors\/#\/schema\/person\/5fe23251bf1d0abbcdc6f7896579d548","name":"David H\u00f8jmark","image":{"@type":"ImageObject","inLanguage":"da-DK","@id":"https:\/\/kunmedierne.dk\/mors\/#\/schema\/person\/image\/","url":"https:\/\/secure.gravatar.com\/avatar\/4315d6fb9ef244d729989f5f90268eb08d5bf8a3d84402f595fa194bb35784fd?s=96&d=mm&r=g","contentUrl":"https:\/\/secure.gravatar.com\/avatar\/4315d6fb9ef244d729989f5f90268eb08d5bf8a3d84402f595fa194bb35784fd?s=96&d=mm&r=g","caption":"David H\u00f8jmark"},"sameAs":["https:\/\/www.kunmedierne.dk"],"url":"https:\/\/kunmedierne.dk\/mors\/author\/david\/"}]}},"_links":{"self":[{"href":"https:\/\/kunmedierne.dk\/mors\/wp-json\/wp\/v2\/posts\/24554","targetHints":{"allow":["GET"]}}],"collection":[{"href":"https:\/\/kunmedierne.dk\/mors\/wp-json\/wp\/v2\/posts"}],"about":[{"href":"https:\/\/kunmedierne.dk\/mors\/wp-json\/wp\/v2\/types\/post"}],"author":[{"embeddable":true,"href":"https:\/\/kunmedierne.dk\/mors\/wp-json\/wp\/v2\/users\/8"}],"replies":[{"embeddable":true,"href":"https:\/\/kunmedierne.dk\/mors\/wp-json\/wp\/v2\/comments?post=24554"}],"version-history":[{"count":5,"href":"https:\/\/kunmedierne.dk\/mors\/wp-json\/wp\/v2\/posts\/24554\/revisions"}],"predecessor-version":[{"id":24736,"href":"https:\/\/kunmedierne.dk\/mors\/wp-json\/wp\/v2\/posts\/24554\/revisions\/24736"}],"wp:featuredmedia":[{"embeddable":true,"href":"https:\/\/kunmedierne.dk\/mors\/wp-json\/wp\/v2\/media\/19442"}],"wp:attachment":[{"href":"https:\/\/kunmedierne.dk\/mors\/wp-json\/wp\/v2\/media?parent=24554"}],"wp:term":[{"taxonomy":"category","embeddable":true,"href":"https:\/\/kunmedierne.dk\/mors\/wp-json\/wp\/v2\/categories?post=24554"},{"taxonomy":"post_tag","embeddable":true,"href":"https:\/\/kunmedierne.dk\/mors\/wp-json\/wp\/v2\/tags?post=24554"}],"curies":[{"name":"wp","href":"https:\/\/api.w.org\/{rel}","templated":true}]}}