{"id":24421,"date":"2020-06-07T10:40:20","date_gmt":"2020-06-07T08:40:20","guid":{"rendered":"https:\/\/kunmedierne.dk\/mors\/?p=24421"},"modified":"2024-08-12T14:06:02","modified_gmt":"2024-08-12T12:06:02","slug":"stor-brand-i-flade","status":"publish","type":"post","link":"https:\/\/kunmedierne.dk\/mors\/stor-brand-i-flade\/","title":{"rendered":"Stor brand i Flade &#8211; mand slap ud i tide"},"content":{"rendered":"<p><strong>FLADE<\/strong>: En voldsom brand br\u00f8d s\u00f8ndag morgen ud i Flade.<\/p>\n<p>Ilden opstod klokken otte i det tidligere savv\u00e6rk, som best\u00e5r af flere bygninger, der nu alle g\u00e5r tabt i flammerne.<\/p>\n<p>Det oplyser indsatslederen p\u00e5 stedet, Mogens Hansen. Han fort\u00e6ller, at brandfolkene straks efter ankomst m\u00e5tte konstatere, at ilden fik fat i omkring 100 ton savsmuld, der efter sigende var blevet leveret i g\u00e5r.<\/p>\n<p>Det skabte en cirka 100 meter h\u00f8j og m\u00f8rk paddehattesky, der kunne ses vidt omkring &#8211; og det \u00e6ndrede p\u00e5 stedet pr\u00e6misserne for slukningsarbejdet.<\/p>\n<p>&#8220;Da var l\u00f8bet desv\u00e6rre k\u00f8rt. S\u00e5 kunne vi ikke g\u00f8re mere, n\u00e5r det var s\u00e5 voldsomt,&#8221; siger Mogens Hansen.<\/p>\n<p>&#8220;S\u00e5 nu koncentrerer vi os om naboejendommene. Selve bygningerne br\u00e6nder fuldst\u00e6ndigt ned,&#8221; siger han.<\/p>\n<p>&nbsp;<\/p>\n<p><strong>Sovende mand slap ud<\/strong><\/p>\n<p>Ingen er kommet til skade under branden, men if\u00f8lge Mogens Hansen l\u00e5 en mand og sov i en af de br\u00e6ndende bygninger. Han blev formentlig v\u00e6kket af brag fra tagsten, der sprang, og n\u00e5ede ud i sikkerhed.<\/p>\n<p>Heller ikke beboere i de huse, der siden er blevet beskyttet af brandfolkene, er kommet noget til.<\/p>\n<p>&#8220;Og de bygninger har vi fuldst\u00e6ndig styr p\u00e5 nu,&#8221; siger Mogens Hansen, der ogs\u00e5 oplyser, at r\u00f8gen fra den store s\u00f8jle ikke har v\u00e6ret farlig for beboere i omr\u00e5det.<\/p>\n<p>&#8220;Nu skal vi i gang med at efterslukke, og vi regner med at v\u00e6re her i fire-seks timer endnu,&#8221; lyder det ved 11-tiden fra indsatslederen.<\/p>\n<p>20 brandfolk fra b\u00e5de Nyk\u00f8bing og Thisted har v\u00e6ret i aktion med brandbek\u00e6mpelsen.<\/p>\n<p><em>OPDATERING mandag 09:01: If\u00f8lge d\u00f8gnrapporten for lokalpolitiet i Thisted var det fem ton savsmuld og ikke 100 ton, der br\u00f8d i brand.<\/em><\/p>\n<div id=\"attachment_24433\" style=\"width: 780px\" class=\"wp-caption alignright\"><img loading=\"lazy\" decoding=\"async\" aria-describedby=\"caption-attachment-24433\" class=\"size-full wp-image-24433\" src=\"https:\/\/kunmedierne.dk\/mors\/wp-content\/uploads\/2020\/06\/200607-brand-flade1.jpg\" alt=\"\" width=\"770\" height=\"1027\" srcset=\"https:\/\/kunmedierne.dk\/mors\/wp-content\/uploads\/2020\/06\/200607-brand-flade1.jpg 770w, https:\/\/kunmedierne.dk\/mors\/wp-content\/uploads\/2020\/06\/200607-brand-flade1-225x300.jpg 225w, https:\/\/kunmedierne.dk\/mors\/wp-content\/uploads\/2020\/06\/200607-brand-flade1-768x1024.jpg 768w, https:\/\/kunmedierne.dk\/mors\/wp-content\/uploads\/2020\/06\/200607-brand-flade1-600x800.jpg 600w\" sizes=\"auto, (max-width: 770px) 100vw, 770px\" \/><p id=\"caption-attachment-24433\" class=\"wp-caption-text\">R\u00f8gen kunne ses p\u00e5 lang afstand.<\/p><\/div>\n<p><img loading=\"lazy\" decoding=\"async\" class=\"alignright size-full wp-image-24434\" src=\"https:\/\/kunmedierne.dk\/mors\/wp-content\/uploads\/2020\/06\/200607-brand-flade2.jpg\" alt=\"\" width=\"770\" height=\"578\" srcset=\"https:\/\/kunmedierne.dk\/mors\/wp-content\/uploads\/2020\/06\/200607-brand-flade2.jpg 770w, https:\/\/kunmedierne.dk\/mors\/wp-content\/uploads\/2020\/06\/200607-brand-flade2-300x225.jpg 300w, https:\/\/kunmedierne.dk\/mors\/wp-content\/uploads\/2020\/06\/200607-brand-flade2-768x576.jpg 768w, https:\/\/kunmedierne.dk\/mors\/wp-content\/uploads\/2020\/06\/200607-brand-flade2-600x450.jpg 600w\" sizes=\"auto, (max-width: 770px) 100vw, 770px\" \/><\/p>\n","protected":false},"excerpt":{"rendered":"<p>FLADE: En voldsom brand br\u00f8d s\u00f8ndag morgen ud i Flade. Ilden opstod klokken otte i det tidligere savv\u00e6rk, som best\u00e5r af flere bygninger, der nu alle g\u00e5r tabt i flammerne. Det oplyser indsatslederen p\u00e5 stedet, Mogens Hansen. Han fort\u00e6ller, at brandfolkene straks efter ankomst m\u00e5tte konstatere, at ilden fik fat i omkring 100 ton savsmuld, [&hellip;]<\/p>\n","protected":false},"author":8,"featured_media":24422,"comment_status":"open","ping_status":"open","sticky":false,"template":"","format":"standard","meta":{"_acf_changed":false,"footnotes":""},"categories":[54,51],"tags":[],"class_list":["post-24421","post","type-post","status-publish","format-standard","has-post-thumbnail","hentry","category-54","category-lokalt"],"acf":[],"yoast_head":"<!-- This site is optimized with the Yoast SEO plugin v26.8 - https:\/\/yoast.com\/product\/yoast-seo-wordpress\/ -->\n<title>Stor brand i Flade - mand slap ud i tide - Mors<\/title>\n<meta name=\"robots\" content=\"index, follow, max-snippet:-1, max-image-preview:large, max-video-preview:-1\" \/>\n<link rel=\"canonical\" href=\"https:\/\/kunmedierne.dk\/mors\/stor-brand-i-flade\/\" \/>\n<meta property=\"og:locale\" content=\"da_DK\" \/>\n<meta property=\"og:type\" content=\"article\" \/>\n<meta property=\"og:title\" content=\"Stor brand i Flade - mand slap ud i tide - Mors\" \/>\n<meta property=\"og:description\" content=\"FLADE: En voldsom brand br\u00f8d s\u00f8ndag morgen ud i Flade. Ilden opstod klokken otte i det tidligere savv\u00e6rk, som best\u00e5r af flere bygninger, der nu alle g\u00e5r tabt i flammerne. Det oplyser indsatslederen p\u00e5 stedet, Mogens Hansen. Han fort\u00e6ller, at brandfolkene straks efter ankomst m\u00e5tte konstatere, at ilden fik fat i omkring 100 ton savsmuld, [&hellip;]\" \/>\n<meta property=\"og:url\" content=\"https:\/\/kunmedierne.dk\/mors\/stor-brand-i-flade\/\" \/>\n<meta property=\"og:site_name\" content=\"Mors\" \/>\n<meta property=\"article:published_time\" content=\"2020-06-07T08:40:20+00:00\" \/>\n<meta property=\"article:modified_time\" content=\"2024-08-12T12:06:02+00:00\" \/>\n<meta property=\"og:image\" content=\"https:\/\/kunmedierne.dk\/mors\/wp-content\/uploads\/2020\/06\/200607-brand-flade3.jpg\" \/>\n\t<meta property=\"og:image:width\" content=\"770\" \/>\n\t<meta property=\"og:image:height\" content=\"513\" \/>\n\t<meta property=\"og:image:type\" content=\"image\/jpeg\" \/>\n<meta name=\"author\" content=\"David H\u00f8jmark\" \/>\n<meta name=\"twitter:card\" content=\"summary_large_image\" \/>\n<meta name=\"twitter:label1\" content=\"Skrevet af\" \/>\n\t<meta name=\"twitter:data1\" content=\"David H\u00f8jmark\" \/>\n\t<meta name=\"twitter:label2\" content=\"Estimeret l\u00e6setid\" \/>\n\t<meta name=\"twitter:data2\" content=\"2 minutter\" \/>\n<script type=\"application\/ld+json\" class=\"yoast-schema-graph\">{\"@context\":\"https:\/\/schema.org\",\"@graph\":[{\"@type\":\"Article\",\"@id\":\"https:\/\/kunmedierne.dk\/mors\/stor-brand-i-flade\/#article\",\"isPartOf\":{\"@id\":\"https:\/\/kunmedierne.dk\/mors\/stor-brand-i-flade\/\"},\"author\":{\"name\":\"David H\u00f8jmark\",\"@id\":\"https:\/\/kunmedierne.dk\/mors\/#\/schema\/person\/5fe23251bf1d0abbcdc6f7896579d548\"},\"headline\":\"Stor brand i Flade &#8211; mand slap ud i tide\",\"datePublished\":\"2020-06-07T08:40:20+00:00\",\"dateModified\":\"2024-08-12T12:06:02+00:00\",\"mainEntityOfPage\":{\"@id\":\"https:\/\/kunmedierne.dk\/mors\/stor-brand-i-flade\/\"},\"wordCount\":322,\"commentCount\":0,\"publisher\":{\"@id\":\"https:\/\/kunmedierne.dk\/mors\/#organization\"},\"image\":{\"@id\":\"https:\/\/kunmedierne.dk\/mors\/stor-brand-i-flade\/#primaryimage\"},\"thumbnailUrl\":\"https:\/\/kunmedierne.dk\/mors\/wp-content\/uploads\/2020\/06\/200607-brand-flade3.jpg\",\"articleSection\":[\"112\",\"Lokalt\"],\"inLanguage\":\"da-DK\",\"potentialAction\":[{\"@type\":\"CommentAction\",\"name\":\"Comment\",\"target\":[\"https:\/\/kunmedierne.dk\/mors\/stor-brand-i-flade\/#respond\"]}]},{\"@type\":\"WebPage\",\"@id\":\"https:\/\/kunmedierne.dk\/mors\/stor-brand-i-flade\/\",\"url\":\"https:\/\/kunmedierne.dk\/mors\/stor-brand-i-flade\/\",\"name\":\"Stor brand i Flade - mand slap ud i tide - Mors\",\"isPartOf\":{\"@id\":\"https:\/\/kunmedierne.dk\/mors\/#website\"},\"primaryImageOfPage\":{\"@id\":\"https:\/\/kunmedierne.dk\/mors\/stor-brand-i-flade\/#primaryimage\"},\"image\":{\"@id\":\"https:\/\/kunmedierne.dk\/mors\/stor-brand-i-flade\/#primaryimage\"},\"thumbnailUrl\":\"https:\/\/kunmedierne.dk\/mors\/wp-content\/uploads\/2020\/06\/200607-brand-flade3.jpg\",\"datePublished\":\"2020-06-07T08:40:20+00:00\",\"dateModified\":\"2024-08-12T12:06:02+00:00\",\"breadcrumb\":{\"@id\":\"https:\/\/kunmedierne.dk\/mors\/stor-brand-i-flade\/#breadcrumb\"},\"inLanguage\":\"da-DK\",\"potentialAction\":[{\"@type\":\"ReadAction\",\"target\":[\"https:\/\/kunmedierne.dk\/mors\/stor-brand-i-flade\/\"]}]},{\"@type\":\"ImageObject\",\"inLanguage\":\"da-DK\",\"@id\":\"https:\/\/kunmedierne.dk\/mors\/stor-brand-i-flade\/#primaryimage\",\"url\":\"https:\/\/kunmedierne.dk\/mors\/wp-content\/uploads\/2020\/06\/200607-brand-flade3.jpg\",\"contentUrl\":\"https:\/\/kunmedierne.dk\/mors\/wp-content\/uploads\/2020\/06\/200607-brand-flade3.jpg\",\"width\":770,\"height\":513,\"caption\":\"Brand i Flade. Privatfoto\"},{\"@type\":\"BreadcrumbList\",\"@id\":\"https:\/\/kunmedierne.dk\/mors\/stor-brand-i-flade\/#breadcrumb\",\"itemListElement\":[{\"@type\":\"ListItem\",\"position\":1,\"name\":\"Hjem\",\"item\":\"https:\/\/kunmedierne.dk\/mors\/\"},{\"@type\":\"ListItem\",\"position\":2,\"name\":\"Stor brand i Flade &#8211; mand slap ud i tide\"}]},{\"@type\":\"WebSite\",\"@id\":\"https:\/\/kunmedierne.dk\/mors\/#website\",\"url\":\"https:\/\/kunmedierne.dk\/mors\/\",\"name\":\"Mors\",\"description\":\"et netmedie med journalistik om livet p\u00e5 Mors\",\"publisher\":{\"@id\":\"https:\/\/kunmedierne.dk\/mors\/#organization\"},\"potentialAction\":[{\"@type\":\"SearchAction\",\"target\":{\"@type\":\"EntryPoint\",\"urlTemplate\":\"https:\/\/kunmedierne.dk\/mors\/?s={search_term_string}\"},\"query-input\":{\"@type\":\"PropertyValueSpecification\",\"valueRequired\":true,\"valueName\":\"search_term_string\"}}],\"inLanguage\":\"da-DK\"},{\"@type\":\"Organization\",\"@id\":\"https:\/\/kunmedierne.dk\/mors\/#organization\",\"name\":\"Mors\",\"url\":\"https:\/\/kunmedierne.dk\/mors\/\",\"logo\":{\"@type\":\"ImageObject\",\"inLanguage\":\"da-DK\",\"@id\":\"https:\/\/kunmedierne.dk\/mors\/#\/schema\/logo\/image\/\",\"url\":\"https:\/\/kunmedierne.dk\/mors\/wp-content\/uploads\/2024\/08\/kunmors-logo.svg\",\"contentUrl\":\"https:\/\/kunmedierne.dk\/mors\/wp-content\/uploads\/2024\/08\/kunmors-logo.svg\",\"caption\":\"Mors\"},\"image\":{\"@id\":\"https:\/\/kunmedierne.dk\/mors\/#\/schema\/logo\/image\/\"}},{\"@type\":\"Person\",\"@id\":\"https:\/\/kunmedierne.dk\/mors\/#\/schema\/person\/5fe23251bf1d0abbcdc6f7896579d548\",\"name\":\"David H\u00f8jmark\",\"image\":{\"@type\":\"ImageObject\",\"inLanguage\":\"da-DK\",\"@id\":\"https:\/\/kunmedierne.dk\/mors\/#\/schema\/person\/image\/\",\"url\":\"https:\/\/secure.gravatar.com\/avatar\/4315d6fb9ef244d729989f5f90268eb08d5bf8a3d84402f595fa194bb35784fd?s=96&d=mm&r=g\",\"contentUrl\":\"https:\/\/secure.gravatar.com\/avatar\/4315d6fb9ef244d729989f5f90268eb08d5bf8a3d84402f595fa194bb35784fd?s=96&d=mm&r=g\",\"caption\":\"David H\u00f8jmark\"},\"sameAs\":[\"https:\/\/www.kunmedierne.dk\"],\"url\":\"https:\/\/kunmedierne.dk\/mors\/author\/david\/\"}]}<\/script>\n<!-- \/ Yoast SEO plugin. -->","yoast_head_json":{"title":"Stor brand i Flade - mand slap ud i tide - Mors","robots":{"index":"index","follow":"follow","max-snippet":"max-snippet:-1","max-image-preview":"max-image-preview:large","max-video-preview":"max-video-preview:-1"},"canonical":"https:\/\/kunmedierne.dk\/mors\/stor-brand-i-flade\/","og_locale":"da_DK","og_type":"article","og_title":"Stor brand i Flade - mand slap ud i tide - Mors","og_description":"FLADE: En voldsom brand br\u00f8d s\u00f8ndag morgen ud i Flade. Ilden opstod klokken otte i det tidligere savv\u00e6rk, som best\u00e5r af flere bygninger, der nu alle g\u00e5r tabt i flammerne. Det oplyser indsatslederen p\u00e5 stedet, Mogens Hansen. Han fort\u00e6ller, at brandfolkene straks efter ankomst m\u00e5tte konstatere, at ilden fik fat i omkring 100 ton savsmuld, [&hellip;]","og_url":"https:\/\/kunmedierne.dk\/mors\/stor-brand-i-flade\/","og_site_name":"Mors","article_published_time":"2020-06-07T08:40:20+00:00","article_modified_time":"2024-08-12T12:06:02+00:00","og_image":[{"width":770,"height":513,"url":"https:\/\/kunmedierne.dk\/mors\/wp-content\/uploads\/2020\/06\/200607-brand-flade3.jpg","type":"image\/jpeg"}],"author":"David H\u00f8jmark","twitter_card":"summary_large_image","twitter_misc":{"Skrevet af":"David H\u00f8jmark","Estimeret l\u00e6setid":"2 minutter"},"schema":{"@context":"https:\/\/schema.org","@graph":[{"@type":"Article","@id":"https:\/\/kunmedierne.dk\/mors\/stor-brand-i-flade\/#article","isPartOf":{"@id":"https:\/\/kunmedierne.dk\/mors\/stor-brand-i-flade\/"},"author":{"name":"David H\u00f8jmark","@id":"https:\/\/kunmedierne.dk\/mors\/#\/schema\/person\/5fe23251bf1d0abbcdc6f7896579d548"},"headline":"Stor brand i Flade &#8211; mand slap ud i tide","datePublished":"2020-06-07T08:40:20+00:00","dateModified":"2024-08-12T12:06:02+00:00","mainEntityOfPage":{"@id":"https:\/\/kunmedierne.dk\/mors\/stor-brand-i-flade\/"},"wordCount":322,"commentCount":0,"publisher":{"@id":"https:\/\/kunmedierne.dk\/mors\/#organization"},"image":{"@id":"https:\/\/kunmedierne.dk\/mors\/stor-brand-i-flade\/#primaryimage"},"thumbnailUrl":"https:\/\/kunmedierne.dk\/mors\/wp-content\/uploads\/2020\/06\/200607-brand-flade3.jpg","articleSection":["112","Lokalt"],"inLanguage":"da-DK","potentialAction":[{"@type":"CommentAction","name":"Comment","target":["https:\/\/kunmedierne.dk\/mors\/stor-brand-i-flade\/#respond"]}]},{"@type":"WebPage","@id":"https:\/\/kunmedierne.dk\/mors\/stor-brand-i-flade\/","url":"https:\/\/kunmedierne.dk\/mors\/stor-brand-i-flade\/","name":"Stor brand i Flade - mand slap ud i tide - Mors","isPartOf":{"@id":"https:\/\/kunmedierne.dk\/mors\/#website"},"primaryImageOfPage":{"@id":"https:\/\/kunmedierne.dk\/mors\/stor-brand-i-flade\/#primaryimage"},"image":{"@id":"https:\/\/kunmedierne.dk\/mors\/stor-brand-i-flade\/#primaryimage"},"thumbnailUrl":"https:\/\/kunmedierne.dk\/mors\/wp-content\/uploads\/2020\/06\/200607-brand-flade3.jpg","datePublished":"2020-06-07T08:40:20+00:00","dateModified":"2024-08-12T12:06:02+00:00","breadcrumb":{"@id":"https:\/\/kunmedierne.dk\/mors\/stor-brand-i-flade\/#breadcrumb"},"inLanguage":"da-DK","potentialAction":[{"@type":"ReadAction","target":["https:\/\/kunmedierne.dk\/mors\/stor-brand-i-flade\/"]}]},{"@type":"ImageObject","inLanguage":"da-DK","@id":"https:\/\/kunmedierne.dk\/mors\/stor-brand-i-flade\/#primaryimage","url":"https:\/\/kunmedierne.dk\/mors\/wp-content\/uploads\/2020\/06\/200607-brand-flade3.jpg","contentUrl":"https:\/\/kunmedierne.dk\/mors\/wp-content\/uploads\/2020\/06\/200607-brand-flade3.jpg","width":770,"height":513,"caption":"Brand i Flade. Privatfoto"},{"@type":"BreadcrumbList","@id":"https:\/\/kunmedierne.dk\/mors\/stor-brand-i-flade\/#breadcrumb","itemListElement":[{"@type":"ListItem","position":1,"name":"Hjem","item":"https:\/\/kunmedierne.dk\/mors\/"},{"@type":"ListItem","position":2,"name":"Stor brand i Flade &#8211; mand slap ud i tide"}]},{"@type":"WebSite","@id":"https:\/\/kunmedierne.dk\/mors\/#website","url":"https:\/\/kunmedierne.dk\/mors\/","name":"Mors","description":"et netmedie med journalistik om livet p\u00e5 Mors","publisher":{"@id":"https:\/\/kunmedierne.dk\/mors\/#organization"},"potentialAction":[{"@type":"SearchAction","target":{"@type":"EntryPoint","urlTemplate":"https:\/\/kunmedierne.dk\/mors\/?s={search_term_string}"},"query-input":{"@type":"PropertyValueSpecification","valueRequired":true,"valueName":"search_term_string"}}],"inLanguage":"da-DK"},{"@type":"Organization","@id":"https:\/\/kunmedierne.dk\/mors\/#organization","name":"Mors","url":"https:\/\/kunmedierne.dk\/mors\/","logo":{"@type":"ImageObject","inLanguage":"da-DK","@id":"https:\/\/kunmedierne.dk\/mors\/#\/schema\/logo\/image\/","url":"https:\/\/kunmedierne.dk\/mors\/wp-content\/uploads\/2024\/08\/kunmors-logo.svg","contentUrl":"https:\/\/kunmedierne.dk\/mors\/wp-content\/uploads\/2024\/08\/kunmors-logo.svg","caption":"Mors"},"image":{"@id":"https:\/\/kunmedierne.dk\/mors\/#\/schema\/logo\/image\/"}},{"@type":"Person","@id":"https:\/\/kunmedierne.dk\/mors\/#\/schema\/person\/5fe23251bf1d0abbcdc6f7896579d548","name":"David H\u00f8jmark","image":{"@type":"ImageObject","inLanguage":"da-DK","@id":"https:\/\/kunmedierne.dk\/mors\/#\/schema\/person\/image\/","url":"https:\/\/secure.gravatar.com\/avatar\/4315d6fb9ef244d729989f5f90268eb08d5bf8a3d84402f595fa194bb35784fd?s=96&d=mm&r=g","contentUrl":"https:\/\/secure.gravatar.com\/avatar\/4315d6fb9ef244d729989f5f90268eb08d5bf8a3d84402f595fa194bb35784fd?s=96&d=mm&r=g","caption":"David H\u00f8jmark"},"sameAs":["https:\/\/www.kunmedierne.dk"],"url":"https:\/\/kunmedierne.dk\/mors\/author\/david\/"}]}},"_links":{"self":[{"href":"https:\/\/kunmedierne.dk\/mors\/wp-json\/wp\/v2\/posts\/24421","targetHints":{"allow":["GET"]}}],"collection":[{"href":"https:\/\/kunmedierne.dk\/mors\/wp-json\/wp\/v2\/posts"}],"about":[{"href":"https:\/\/kunmedierne.dk\/mors\/wp-json\/wp\/v2\/types\/post"}],"author":[{"embeddable":true,"href":"https:\/\/kunmedierne.dk\/mors\/wp-json\/wp\/v2\/users\/8"}],"replies":[{"embeddable":true,"href":"https:\/\/kunmedierne.dk\/mors\/wp-json\/wp\/v2\/comments?post=24421"}],"version-history":[{"count":8,"href":"https:\/\/kunmedierne.dk\/mors\/wp-json\/wp\/v2\/posts\/24421\/revisions"}],"predecessor-version":[{"id":24559,"href":"https:\/\/kunmedierne.dk\/mors\/wp-json\/wp\/v2\/posts\/24421\/revisions\/24559"}],"wp:featuredmedia":[{"embeddable":true,"href":"https:\/\/kunmedierne.dk\/mors\/wp-json\/wp\/v2\/media\/24422"}],"wp:attachment":[{"href":"https:\/\/kunmedierne.dk\/mors\/wp-json\/wp\/v2\/media?parent=24421"}],"wp:term":[{"taxonomy":"category","embeddable":true,"href":"https:\/\/kunmedierne.dk\/mors\/wp-json\/wp\/v2\/categories?post=24421"},{"taxonomy":"post_tag","embeddable":true,"href":"https:\/\/kunmedierne.dk\/mors\/wp-json\/wp\/v2\/tags?post=24421"}],"curies":[{"name":"wp","href":"https:\/\/api.w.org\/{rel}","templated":true}]}}