{"id":24410,"date":"2020-06-07T08:58:21","date_gmt":"2020-06-07T06:58:21","guid":{"rendered":"https:\/\/kunmedierne.dk\/mors\/?p=24410"},"modified":"2024-08-12T14:06:02","modified_gmt":"2024-08-12T12:06:02","slug":"jubel-i-jesperhus-over-fuld-aabning","status":"publish","type":"post","link":"https:\/\/kunmedierne.dk\/mors\/jubel-i-jesperhus-over-fuld-aabning\/","title":{"rendered":"Jubel i Jesperhus over fuld \u00e5bning"},"content":{"rendered":"<p><strong>LEGIND: <\/strong>Der var jubel l\u00f8rdag aften i Jesperhus Feriepark efter meldingen om, at regeringen nu \u00e5bner for blandt andet vand- og legelande fra p\u00e5 mandag. Det er nemlig to af parkens store oplevelser for landets b\u00f8rnefamilier.<\/p>\n<p>&#8220;Det at vi kan \u00e5bne Legelandet og Hugos Badeland g\u00f8r, at vi nu har \u00e5bnet alle de aktiviteter, b\u00f8rnefamilierne gl\u00e6der sig til at opleve under en ferie p\u00e5 Jesperhus,&#8221; siger direkt\u00f8r Peter Overgaard, og forts\u00e6tter:<\/p>\n<p>&#8220;\u00c5bningen vil ske under en r\u00e6kke restriktioner, som vi ikke kender endnu. Men vi har h\u00e5ndteret alle de udfordringer, den nye situation har givet os indtil nu, s\u00e5 mon ikke vi ogs\u00e5 f\u00e5r l\u00f8st de sidste,&#8221; siger han.<\/p>\n<p>L\u00f8rdag n\u00e5ede regeringen og alle partier i Folketinget til enighed om en yderligere gen\u00e5bning inden for\u00a0idr\u00e6tten og foreningslivet i Danmark, der sker som en del af den s\u00e5kaldte fase 3 i gen\u00e5bningen. Af aftalen fremg\u00e5r det blandt andet, at partierne er enige om fra mandag 8. juni at gen\u00e5bne indend\u00f8rs idr\u00e6ts- og foreningsliv, som ikke allerede er omfattet af \u00e5bning, samt at gen\u00e5bne alle lokaler, hvor der ud\u00f8ves idr\u00e6ts- og fritidsaktiviteter, herunder spillehaller, lege- og badelande, sv\u00f8mmehaller og tr\u00e6ningscentre.<\/p>\n<p>Peter Overgaard p\u00e5peger, at Jesperhus selvf\u00f8lgelig f\u00f8lger alle retningslinjer fra myndighederne. For at kunne g\u00f8re det er ferieparkens aktiviteter kun \u00e5ben for feriecentrets beboere.<\/p>\n<div class=\"o9v6fnle cxmmr5t8 oygrvhab hcukyx3x c1et5uql\">\n<p>&#8220;Herudover har vi besluttet, at alle de nye tiltag, vi har lavet som f\u00f8lge af covid-19, herunder den nye halmlabyrint, hoppeborge, skattejagter, velkomstpakke til b\u00f8rnene og s\u00e5 videre, fastholdes selvom vi \u00e5bner for n\u00e6sten fuld styrke,&#8221; fort\u00e6ller Peter Overgaard.<\/p>\n<p>Jesperhus Blomsterpark samt Jesperhus Feriepark \u00e5bner begge i morgen. I Jesperhus Feriepark er man klar til at tage imod de f\u00f8rste g\u00e6ster fra kl. 15.<\/p>\n<p>&#8220;Det hele er s\u00e5 nyt, at vi ikke n\u00e5r at f\u00e5 Hugos Badeland klar til mandag. Vandet skal varmes op, alt skal g\u00f8res ekstra rent og s\u00e5 videre. Men vi forventer at v\u00e6re klar i l\u00f8bet af nogle dage,&#8221; siger Peter Overgaard.<\/p>\n<p>Han oplyser, at bookingerne lige nu g\u00e5r ekstra st\u00e6rkt.<\/p>\n<\/div>\n<div class=\"o9v6fnle cxmmr5t8 oygrvhab hcukyx3x c1et5uql\">\n<p>&#8220;Nu er der kommet klarhed over, hvad b\u00f8rnefamilierne kan og m\u00e5 rejsem\u00e6ssigt i sommerferien, og det har betydet mange bookinger. Man vi har stadig plads henover sommeren til de hurtige,&#8221; siger Peter Overgaard.<\/p>\n<\/div>\n","protected":false},"excerpt":{"rendered":"<p>LEGIND: Der var jubel l\u00f8rdag aften i Jesperhus Feriepark efter meldingen om, at regeringen nu \u00e5bner for blandt andet vand- og legelande fra p\u00e5 mandag. Det er nemlig to af parkens store oplevelser for landets b\u00f8rnefamilier. &#8220;Det at vi kan \u00e5bne Legelandet og Hugos Badeland g\u00f8r, at vi nu har \u00e5bnet alle de aktiviteter, b\u00f8rnefamilierne [&hellip;]<\/p>\n","protected":false},"author":8,"featured_media":13911,"comment_status":"open","ping_status":"open","sticky":false,"template":"","format":"standard","meta":{"_acf_changed":false,"footnotes":""},"categories":[51],"tags":[171],"class_list":["post-24410","post","type-post","status-publish","format-standard","has-post-thumbnail","hentry","category-lokalt","tag-turisme"],"acf":[],"yoast_head":"<!-- This site is optimized with the Yoast SEO plugin v26.8 - https:\/\/yoast.com\/product\/yoast-seo-wordpress\/ -->\n<title>Jubel i Jesperhus over fuld \u00e5bning - Mors<\/title>\n<meta name=\"robots\" content=\"index, follow, max-snippet:-1, max-image-preview:large, max-video-preview:-1\" \/>\n<link rel=\"canonical\" href=\"https:\/\/kunmedierne.dk\/mors\/jubel-i-jesperhus-over-fuld-aabning\/\" \/>\n<meta property=\"og:locale\" content=\"da_DK\" \/>\n<meta property=\"og:type\" content=\"article\" \/>\n<meta property=\"og:title\" content=\"Jubel i Jesperhus over fuld \u00e5bning - Mors\" \/>\n<meta property=\"og:description\" content=\"LEGIND: Der var jubel l\u00f8rdag aften i Jesperhus Feriepark efter meldingen om, at regeringen nu \u00e5bner for blandt andet vand- og legelande fra p\u00e5 mandag. Det er nemlig to af parkens store oplevelser for landets b\u00f8rnefamilier. &#8220;Det at vi kan \u00e5bne Legelandet og Hugos Badeland g\u00f8r, at vi nu har \u00e5bnet alle de aktiviteter, b\u00f8rnefamilierne [&hellip;]\" \/>\n<meta property=\"og:url\" content=\"https:\/\/kunmedierne.dk\/mors\/jubel-i-jesperhus-over-fuld-aabning\/\" \/>\n<meta property=\"og:site_name\" content=\"Mors\" \/>\n<meta property=\"article:published_time\" content=\"2020-06-07T06:58:21+00:00\" \/>\n<meta property=\"article:modified_time\" content=\"2024-08-12T12:06:02+00:00\" \/>\n<meta property=\"og:image\" content=\"https:\/\/kunmedierne.dk\/mors\/wp-content\/uploads\/2020\/03\/200317-jesperhus.jpg\" \/>\n\t<meta property=\"og:image:width\" content=\"770\" \/>\n\t<meta property=\"og:image:height\" content=\"513\" \/>\n\t<meta property=\"og:image:type\" content=\"image\/jpeg\" \/>\n<meta name=\"author\" content=\"David H\u00f8jmark\" \/>\n<meta name=\"twitter:card\" content=\"summary_large_image\" \/>\n<meta name=\"twitter:label1\" content=\"Skrevet af\" \/>\n\t<meta name=\"twitter:data1\" content=\"David H\u00f8jmark\" \/>\n\t<meta name=\"twitter:label2\" content=\"Estimeret l\u00e6setid\" \/>\n\t<meta name=\"twitter:data2\" content=\"2 minutter\" \/>\n<script type=\"application\/ld+json\" class=\"yoast-schema-graph\">{\"@context\":\"https:\/\/schema.org\",\"@graph\":[{\"@type\":\"Article\",\"@id\":\"https:\/\/kunmedierne.dk\/mors\/jubel-i-jesperhus-over-fuld-aabning\/#article\",\"isPartOf\":{\"@id\":\"https:\/\/kunmedierne.dk\/mors\/jubel-i-jesperhus-over-fuld-aabning\/\"},\"author\":{\"name\":\"David H\u00f8jmark\",\"@id\":\"https:\/\/kunmedierne.dk\/mors\/#\/schema\/person\/5fe23251bf1d0abbcdc6f7896579d548\"},\"headline\":\"Jubel i Jesperhus over fuld \u00e5bning\",\"datePublished\":\"2020-06-07T06:58:21+00:00\",\"dateModified\":\"2024-08-12T12:06:02+00:00\",\"mainEntityOfPage\":{\"@id\":\"https:\/\/kunmedierne.dk\/mors\/jubel-i-jesperhus-over-fuld-aabning\/\"},\"wordCount\":408,\"commentCount\":0,\"publisher\":{\"@id\":\"https:\/\/kunmedierne.dk\/mors\/#organization\"},\"image\":{\"@id\":\"https:\/\/kunmedierne.dk\/mors\/jubel-i-jesperhus-over-fuld-aabning\/#primaryimage\"},\"thumbnailUrl\":\"https:\/\/kunmedierne.dk\/mors\/wp-content\/uploads\/2020\/03\/200317-jesperhus.jpg\",\"keywords\":[\"Turisme\"],\"articleSection\":[\"Lokalt\"],\"inLanguage\":\"da-DK\",\"potentialAction\":[{\"@type\":\"CommentAction\",\"name\":\"Comment\",\"target\":[\"https:\/\/kunmedierne.dk\/mors\/jubel-i-jesperhus-over-fuld-aabning\/#respond\"]}]},{\"@type\":\"WebPage\",\"@id\":\"https:\/\/kunmedierne.dk\/mors\/jubel-i-jesperhus-over-fuld-aabning\/\",\"url\":\"https:\/\/kunmedierne.dk\/mors\/jubel-i-jesperhus-over-fuld-aabning\/\",\"name\":\"Jubel i Jesperhus over fuld \u00e5bning - Mors\",\"isPartOf\":{\"@id\":\"https:\/\/kunmedierne.dk\/mors\/#website\"},\"primaryImageOfPage\":{\"@id\":\"https:\/\/kunmedierne.dk\/mors\/jubel-i-jesperhus-over-fuld-aabning\/#primaryimage\"},\"image\":{\"@id\":\"https:\/\/kunmedierne.dk\/mors\/jubel-i-jesperhus-over-fuld-aabning\/#primaryimage\"},\"thumbnailUrl\":\"https:\/\/kunmedierne.dk\/mors\/wp-content\/uploads\/2020\/03\/200317-jesperhus.jpg\",\"datePublished\":\"2020-06-07T06:58:21+00:00\",\"dateModified\":\"2024-08-12T12:06:02+00:00\",\"breadcrumb\":{\"@id\":\"https:\/\/kunmedierne.dk\/mors\/jubel-i-jesperhus-over-fuld-aabning\/#breadcrumb\"},\"inLanguage\":\"da-DK\",\"potentialAction\":[{\"@type\":\"ReadAction\",\"target\":[\"https:\/\/kunmedierne.dk\/mors\/jubel-i-jesperhus-over-fuld-aabning\/\"]}]},{\"@type\":\"ImageObject\",\"inLanguage\":\"da-DK\",\"@id\":\"https:\/\/kunmedierne.dk\/mors\/jubel-i-jesperhus-over-fuld-aabning\/#primaryimage\",\"url\":\"https:\/\/kunmedierne.dk\/mors\/wp-content\/uploads\/2020\/03\/200317-jesperhus.jpg\",\"contentUrl\":\"https:\/\/kunmedierne.dk\/mors\/wp-content\/uploads\/2020\/03\/200317-jesperhus.jpg\",\"width\":770,\"height\":513,\"caption\":\"Foto: Jesperhus.\"},{\"@type\":\"BreadcrumbList\",\"@id\":\"https:\/\/kunmedierne.dk\/mors\/jubel-i-jesperhus-over-fuld-aabning\/#breadcrumb\",\"itemListElement\":[{\"@type\":\"ListItem\",\"position\":1,\"name\":\"Hjem\",\"item\":\"https:\/\/kunmedierne.dk\/mors\/\"},{\"@type\":\"ListItem\",\"position\":2,\"name\":\"Jubel i Jesperhus over fuld \u00e5bning\"}]},{\"@type\":\"WebSite\",\"@id\":\"https:\/\/kunmedierne.dk\/mors\/#website\",\"url\":\"https:\/\/kunmedierne.dk\/mors\/\",\"name\":\"Mors\",\"description\":\"et netmedie med journalistik om livet p\u00e5 Mors\",\"publisher\":{\"@id\":\"https:\/\/kunmedierne.dk\/mors\/#organization\"},\"potentialAction\":[{\"@type\":\"SearchAction\",\"target\":{\"@type\":\"EntryPoint\",\"urlTemplate\":\"https:\/\/kunmedierne.dk\/mors\/?s={search_term_string}\"},\"query-input\":{\"@type\":\"PropertyValueSpecification\",\"valueRequired\":true,\"valueName\":\"search_term_string\"}}],\"inLanguage\":\"da-DK\"},{\"@type\":\"Organization\",\"@id\":\"https:\/\/kunmedierne.dk\/mors\/#organization\",\"name\":\"Mors\",\"url\":\"https:\/\/kunmedierne.dk\/mors\/\",\"logo\":{\"@type\":\"ImageObject\",\"inLanguage\":\"da-DK\",\"@id\":\"https:\/\/kunmedierne.dk\/mors\/#\/schema\/logo\/image\/\",\"url\":\"https:\/\/kunmedierne.dk\/mors\/wp-content\/uploads\/2024\/08\/kunmors-logo.svg\",\"contentUrl\":\"https:\/\/kunmedierne.dk\/mors\/wp-content\/uploads\/2024\/08\/kunmors-logo.svg\",\"caption\":\"Mors\"},\"image\":{\"@id\":\"https:\/\/kunmedierne.dk\/mors\/#\/schema\/logo\/image\/\"}},{\"@type\":\"Person\",\"@id\":\"https:\/\/kunmedierne.dk\/mors\/#\/schema\/person\/5fe23251bf1d0abbcdc6f7896579d548\",\"name\":\"David H\u00f8jmark\",\"image\":{\"@type\":\"ImageObject\",\"inLanguage\":\"da-DK\",\"@id\":\"https:\/\/kunmedierne.dk\/mors\/#\/schema\/person\/image\/\",\"url\":\"https:\/\/secure.gravatar.com\/avatar\/4315d6fb9ef244d729989f5f90268eb08d5bf8a3d84402f595fa194bb35784fd?s=96&d=mm&r=g\",\"contentUrl\":\"https:\/\/secure.gravatar.com\/avatar\/4315d6fb9ef244d729989f5f90268eb08d5bf8a3d84402f595fa194bb35784fd?s=96&d=mm&r=g\",\"caption\":\"David H\u00f8jmark\"},\"sameAs\":[\"https:\/\/www.kunmedierne.dk\"],\"url\":\"https:\/\/kunmedierne.dk\/mors\/author\/david\/\"}]}<\/script>\n<!-- \/ Yoast SEO plugin. -->","yoast_head_json":{"title":"Jubel i Jesperhus over fuld \u00e5bning - Mors","robots":{"index":"index","follow":"follow","max-snippet":"max-snippet:-1","max-image-preview":"max-image-preview:large","max-video-preview":"max-video-preview:-1"},"canonical":"https:\/\/kunmedierne.dk\/mors\/jubel-i-jesperhus-over-fuld-aabning\/","og_locale":"da_DK","og_type":"article","og_title":"Jubel i Jesperhus over fuld \u00e5bning - Mors","og_description":"LEGIND: Der var jubel l\u00f8rdag aften i Jesperhus Feriepark efter meldingen om, at regeringen nu \u00e5bner for blandt andet vand- og legelande fra p\u00e5 mandag. Det er nemlig to af parkens store oplevelser for landets b\u00f8rnefamilier. &#8220;Det at vi kan \u00e5bne Legelandet og Hugos Badeland g\u00f8r, at vi nu har \u00e5bnet alle de aktiviteter, b\u00f8rnefamilierne [&hellip;]","og_url":"https:\/\/kunmedierne.dk\/mors\/jubel-i-jesperhus-over-fuld-aabning\/","og_site_name":"Mors","article_published_time":"2020-06-07T06:58:21+00:00","article_modified_time":"2024-08-12T12:06:02+00:00","og_image":[{"width":770,"height":513,"url":"https:\/\/kunmedierne.dk\/mors\/wp-content\/uploads\/2020\/03\/200317-jesperhus.jpg","type":"image\/jpeg"}],"author":"David H\u00f8jmark","twitter_card":"summary_large_image","twitter_misc":{"Skrevet af":"David H\u00f8jmark","Estimeret l\u00e6setid":"2 minutter"},"schema":{"@context":"https:\/\/schema.org","@graph":[{"@type":"Article","@id":"https:\/\/kunmedierne.dk\/mors\/jubel-i-jesperhus-over-fuld-aabning\/#article","isPartOf":{"@id":"https:\/\/kunmedierne.dk\/mors\/jubel-i-jesperhus-over-fuld-aabning\/"},"author":{"name":"David H\u00f8jmark","@id":"https:\/\/kunmedierne.dk\/mors\/#\/schema\/person\/5fe23251bf1d0abbcdc6f7896579d548"},"headline":"Jubel i Jesperhus over fuld \u00e5bning","datePublished":"2020-06-07T06:58:21+00:00","dateModified":"2024-08-12T12:06:02+00:00","mainEntityOfPage":{"@id":"https:\/\/kunmedierne.dk\/mors\/jubel-i-jesperhus-over-fuld-aabning\/"},"wordCount":408,"commentCount":0,"publisher":{"@id":"https:\/\/kunmedierne.dk\/mors\/#organization"},"image":{"@id":"https:\/\/kunmedierne.dk\/mors\/jubel-i-jesperhus-over-fuld-aabning\/#primaryimage"},"thumbnailUrl":"https:\/\/kunmedierne.dk\/mors\/wp-content\/uploads\/2020\/03\/200317-jesperhus.jpg","keywords":["Turisme"],"articleSection":["Lokalt"],"inLanguage":"da-DK","potentialAction":[{"@type":"CommentAction","name":"Comment","target":["https:\/\/kunmedierne.dk\/mors\/jubel-i-jesperhus-over-fuld-aabning\/#respond"]}]},{"@type":"WebPage","@id":"https:\/\/kunmedierne.dk\/mors\/jubel-i-jesperhus-over-fuld-aabning\/","url":"https:\/\/kunmedierne.dk\/mors\/jubel-i-jesperhus-over-fuld-aabning\/","name":"Jubel i Jesperhus over fuld \u00e5bning - Mors","isPartOf":{"@id":"https:\/\/kunmedierne.dk\/mors\/#website"},"primaryImageOfPage":{"@id":"https:\/\/kunmedierne.dk\/mors\/jubel-i-jesperhus-over-fuld-aabning\/#primaryimage"},"image":{"@id":"https:\/\/kunmedierne.dk\/mors\/jubel-i-jesperhus-over-fuld-aabning\/#primaryimage"},"thumbnailUrl":"https:\/\/kunmedierne.dk\/mors\/wp-content\/uploads\/2020\/03\/200317-jesperhus.jpg","datePublished":"2020-06-07T06:58:21+00:00","dateModified":"2024-08-12T12:06:02+00:00","breadcrumb":{"@id":"https:\/\/kunmedierne.dk\/mors\/jubel-i-jesperhus-over-fuld-aabning\/#breadcrumb"},"inLanguage":"da-DK","potentialAction":[{"@type":"ReadAction","target":["https:\/\/kunmedierne.dk\/mors\/jubel-i-jesperhus-over-fuld-aabning\/"]}]},{"@type":"ImageObject","inLanguage":"da-DK","@id":"https:\/\/kunmedierne.dk\/mors\/jubel-i-jesperhus-over-fuld-aabning\/#primaryimage","url":"https:\/\/kunmedierne.dk\/mors\/wp-content\/uploads\/2020\/03\/200317-jesperhus.jpg","contentUrl":"https:\/\/kunmedierne.dk\/mors\/wp-content\/uploads\/2020\/03\/200317-jesperhus.jpg","width":770,"height":513,"caption":"Foto: Jesperhus."},{"@type":"BreadcrumbList","@id":"https:\/\/kunmedierne.dk\/mors\/jubel-i-jesperhus-over-fuld-aabning\/#breadcrumb","itemListElement":[{"@type":"ListItem","position":1,"name":"Hjem","item":"https:\/\/kunmedierne.dk\/mors\/"},{"@type":"ListItem","position":2,"name":"Jubel i Jesperhus over fuld \u00e5bning"}]},{"@type":"WebSite","@id":"https:\/\/kunmedierne.dk\/mors\/#website","url":"https:\/\/kunmedierne.dk\/mors\/","name":"Mors","description":"et netmedie med journalistik om livet p\u00e5 Mors","publisher":{"@id":"https:\/\/kunmedierne.dk\/mors\/#organization"},"potentialAction":[{"@type":"SearchAction","target":{"@type":"EntryPoint","urlTemplate":"https:\/\/kunmedierne.dk\/mors\/?s={search_term_string}"},"query-input":{"@type":"PropertyValueSpecification","valueRequired":true,"valueName":"search_term_string"}}],"inLanguage":"da-DK"},{"@type":"Organization","@id":"https:\/\/kunmedierne.dk\/mors\/#organization","name":"Mors","url":"https:\/\/kunmedierne.dk\/mors\/","logo":{"@type":"ImageObject","inLanguage":"da-DK","@id":"https:\/\/kunmedierne.dk\/mors\/#\/schema\/logo\/image\/","url":"https:\/\/kunmedierne.dk\/mors\/wp-content\/uploads\/2024\/08\/kunmors-logo.svg","contentUrl":"https:\/\/kunmedierne.dk\/mors\/wp-content\/uploads\/2024\/08\/kunmors-logo.svg","caption":"Mors"},"image":{"@id":"https:\/\/kunmedierne.dk\/mors\/#\/schema\/logo\/image\/"}},{"@type":"Person","@id":"https:\/\/kunmedierne.dk\/mors\/#\/schema\/person\/5fe23251bf1d0abbcdc6f7896579d548","name":"David H\u00f8jmark","image":{"@type":"ImageObject","inLanguage":"da-DK","@id":"https:\/\/kunmedierne.dk\/mors\/#\/schema\/person\/image\/","url":"https:\/\/secure.gravatar.com\/avatar\/4315d6fb9ef244d729989f5f90268eb08d5bf8a3d84402f595fa194bb35784fd?s=96&d=mm&r=g","contentUrl":"https:\/\/secure.gravatar.com\/avatar\/4315d6fb9ef244d729989f5f90268eb08d5bf8a3d84402f595fa194bb35784fd?s=96&d=mm&r=g","caption":"David H\u00f8jmark"},"sameAs":["https:\/\/www.kunmedierne.dk"],"url":"https:\/\/kunmedierne.dk\/mors\/author\/david\/"}]}},"_links":{"self":[{"href":"https:\/\/kunmedierne.dk\/mors\/wp-json\/wp\/v2\/posts\/24410","targetHints":{"allow":["GET"]}}],"collection":[{"href":"https:\/\/kunmedierne.dk\/mors\/wp-json\/wp\/v2\/posts"}],"about":[{"href":"https:\/\/kunmedierne.dk\/mors\/wp-json\/wp\/v2\/types\/post"}],"author":[{"embeddable":true,"href":"https:\/\/kunmedierne.dk\/mors\/wp-json\/wp\/v2\/users\/8"}],"replies":[{"embeddable":true,"href":"https:\/\/kunmedierne.dk\/mors\/wp-json\/wp\/v2\/comments?post=24410"}],"version-history":[{"count":7,"href":"https:\/\/kunmedierne.dk\/mors\/wp-json\/wp\/v2\/posts\/24410\/revisions"}],"predecessor-version":[{"id":24418,"href":"https:\/\/kunmedierne.dk\/mors\/wp-json\/wp\/v2\/posts\/24410\/revisions\/24418"}],"wp:featuredmedia":[{"embeddable":true,"href":"https:\/\/kunmedierne.dk\/mors\/wp-json\/wp\/v2\/media\/13911"}],"wp:attachment":[{"href":"https:\/\/kunmedierne.dk\/mors\/wp-json\/wp\/v2\/media?parent=24410"}],"wp:term":[{"taxonomy":"category","embeddable":true,"href":"https:\/\/kunmedierne.dk\/mors\/wp-json\/wp\/v2\/categories?post=24410"},{"taxonomy":"post_tag","embeddable":true,"href":"https:\/\/kunmedierne.dk\/mors\/wp-json\/wp\/v2\/tags?post=24410"}],"curies":[{"name":"wp","href":"https:\/\/api.w.org\/{rel}","templated":true}]}}