{"id":24154,"date":"2020-06-05T18:24:06","date_gmt":"2020-06-05T16:24:06","guid":{"rendered":"https:\/\/kunmedierne.dk\/mors\/?p=24154"},"modified":"2024-08-12T14:06:02","modified_gmt":"2024-08-12T12:06:02","slug":"besoeg-paa-vore-institutioner","status":"publish","type":"post","link":"https:\/\/kunmedierne.dk\/mors\/besoeg-paa-vore-institutioner\/","title":{"rendered":"Bes\u00f8g p\u00e5 vore institutioner"},"content":{"rendered":"<p><em>Fra Henning S\u00f8rensen (V), formand for det sociale udvalg i Mors\u00f8 Kommune, har vi modtaget:<\/em><\/p>\n<hr \/>\n<p><strong>MORS<\/strong>: Jeg har v\u00e6ret rigtig glad for den omsorg, der er blevet ydet af personalet i Mors\u00f8 Kommunes \u00e6ldrepleje gennem de seneste sv\u00e6re m\u00e5neder. Siden Danmark blev lukket ned p\u00e5 grund af coronakrisen den 11. marts, har situationen v\u00e6ret sv\u00e6r for b\u00e5de beboere og personale p\u00e5 kommunens plejehjem.<\/p>\n<p>Selv den bedste og mest professionelle pleje kan ikke erstatte bes\u00f8g fra de p\u00e5r\u00f8rende, og det har v\u00e6ret sv\u00e6rt for mange \u00e6ldre, at de ikke m\u00e5tte modtage bes\u00f8g p\u00e5 grund af risikoen for at sprede covid-19. Savnet af de n\u00e6re p\u00e5r\u00f8rende har v\u00e6ret tungt at b\u00e6re for mange af beboerne. Endnu v\u00e6rre og til tider h\u00e5bl\u00f8s har situationen v\u00e6ret for de p\u00e5r\u00f8rende, som har v\u00e6ret afsk\u00e5ret fra at bes\u00f8ge en m\u00e5ske dement \u00e6gtef\u00e6lle eller en anden n\u00e6rt besl\u00e6gtet\u00a0 p\u00e5 en institution.<\/p>\n<p>Heldigvis var vi i Mors\u00f8 Kommune de f\u00f8rste til at \u00e5bne for, at man kunne m\u00f8des uden for p\u00e5 en terrasse eller i et telt. Stor ros til vores ledelse og medarbejdere for p\u00e5 det punkt hurtigt at se muligheder frem for begr\u00e6nsninger.<\/p>\n<p>Vi har den seneste uge ikke haft nye tilf\u00e6lde af covid-19 i Nordjylland, oplyser ledende overl\u00e6ge Henrik Nielsen. Det f\u00e5r mig til at r\u00e5be h\u00f8jt over, at vi ikke f\u00e5r \u00e5bnet for normale bes\u00f8g p\u00e5 vore institutioner. Institutionen er trods alt beboernes hjem, og her vil de gerne hygge med bes\u00f8g og m\u00e5ske lidt medbragt hjemmebag og kaffe. I Mors\u00f8 Kommune er vi klar, og vi har rykket myndighederne for at f\u00e5 vejledning og gr\u00f8nt lys til at f\u00e5 \u00e5bnet for almindelige bes\u00f8g. For mig er t\u00e5lmodigheden ikke l\u00e6ngere til stede, fordi der ikke l\u00e6ngere er sundhedsfagligt bel\u00e6g for ikke at lukke op. Nu m\u00e5 det v\u00e6re den sunde fornuft &#8211; nemlig hensynet til den \u00e6ldre, der skal g\u00e6lde.<\/p>\n<p>Det er i den grad sjusk fra regeringens og myndighedernes side, at s\u00e5 vigtig en vejledning eller en tilladelse til at f\u00e5 det normaliseret ikke foreligger. Skulle det meget uheldige s\u00e5 ske, at en plejehjemsbeboer bliver smittet med covid-19, hvad vi selvf\u00f8lgelig ikke h\u00e5ber eller tror, s\u00e5 kan et enkelt sted lukkes ned igen med \u00f8jeblikkelig virkning. Efter denne tid kender vi jo alle procedurer, s\u00e5 det kan ske her og nu.<\/p>\n<hr \/>\n<p><em>Har du et bidrag til den lokale debat? Send det til os p\u00e5 e-mail: debat@kunmedierne.dk\/mors. Husk at l\u00e6se korrektur inden afsendelse p\u00e5 indl\u00e6gget.<\/em><\/p>\n","protected":false},"excerpt":{"rendered":"<p>Fra Henning S\u00f8rensen (V), formand for det sociale udvalg i Mors\u00f8 Kommune, har vi modtaget: MORS: Jeg har v\u00e6ret rigtig glad for den omsorg, der er blevet ydet af personalet i Mors\u00f8 Kommunes \u00e6ldrepleje gennem de seneste sv\u00e6re m\u00e5neder. Siden Danmark blev lukket ned p\u00e5 grund af coronakrisen den 11. marts, har situationen v\u00e6ret sv\u00e6r [&hellip;]<\/p>\n","protected":false},"author":11,"featured_media":15114,"comment_status":"open","ping_status":"open","sticky":false,"template":"","format":"standard","meta":{"_acf_changed":false,"footnotes":""},"categories":[56],"tags":[167],"class_list":["post-24154","post","type-post","status-publish","format-standard","has-post-thumbnail","hentry","category-debat","tag-politik"],"acf":[],"yoast_head":"<!-- This site is optimized with the Yoast SEO plugin v26.8 - https:\/\/yoast.com\/product\/yoast-seo-wordpress\/ -->\n<title>Bes\u00f8g p\u00e5 vore institutioner - Mors<\/title>\n<meta name=\"robots\" content=\"index, follow, max-snippet:-1, max-image-preview:large, max-video-preview:-1\" \/>\n<link rel=\"canonical\" href=\"https:\/\/kunmedierne.dk\/mors\/besoeg-paa-vore-institutioner\/\" \/>\n<meta property=\"og:locale\" content=\"da_DK\" \/>\n<meta property=\"og:type\" content=\"article\" \/>\n<meta property=\"og:title\" content=\"Bes\u00f8g p\u00e5 vore institutioner - Mors\" \/>\n<meta property=\"og:description\" content=\"Fra Henning S\u00f8rensen (V), formand for det sociale udvalg i Mors\u00f8 Kommune, har vi modtaget: MORS: Jeg har v\u00e6ret rigtig glad for den omsorg, der er blevet ydet af personalet i Mors\u00f8 Kommunes \u00e6ldrepleje gennem de seneste sv\u00e6re m\u00e5neder. Siden Danmark blev lukket ned p\u00e5 grund af coronakrisen den 11. marts, har situationen v\u00e6ret sv\u00e6r [&hellip;]\" \/>\n<meta property=\"og:url\" content=\"https:\/\/kunmedierne.dk\/mors\/besoeg-paa-vore-institutioner\/\" \/>\n<meta property=\"og:site_name\" content=\"Mors\" \/>\n<meta property=\"article:published_time\" content=\"2020-06-05T16:24:06+00:00\" \/>\n<meta property=\"article:modified_time\" content=\"2024-08-12T12:06:02+00:00\" \/>\n<meta property=\"og:image\" content=\"https:\/\/kunmedierne.dk\/mors\/wp-content\/uploads\/2020\/03\/200401-henning-s\u00f8rensen-V.jpg\" \/>\n\t<meta property=\"og:image:width\" content=\"770\" \/>\n\t<meta property=\"og:image:height\" content=\"513\" \/>\n\t<meta property=\"og:image:type\" content=\"image\/jpeg\" \/>\n<meta name=\"author\" content=\"Debat\" \/>\n<meta name=\"twitter:card\" content=\"summary_large_image\" \/>\n<meta name=\"twitter:label1\" content=\"Skrevet af\" \/>\n\t<meta name=\"twitter:data1\" content=\"Debat\" \/>\n\t<meta name=\"twitter:label2\" content=\"Estimeret l\u00e6setid\" \/>\n\t<meta name=\"twitter:data2\" content=\"2 minutter\" \/>\n<script type=\"application\/ld+json\" class=\"yoast-schema-graph\">{\"@context\":\"https:\/\/schema.org\",\"@graph\":[{\"@type\":\"Article\",\"@id\":\"https:\/\/kunmedierne.dk\/mors\/besoeg-paa-vore-institutioner\/#article\",\"isPartOf\":{\"@id\":\"https:\/\/kunmedierne.dk\/mors\/besoeg-paa-vore-institutioner\/\"},\"author\":{\"name\":\"Debat\",\"@id\":\"https:\/\/kunmedierne.dk\/mors\/#\/schema\/person\/84c1391bce0b43b9bb3a49736bc0ad78\"},\"headline\":\"Bes\u00f8g p\u00e5 vore institutioner\",\"datePublished\":\"2020-06-05T16:24:06+00:00\",\"dateModified\":\"2024-08-12T12:06:02+00:00\",\"mainEntityOfPage\":{\"@id\":\"https:\/\/kunmedierne.dk\/mors\/besoeg-paa-vore-institutioner\/\"},\"wordCount\":464,\"commentCount\":0,\"publisher\":{\"@id\":\"https:\/\/kunmedierne.dk\/mors\/#organization\"},\"image\":{\"@id\":\"https:\/\/kunmedierne.dk\/mors\/besoeg-paa-vore-institutioner\/#primaryimage\"},\"thumbnailUrl\":\"https:\/\/kunmedierne.dk\/mors\/wp-content\/uploads\/2020\/03\/200401-henning-s\u00f8rensen-V.jpg\",\"keywords\":[\"Politik\"],\"articleSection\":[\"Debat\"],\"inLanguage\":\"da-DK\",\"potentialAction\":[{\"@type\":\"CommentAction\",\"name\":\"Comment\",\"target\":[\"https:\/\/kunmedierne.dk\/mors\/besoeg-paa-vore-institutioner\/#respond\"]}]},{\"@type\":\"WebPage\",\"@id\":\"https:\/\/kunmedierne.dk\/mors\/besoeg-paa-vore-institutioner\/\",\"url\":\"https:\/\/kunmedierne.dk\/mors\/besoeg-paa-vore-institutioner\/\",\"name\":\"Bes\u00f8g p\u00e5 vore institutioner - Mors\",\"isPartOf\":{\"@id\":\"https:\/\/kunmedierne.dk\/mors\/#website\"},\"primaryImageOfPage\":{\"@id\":\"https:\/\/kunmedierne.dk\/mors\/besoeg-paa-vore-institutioner\/#primaryimage\"},\"image\":{\"@id\":\"https:\/\/kunmedierne.dk\/mors\/besoeg-paa-vore-institutioner\/#primaryimage\"},\"thumbnailUrl\":\"https:\/\/kunmedierne.dk\/mors\/wp-content\/uploads\/2020\/03\/200401-henning-s\u00f8rensen-V.jpg\",\"datePublished\":\"2020-06-05T16:24:06+00:00\",\"dateModified\":\"2024-08-12T12:06:02+00:00\",\"breadcrumb\":{\"@id\":\"https:\/\/kunmedierne.dk\/mors\/besoeg-paa-vore-institutioner\/#breadcrumb\"},\"inLanguage\":\"da-DK\",\"potentialAction\":[{\"@type\":\"ReadAction\",\"target\":[\"https:\/\/kunmedierne.dk\/mors\/besoeg-paa-vore-institutioner\/\"]}]},{\"@type\":\"ImageObject\",\"inLanguage\":\"da-DK\",\"@id\":\"https:\/\/kunmedierne.dk\/mors\/besoeg-paa-vore-institutioner\/#primaryimage\",\"url\":\"https:\/\/kunmedierne.dk\/mors\/wp-content\/uploads\/2020\/03\/200401-henning-s\u00f8rensen-V.jpg\",\"contentUrl\":\"https:\/\/kunmedierne.dk\/mors\/wp-content\/uploads\/2020\/03\/200401-henning-s\u00f8rensen-V.jpg\",\"width\":770,\"height\":513,\"caption\":\"Henning S\u00f8rensen (V). Foto: Per Bech\/Mors\u00f8 Kommune.\"},{\"@type\":\"BreadcrumbList\",\"@id\":\"https:\/\/kunmedierne.dk\/mors\/besoeg-paa-vore-institutioner\/#breadcrumb\",\"itemListElement\":[{\"@type\":\"ListItem\",\"position\":1,\"name\":\"Hjem\",\"item\":\"https:\/\/kunmedierne.dk\/mors\/\"},{\"@type\":\"ListItem\",\"position\":2,\"name\":\"Bes\u00f8g p\u00e5 vore institutioner\"}]},{\"@type\":\"WebSite\",\"@id\":\"https:\/\/kunmedierne.dk\/mors\/#website\",\"url\":\"https:\/\/kunmedierne.dk\/mors\/\",\"name\":\"Mors\",\"description\":\"et netmedie med journalistik om livet p\u00e5 Mors\",\"publisher\":{\"@id\":\"https:\/\/kunmedierne.dk\/mors\/#organization\"},\"potentialAction\":[{\"@type\":\"SearchAction\",\"target\":{\"@type\":\"EntryPoint\",\"urlTemplate\":\"https:\/\/kunmedierne.dk\/mors\/?s={search_term_string}\"},\"query-input\":{\"@type\":\"PropertyValueSpecification\",\"valueRequired\":true,\"valueName\":\"search_term_string\"}}],\"inLanguage\":\"da-DK\"},{\"@type\":\"Organization\",\"@id\":\"https:\/\/kunmedierne.dk\/mors\/#organization\",\"name\":\"Mors\",\"url\":\"https:\/\/kunmedierne.dk\/mors\/\",\"logo\":{\"@type\":\"ImageObject\",\"inLanguage\":\"da-DK\",\"@id\":\"https:\/\/kunmedierne.dk\/mors\/#\/schema\/logo\/image\/\",\"url\":\"https:\/\/kunmedierne.dk\/mors\/wp-content\/uploads\/2024\/08\/kunmors-logo.svg\",\"contentUrl\":\"https:\/\/kunmedierne.dk\/mors\/wp-content\/uploads\/2024\/08\/kunmors-logo.svg\",\"caption\":\"Mors\"},\"image\":{\"@id\":\"https:\/\/kunmedierne.dk\/mors\/#\/schema\/logo\/image\/\"}},{\"@type\":\"Person\",\"@id\":\"https:\/\/kunmedierne.dk\/mors\/#\/schema\/person\/84c1391bce0b43b9bb3a49736bc0ad78\",\"name\":\"Debat\",\"image\":{\"@type\":\"ImageObject\",\"inLanguage\":\"da-DK\",\"@id\":\"https:\/\/kunmedierne.dk\/mors\/#\/schema\/person\/image\/\",\"url\":\"https:\/\/secure.gravatar.com\/avatar\/b0fb2e221d618f7c65162ab0d49c7e8a0b580c871ca03af90e42b47b4150654c?s=96&d=mm&r=g\",\"contentUrl\":\"https:\/\/secure.gravatar.com\/avatar\/b0fb2e221d618f7c65162ab0d49c7e8a0b580c871ca03af90e42b47b4150654c?s=96&d=mm&r=g\",\"caption\":\"Debat\"},\"url\":\"https:\/\/kunmedierne.dk\/mors\/author\/debat\/\"}]}<\/script>\n<!-- \/ Yoast SEO plugin. -->","yoast_head_json":{"title":"Bes\u00f8g p\u00e5 vore institutioner - Mors","robots":{"index":"index","follow":"follow","max-snippet":"max-snippet:-1","max-image-preview":"max-image-preview:large","max-video-preview":"max-video-preview:-1"},"canonical":"https:\/\/kunmedierne.dk\/mors\/besoeg-paa-vore-institutioner\/","og_locale":"da_DK","og_type":"article","og_title":"Bes\u00f8g p\u00e5 vore institutioner - Mors","og_description":"Fra Henning S\u00f8rensen (V), formand for det sociale udvalg i Mors\u00f8 Kommune, har vi modtaget: MORS: Jeg har v\u00e6ret rigtig glad for den omsorg, der er blevet ydet af personalet i Mors\u00f8 Kommunes \u00e6ldrepleje gennem de seneste sv\u00e6re m\u00e5neder. Siden Danmark blev lukket ned p\u00e5 grund af coronakrisen den 11. marts, har situationen v\u00e6ret sv\u00e6r [&hellip;]","og_url":"https:\/\/kunmedierne.dk\/mors\/besoeg-paa-vore-institutioner\/","og_site_name":"Mors","article_published_time":"2020-06-05T16:24:06+00:00","article_modified_time":"2024-08-12T12:06:02+00:00","og_image":[{"width":770,"height":513,"url":"https:\/\/kunmedierne.dk\/mors\/wp-content\/uploads\/2020\/03\/200401-henning-s\u00f8rensen-V.jpg","type":"image\/jpeg"}],"author":"Debat","twitter_card":"summary_large_image","twitter_misc":{"Skrevet af":"Debat","Estimeret l\u00e6setid":"2 minutter"},"schema":{"@context":"https:\/\/schema.org","@graph":[{"@type":"Article","@id":"https:\/\/kunmedierne.dk\/mors\/besoeg-paa-vore-institutioner\/#article","isPartOf":{"@id":"https:\/\/kunmedierne.dk\/mors\/besoeg-paa-vore-institutioner\/"},"author":{"name":"Debat","@id":"https:\/\/kunmedierne.dk\/mors\/#\/schema\/person\/84c1391bce0b43b9bb3a49736bc0ad78"},"headline":"Bes\u00f8g p\u00e5 vore institutioner","datePublished":"2020-06-05T16:24:06+00:00","dateModified":"2024-08-12T12:06:02+00:00","mainEntityOfPage":{"@id":"https:\/\/kunmedierne.dk\/mors\/besoeg-paa-vore-institutioner\/"},"wordCount":464,"commentCount":0,"publisher":{"@id":"https:\/\/kunmedierne.dk\/mors\/#organization"},"image":{"@id":"https:\/\/kunmedierne.dk\/mors\/besoeg-paa-vore-institutioner\/#primaryimage"},"thumbnailUrl":"https:\/\/kunmedierne.dk\/mors\/wp-content\/uploads\/2020\/03\/200401-henning-s\u00f8rensen-V.jpg","keywords":["Politik"],"articleSection":["Debat"],"inLanguage":"da-DK","potentialAction":[{"@type":"CommentAction","name":"Comment","target":["https:\/\/kunmedierne.dk\/mors\/besoeg-paa-vore-institutioner\/#respond"]}]},{"@type":"WebPage","@id":"https:\/\/kunmedierne.dk\/mors\/besoeg-paa-vore-institutioner\/","url":"https:\/\/kunmedierne.dk\/mors\/besoeg-paa-vore-institutioner\/","name":"Bes\u00f8g p\u00e5 vore institutioner - Mors","isPartOf":{"@id":"https:\/\/kunmedierne.dk\/mors\/#website"},"primaryImageOfPage":{"@id":"https:\/\/kunmedierne.dk\/mors\/besoeg-paa-vore-institutioner\/#primaryimage"},"image":{"@id":"https:\/\/kunmedierne.dk\/mors\/besoeg-paa-vore-institutioner\/#primaryimage"},"thumbnailUrl":"https:\/\/kunmedierne.dk\/mors\/wp-content\/uploads\/2020\/03\/200401-henning-s\u00f8rensen-V.jpg","datePublished":"2020-06-05T16:24:06+00:00","dateModified":"2024-08-12T12:06:02+00:00","breadcrumb":{"@id":"https:\/\/kunmedierne.dk\/mors\/besoeg-paa-vore-institutioner\/#breadcrumb"},"inLanguage":"da-DK","potentialAction":[{"@type":"ReadAction","target":["https:\/\/kunmedierne.dk\/mors\/besoeg-paa-vore-institutioner\/"]}]},{"@type":"ImageObject","inLanguage":"da-DK","@id":"https:\/\/kunmedierne.dk\/mors\/besoeg-paa-vore-institutioner\/#primaryimage","url":"https:\/\/kunmedierne.dk\/mors\/wp-content\/uploads\/2020\/03\/200401-henning-s\u00f8rensen-V.jpg","contentUrl":"https:\/\/kunmedierne.dk\/mors\/wp-content\/uploads\/2020\/03\/200401-henning-s\u00f8rensen-V.jpg","width":770,"height":513,"caption":"Henning S\u00f8rensen (V). Foto: Per Bech\/Mors\u00f8 Kommune."},{"@type":"BreadcrumbList","@id":"https:\/\/kunmedierne.dk\/mors\/besoeg-paa-vore-institutioner\/#breadcrumb","itemListElement":[{"@type":"ListItem","position":1,"name":"Hjem","item":"https:\/\/kunmedierne.dk\/mors\/"},{"@type":"ListItem","position":2,"name":"Bes\u00f8g p\u00e5 vore institutioner"}]},{"@type":"WebSite","@id":"https:\/\/kunmedierne.dk\/mors\/#website","url":"https:\/\/kunmedierne.dk\/mors\/","name":"Mors","description":"et netmedie med journalistik om livet p\u00e5 Mors","publisher":{"@id":"https:\/\/kunmedierne.dk\/mors\/#organization"},"potentialAction":[{"@type":"SearchAction","target":{"@type":"EntryPoint","urlTemplate":"https:\/\/kunmedierne.dk\/mors\/?s={search_term_string}"},"query-input":{"@type":"PropertyValueSpecification","valueRequired":true,"valueName":"search_term_string"}}],"inLanguage":"da-DK"},{"@type":"Organization","@id":"https:\/\/kunmedierne.dk\/mors\/#organization","name":"Mors","url":"https:\/\/kunmedierne.dk\/mors\/","logo":{"@type":"ImageObject","inLanguage":"da-DK","@id":"https:\/\/kunmedierne.dk\/mors\/#\/schema\/logo\/image\/","url":"https:\/\/kunmedierne.dk\/mors\/wp-content\/uploads\/2024\/08\/kunmors-logo.svg","contentUrl":"https:\/\/kunmedierne.dk\/mors\/wp-content\/uploads\/2024\/08\/kunmors-logo.svg","caption":"Mors"},"image":{"@id":"https:\/\/kunmedierne.dk\/mors\/#\/schema\/logo\/image\/"}},{"@type":"Person","@id":"https:\/\/kunmedierne.dk\/mors\/#\/schema\/person\/84c1391bce0b43b9bb3a49736bc0ad78","name":"Debat","image":{"@type":"ImageObject","inLanguage":"da-DK","@id":"https:\/\/kunmedierne.dk\/mors\/#\/schema\/person\/image\/","url":"https:\/\/secure.gravatar.com\/avatar\/b0fb2e221d618f7c65162ab0d49c7e8a0b580c871ca03af90e42b47b4150654c?s=96&d=mm&r=g","contentUrl":"https:\/\/secure.gravatar.com\/avatar\/b0fb2e221d618f7c65162ab0d49c7e8a0b580c871ca03af90e42b47b4150654c?s=96&d=mm&r=g","caption":"Debat"},"url":"https:\/\/kunmedierne.dk\/mors\/author\/debat\/"}]}},"_links":{"self":[{"href":"https:\/\/kunmedierne.dk\/mors\/wp-json\/wp\/v2\/posts\/24154","targetHints":{"allow":["GET"]}}],"collection":[{"href":"https:\/\/kunmedierne.dk\/mors\/wp-json\/wp\/v2\/posts"}],"about":[{"href":"https:\/\/kunmedierne.dk\/mors\/wp-json\/wp\/v2\/types\/post"}],"author":[{"embeddable":true,"href":"https:\/\/kunmedierne.dk\/mors\/wp-json\/wp\/v2\/users\/11"}],"replies":[{"embeddable":true,"href":"https:\/\/kunmedierne.dk\/mors\/wp-json\/wp\/v2\/comments?post=24154"}],"version-history":[{"count":5,"href":"https:\/\/kunmedierne.dk\/mors\/wp-json\/wp\/v2\/posts\/24154\/revisions"}],"predecessor-version":[{"id":33002,"href":"https:\/\/kunmedierne.dk\/mors\/wp-json\/wp\/v2\/posts\/24154\/revisions\/33002"}],"wp:featuredmedia":[{"embeddable":true,"href":"https:\/\/kunmedierne.dk\/mors\/wp-json\/wp\/v2\/media\/15114"}],"wp:attachment":[{"href":"https:\/\/kunmedierne.dk\/mors\/wp-json\/wp\/v2\/media?parent=24154"}],"wp:term":[{"taxonomy":"category","embeddable":true,"href":"https:\/\/kunmedierne.dk\/mors\/wp-json\/wp\/v2\/categories?post=24154"},{"taxonomy":"post_tag","embeddable":true,"href":"https:\/\/kunmedierne.dk\/mors\/wp-json\/wp\/v2\/tags?post=24154"}],"curies":[{"name":"wp","href":"https:\/\/api.w.org\/{rel}","templated":true}]}}