{"id":24123,"date":"2020-06-05T15:11:25","date_gmt":"2020-06-05T13:11:25","guid":{"rendered":"https:\/\/kunmedierne.dk\/mors\/?p=24123"},"modified":"2024-08-12T14:06:02","modified_gmt":"2024-08-12T12:06:02","slug":"juridisk-rabat-i-retssag-om-biltyveri","status":"publish","type":"post","link":"https:\/\/kunmedierne.dk\/mors\/juridisk-rabat-i-retssag-om-biltyveri\/","title":{"rendered":"Juridisk rabat i retssag om biltyveri"},"content":{"rendered":"<p><strong>MORS<\/strong>: Det blev til 70 dage i f\u00e6ngsel ubetinget, da en 52-\u00e5rig mand fra det sydlige Mors stod til ansvar for samfundets regler i en retssag i retsafdelingen i Thisted.<\/p>\n<p>Den 52-\u00e5rige havde i begyndelsen af februar i \u00e5r valgt at bryde loven om at k\u00f8re bil, mens ens k\u00f8rekort er frad\u00f8mt, da han tog n\u00f8glen til eksk\u00e6restens bil for at k\u00f8re den hjem til sig selv, s\u00e5 den kunne blive klargjort og derefter solgt.<\/p>\n<p>Den sidste del var helt legitim, men k\u00f8returen fra en adresse i Nyk\u00f8bing var ikke, da den 52-\u00e5rige havde 17 tidligere domme, hvor han var blevet straffet for at k\u00f8re i den periode, hvor han var blevet frad\u00f8mt sit k\u00f8rekort.<\/p>\n<p>Det juridiske system beregner efter k\u00f8retur nummer syv ikke l\u00e6ngere p\u00e5 straffens l\u00e6ngde og styrke, s\u00e5 det var kun af rent retslige grunde, at det blev n\u00e6vnt, at denne nyeste dom var nummer 18.<\/p>\n<p>I de udm\u00e5lte 70 dage var 60 dage for k\u00f8returen og 10 dage for biltyveri, mens det til geng\u00e6ld blev frafaldet, at den 52-\u00e5rige ikke ville standse efter politiets henvisninger.<\/p>\n<p>\u201dJeg anede ikke, at det var mig, de var efter, da jeg s\u00e5 en masse udrykning,\u201d forklarede den 52-\u00e5rige, og anklageren valgte at give tvivlen forret og frafaldt den del.<\/p>\n<p>Muligvis var det erfaringen fra domme 17 gange i lignende sager, der bet\u00f8d, at den 52-\u00e5rige valgte at modtage straffen p\u00e5 de 70 dages f\u00e6ngsel.<\/p>\n","protected":false},"excerpt":{"rendered":"<p>MORS: Det blev til 70 dage i f\u00e6ngsel ubetinget, da en 52-\u00e5rig mand fra det sydlige Mors stod til ansvar for samfundets regler i en retssag i retsafdelingen i Thisted. Den 52-\u00e5rige havde i begyndelsen af februar i \u00e5r valgt at bryde loven om at k\u00f8re bil, mens ens k\u00f8rekort er frad\u00f8mt, da han tog [&hellip;]<\/p>\n","protected":false},"author":176,"featured_media":3783,"comment_status":"open","ping_status":"open","sticky":false,"template":"","format":"standard","meta":{"_acf_changed":false,"footnotes":""},"categories":[54,51],"tags":[],"class_list":["post-24123","post","type-post","status-publish","format-standard","has-post-thumbnail","hentry","category-54","category-lokalt"],"acf":[],"yoast_head":"<!-- This site is optimized with the Yoast SEO plugin v26.8 - https:\/\/yoast.com\/product\/yoast-seo-wordpress\/ -->\n<title>Juridisk rabat i retssag om biltyveri - Mors<\/title>\n<meta name=\"robots\" content=\"index, follow, max-snippet:-1, max-image-preview:large, max-video-preview:-1\" \/>\n<link rel=\"canonical\" href=\"https:\/\/kunmedierne.dk\/mors\/juridisk-rabat-i-retssag-om-biltyveri\/\" \/>\n<meta property=\"og:locale\" content=\"da_DK\" \/>\n<meta property=\"og:type\" content=\"article\" \/>\n<meta property=\"og:title\" content=\"Juridisk rabat i retssag om biltyveri - Mors\" \/>\n<meta property=\"og:description\" content=\"MORS: Det blev til 70 dage i f\u00e6ngsel ubetinget, da en 52-\u00e5rig mand fra det sydlige Mors stod til ansvar for samfundets regler i en retssag i retsafdelingen i Thisted. Den 52-\u00e5rige havde i begyndelsen af februar i \u00e5r valgt at bryde loven om at k\u00f8re bil, mens ens k\u00f8rekort er frad\u00f8mt, da han tog [&hellip;]\" \/>\n<meta property=\"og:url\" content=\"https:\/\/kunmedierne.dk\/mors\/juridisk-rabat-i-retssag-om-biltyveri\/\" \/>\n<meta property=\"og:site_name\" content=\"Mors\" \/>\n<meta property=\"article:published_time\" content=\"2020-06-05T13:11:25+00:00\" \/>\n<meta property=\"article:modified_time\" content=\"2024-08-12T12:06:02+00:00\" \/>\n<meta property=\"og:image\" content=\"https:\/\/kunmedierne.dk\/mors\/wp-content\/uploads\/2020\/01\/politi-uniform.jpg\" \/>\n\t<meta property=\"og:image:width\" content=\"770\" \/>\n\t<meta property=\"og:image:height\" content=\"513\" \/>\n\t<meta property=\"og:image:type\" content=\"image\/jpeg\" \/>\n<meta name=\"author\" content=\"Niels Hansen\" \/>\n<meta name=\"twitter:card\" content=\"summary_large_image\" \/>\n<meta name=\"twitter:label1\" content=\"Skrevet af\" \/>\n\t<meta name=\"twitter:data1\" content=\"Niels Hansen\" \/>\n\t<meta name=\"twitter:label2\" content=\"Estimeret l\u00e6setid\" \/>\n\t<meta name=\"twitter:data2\" content=\"1 minut\" \/>\n<script type=\"application\/ld+json\" class=\"yoast-schema-graph\">{\"@context\":\"https:\/\/schema.org\",\"@graph\":[{\"@type\":\"Article\",\"@id\":\"https:\/\/kunmedierne.dk\/mors\/juridisk-rabat-i-retssag-om-biltyveri\/#article\",\"isPartOf\":{\"@id\":\"https:\/\/kunmedierne.dk\/mors\/juridisk-rabat-i-retssag-om-biltyveri\/\"},\"author\":{\"name\":\"Niels Hansen\",\"@id\":\"https:\/\/kunmedierne.dk\/mors\/#\/schema\/person\/09cc14cd371d523a3528ea9c4fda5254\"},\"headline\":\"Juridisk rabat i retssag om biltyveri\",\"datePublished\":\"2020-06-05T13:11:25+00:00\",\"dateModified\":\"2024-08-12T12:06:02+00:00\",\"mainEntityOfPage\":{\"@id\":\"https:\/\/kunmedierne.dk\/mors\/juridisk-rabat-i-retssag-om-biltyveri\/\"},\"wordCount\":259,\"commentCount\":0,\"publisher\":{\"@id\":\"https:\/\/kunmedierne.dk\/mors\/#organization\"},\"image\":{\"@id\":\"https:\/\/kunmedierne.dk\/mors\/juridisk-rabat-i-retssag-om-biltyveri\/#primaryimage\"},\"thumbnailUrl\":\"https:\/\/kunmedierne.dk\/mors\/wp-content\/uploads\/2020\/01\/politi-uniform.jpg\",\"articleSection\":[\"112\",\"Lokalt\"],\"inLanguage\":\"da-DK\",\"potentialAction\":[{\"@type\":\"CommentAction\",\"name\":\"Comment\",\"target\":[\"https:\/\/kunmedierne.dk\/mors\/juridisk-rabat-i-retssag-om-biltyveri\/#respond\"]}]},{\"@type\":\"WebPage\",\"@id\":\"https:\/\/kunmedierne.dk\/mors\/juridisk-rabat-i-retssag-om-biltyveri\/\",\"url\":\"https:\/\/kunmedierne.dk\/mors\/juridisk-rabat-i-retssag-om-biltyveri\/\",\"name\":\"Juridisk rabat i retssag om biltyveri - Mors\",\"isPartOf\":{\"@id\":\"https:\/\/kunmedierne.dk\/mors\/#website\"},\"primaryImageOfPage\":{\"@id\":\"https:\/\/kunmedierne.dk\/mors\/juridisk-rabat-i-retssag-om-biltyveri\/#primaryimage\"},\"image\":{\"@id\":\"https:\/\/kunmedierne.dk\/mors\/juridisk-rabat-i-retssag-om-biltyveri\/#primaryimage\"},\"thumbnailUrl\":\"https:\/\/kunmedierne.dk\/mors\/wp-content\/uploads\/2020\/01\/politi-uniform.jpg\",\"datePublished\":\"2020-06-05T13:11:25+00:00\",\"dateModified\":\"2024-08-12T12:06:02+00:00\",\"breadcrumb\":{\"@id\":\"https:\/\/kunmedierne.dk\/mors\/juridisk-rabat-i-retssag-om-biltyveri\/#breadcrumb\"},\"inLanguage\":\"da-DK\",\"potentialAction\":[{\"@type\":\"ReadAction\",\"target\":[\"https:\/\/kunmedierne.dk\/mors\/juridisk-rabat-i-retssag-om-biltyveri\/\"]}]},{\"@type\":\"ImageObject\",\"inLanguage\":\"da-DK\",\"@id\":\"https:\/\/kunmedierne.dk\/mors\/juridisk-rabat-i-retssag-om-biltyveri\/#primaryimage\",\"url\":\"https:\/\/kunmedierne.dk\/mors\/wp-content\/uploads\/2020\/01\/politi-uniform.jpg\",\"contentUrl\":\"https:\/\/kunmedierne.dk\/mors\/wp-content\/uploads\/2020\/01\/politi-uniform.jpg\",\"width\":770,\"height\":513,\"caption\":\"Modeloto: Kim Matth\u00e4i Leland\"},{\"@type\":\"BreadcrumbList\",\"@id\":\"https:\/\/kunmedierne.dk\/mors\/juridisk-rabat-i-retssag-om-biltyveri\/#breadcrumb\",\"itemListElement\":[{\"@type\":\"ListItem\",\"position\":1,\"name\":\"Hjem\",\"item\":\"https:\/\/kunmedierne.dk\/mors\/\"},{\"@type\":\"ListItem\",\"position\":2,\"name\":\"Juridisk rabat i retssag om biltyveri\"}]},{\"@type\":\"WebSite\",\"@id\":\"https:\/\/kunmedierne.dk\/mors\/#website\",\"url\":\"https:\/\/kunmedierne.dk\/mors\/\",\"name\":\"Mors\",\"description\":\"et netmedie med journalistik om livet p\u00e5 Mors\",\"publisher\":{\"@id\":\"https:\/\/kunmedierne.dk\/mors\/#organization\"},\"potentialAction\":[{\"@type\":\"SearchAction\",\"target\":{\"@type\":\"EntryPoint\",\"urlTemplate\":\"https:\/\/kunmedierne.dk\/mors\/?s={search_term_string}\"},\"query-input\":{\"@type\":\"PropertyValueSpecification\",\"valueRequired\":true,\"valueName\":\"search_term_string\"}}],\"inLanguage\":\"da-DK\"},{\"@type\":\"Organization\",\"@id\":\"https:\/\/kunmedierne.dk\/mors\/#organization\",\"name\":\"Mors\",\"url\":\"https:\/\/kunmedierne.dk\/mors\/\",\"logo\":{\"@type\":\"ImageObject\",\"inLanguage\":\"da-DK\",\"@id\":\"https:\/\/kunmedierne.dk\/mors\/#\/schema\/logo\/image\/\",\"url\":\"https:\/\/kunmedierne.dk\/mors\/wp-content\/uploads\/2024\/08\/kunmors-logo.svg\",\"contentUrl\":\"https:\/\/kunmedierne.dk\/mors\/wp-content\/uploads\/2024\/08\/kunmors-logo.svg\",\"caption\":\"Mors\"},\"image\":{\"@id\":\"https:\/\/kunmedierne.dk\/mors\/#\/schema\/logo\/image\/\"}},{\"@type\":\"Person\",\"@id\":\"https:\/\/kunmedierne.dk\/mors\/#\/schema\/person\/09cc14cd371d523a3528ea9c4fda5254\",\"name\":\"Niels Hansen\",\"image\":{\"@type\":\"ImageObject\",\"inLanguage\":\"da-DK\",\"@id\":\"https:\/\/kunmedierne.dk\/mors\/#\/schema\/person\/image\/\",\"url\":\"https:\/\/secure.gravatar.com\/avatar\/568e84d860856800f9f57c56a1d8280df5422f50943b8f79fd25417a3720af53?s=96&d=mm&r=g\",\"contentUrl\":\"https:\/\/secure.gravatar.com\/avatar\/568e84d860856800f9f57c56a1d8280df5422f50943b8f79fd25417a3720af53?s=96&d=mm&r=g\",\"caption\":\"Niels Hansen\"},\"url\":\"https:\/\/kunmedierne.dk\/mors\/author\/niels-hansen\/\"}]}<\/script>\n<!-- \/ Yoast SEO plugin. -->","yoast_head_json":{"title":"Juridisk rabat i retssag om biltyveri - Mors","robots":{"index":"index","follow":"follow","max-snippet":"max-snippet:-1","max-image-preview":"max-image-preview:large","max-video-preview":"max-video-preview:-1"},"canonical":"https:\/\/kunmedierne.dk\/mors\/juridisk-rabat-i-retssag-om-biltyveri\/","og_locale":"da_DK","og_type":"article","og_title":"Juridisk rabat i retssag om biltyveri - Mors","og_description":"MORS: Det blev til 70 dage i f\u00e6ngsel ubetinget, da en 52-\u00e5rig mand fra det sydlige Mors stod til ansvar for samfundets regler i en retssag i retsafdelingen i Thisted. Den 52-\u00e5rige havde i begyndelsen af februar i \u00e5r valgt at bryde loven om at k\u00f8re bil, mens ens k\u00f8rekort er frad\u00f8mt, da han tog [&hellip;]","og_url":"https:\/\/kunmedierne.dk\/mors\/juridisk-rabat-i-retssag-om-biltyveri\/","og_site_name":"Mors","article_published_time":"2020-06-05T13:11:25+00:00","article_modified_time":"2024-08-12T12:06:02+00:00","og_image":[{"width":770,"height":513,"url":"https:\/\/kunmedierne.dk\/mors\/wp-content\/uploads\/2020\/01\/politi-uniform.jpg","type":"image\/jpeg"}],"author":"Niels Hansen","twitter_card":"summary_large_image","twitter_misc":{"Skrevet af":"Niels Hansen","Estimeret l\u00e6setid":"1 minut"},"schema":{"@context":"https:\/\/schema.org","@graph":[{"@type":"Article","@id":"https:\/\/kunmedierne.dk\/mors\/juridisk-rabat-i-retssag-om-biltyveri\/#article","isPartOf":{"@id":"https:\/\/kunmedierne.dk\/mors\/juridisk-rabat-i-retssag-om-biltyveri\/"},"author":{"name":"Niels Hansen","@id":"https:\/\/kunmedierne.dk\/mors\/#\/schema\/person\/09cc14cd371d523a3528ea9c4fda5254"},"headline":"Juridisk rabat i retssag om biltyveri","datePublished":"2020-06-05T13:11:25+00:00","dateModified":"2024-08-12T12:06:02+00:00","mainEntityOfPage":{"@id":"https:\/\/kunmedierne.dk\/mors\/juridisk-rabat-i-retssag-om-biltyveri\/"},"wordCount":259,"commentCount":0,"publisher":{"@id":"https:\/\/kunmedierne.dk\/mors\/#organization"},"image":{"@id":"https:\/\/kunmedierne.dk\/mors\/juridisk-rabat-i-retssag-om-biltyveri\/#primaryimage"},"thumbnailUrl":"https:\/\/kunmedierne.dk\/mors\/wp-content\/uploads\/2020\/01\/politi-uniform.jpg","articleSection":["112","Lokalt"],"inLanguage":"da-DK","potentialAction":[{"@type":"CommentAction","name":"Comment","target":["https:\/\/kunmedierne.dk\/mors\/juridisk-rabat-i-retssag-om-biltyveri\/#respond"]}]},{"@type":"WebPage","@id":"https:\/\/kunmedierne.dk\/mors\/juridisk-rabat-i-retssag-om-biltyveri\/","url":"https:\/\/kunmedierne.dk\/mors\/juridisk-rabat-i-retssag-om-biltyveri\/","name":"Juridisk rabat i retssag om biltyveri - Mors","isPartOf":{"@id":"https:\/\/kunmedierne.dk\/mors\/#website"},"primaryImageOfPage":{"@id":"https:\/\/kunmedierne.dk\/mors\/juridisk-rabat-i-retssag-om-biltyveri\/#primaryimage"},"image":{"@id":"https:\/\/kunmedierne.dk\/mors\/juridisk-rabat-i-retssag-om-biltyveri\/#primaryimage"},"thumbnailUrl":"https:\/\/kunmedierne.dk\/mors\/wp-content\/uploads\/2020\/01\/politi-uniform.jpg","datePublished":"2020-06-05T13:11:25+00:00","dateModified":"2024-08-12T12:06:02+00:00","breadcrumb":{"@id":"https:\/\/kunmedierne.dk\/mors\/juridisk-rabat-i-retssag-om-biltyveri\/#breadcrumb"},"inLanguage":"da-DK","potentialAction":[{"@type":"ReadAction","target":["https:\/\/kunmedierne.dk\/mors\/juridisk-rabat-i-retssag-om-biltyveri\/"]}]},{"@type":"ImageObject","inLanguage":"da-DK","@id":"https:\/\/kunmedierne.dk\/mors\/juridisk-rabat-i-retssag-om-biltyveri\/#primaryimage","url":"https:\/\/kunmedierne.dk\/mors\/wp-content\/uploads\/2020\/01\/politi-uniform.jpg","contentUrl":"https:\/\/kunmedierne.dk\/mors\/wp-content\/uploads\/2020\/01\/politi-uniform.jpg","width":770,"height":513,"caption":"Modeloto: Kim Matth\u00e4i Leland"},{"@type":"BreadcrumbList","@id":"https:\/\/kunmedierne.dk\/mors\/juridisk-rabat-i-retssag-om-biltyveri\/#breadcrumb","itemListElement":[{"@type":"ListItem","position":1,"name":"Hjem","item":"https:\/\/kunmedierne.dk\/mors\/"},{"@type":"ListItem","position":2,"name":"Juridisk rabat i retssag om biltyveri"}]},{"@type":"WebSite","@id":"https:\/\/kunmedierne.dk\/mors\/#website","url":"https:\/\/kunmedierne.dk\/mors\/","name":"Mors","description":"et netmedie med journalistik om livet p\u00e5 Mors","publisher":{"@id":"https:\/\/kunmedierne.dk\/mors\/#organization"},"potentialAction":[{"@type":"SearchAction","target":{"@type":"EntryPoint","urlTemplate":"https:\/\/kunmedierne.dk\/mors\/?s={search_term_string}"},"query-input":{"@type":"PropertyValueSpecification","valueRequired":true,"valueName":"search_term_string"}}],"inLanguage":"da-DK"},{"@type":"Organization","@id":"https:\/\/kunmedierne.dk\/mors\/#organization","name":"Mors","url":"https:\/\/kunmedierne.dk\/mors\/","logo":{"@type":"ImageObject","inLanguage":"da-DK","@id":"https:\/\/kunmedierne.dk\/mors\/#\/schema\/logo\/image\/","url":"https:\/\/kunmedierne.dk\/mors\/wp-content\/uploads\/2024\/08\/kunmors-logo.svg","contentUrl":"https:\/\/kunmedierne.dk\/mors\/wp-content\/uploads\/2024\/08\/kunmors-logo.svg","caption":"Mors"},"image":{"@id":"https:\/\/kunmedierne.dk\/mors\/#\/schema\/logo\/image\/"}},{"@type":"Person","@id":"https:\/\/kunmedierne.dk\/mors\/#\/schema\/person\/09cc14cd371d523a3528ea9c4fda5254","name":"Niels Hansen","image":{"@type":"ImageObject","inLanguage":"da-DK","@id":"https:\/\/kunmedierne.dk\/mors\/#\/schema\/person\/image\/","url":"https:\/\/secure.gravatar.com\/avatar\/568e84d860856800f9f57c56a1d8280df5422f50943b8f79fd25417a3720af53?s=96&d=mm&r=g","contentUrl":"https:\/\/secure.gravatar.com\/avatar\/568e84d860856800f9f57c56a1d8280df5422f50943b8f79fd25417a3720af53?s=96&d=mm&r=g","caption":"Niels Hansen"},"url":"https:\/\/kunmedierne.dk\/mors\/author\/niels-hansen\/"}]}},"_links":{"self":[{"href":"https:\/\/kunmedierne.dk\/mors\/wp-json\/wp\/v2\/posts\/24123","targetHints":{"allow":["GET"]}}],"collection":[{"href":"https:\/\/kunmedierne.dk\/mors\/wp-json\/wp\/v2\/posts"}],"about":[{"href":"https:\/\/kunmedierne.dk\/mors\/wp-json\/wp\/v2\/types\/post"}],"author":[{"embeddable":true,"href":"https:\/\/kunmedierne.dk\/mors\/wp-json\/wp\/v2\/users\/176"}],"replies":[{"embeddable":true,"href":"https:\/\/kunmedierne.dk\/mors\/wp-json\/wp\/v2\/comments?post=24123"}],"version-history":[{"count":3,"href":"https:\/\/kunmedierne.dk\/mors\/wp-json\/wp\/v2\/posts\/24123\/revisions"}],"predecessor-version":[{"id":24180,"href":"https:\/\/kunmedierne.dk\/mors\/wp-json\/wp\/v2\/posts\/24123\/revisions\/24180"}],"wp:featuredmedia":[{"embeddable":true,"href":"https:\/\/kunmedierne.dk\/mors\/wp-json\/wp\/v2\/media\/3783"}],"wp:attachment":[{"href":"https:\/\/kunmedierne.dk\/mors\/wp-json\/wp\/v2\/media?parent=24123"}],"wp:term":[{"taxonomy":"category","embeddable":true,"href":"https:\/\/kunmedierne.dk\/mors\/wp-json\/wp\/v2\/categories?post=24123"},{"taxonomy":"post_tag","embeddable":true,"href":"https:\/\/kunmedierne.dk\/mors\/wp-json\/wp\/v2\/tags?post=24123"}],"curies":[{"name":"wp","href":"https:\/\/api.w.org\/{rel}","templated":true}]}}