{"id":23873,"date":"2020-06-03T10:30:38","date_gmt":"2020-06-03T08:30:38","guid":{"rendered":"https:\/\/kunmedierne.dk\/mors\/?p=23873"},"modified":"2024-08-12T14:06:03","modified_gmt":"2024-08-12T12:06:03","slug":"spareoevelse-sat-enstemmigt-i-gang","status":"publish","type":"post","link":"https:\/\/kunmedierne.dk\/mors\/spareoevelse-sat-enstemmigt-i-gang\/","title":{"rendered":"Spare\u00f8velse sat enstemmigt i gang"},"content":{"rendered":"<p><strong>MORS<\/strong>: En spare\u00f8velse af de helt store er nu formelt begyndt.<\/p>\n<p>Egentlig er arbejdet allerede i gang, men p\u00e5 kommunalbestyrelsens m\u00f8de tirsdag blev det ogs\u00e5 enstemmigt vedtaget at s\u00e6tte kommunens folk i gang med det s\u00e5kaldte im\u00f8deg\u00e5elseskatalog, der i bund og grund er et p\u00e6nere ord for besparelser.<\/p>\n<p>For som tidligere omtalt har f\u00f8rste budgetopf\u00f8lgning vist et estimeret underskud p\u00e5 22,4 mio. kroner &#8211; ikke mindst p\u00e5 grund af store overskridelser p\u00e5 det sociale omr\u00e5de, hvilket fik omr\u00e5dets udvalgsformand til at tage ordet.<\/p>\n<p>&#8220;Vi er klar til kigge p\u00e5, hvad vi kan s\u00e6tte ind med. Vi har ikke sat alt p\u00e5 hold, men trods alt tr\u00e5dt p\u00e5 bremsen,&#8221; l\u00f8d det fra Henning S\u00f8rensen (V), formand for det sociale udvalg.<\/p>\n<p>Hele 13 millioner kroner overskrider lyder overskridelsen p\u00e5 det sociale omr\u00e5de p\u00e5 &#8211; ikke mindst takket v\u00e6re store udgifter til anbragte borgere. Henning S\u00f8rensen anf\u00f8rte i g\u00e5r, at overskridelsen kunne have v\u00e6ret et par millioner st\u00f8rre, hvis man ikke allerede havde taget h\u00e5nd om udfordringen.<\/p>\n<p>Tore M\u00fcller (S) tog ogs\u00e5 ordet med en forh\u00e5bning om, at tallene hurtigt udvikler sig i rigtig retning.<\/p>\n<p>&#8220;Forh\u00e5bentlig er det her worst case scenario. Vi gl\u00e6der os til at se n\u00e6ste budget, for vi har allerede gjort noget,&#8221; sagde han og tilf\u00f8jede, at situationen &#8220;un\u00e6gtelig ser sm\u00e5dyster ud&#8221; &#8211; med et h\u00e5b om, at man allerede ved n\u00e6ste budgetopf\u00f8lgning kan se forbedringer.<\/p>\n<p>&nbsp;<\/p>\n<p><strong>S\u00e5 udramatisk som i den tomme hal<\/strong><\/p>\n<p>Kommunalbestyrelsesm\u00f8det tirsdag var det f\u00f8rste i samme lokale siden coronakrisens ankomst. Efter to gange med virtuelle m\u00f8der og politikere p\u00e5 hver sin hjemmeadresse var de i g\u00e5r tilsagt m\u00f8de i VIP-rummet i Sparekassen Thy Arena Mors.<\/p>\n<p>Her var pressen repr\u00e6senteret ved Nordjyske Stiftstidende og KunMors &#8211; og det ville v\u00e6re en stor l\u00f8gn, hvis man berettede om dramaer og verbal f\u00e6gtning under politikernes gensyn med hinanden.<\/p>\n<p>Punkt for punkt blev vedtaget i en ro og orden, der helt matchede stemningen i den mennesketomme h\u00e5ndboldhal ved siden af.<\/p>\n<p>Det gjaldt ogs\u00e5, da kommunalbestyrelsen vedtog den ekstraordin\u00e6re asfaltpulje p\u00e5 25 mio. kroner, som KunMors <a href=\"https:\/\/kunmedierne.dk\/mors\/vejene-paa-mors-faar-et-ansigtsloeft\/\" target=\"_blank\" rel=\"noopener noreferrer\">tidligere<\/a> har omtalt.<\/p>\n<p>&#8220;Det er mange penge, men vi har ogs\u00e5 et stort eftersl\u00e6b p\u00e5 vejene. Det kommer vi ikke udenom,&#8221; l\u00f8d det fra Meiner N\u00f8rgaard (DF), formand for udvalget for teknik og milj\u00f8.<\/p>\n<p>Han p\u00e5pegede, at den l\u00e5nefinansierede till\u00e6gsbevilling er en engangsforestilling, og at det ikke er s\u00e5dan, at man ved ikke at bruge pengene kan f\u00f8re dem ind i kommunens budget p\u00e5 andre omr\u00e5der.<\/p>\n<p>Det fik st\u00f8tte af udvalgsmedlem Jakob Kortb\u00e6k (S), der kaldte asfaltpuljen for et stort skridt fremad.<\/p>\n<p>&#8220;Og det er jo ikke kun asfaltarbejde, det kan ogs\u00e5 v\u00e6re trafiksikkerhed, vi \u00f8nsker at fremme,&#8221; sagde han og h\u00e5bede p\u00e5 et l\u00f8ft af vejene til gavn flere \u00e5r frem.<\/p>\n<p>&#8220;Vi tager et stort skridt nu, s\u00e5 vi eventuelt kan tage nogle sm\u00e5 skridt fremover,&#8221; sagde Jakob Kortb\u00e6k.<\/p>\n<p>L\u00e6s mere om kommunalbestyrelsesm\u00f8det <a href=\"https:\/\/kunmedierne.dk\/morsoe-kommune-investerer-i-forbedret-it\/\" target=\"_blank\" rel=\"noopener noreferrer\">her<\/a>.<\/p>\n","protected":false},"excerpt":{"rendered":"<p>MORS: En spare\u00f8velse af de helt store er nu formelt begyndt. Egentlig er arbejdet allerede i gang, men p\u00e5 kommunalbestyrelsens m\u00f8de tirsdag blev det ogs\u00e5 enstemmigt vedtaget at s\u00e6tte kommunens folk i gang med det s\u00e5kaldte im\u00f8deg\u00e5elseskatalog, der i bund og grund er et p\u00e6nere ord for besparelser. For som tidligere omtalt har f\u00f8rste budgetopf\u00f8lgning [&hellip;]<\/p>\n","protected":false},"author":8,"featured_media":20464,"comment_status":"open","ping_status":"open","sticky":false,"template":"","format":"standard","meta":{"_acf_changed":false,"footnotes":""},"categories":[51],"tags":[167],"class_list":["post-23873","post","type-post","status-publish","format-standard","has-post-thumbnail","hentry","category-lokalt","tag-politik"],"acf":[],"yoast_head":"<!-- This site is optimized with the Yoast SEO plugin v26.8 - https:\/\/yoast.com\/product\/yoast-seo-wordpress\/ -->\n<title>Spare\u00f8velse sat enstemmigt i gang - Mors<\/title>\n<meta name=\"robots\" content=\"index, follow, max-snippet:-1, max-image-preview:large, max-video-preview:-1\" \/>\n<link rel=\"canonical\" href=\"https:\/\/kunmedierne.dk\/mors\/spareoevelse-sat-enstemmigt-i-gang\/\" \/>\n<meta property=\"og:locale\" content=\"da_DK\" \/>\n<meta property=\"og:type\" content=\"article\" \/>\n<meta property=\"og:title\" content=\"Spare\u00f8velse sat enstemmigt i gang - Mors\" \/>\n<meta property=\"og:description\" content=\"MORS: En spare\u00f8velse af de helt store er nu formelt begyndt. Egentlig er arbejdet allerede i gang, men p\u00e5 kommunalbestyrelsens m\u00f8de tirsdag blev det ogs\u00e5 enstemmigt vedtaget at s\u00e6tte kommunens folk i gang med det s\u00e5kaldte im\u00f8deg\u00e5elseskatalog, der i bund og grund er et p\u00e6nere ord for besparelser. For som tidligere omtalt har f\u00f8rste budgetopf\u00f8lgning [&hellip;]\" \/>\n<meta property=\"og:url\" content=\"https:\/\/kunmedierne.dk\/mors\/spareoevelse-sat-enstemmigt-i-gang\/\" \/>\n<meta property=\"og:site_name\" content=\"Mors\" \/>\n<meta property=\"article:published_time\" content=\"2020-06-03T08:30:38+00:00\" \/>\n<meta property=\"article:modified_time\" content=\"2024-08-12T12:06:03+00:00\" \/>\n<meta property=\"og:image\" content=\"https:\/\/kunmedierne.dk\/mors\/wp-content\/uploads\/2020\/05\/200102-mors\u00f8-kommune2-1.jpg\" \/>\n\t<meta property=\"og:image:width\" content=\"770\" \/>\n\t<meta property=\"og:image:height\" content=\"513\" \/>\n\t<meta property=\"og:image:type\" content=\"image\/jpeg\" \/>\n<meta name=\"author\" content=\"David H\u00f8jmark\" \/>\n<meta name=\"twitter:card\" content=\"summary_large_image\" \/>\n<meta name=\"twitter:label1\" content=\"Skrevet af\" \/>\n\t<meta name=\"twitter:data1\" content=\"David H\u00f8jmark\" \/>\n\t<meta name=\"twitter:label2\" content=\"Estimeret l\u00e6setid\" \/>\n\t<meta name=\"twitter:data2\" content=\"3 minutter\" \/>\n<script type=\"application\/ld+json\" class=\"yoast-schema-graph\">{\"@context\":\"https:\/\/schema.org\",\"@graph\":[{\"@type\":\"Article\",\"@id\":\"https:\/\/kunmedierne.dk\/mors\/spareoevelse-sat-enstemmigt-i-gang\/#article\",\"isPartOf\":{\"@id\":\"https:\/\/kunmedierne.dk\/mors\/spareoevelse-sat-enstemmigt-i-gang\/\"},\"author\":{\"name\":\"David H\u00f8jmark\",\"@id\":\"https:\/\/kunmedierne.dk\/mors\/#\/schema\/person\/5fe23251bf1d0abbcdc6f7896579d548\"},\"headline\":\"Spare\u00f8velse sat enstemmigt i gang\",\"datePublished\":\"2020-06-03T08:30:38+00:00\",\"dateModified\":\"2024-08-12T12:06:03+00:00\",\"mainEntityOfPage\":{\"@id\":\"https:\/\/kunmedierne.dk\/mors\/spareoevelse-sat-enstemmigt-i-gang\/\"},\"wordCount\":537,\"commentCount\":0,\"publisher\":{\"@id\":\"https:\/\/kunmedierne.dk\/mors\/#organization\"},\"image\":{\"@id\":\"https:\/\/kunmedierne.dk\/mors\/spareoevelse-sat-enstemmigt-i-gang\/#primaryimage\"},\"thumbnailUrl\":\"https:\/\/kunmedierne.dk\/mors\/wp-content\/uploads\/2020\/05\/200102-mors\u00f8-kommune2-1.jpg\",\"keywords\":[\"Politik\"],\"articleSection\":[\"Lokalt\"],\"inLanguage\":\"da-DK\",\"potentialAction\":[{\"@type\":\"CommentAction\",\"name\":\"Comment\",\"target\":[\"https:\/\/kunmedierne.dk\/mors\/spareoevelse-sat-enstemmigt-i-gang\/#respond\"]}]},{\"@type\":\"WebPage\",\"@id\":\"https:\/\/kunmedierne.dk\/mors\/spareoevelse-sat-enstemmigt-i-gang\/\",\"url\":\"https:\/\/kunmedierne.dk\/mors\/spareoevelse-sat-enstemmigt-i-gang\/\",\"name\":\"Spare\u00f8velse sat enstemmigt i gang - Mors\",\"isPartOf\":{\"@id\":\"https:\/\/kunmedierne.dk\/mors\/#website\"},\"primaryImageOfPage\":{\"@id\":\"https:\/\/kunmedierne.dk\/mors\/spareoevelse-sat-enstemmigt-i-gang\/#primaryimage\"},\"image\":{\"@id\":\"https:\/\/kunmedierne.dk\/mors\/spareoevelse-sat-enstemmigt-i-gang\/#primaryimage\"},\"thumbnailUrl\":\"https:\/\/kunmedierne.dk\/mors\/wp-content\/uploads\/2020\/05\/200102-mors\u00f8-kommune2-1.jpg\",\"datePublished\":\"2020-06-03T08:30:38+00:00\",\"dateModified\":\"2024-08-12T12:06:03+00:00\",\"breadcrumb\":{\"@id\":\"https:\/\/kunmedierne.dk\/mors\/spareoevelse-sat-enstemmigt-i-gang\/#breadcrumb\"},\"inLanguage\":\"da-DK\",\"potentialAction\":[{\"@type\":\"ReadAction\",\"target\":[\"https:\/\/kunmedierne.dk\/mors\/spareoevelse-sat-enstemmigt-i-gang\/\"]}]},{\"@type\":\"ImageObject\",\"inLanguage\":\"da-DK\",\"@id\":\"https:\/\/kunmedierne.dk\/mors\/spareoevelse-sat-enstemmigt-i-gang\/#primaryimage\",\"url\":\"https:\/\/kunmedierne.dk\/mors\/wp-content\/uploads\/2020\/05\/200102-mors\u00f8-kommune2-1.jpg\",\"contentUrl\":\"https:\/\/kunmedierne.dk\/mors\/wp-content\/uploads\/2020\/05\/200102-mors\u00f8-kommune2-1.jpg\",\"width\":770,\"height\":513},{\"@type\":\"BreadcrumbList\",\"@id\":\"https:\/\/kunmedierne.dk\/mors\/spareoevelse-sat-enstemmigt-i-gang\/#breadcrumb\",\"itemListElement\":[{\"@type\":\"ListItem\",\"position\":1,\"name\":\"Hjem\",\"item\":\"https:\/\/kunmedierne.dk\/mors\/\"},{\"@type\":\"ListItem\",\"position\":2,\"name\":\"Spare\u00f8velse sat enstemmigt i gang\"}]},{\"@type\":\"WebSite\",\"@id\":\"https:\/\/kunmedierne.dk\/mors\/#website\",\"url\":\"https:\/\/kunmedierne.dk\/mors\/\",\"name\":\"Mors\",\"description\":\"et netmedie med journalistik om livet p\u00e5 Mors\",\"publisher\":{\"@id\":\"https:\/\/kunmedierne.dk\/mors\/#organization\"},\"potentialAction\":[{\"@type\":\"SearchAction\",\"target\":{\"@type\":\"EntryPoint\",\"urlTemplate\":\"https:\/\/kunmedierne.dk\/mors\/?s={search_term_string}\"},\"query-input\":{\"@type\":\"PropertyValueSpecification\",\"valueRequired\":true,\"valueName\":\"search_term_string\"}}],\"inLanguage\":\"da-DK\"},{\"@type\":\"Organization\",\"@id\":\"https:\/\/kunmedierne.dk\/mors\/#organization\",\"name\":\"Mors\",\"url\":\"https:\/\/kunmedierne.dk\/mors\/\",\"logo\":{\"@type\":\"ImageObject\",\"inLanguage\":\"da-DK\",\"@id\":\"https:\/\/kunmedierne.dk\/mors\/#\/schema\/logo\/image\/\",\"url\":\"https:\/\/kunmedierne.dk\/mors\/wp-content\/uploads\/2024\/08\/kunmors-logo.svg\",\"contentUrl\":\"https:\/\/kunmedierne.dk\/mors\/wp-content\/uploads\/2024\/08\/kunmors-logo.svg\",\"caption\":\"Mors\"},\"image\":{\"@id\":\"https:\/\/kunmedierne.dk\/mors\/#\/schema\/logo\/image\/\"}},{\"@type\":\"Person\",\"@id\":\"https:\/\/kunmedierne.dk\/mors\/#\/schema\/person\/5fe23251bf1d0abbcdc6f7896579d548\",\"name\":\"David H\u00f8jmark\",\"image\":{\"@type\":\"ImageObject\",\"inLanguage\":\"da-DK\",\"@id\":\"https:\/\/kunmedierne.dk\/mors\/#\/schema\/person\/image\/\",\"url\":\"https:\/\/secure.gravatar.com\/avatar\/4315d6fb9ef244d729989f5f90268eb08d5bf8a3d84402f595fa194bb35784fd?s=96&d=mm&r=g\",\"contentUrl\":\"https:\/\/secure.gravatar.com\/avatar\/4315d6fb9ef244d729989f5f90268eb08d5bf8a3d84402f595fa194bb35784fd?s=96&d=mm&r=g\",\"caption\":\"David H\u00f8jmark\"},\"sameAs\":[\"https:\/\/www.kunmedierne.dk\"],\"url\":\"https:\/\/kunmedierne.dk\/mors\/author\/david\/\"}]}<\/script>\n<!-- \/ Yoast SEO plugin. -->","yoast_head_json":{"title":"Spare\u00f8velse sat enstemmigt i gang - Mors","robots":{"index":"index","follow":"follow","max-snippet":"max-snippet:-1","max-image-preview":"max-image-preview:large","max-video-preview":"max-video-preview:-1"},"canonical":"https:\/\/kunmedierne.dk\/mors\/spareoevelse-sat-enstemmigt-i-gang\/","og_locale":"da_DK","og_type":"article","og_title":"Spare\u00f8velse sat enstemmigt i gang - Mors","og_description":"MORS: En spare\u00f8velse af de helt store er nu formelt begyndt. Egentlig er arbejdet allerede i gang, men p\u00e5 kommunalbestyrelsens m\u00f8de tirsdag blev det ogs\u00e5 enstemmigt vedtaget at s\u00e6tte kommunens folk i gang med det s\u00e5kaldte im\u00f8deg\u00e5elseskatalog, der i bund og grund er et p\u00e6nere ord for besparelser. For som tidligere omtalt har f\u00f8rste budgetopf\u00f8lgning [&hellip;]","og_url":"https:\/\/kunmedierne.dk\/mors\/spareoevelse-sat-enstemmigt-i-gang\/","og_site_name":"Mors","article_published_time":"2020-06-03T08:30:38+00:00","article_modified_time":"2024-08-12T12:06:03+00:00","og_image":[{"width":770,"height":513,"url":"https:\/\/kunmedierne.dk\/mors\/wp-content\/uploads\/2020\/05\/200102-mors\u00f8-kommune2-1.jpg","type":"image\/jpeg"}],"author":"David H\u00f8jmark","twitter_card":"summary_large_image","twitter_misc":{"Skrevet af":"David H\u00f8jmark","Estimeret l\u00e6setid":"3 minutter"},"schema":{"@context":"https:\/\/schema.org","@graph":[{"@type":"Article","@id":"https:\/\/kunmedierne.dk\/mors\/spareoevelse-sat-enstemmigt-i-gang\/#article","isPartOf":{"@id":"https:\/\/kunmedierne.dk\/mors\/spareoevelse-sat-enstemmigt-i-gang\/"},"author":{"name":"David H\u00f8jmark","@id":"https:\/\/kunmedierne.dk\/mors\/#\/schema\/person\/5fe23251bf1d0abbcdc6f7896579d548"},"headline":"Spare\u00f8velse sat enstemmigt i gang","datePublished":"2020-06-03T08:30:38+00:00","dateModified":"2024-08-12T12:06:03+00:00","mainEntityOfPage":{"@id":"https:\/\/kunmedierne.dk\/mors\/spareoevelse-sat-enstemmigt-i-gang\/"},"wordCount":537,"commentCount":0,"publisher":{"@id":"https:\/\/kunmedierne.dk\/mors\/#organization"},"image":{"@id":"https:\/\/kunmedierne.dk\/mors\/spareoevelse-sat-enstemmigt-i-gang\/#primaryimage"},"thumbnailUrl":"https:\/\/kunmedierne.dk\/mors\/wp-content\/uploads\/2020\/05\/200102-mors\u00f8-kommune2-1.jpg","keywords":["Politik"],"articleSection":["Lokalt"],"inLanguage":"da-DK","potentialAction":[{"@type":"CommentAction","name":"Comment","target":["https:\/\/kunmedierne.dk\/mors\/spareoevelse-sat-enstemmigt-i-gang\/#respond"]}]},{"@type":"WebPage","@id":"https:\/\/kunmedierne.dk\/mors\/spareoevelse-sat-enstemmigt-i-gang\/","url":"https:\/\/kunmedierne.dk\/mors\/spareoevelse-sat-enstemmigt-i-gang\/","name":"Spare\u00f8velse sat enstemmigt i gang - Mors","isPartOf":{"@id":"https:\/\/kunmedierne.dk\/mors\/#website"},"primaryImageOfPage":{"@id":"https:\/\/kunmedierne.dk\/mors\/spareoevelse-sat-enstemmigt-i-gang\/#primaryimage"},"image":{"@id":"https:\/\/kunmedierne.dk\/mors\/spareoevelse-sat-enstemmigt-i-gang\/#primaryimage"},"thumbnailUrl":"https:\/\/kunmedierne.dk\/mors\/wp-content\/uploads\/2020\/05\/200102-mors\u00f8-kommune2-1.jpg","datePublished":"2020-06-03T08:30:38+00:00","dateModified":"2024-08-12T12:06:03+00:00","breadcrumb":{"@id":"https:\/\/kunmedierne.dk\/mors\/spareoevelse-sat-enstemmigt-i-gang\/#breadcrumb"},"inLanguage":"da-DK","potentialAction":[{"@type":"ReadAction","target":["https:\/\/kunmedierne.dk\/mors\/spareoevelse-sat-enstemmigt-i-gang\/"]}]},{"@type":"ImageObject","inLanguage":"da-DK","@id":"https:\/\/kunmedierne.dk\/mors\/spareoevelse-sat-enstemmigt-i-gang\/#primaryimage","url":"https:\/\/kunmedierne.dk\/mors\/wp-content\/uploads\/2020\/05\/200102-mors\u00f8-kommune2-1.jpg","contentUrl":"https:\/\/kunmedierne.dk\/mors\/wp-content\/uploads\/2020\/05\/200102-mors\u00f8-kommune2-1.jpg","width":770,"height":513},{"@type":"BreadcrumbList","@id":"https:\/\/kunmedierne.dk\/mors\/spareoevelse-sat-enstemmigt-i-gang\/#breadcrumb","itemListElement":[{"@type":"ListItem","position":1,"name":"Hjem","item":"https:\/\/kunmedierne.dk\/mors\/"},{"@type":"ListItem","position":2,"name":"Spare\u00f8velse sat enstemmigt i gang"}]},{"@type":"WebSite","@id":"https:\/\/kunmedierne.dk\/mors\/#website","url":"https:\/\/kunmedierne.dk\/mors\/","name":"Mors","description":"et netmedie med journalistik om livet p\u00e5 Mors","publisher":{"@id":"https:\/\/kunmedierne.dk\/mors\/#organization"},"potentialAction":[{"@type":"SearchAction","target":{"@type":"EntryPoint","urlTemplate":"https:\/\/kunmedierne.dk\/mors\/?s={search_term_string}"},"query-input":{"@type":"PropertyValueSpecification","valueRequired":true,"valueName":"search_term_string"}}],"inLanguage":"da-DK"},{"@type":"Organization","@id":"https:\/\/kunmedierne.dk\/mors\/#organization","name":"Mors","url":"https:\/\/kunmedierne.dk\/mors\/","logo":{"@type":"ImageObject","inLanguage":"da-DK","@id":"https:\/\/kunmedierne.dk\/mors\/#\/schema\/logo\/image\/","url":"https:\/\/kunmedierne.dk\/mors\/wp-content\/uploads\/2024\/08\/kunmors-logo.svg","contentUrl":"https:\/\/kunmedierne.dk\/mors\/wp-content\/uploads\/2024\/08\/kunmors-logo.svg","caption":"Mors"},"image":{"@id":"https:\/\/kunmedierne.dk\/mors\/#\/schema\/logo\/image\/"}},{"@type":"Person","@id":"https:\/\/kunmedierne.dk\/mors\/#\/schema\/person\/5fe23251bf1d0abbcdc6f7896579d548","name":"David H\u00f8jmark","image":{"@type":"ImageObject","inLanguage":"da-DK","@id":"https:\/\/kunmedierne.dk\/mors\/#\/schema\/person\/image\/","url":"https:\/\/secure.gravatar.com\/avatar\/4315d6fb9ef244d729989f5f90268eb08d5bf8a3d84402f595fa194bb35784fd?s=96&d=mm&r=g","contentUrl":"https:\/\/secure.gravatar.com\/avatar\/4315d6fb9ef244d729989f5f90268eb08d5bf8a3d84402f595fa194bb35784fd?s=96&d=mm&r=g","caption":"David H\u00f8jmark"},"sameAs":["https:\/\/www.kunmedierne.dk"],"url":"https:\/\/kunmedierne.dk\/mors\/author\/david\/"}]}},"_links":{"self":[{"href":"https:\/\/kunmedierne.dk\/mors\/wp-json\/wp\/v2\/posts\/23873","targetHints":{"allow":["GET"]}}],"collection":[{"href":"https:\/\/kunmedierne.dk\/mors\/wp-json\/wp\/v2\/posts"}],"about":[{"href":"https:\/\/kunmedierne.dk\/mors\/wp-json\/wp\/v2\/types\/post"}],"author":[{"embeddable":true,"href":"https:\/\/kunmedierne.dk\/mors\/wp-json\/wp\/v2\/users\/8"}],"replies":[{"embeddable":true,"href":"https:\/\/kunmedierne.dk\/mors\/wp-json\/wp\/v2\/comments?post=23873"}],"version-history":[{"count":4,"href":"https:\/\/kunmedierne.dk\/mors\/wp-json\/wp\/v2\/posts\/23873\/revisions"}],"predecessor-version":[{"id":23977,"href":"https:\/\/kunmedierne.dk\/mors\/wp-json\/wp\/v2\/posts\/23873\/revisions\/23977"}],"wp:featuredmedia":[{"embeddable":true,"href":"https:\/\/kunmedierne.dk\/mors\/wp-json\/wp\/v2\/media\/20464"}],"wp:attachment":[{"href":"https:\/\/kunmedierne.dk\/mors\/wp-json\/wp\/v2\/media?parent=23873"}],"wp:term":[{"taxonomy":"category","embeddable":true,"href":"https:\/\/kunmedierne.dk\/mors\/wp-json\/wp\/v2\/categories?post=23873"},{"taxonomy":"post_tag","embeddable":true,"href":"https:\/\/kunmedierne.dk\/mors\/wp-json\/wp\/v2\/tags?post=23873"}],"curies":[{"name":"wp","href":"https:\/\/api.w.org\/{rel}","templated":true}]}}