{"id":23733,"date":"2020-06-02T08:50:42","date_gmt":"2020-06-02T06:50:42","guid":{"rendered":"https:\/\/kunmedierne.dk\/mors\/?p=23733"},"modified":"2024-08-12T14:06:03","modified_gmt":"2024-08-12T12:06:03","slug":"de-to-jollefiskere-i-havsnoed-var-thyboer","status":"publish","type":"post","link":"https:\/\/kunmedierne.dk\/mors\/de-to-jollefiskere-i-havsnoed-var-thyboer\/","title":{"rendered":"De to jollefiskere i havsn\u00f8d var thyboer"},"content":{"rendered":"<p><strong>GULLERUP<\/strong>:\u00a0 De to m\u00e6nd, der fredag aften satte gang i en <a href=\"https:\/\/kunmedierne.dk\/mors\/naaede-i-land-inden-helikopteren-kom\/\" target=\"_blank\" rel=\"noopener noreferrer\">redningsaktion<\/a> med helikopter, var begge fra Thy. Der var tale om to m\u00e6nd p\u00e5 36 og 43 \u00e5r fra Thisted, der under en fisketur i en jolle fik deres garn i skruen, s\u00e5 jollen blev trukket ned og tog vand ind. If\u00f8lge politiet var de p\u00e5 halvanden meter vand og slap fra oplevelsen i god behold.<\/p>\n<p><strong>NYK\u00d8BING<\/strong>: I en tom lejlighed i Asylgade i Nyk\u00f8bing har nogen i perioden 25.-29. maj tiltvunget sig adgang. Indbruddet er tilsyneladende sket med en skruetr\u00e6kker. If\u00f8lge lokalpolitiet i Thisted lader der ikke til at v\u00e6re stj\u00e5let noget i lejligheden, som \u00e5benbart kun har v\u00e6ret brugt til at overnatte i.<\/p>\n<p><strong>VEJERSLEV<\/strong>: Et hus p\u00e5 Gammel M\u00f8llevej i Vejerslev har i\u00a0 perioden fra 28.-30. maj v\u00e6ret udsat for h\u00e6rv\u00e6rk. Stuehuset, der har v\u00e6ret brugt som lager, har f\u00e5et flere ruder knust og en d\u00f8r sparket i stykker. V\u00e6ggen i stuehuset er ogs\u00e5 \u00f8delagt. Intet er stj\u00e5let.<\/p>\n<p><strong>FLADE<\/strong>: Politiet fik mandag melding om store gule plamager p\u00e5 fjorden ud for Flade. N\u00e6rmere eftersyn af det viste dog, at der blot var tale om store m\u00e6ngder pollen, der havde lagt sig p\u00e5 vandet.<\/p>\n","protected":false},"excerpt":{"rendered":"<p>GULLERUP:\u00a0 De to m\u00e6nd, der fredag aften satte gang i en redningsaktion med helikopter, var begge fra Thy. Der var tale om to m\u00e6nd p\u00e5 36 og 43 \u00e5r fra Thisted, der under en fisketur i en jolle fik deres garn i skruen, s\u00e5 jollen blev trukket ned og tog vand ind. If\u00f8lge politiet var [&hellip;]<\/p>\n","protected":false},"author":8,"featured_media":23142,"comment_status":"open","ping_status":"open","sticky":false,"template":"","format":"standard","meta":{"_acf_changed":false,"footnotes":""},"categories":[54,51],"tags":[],"class_list":["post-23733","post","type-post","status-publish","format-standard","has-post-thumbnail","hentry","category-54","category-lokalt"],"acf":[],"yoast_head":"<!-- This site is optimized with the Yoast SEO plugin v26.8 - https:\/\/yoast.com\/product\/yoast-seo-wordpress\/ -->\n<title>De to jollefiskere i havsn\u00f8d var thyboer - Mors<\/title>\n<meta name=\"robots\" content=\"index, follow, max-snippet:-1, max-image-preview:large, max-video-preview:-1\" \/>\n<link rel=\"canonical\" href=\"https:\/\/kunmedierne.dk\/mors\/de-to-jollefiskere-i-havsnoed-var-thyboer\/\" \/>\n<meta property=\"og:locale\" content=\"da_DK\" \/>\n<meta property=\"og:type\" content=\"article\" \/>\n<meta property=\"og:title\" content=\"De to jollefiskere i havsn\u00f8d var thyboer - Mors\" \/>\n<meta property=\"og:description\" content=\"GULLERUP:\u00a0 De to m\u00e6nd, der fredag aften satte gang i en redningsaktion med helikopter, var begge fra Thy. Der var tale om to m\u00e6nd p\u00e5 36 og 43 \u00e5r fra Thisted, der under en fisketur i en jolle fik deres garn i skruen, s\u00e5 jollen blev trukket ned og tog vand ind. If\u00f8lge politiet var [&hellip;]\" \/>\n<meta property=\"og:url\" content=\"https:\/\/kunmedierne.dk\/mors\/de-to-jollefiskere-i-havsnoed-var-thyboer\/\" \/>\n<meta property=\"og:site_name\" content=\"Mors\" \/>\n<meta property=\"article:published_time\" content=\"2020-06-02T06:50:42+00:00\" \/>\n<meta property=\"article:modified_time\" content=\"2024-08-12T12:06:03+00:00\" \/>\n<meta property=\"og:image\" content=\"https:\/\/kunmedierne.dk\/mors\/wp-content\/uploads\/2020\/05\/heli-4.jpg\" \/>\n\t<meta property=\"og:image:width\" content=\"770\" \/>\n\t<meta property=\"og:image:height\" content=\"513\" \/>\n\t<meta property=\"og:image:type\" content=\"image\/jpeg\" \/>\n<meta name=\"author\" content=\"David H\u00f8jmark\" \/>\n<meta name=\"twitter:card\" content=\"summary_large_image\" \/>\n<meta name=\"twitter:label1\" content=\"Skrevet af\" \/>\n\t<meta name=\"twitter:data1\" content=\"David H\u00f8jmark\" \/>\n\t<meta name=\"twitter:label2\" content=\"Estimeret l\u00e6setid\" \/>\n\t<meta name=\"twitter:data2\" content=\"1 minut\" \/>\n<script type=\"application\/ld+json\" class=\"yoast-schema-graph\">{\"@context\":\"https:\/\/schema.org\",\"@graph\":[{\"@type\":\"Article\",\"@id\":\"https:\/\/kunmedierne.dk\/mors\/de-to-jollefiskere-i-havsnoed-var-thyboer\/#article\",\"isPartOf\":{\"@id\":\"https:\/\/kunmedierne.dk\/mors\/de-to-jollefiskere-i-havsnoed-var-thyboer\/\"},\"author\":{\"name\":\"David H\u00f8jmark\",\"@id\":\"https:\/\/kunmedierne.dk\/mors\/#\/schema\/person\/5fe23251bf1d0abbcdc6f7896579d548\"},\"headline\":\"De to jollefiskere i havsn\u00f8d var thyboer\",\"datePublished\":\"2020-06-02T06:50:42+00:00\",\"dateModified\":\"2024-08-12T12:06:03+00:00\",\"mainEntityOfPage\":{\"@id\":\"https:\/\/kunmedierne.dk\/mors\/de-to-jollefiskere-i-havsnoed-var-thyboer\/\"},\"wordCount\":223,\"commentCount\":0,\"publisher\":{\"@id\":\"https:\/\/kunmedierne.dk\/mors\/#organization\"},\"image\":{\"@id\":\"https:\/\/kunmedierne.dk\/mors\/de-to-jollefiskere-i-havsnoed-var-thyboer\/#primaryimage\"},\"thumbnailUrl\":\"https:\/\/kunmedierne.dk\/mors\/wp-content\/uploads\/2020\/05\/heli-4.jpg\",\"articleSection\":[\"112\",\"Lokalt\"],\"inLanguage\":\"da-DK\",\"potentialAction\":[{\"@type\":\"CommentAction\",\"name\":\"Comment\",\"target\":[\"https:\/\/kunmedierne.dk\/mors\/de-to-jollefiskere-i-havsnoed-var-thyboer\/#respond\"]}]},{\"@type\":\"WebPage\",\"@id\":\"https:\/\/kunmedierne.dk\/mors\/de-to-jollefiskere-i-havsnoed-var-thyboer\/\",\"url\":\"https:\/\/kunmedierne.dk\/mors\/de-to-jollefiskere-i-havsnoed-var-thyboer\/\",\"name\":\"De to jollefiskere i havsn\u00f8d var thyboer - Mors\",\"isPartOf\":{\"@id\":\"https:\/\/kunmedierne.dk\/mors\/#website\"},\"primaryImageOfPage\":{\"@id\":\"https:\/\/kunmedierne.dk\/mors\/de-to-jollefiskere-i-havsnoed-var-thyboer\/#primaryimage\"},\"image\":{\"@id\":\"https:\/\/kunmedierne.dk\/mors\/de-to-jollefiskere-i-havsnoed-var-thyboer\/#primaryimage\"},\"thumbnailUrl\":\"https:\/\/kunmedierne.dk\/mors\/wp-content\/uploads\/2020\/05\/heli-4.jpg\",\"datePublished\":\"2020-06-02T06:50:42+00:00\",\"dateModified\":\"2024-08-12T12:06:03+00:00\",\"breadcrumb\":{\"@id\":\"https:\/\/kunmedierne.dk\/mors\/de-to-jollefiskere-i-havsnoed-var-thyboer\/#breadcrumb\"},\"inLanguage\":\"da-DK\",\"potentialAction\":[{\"@type\":\"ReadAction\",\"target\":[\"https:\/\/kunmedierne.dk\/mors\/de-to-jollefiskere-i-havsnoed-var-thyboer\/\"]}]},{\"@type\":\"ImageObject\",\"inLanguage\":\"da-DK\",\"@id\":\"https:\/\/kunmedierne.dk\/mors\/de-to-jollefiskere-i-havsnoed-var-thyboer\/#primaryimage\",\"url\":\"https:\/\/kunmedierne.dk\/mors\/wp-content\/uploads\/2020\/05\/heli-4.jpg\",\"contentUrl\":\"https:\/\/kunmedierne.dk\/mors\/wp-content\/uploads\/2020\/05\/heli-4.jpg\",\"width\":770,\"height\":513,\"caption\":\"Foto: Kristian Bro\"},{\"@type\":\"BreadcrumbList\",\"@id\":\"https:\/\/kunmedierne.dk\/mors\/de-to-jollefiskere-i-havsnoed-var-thyboer\/#breadcrumb\",\"itemListElement\":[{\"@type\":\"ListItem\",\"position\":1,\"name\":\"Hjem\",\"item\":\"https:\/\/kunmedierne.dk\/mors\/\"},{\"@type\":\"ListItem\",\"position\":2,\"name\":\"De to jollefiskere i havsn\u00f8d var thyboer\"}]},{\"@type\":\"WebSite\",\"@id\":\"https:\/\/kunmedierne.dk\/mors\/#website\",\"url\":\"https:\/\/kunmedierne.dk\/mors\/\",\"name\":\"Mors\",\"description\":\"et netmedie med journalistik om livet p\u00e5 Mors\",\"publisher\":{\"@id\":\"https:\/\/kunmedierne.dk\/mors\/#organization\"},\"potentialAction\":[{\"@type\":\"SearchAction\",\"target\":{\"@type\":\"EntryPoint\",\"urlTemplate\":\"https:\/\/kunmedierne.dk\/mors\/?s={search_term_string}\"},\"query-input\":{\"@type\":\"PropertyValueSpecification\",\"valueRequired\":true,\"valueName\":\"search_term_string\"}}],\"inLanguage\":\"da-DK\"},{\"@type\":\"Organization\",\"@id\":\"https:\/\/kunmedierne.dk\/mors\/#organization\",\"name\":\"Mors\",\"url\":\"https:\/\/kunmedierne.dk\/mors\/\",\"logo\":{\"@type\":\"ImageObject\",\"inLanguage\":\"da-DK\",\"@id\":\"https:\/\/kunmedierne.dk\/mors\/#\/schema\/logo\/image\/\",\"url\":\"https:\/\/kunmedierne.dk\/mors\/wp-content\/uploads\/2024\/08\/kunmors-logo.svg\",\"contentUrl\":\"https:\/\/kunmedierne.dk\/mors\/wp-content\/uploads\/2024\/08\/kunmors-logo.svg\",\"caption\":\"Mors\"},\"image\":{\"@id\":\"https:\/\/kunmedierne.dk\/mors\/#\/schema\/logo\/image\/\"}},{\"@type\":\"Person\",\"@id\":\"https:\/\/kunmedierne.dk\/mors\/#\/schema\/person\/5fe23251bf1d0abbcdc6f7896579d548\",\"name\":\"David H\u00f8jmark\",\"image\":{\"@type\":\"ImageObject\",\"inLanguage\":\"da-DK\",\"@id\":\"https:\/\/kunmedierne.dk\/mors\/#\/schema\/person\/image\/\",\"url\":\"https:\/\/secure.gravatar.com\/avatar\/4315d6fb9ef244d729989f5f90268eb08d5bf8a3d84402f595fa194bb35784fd?s=96&d=mm&r=g\",\"contentUrl\":\"https:\/\/secure.gravatar.com\/avatar\/4315d6fb9ef244d729989f5f90268eb08d5bf8a3d84402f595fa194bb35784fd?s=96&d=mm&r=g\",\"caption\":\"David H\u00f8jmark\"},\"sameAs\":[\"https:\/\/www.kunmedierne.dk\"],\"url\":\"https:\/\/kunmedierne.dk\/mors\/author\/david\/\"}]}<\/script>\n<!-- \/ Yoast SEO plugin. -->","yoast_head_json":{"title":"De to jollefiskere i havsn\u00f8d var thyboer - Mors","robots":{"index":"index","follow":"follow","max-snippet":"max-snippet:-1","max-image-preview":"max-image-preview:large","max-video-preview":"max-video-preview:-1"},"canonical":"https:\/\/kunmedierne.dk\/mors\/de-to-jollefiskere-i-havsnoed-var-thyboer\/","og_locale":"da_DK","og_type":"article","og_title":"De to jollefiskere i havsn\u00f8d var thyboer - Mors","og_description":"GULLERUP:\u00a0 De to m\u00e6nd, der fredag aften satte gang i en redningsaktion med helikopter, var begge fra Thy. Der var tale om to m\u00e6nd p\u00e5 36 og 43 \u00e5r fra Thisted, der under en fisketur i en jolle fik deres garn i skruen, s\u00e5 jollen blev trukket ned og tog vand ind. If\u00f8lge politiet var [&hellip;]","og_url":"https:\/\/kunmedierne.dk\/mors\/de-to-jollefiskere-i-havsnoed-var-thyboer\/","og_site_name":"Mors","article_published_time":"2020-06-02T06:50:42+00:00","article_modified_time":"2024-08-12T12:06:03+00:00","og_image":[{"width":770,"height":513,"url":"https:\/\/kunmedierne.dk\/mors\/wp-content\/uploads\/2020\/05\/heli-4.jpg","type":"image\/jpeg"}],"author":"David H\u00f8jmark","twitter_card":"summary_large_image","twitter_misc":{"Skrevet af":"David H\u00f8jmark","Estimeret l\u00e6setid":"1 minut"},"schema":{"@context":"https:\/\/schema.org","@graph":[{"@type":"Article","@id":"https:\/\/kunmedierne.dk\/mors\/de-to-jollefiskere-i-havsnoed-var-thyboer\/#article","isPartOf":{"@id":"https:\/\/kunmedierne.dk\/mors\/de-to-jollefiskere-i-havsnoed-var-thyboer\/"},"author":{"name":"David H\u00f8jmark","@id":"https:\/\/kunmedierne.dk\/mors\/#\/schema\/person\/5fe23251bf1d0abbcdc6f7896579d548"},"headline":"De to jollefiskere i havsn\u00f8d var thyboer","datePublished":"2020-06-02T06:50:42+00:00","dateModified":"2024-08-12T12:06:03+00:00","mainEntityOfPage":{"@id":"https:\/\/kunmedierne.dk\/mors\/de-to-jollefiskere-i-havsnoed-var-thyboer\/"},"wordCount":223,"commentCount":0,"publisher":{"@id":"https:\/\/kunmedierne.dk\/mors\/#organization"},"image":{"@id":"https:\/\/kunmedierne.dk\/mors\/de-to-jollefiskere-i-havsnoed-var-thyboer\/#primaryimage"},"thumbnailUrl":"https:\/\/kunmedierne.dk\/mors\/wp-content\/uploads\/2020\/05\/heli-4.jpg","articleSection":["112","Lokalt"],"inLanguage":"da-DK","potentialAction":[{"@type":"CommentAction","name":"Comment","target":["https:\/\/kunmedierne.dk\/mors\/de-to-jollefiskere-i-havsnoed-var-thyboer\/#respond"]}]},{"@type":"WebPage","@id":"https:\/\/kunmedierne.dk\/mors\/de-to-jollefiskere-i-havsnoed-var-thyboer\/","url":"https:\/\/kunmedierne.dk\/mors\/de-to-jollefiskere-i-havsnoed-var-thyboer\/","name":"De to jollefiskere i havsn\u00f8d var thyboer - Mors","isPartOf":{"@id":"https:\/\/kunmedierne.dk\/mors\/#website"},"primaryImageOfPage":{"@id":"https:\/\/kunmedierne.dk\/mors\/de-to-jollefiskere-i-havsnoed-var-thyboer\/#primaryimage"},"image":{"@id":"https:\/\/kunmedierne.dk\/mors\/de-to-jollefiskere-i-havsnoed-var-thyboer\/#primaryimage"},"thumbnailUrl":"https:\/\/kunmedierne.dk\/mors\/wp-content\/uploads\/2020\/05\/heli-4.jpg","datePublished":"2020-06-02T06:50:42+00:00","dateModified":"2024-08-12T12:06:03+00:00","breadcrumb":{"@id":"https:\/\/kunmedierne.dk\/mors\/de-to-jollefiskere-i-havsnoed-var-thyboer\/#breadcrumb"},"inLanguage":"da-DK","potentialAction":[{"@type":"ReadAction","target":["https:\/\/kunmedierne.dk\/mors\/de-to-jollefiskere-i-havsnoed-var-thyboer\/"]}]},{"@type":"ImageObject","inLanguage":"da-DK","@id":"https:\/\/kunmedierne.dk\/mors\/de-to-jollefiskere-i-havsnoed-var-thyboer\/#primaryimage","url":"https:\/\/kunmedierne.dk\/mors\/wp-content\/uploads\/2020\/05\/heli-4.jpg","contentUrl":"https:\/\/kunmedierne.dk\/mors\/wp-content\/uploads\/2020\/05\/heli-4.jpg","width":770,"height":513,"caption":"Foto: Kristian Bro"},{"@type":"BreadcrumbList","@id":"https:\/\/kunmedierne.dk\/mors\/de-to-jollefiskere-i-havsnoed-var-thyboer\/#breadcrumb","itemListElement":[{"@type":"ListItem","position":1,"name":"Hjem","item":"https:\/\/kunmedierne.dk\/mors\/"},{"@type":"ListItem","position":2,"name":"De to jollefiskere i havsn\u00f8d var thyboer"}]},{"@type":"WebSite","@id":"https:\/\/kunmedierne.dk\/mors\/#website","url":"https:\/\/kunmedierne.dk\/mors\/","name":"Mors","description":"et netmedie med journalistik om livet p\u00e5 Mors","publisher":{"@id":"https:\/\/kunmedierne.dk\/mors\/#organization"},"potentialAction":[{"@type":"SearchAction","target":{"@type":"EntryPoint","urlTemplate":"https:\/\/kunmedierne.dk\/mors\/?s={search_term_string}"},"query-input":{"@type":"PropertyValueSpecification","valueRequired":true,"valueName":"search_term_string"}}],"inLanguage":"da-DK"},{"@type":"Organization","@id":"https:\/\/kunmedierne.dk\/mors\/#organization","name":"Mors","url":"https:\/\/kunmedierne.dk\/mors\/","logo":{"@type":"ImageObject","inLanguage":"da-DK","@id":"https:\/\/kunmedierne.dk\/mors\/#\/schema\/logo\/image\/","url":"https:\/\/kunmedierne.dk\/mors\/wp-content\/uploads\/2024\/08\/kunmors-logo.svg","contentUrl":"https:\/\/kunmedierne.dk\/mors\/wp-content\/uploads\/2024\/08\/kunmors-logo.svg","caption":"Mors"},"image":{"@id":"https:\/\/kunmedierne.dk\/mors\/#\/schema\/logo\/image\/"}},{"@type":"Person","@id":"https:\/\/kunmedierne.dk\/mors\/#\/schema\/person\/5fe23251bf1d0abbcdc6f7896579d548","name":"David H\u00f8jmark","image":{"@type":"ImageObject","inLanguage":"da-DK","@id":"https:\/\/kunmedierne.dk\/mors\/#\/schema\/person\/image\/","url":"https:\/\/secure.gravatar.com\/avatar\/4315d6fb9ef244d729989f5f90268eb08d5bf8a3d84402f595fa194bb35784fd?s=96&d=mm&r=g","contentUrl":"https:\/\/secure.gravatar.com\/avatar\/4315d6fb9ef244d729989f5f90268eb08d5bf8a3d84402f595fa194bb35784fd?s=96&d=mm&r=g","caption":"David H\u00f8jmark"},"sameAs":["https:\/\/www.kunmedierne.dk"],"url":"https:\/\/kunmedierne.dk\/mors\/author\/david\/"}]}},"_links":{"self":[{"href":"https:\/\/kunmedierne.dk\/mors\/wp-json\/wp\/v2\/posts\/23733","targetHints":{"allow":["GET"]}}],"collection":[{"href":"https:\/\/kunmedierne.dk\/mors\/wp-json\/wp\/v2\/posts"}],"about":[{"href":"https:\/\/kunmedierne.dk\/mors\/wp-json\/wp\/v2\/types\/post"}],"author":[{"embeddable":true,"href":"https:\/\/kunmedierne.dk\/mors\/wp-json\/wp\/v2\/users\/8"}],"replies":[{"embeddable":true,"href":"https:\/\/kunmedierne.dk\/mors\/wp-json\/wp\/v2\/comments?post=23733"}],"version-history":[{"count":3,"href":"https:\/\/kunmedierne.dk\/mors\/wp-json\/wp\/v2\/posts\/23733\/revisions"}],"predecessor-version":[{"id":23785,"href":"https:\/\/kunmedierne.dk\/mors\/wp-json\/wp\/v2\/posts\/23733\/revisions\/23785"}],"wp:featuredmedia":[{"embeddable":true,"href":"https:\/\/kunmedierne.dk\/mors\/wp-json\/wp\/v2\/media\/23142"}],"wp:attachment":[{"href":"https:\/\/kunmedierne.dk\/mors\/wp-json\/wp\/v2\/media?parent=23733"}],"wp:term":[{"taxonomy":"category","embeddable":true,"href":"https:\/\/kunmedierne.dk\/mors\/wp-json\/wp\/v2\/categories?post=23733"},{"taxonomy":"post_tag","embeddable":true,"href":"https:\/\/kunmedierne.dk\/mors\/wp-json\/wp\/v2\/tags?post=23733"}],"curies":[{"name":"wp","href":"https:\/\/api.w.org\/{rel}","templated":true}]}}