{"id":23553,"date":"2020-06-01T14:28:08","date_gmt":"2020-06-01T12:28:08","guid":{"rendered":"https:\/\/kunmedierne.dk\/mors\/?p=23553"},"modified":"2024-08-12T14:06:03","modified_gmt":"2024-08-12T12:06:03","slug":"nye-toner-fra-radio-limfjord","status":"publish","type":"post","link":"https:\/\/kunmedierne.dk\/mors\/nye-toner-fra-radio-limfjord\/","title":{"rendered":"Nye toner fra Radio Limfjord"},"content":{"rendered":"<p><strong>MORS<\/strong>: N\u00e5r du i morgen t\u00e6nder for din lokale radio, vil du opleve andre toner, end du har v\u00e6ret vant til.<\/p>\n<p>Det skriver Radio Limfjord i en artikel p\u00e5 <a href=\"https:\/\/www.limfjordupdate.dk\/radio-limfjord-skaerper-musikprofilen\" target=\"_blank\" rel=\"noopener noreferrer\">Limfjord Update<\/a>, der fort\u00e6ller, at radiostationens program- og musikafdelingen har brugt de seneste m\u00e5neder p\u00e5 at gent\u00e6nke musikprofilen.<\/p>\n<p>&#8220;Som lytter vil man f\u00e5 flere overraskelser i form af flere nye, friske sange. Vi kommer til at skifte hurtigere ud p\u00e5 de nye sange. Tidens helt store hits, som alle kan synge med p\u00e5, vil man naturligvis stadig kunne h\u00f8re p\u00e5 Radio Limfjord, men vi vil fremover g\u00f8re endnu mere for ikke at \u00f8del\u00e6gge de ellers gode sange. Det g\u00f8r vi ved ikke at spille dem til hudl\u00f8shed,&#8221; siger Elias Krause, musikansvarlig p\u00e5 Radio Limfjord.<\/p>\n<p>Han fort\u00e6ller ogs\u00e5, at den popul\u00e6re Happy Hour fremover vil f\u00e5 en version b\u00e5de formiddag og til fyraften, og at den nye musikprofil bliver pr\u00e6get af god energi og h\u00f8jt hum\u00f8r.<\/p>\n<p>Radiochef Allan Josefsen noterer sig blandt andet, at lyttetiden p\u00e5 Radio Limfjord i de senere \u00e5r er steget markant &#8211; og at det forpligter.<\/p>\n<p>&#8220;Vi er blandt de radiostationer i landet, der har den l\u00e6ngste lyttetid overhovedet. Det er vi hamrende stolte af, og det skal vi v\u00e6rne om. Det betyder, at der er n\u00f8dt til at v\u00e6re endnu mere variation i den musik, vi spiller,&#8221; siger han.<\/p>\n<p>Udover Mors\u00f8 Kommune d\u00e6kker Radio Limfjord kommunerne Thisted, Struer og Lemvig.<\/p>\n","protected":false},"excerpt":{"rendered":"<p>MORS: N\u00e5r du i morgen t\u00e6nder for din lokale radio, vil du opleve andre toner, end du har v\u00e6ret vant til. Det skriver Radio Limfjord i en artikel p\u00e5 Limfjord Update, der fort\u00e6ller, at radiostationens program- og musikafdelingen har brugt de seneste m\u00e5neder p\u00e5 at gent\u00e6nke musikprofilen. &#8220;Som lytter vil man f\u00e5 flere overraskelser i [&hellip;]<\/p>\n","protected":false},"author":8,"featured_media":23554,"comment_status":"open","ping_status":"open","sticky":false,"template":"","format":"standard","meta":{"_acf_changed":false,"footnotes":""},"categories":[51],"tags":[],"class_list":["post-23553","post","type-post","status-publish","format-standard","has-post-thumbnail","hentry","category-lokalt"],"acf":[],"yoast_head":"<!-- This site is optimized with the Yoast SEO plugin v26.8 - https:\/\/yoast.com\/product\/yoast-seo-wordpress\/ -->\n<title>Nye toner fra Radio Limfjord - Mors<\/title>\n<meta name=\"robots\" content=\"index, follow, max-snippet:-1, max-image-preview:large, max-video-preview:-1\" \/>\n<link rel=\"canonical\" href=\"https:\/\/kunmedierne.dk\/mors\/nye-toner-fra-radio-limfjord\/\" \/>\n<meta property=\"og:locale\" content=\"da_DK\" \/>\n<meta property=\"og:type\" content=\"article\" \/>\n<meta property=\"og:title\" content=\"Nye toner fra Radio Limfjord - Mors\" \/>\n<meta property=\"og:description\" content=\"MORS: N\u00e5r du i morgen t\u00e6nder for din lokale radio, vil du opleve andre toner, end du har v\u00e6ret vant til. Det skriver Radio Limfjord i en artikel p\u00e5 Limfjord Update, der fort\u00e6ller, at radiostationens program- og musikafdelingen har brugt de seneste m\u00e5neder p\u00e5 at gent\u00e6nke musikprofilen. &#8220;Som lytter vil man f\u00e5 flere overraskelser i [&hellip;]\" \/>\n<meta property=\"og:url\" content=\"https:\/\/kunmedierne.dk\/mors\/nye-toner-fra-radio-limfjord\/\" \/>\n<meta property=\"og:site_name\" content=\"Mors\" \/>\n<meta property=\"article:published_time\" content=\"2020-06-01T12:28:08+00:00\" \/>\n<meta property=\"article:modified_time\" content=\"2024-08-12T12:06:03+00:00\" \/>\n<meta property=\"og:image\" content=\"https:\/\/kunmedierne.dk\/mors\/wp-content\/uploads\/2020\/06\/anthony-roberts-82wJ10pX1Fw-unsplash.jpg\" \/>\n\t<meta property=\"og:image:width\" content=\"770\" \/>\n\t<meta property=\"og:image:height\" content=\"513\" \/>\n\t<meta property=\"og:image:type\" content=\"image\/jpeg\" \/>\n<meta name=\"author\" content=\"David H\u00f8jmark\" \/>\n<meta name=\"twitter:card\" content=\"summary_large_image\" \/>\n<meta name=\"twitter:label1\" content=\"Skrevet af\" \/>\n\t<meta name=\"twitter:data1\" content=\"David H\u00f8jmark\" \/>\n\t<meta name=\"twitter:label2\" content=\"Estimeret l\u00e6setid\" \/>\n\t<meta name=\"twitter:data2\" content=\"1 minut\" \/>\n<script type=\"application\/ld+json\" class=\"yoast-schema-graph\">{\"@context\":\"https:\/\/schema.org\",\"@graph\":[{\"@type\":\"Article\",\"@id\":\"https:\/\/kunmedierne.dk\/mors\/nye-toner-fra-radio-limfjord\/#article\",\"isPartOf\":{\"@id\":\"https:\/\/kunmedierne.dk\/mors\/nye-toner-fra-radio-limfjord\/\"},\"author\":{\"name\":\"David H\u00f8jmark\",\"@id\":\"https:\/\/kunmedierne.dk\/mors\/#\/schema\/person\/5fe23251bf1d0abbcdc6f7896579d548\"},\"headline\":\"Nye toner fra Radio Limfjord\",\"datePublished\":\"2020-06-01T12:28:08+00:00\",\"dateModified\":\"2024-08-12T12:06:03+00:00\",\"mainEntityOfPage\":{\"@id\":\"https:\/\/kunmedierne.dk\/mors\/nye-toner-fra-radio-limfjord\/\"},\"wordCount\":260,\"commentCount\":0,\"publisher\":{\"@id\":\"https:\/\/kunmedierne.dk\/mors\/#organization\"},\"image\":{\"@id\":\"https:\/\/kunmedierne.dk\/mors\/nye-toner-fra-radio-limfjord\/#primaryimage\"},\"thumbnailUrl\":\"https:\/\/kunmedierne.dk\/mors\/wp-content\/uploads\/2020\/06\/anthony-roberts-82wJ10pX1Fw-unsplash.jpg\",\"articleSection\":[\"Lokalt\"],\"inLanguage\":\"da-DK\",\"potentialAction\":[{\"@type\":\"CommentAction\",\"name\":\"Comment\",\"target\":[\"https:\/\/kunmedierne.dk\/mors\/nye-toner-fra-radio-limfjord\/#respond\"]}]},{\"@type\":\"WebPage\",\"@id\":\"https:\/\/kunmedierne.dk\/mors\/nye-toner-fra-radio-limfjord\/\",\"url\":\"https:\/\/kunmedierne.dk\/mors\/nye-toner-fra-radio-limfjord\/\",\"name\":\"Nye toner fra Radio Limfjord - Mors\",\"isPartOf\":{\"@id\":\"https:\/\/kunmedierne.dk\/mors\/#website\"},\"primaryImageOfPage\":{\"@id\":\"https:\/\/kunmedierne.dk\/mors\/nye-toner-fra-radio-limfjord\/#primaryimage\"},\"image\":{\"@id\":\"https:\/\/kunmedierne.dk\/mors\/nye-toner-fra-radio-limfjord\/#primaryimage\"},\"thumbnailUrl\":\"https:\/\/kunmedierne.dk\/mors\/wp-content\/uploads\/2020\/06\/anthony-roberts-82wJ10pX1Fw-unsplash.jpg\",\"datePublished\":\"2020-06-01T12:28:08+00:00\",\"dateModified\":\"2024-08-12T12:06:03+00:00\",\"breadcrumb\":{\"@id\":\"https:\/\/kunmedierne.dk\/mors\/nye-toner-fra-radio-limfjord\/#breadcrumb\"},\"inLanguage\":\"da-DK\",\"potentialAction\":[{\"@type\":\"ReadAction\",\"target\":[\"https:\/\/kunmedierne.dk\/mors\/nye-toner-fra-radio-limfjord\/\"]}]},{\"@type\":\"ImageObject\",\"inLanguage\":\"da-DK\",\"@id\":\"https:\/\/kunmedierne.dk\/mors\/nye-toner-fra-radio-limfjord\/#primaryimage\",\"url\":\"https:\/\/kunmedierne.dk\/mors\/wp-content\/uploads\/2020\/06\/anthony-roberts-82wJ10pX1Fw-unsplash.jpg\",\"contentUrl\":\"https:\/\/kunmedierne.dk\/mors\/wp-content\/uploads\/2020\/06\/anthony-roberts-82wJ10pX1Fw-unsplash.jpg\",\"width\":770,\"height\":513,\"caption\":\"Modelfoto: Anthony Roberts\/Unsplash\"},{\"@type\":\"BreadcrumbList\",\"@id\":\"https:\/\/kunmedierne.dk\/mors\/nye-toner-fra-radio-limfjord\/#breadcrumb\",\"itemListElement\":[{\"@type\":\"ListItem\",\"position\":1,\"name\":\"Hjem\",\"item\":\"https:\/\/kunmedierne.dk\/mors\/\"},{\"@type\":\"ListItem\",\"position\":2,\"name\":\"Nye toner fra Radio Limfjord\"}]},{\"@type\":\"WebSite\",\"@id\":\"https:\/\/kunmedierne.dk\/mors\/#website\",\"url\":\"https:\/\/kunmedierne.dk\/mors\/\",\"name\":\"Mors\",\"description\":\"et netmedie med journalistik om livet p\u00e5 Mors\",\"publisher\":{\"@id\":\"https:\/\/kunmedierne.dk\/mors\/#organization\"},\"potentialAction\":[{\"@type\":\"SearchAction\",\"target\":{\"@type\":\"EntryPoint\",\"urlTemplate\":\"https:\/\/kunmedierne.dk\/mors\/?s={search_term_string}\"},\"query-input\":{\"@type\":\"PropertyValueSpecification\",\"valueRequired\":true,\"valueName\":\"search_term_string\"}}],\"inLanguage\":\"da-DK\"},{\"@type\":\"Organization\",\"@id\":\"https:\/\/kunmedierne.dk\/mors\/#organization\",\"name\":\"Mors\",\"url\":\"https:\/\/kunmedierne.dk\/mors\/\",\"logo\":{\"@type\":\"ImageObject\",\"inLanguage\":\"da-DK\",\"@id\":\"https:\/\/kunmedierne.dk\/mors\/#\/schema\/logo\/image\/\",\"url\":\"https:\/\/kunmedierne.dk\/mors\/wp-content\/uploads\/2024\/08\/kunmors-logo.svg\",\"contentUrl\":\"https:\/\/kunmedierne.dk\/mors\/wp-content\/uploads\/2024\/08\/kunmors-logo.svg\",\"caption\":\"Mors\"},\"image\":{\"@id\":\"https:\/\/kunmedierne.dk\/mors\/#\/schema\/logo\/image\/\"}},{\"@type\":\"Person\",\"@id\":\"https:\/\/kunmedierne.dk\/mors\/#\/schema\/person\/5fe23251bf1d0abbcdc6f7896579d548\",\"name\":\"David H\u00f8jmark\",\"image\":{\"@type\":\"ImageObject\",\"inLanguage\":\"da-DK\",\"@id\":\"https:\/\/kunmedierne.dk\/mors\/#\/schema\/person\/image\/\",\"url\":\"https:\/\/secure.gravatar.com\/avatar\/4315d6fb9ef244d729989f5f90268eb08d5bf8a3d84402f595fa194bb35784fd?s=96&d=mm&r=g\",\"contentUrl\":\"https:\/\/secure.gravatar.com\/avatar\/4315d6fb9ef244d729989f5f90268eb08d5bf8a3d84402f595fa194bb35784fd?s=96&d=mm&r=g\",\"caption\":\"David H\u00f8jmark\"},\"sameAs\":[\"https:\/\/www.kunmedierne.dk\"],\"url\":\"https:\/\/kunmedierne.dk\/mors\/author\/david\/\"}]}<\/script>\n<!-- \/ Yoast SEO plugin. -->","yoast_head_json":{"title":"Nye toner fra Radio Limfjord - Mors","robots":{"index":"index","follow":"follow","max-snippet":"max-snippet:-1","max-image-preview":"max-image-preview:large","max-video-preview":"max-video-preview:-1"},"canonical":"https:\/\/kunmedierne.dk\/mors\/nye-toner-fra-radio-limfjord\/","og_locale":"da_DK","og_type":"article","og_title":"Nye toner fra Radio Limfjord - Mors","og_description":"MORS: N\u00e5r du i morgen t\u00e6nder for din lokale radio, vil du opleve andre toner, end du har v\u00e6ret vant til. Det skriver Radio Limfjord i en artikel p\u00e5 Limfjord Update, der fort\u00e6ller, at radiostationens program- og musikafdelingen har brugt de seneste m\u00e5neder p\u00e5 at gent\u00e6nke musikprofilen. &#8220;Som lytter vil man f\u00e5 flere overraskelser i [&hellip;]","og_url":"https:\/\/kunmedierne.dk\/mors\/nye-toner-fra-radio-limfjord\/","og_site_name":"Mors","article_published_time":"2020-06-01T12:28:08+00:00","article_modified_time":"2024-08-12T12:06:03+00:00","og_image":[{"width":770,"height":513,"url":"https:\/\/kunmedierne.dk\/mors\/wp-content\/uploads\/2020\/06\/anthony-roberts-82wJ10pX1Fw-unsplash.jpg","type":"image\/jpeg"}],"author":"David H\u00f8jmark","twitter_card":"summary_large_image","twitter_misc":{"Skrevet af":"David H\u00f8jmark","Estimeret l\u00e6setid":"1 minut"},"schema":{"@context":"https:\/\/schema.org","@graph":[{"@type":"Article","@id":"https:\/\/kunmedierne.dk\/mors\/nye-toner-fra-radio-limfjord\/#article","isPartOf":{"@id":"https:\/\/kunmedierne.dk\/mors\/nye-toner-fra-radio-limfjord\/"},"author":{"name":"David H\u00f8jmark","@id":"https:\/\/kunmedierne.dk\/mors\/#\/schema\/person\/5fe23251bf1d0abbcdc6f7896579d548"},"headline":"Nye toner fra Radio Limfjord","datePublished":"2020-06-01T12:28:08+00:00","dateModified":"2024-08-12T12:06:03+00:00","mainEntityOfPage":{"@id":"https:\/\/kunmedierne.dk\/mors\/nye-toner-fra-radio-limfjord\/"},"wordCount":260,"commentCount":0,"publisher":{"@id":"https:\/\/kunmedierne.dk\/mors\/#organization"},"image":{"@id":"https:\/\/kunmedierne.dk\/mors\/nye-toner-fra-radio-limfjord\/#primaryimage"},"thumbnailUrl":"https:\/\/kunmedierne.dk\/mors\/wp-content\/uploads\/2020\/06\/anthony-roberts-82wJ10pX1Fw-unsplash.jpg","articleSection":["Lokalt"],"inLanguage":"da-DK","potentialAction":[{"@type":"CommentAction","name":"Comment","target":["https:\/\/kunmedierne.dk\/mors\/nye-toner-fra-radio-limfjord\/#respond"]}]},{"@type":"WebPage","@id":"https:\/\/kunmedierne.dk\/mors\/nye-toner-fra-radio-limfjord\/","url":"https:\/\/kunmedierne.dk\/mors\/nye-toner-fra-radio-limfjord\/","name":"Nye toner fra Radio Limfjord - Mors","isPartOf":{"@id":"https:\/\/kunmedierne.dk\/mors\/#website"},"primaryImageOfPage":{"@id":"https:\/\/kunmedierne.dk\/mors\/nye-toner-fra-radio-limfjord\/#primaryimage"},"image":{"@id":"https:\/\/kunmedierne.dk\/mors\/nye-toner-fra-radio-limfjord\/#primaryimage"},"thumbnailUrl":"https:\/\/kunmedierne.dk\/mors\/wp-content\/uploads\/2020\/06\/anthony-roberts-82wJ10pX1Fw-unsplash.jpg","datePublished":"2020-06-01T12:28:08+00:00","dateModified":"2024-08-12T12:06:03+00:00","breadcrumb":{"@id":"https:\/\/kunmedierne.dk\/mors\/nye-toner-fra-radio-limfjord\/#breadcrumb"},"inLanguage":"da-DK","potentialAction":[{"@type":"ReadAction","target":["https:\/\/kunmedierne.dk\/mors\/nye-toner-fra-radio-limfjord\/"]}]},{"@type":"ImageObject","inLanguage":"da-DK","@id":"https:\/\/kunmedierne.dk\/mors\/nye-toner-fra-radio-limfjord\/#primaryimage","url":"https:\/\/kunmedierne.dk\/mors\/wp-content\/uploads\/2020\/06\/anthony-roberts-82wJ10pX1Fw-unsplash.jpg","contentUrl":"https:\/\/kunmedierne.dk\/mors\/wp-content\/uploads\/2020\/06\/anthony-roberts-82wJ10pX1Fw-unsplash.jpg","width":770,"height":513,"caption":"Modelfoto: Anthony Roberts\/Unsplash"},{"@type":"BreadcrumbList","@id":"https:\/\/kunmedierne.dk\/mors\/nye-toner-fra-radio-limfjord\/#breadcrumb","itemListElement":[{"@type":"ListItem","position":1,"name":"Hjem","item":"https:\/\/kunmedierne.dk\/mors\/"},{"@type":"ListItem","position":2,"name":"Nye toner fra Radio Limfjord"}]},{"@type":"WebSite","@id":"https:\/\/kunmedierne.dk\/mors\/#website","url":"https:\/\/kunmedierne.dk\/mors\/","name":"Mors","description":"et netmedie med journalistik om livet p\u00e5 Mors","publisher":{"@id":"https:\/\/kunmedierne.dk\/mors\/#organization"},"potentialAction":[{"@type":"SearchAction","target":{"@type":"EntryPoint","urlTemplate":"https:\/\/kunmedierne.dk\/mors\/?s={search_term_string}"},"query-input":{"@type":"PropertyValueSpecification","valueRequired":true,"valueName":"search_term_string"}}],"inLanguage":"da-DK"},{"@type":"Organization","@id":"https:\/\/kunmedierne.dk\/mors\/#organization","name":"Mors","url":"https:\/\/kunmedierne.dk\/mors\/","logo":{"@type":"ImageObject","inLanguage":"da-DK","@id":"https:\/\/kunmedierne.dk\/mors\/#\/schema\/logo\/image\/","url":"https:\/\/kunmedierne.dk\/mors\/wp-content\/uploads\/2024\/08\/kunmors-logo.svg","contentUrl":"https:\/\/kunmedierne.dk\/mors\/wp-content\/uploads\/2024\/08\/kunmors-logo.svg","caption":"Mors"},"image":{"@id":"https:\/\/kunmedierne.dk\/mors\/#\/schema\/logo\/image\/"}},{"@type":"Person","@id":"https:\/\/kunmedierne.dk\/mors\/#\/schema\/person\/5fe23251bf1d0abbcdc6f7896579d548","name":"David H\u00f8jmark","image":{"@type":"ImageObject","inLanguage":"da-DK","@id":"https:\/\/kunmedierne.dk\/mors\/#\/schema\/person\/image\/","url":"https:\/\/secure.gravatar.com\/avatar\/4315d6fb9ef244d729989f5f90268eb08d5bf8a3d84402f595fa194bb35784fd?s=96&d=mm&r=g","contentUrl":"https:\/\/secure.gravatar.com\/avatar\/4315d6fb9ef244d729989f5f90268eb08d5bf8a3d84402f595fa194bb35784fd?s=96&d=mm&r=g","caption":"David H\u00f8jmark"},"sameAs":["https:\/\/www.kunmedierne.dk"],"url":"https:\/\/kunmedierne.dk\/mors\/author\/david\/"}]}},"_links":{"self":[{"href":"https:\/\/kunmedierne.dk\/mors\/wp-json\/wp\/v2\/posts\/23553","targetHints":{"allow":["GET"]}}],"collection":[{"href":"https:\/\/kunmedierne.dk\/mors\/wp-json\/wp\/v2\/posts"}],"about":[{"href":"https:\/\/kunmedierne.dk\/mors\/wp-json\/wp\/v2\/types\/post"}],"author":[{"embeddable":true,"href":"https:\/\/kunmedierne.dk\/mors\/wp-json\/wp\/v2\/users\/8"}],"replies":[{"embeddable":true,"href":"https:\/\/kunmedierne.dk\/mors\/wp-json\/wp\/v2\/comments?post=23553"}],"version-history":[{"count":2,"href":"https:\/\/kunmedierne.dk\/mors\/wp-json\/wp\/v2\/posts\/23553\/revisions"}],"predecessor-version":[{"id":23570,"href":"https:\/\/kunmedierne.dk\/mors\/wp-json\/wp\/v2\/posts\/23553\/revisions\/23570"}],"wp:featuredmedia":[{"embeddable":true,"href":"https:\/\/kunmedierne.dk\/mors\/wp-json\/wp\/v2\/media\/23554"}],"wp:attachment":[{"href":"https:\/\/kunmedierne.dk\/mors\/wp-json\/wp\/v2\/media?parent=23553"}],"wp:term":[{"taxonomy":"category","embeddable":true,"href":"https:\/\/kunmedierne.dk\/mors\/wp-json\/wp\/v2\/categories?post=23553"},{"taxonomy":"post_tag","embeddable":true,"href":"https:\/\/kunmedierne.dk\/mors\/wp-json\/wp\/v2\/tags?post=23553"}],"curies":[{"name":"wp","href":"https:\/\/api.w.org\/{rel}","templated":true}]}}