{"id":23278,"date":"2020-05-31T17:47:56","date_gmt":"2020-05-31T15:47:56","guid":{"rendered":"https:\/\/kunmedierne.dk\/mors\/?p=23278"},"modified":"2024-08-12T14:06:03","modified_gmt":"2024-08-12T12:06:03","slug":"alt-er-velbevaret-i-vester-assels-kirke","status":"publish","type":"post","link":"https:\/\/kunmedierne.dk\/mors\/alt-er-velbevaret-i-vester-assels-kirke\/","title":{"rendered":"Alt er velbevaret i Vester Assels Kirke"},"content":{"rendered":"<p><strong>VESTER ASSELS<\/strong>: En gammel kirke, men velholdt fra yderst til inderst.<\/p>\n<p>Det er skudsm\u00e5let, Vester Assels Kirke f\u00e5r, n\u00e5r man sp\u00f8rger sognets graver, Inge Svenningsen.<\/p>\n<p>Hun har haft stillingen siden august sidste \u00e5r og gl\u00e6der sig over et arbejdsliv i fine omgivelser b\u00e5de ude og inde.<\/p>\n<p>&#8220;Det er en smuk, gammel kirke, som er enormt velbevaret. Det s\u00e6tter jeg stor pris p\u00e5, og det g\u00f8r det ogs\u00e5 nemt for mig at passe den. Det er tydeligt, at der har v\u00e6ret en menighed, der har passet godt p\u00e5 den,&#8221; siger hun i en snak om kirken, der ogs\u00e5 bliver til en snak om jobbet som graver.<\/p>\n<p><img loading=\"lazy\" decoding=\"async\" class=\"alignright size-full wp-image-23284\" src=\"https:\/\/kunmedierne.dk\/mors\/wp-content\/uploads\/2020\/05\/vester-assels3.jpg\" alt=\"\" width=\"200\" height=\"190\" \/>Det best\u00e5r nemlig af meget andet end arbejde med en skovl. Inge Svenningsen er med til alle kirkelige handlinger &#8211; fra almindelige gudstjenester til d\u00e5b, bryllup og begravelse. Hun pynter b\u00e5de indvendigt og udvendigt &#8211; og i en stilling, der ogs\u00e5 giver frisk luft og motion, gl\u00e6der hun sig ikke mindst over at have et meningsfyldt arbejde med mulighed for at st\u00f8tte mennesker i sorg.<\/p>\n<p>Det havde hun nemlig ogs\u00e5 i 10 \u00e5r som sosu-assistent i demensafsnittet p\u00e5 Johan Riis&#8217; Minde, og det nyder b\u00e5de hun og andre godt af nu.<\/p>\n<p>&#8220;Noget af det, jeg nyder s\u00e6rligt godt af, er, at jeg er vant til at st\u00f8tte mennesker i sorg. Det er jo mange gange mennesker i sorg, der kommer p\u00e5 en kirkeg\u00e5rd, og der kan jeg drage nytte af min erfaring fra tidligere,&#8221; siger hun.<\/p>\n<p>&nbsp;<\/p>\n<p><strong>Hyggeligt graverhus<\/strong><\/p>\n<p>Inge Svenningsen er graver i en kirke, der som andre kvaderstenskirker har en lang historie. T\u00e5rnet er fra omkring \u00e5r 1500, og til n\u00e6ste sommer er det 300 \u00e5r siden, kirken blev privateje, da den blev overtaget af H\u00f8jriis-ejer Poul von Klingenberg.<\/p>\n<p>Altertavlen er en ren\u00e6ssancealtertavle fra begyndelsen af 1600-tallet, men med nye billeder af Troels Trier fra 1951. Klokken i t\u00e5rnet g\u00e5r n\u00e6sten 700 \u00e5r tilbage i tiden, mens orglet fra 1987 er fra moderne tid.<\/p>\n<p><img loading=\"lazy\" decoding=\"async\" class=\"alignright size-full wp-image-23285\" src=\"https:\/\/kunmedierne.dk\/mors\/wp-content\/uploads\/2020\/05\/vester-assels5.jpg\" alt=\"\" width=\"200\" height=\"199\" srcset=\"https:\/\/kunmedierne.dk\/mors\/wp-content\/uploads\/2020\/05\/vester-assels5.jpg 200w, https:\/\/kunmedierne.dk\/mors\/wp-content\/uploads\/2020\/05\/vester-assels5-150x150.jpg 150w, https:\/\/kunmedierne.dk\/mors\/wp-content\/uploads\/2020\/05\/vester-assels5-100x100.jpg 100w\" sizes=\"auto, (max-width: 200px) 100vw, 200px\" \/>Men f\u00e6lles for det hele, fremh\u00e6ver Inge Svenningsen, er den velholdte stand, alt sammen er i.<\/p>\n<p>Det samme er stemningen i sognet, lader det til.<\/p>\n<p>&#8220;Det er et meget lille sogn med kun 100 sogneb\u00f8rn. Mange af dem er \u00e6ldre mennesker, og de har bare taget s\u00e5 p\u00e6nt imod mig,&#8221; siger hun taknemmeligt &#8211; en stemning, der i \u00f8vrigt ogs\u00e5 viser sig, n\u00e5r hun bliver bedt om at fremh\u00e6ve sit yndlingssted i forbindelse med Vester Assels Kirke.<\/p>\n<p>Det har hun sv\u00e6rt ved, men til sidst tager hun udgangspunkt i sit daglige arbejde.<\/p>\n<p>&#8220;Jeg holder enormt meget at mit lille graverhus. Det er et lille v\u00e6rksted, ikke k\u00e6mpestort og p\u00e5 ingen m\u00e5de overd\u00e5digt, men s\u00e5 hyggeligt med sine sm\u00e5 vinduer,&#8221; siger Inge Svenningsen.<\/p>\n<p>&nbsp;<\/p>\n<blockquote>\n<h3>\u00d8ENS KIRKER<\/h3>\n<p>Der findes 34 kirker p\u00e5 Mors, og KunMors kommer i 2020 til at fort\u00e6lle om hver eneste af dem. Det g\u00f8r vi i serien \u201c\u00d8ens kirker\u201d, der s\u00f8ndag efter s\u00f8ndag pr\u00e6senterer en af de mange kirker.<\/p>\n<p>&nbsp;<\/p>\n<p>Tidligere har vi skrevet om: <a href=\"https:\/\/kunmedierne.dk\/mors\/elsoe-kirke-kommer-mere-og-mere-til-sin-ret\/\" target=\"_blank\" rel=\"noopener noreferrer\">Els\u00f8 Kirke<\/a>, <a href=\"https:\/\/kunmedierne.dk\/mors\/rakkeby-kirke-blev-reddet-af-menigheden\/\" target=\"_blank\" rel=\"noopener noreferrer\">Rakkeby Kirke<\/a>,\u00a0<a href=\"https:\/\/kunmedierne.dk\/mors\/kirkegaarden-bliver-langsomt-smukkere-og-smukkere\/\" target=\"_blank\" rel=\"noopener noreferrer\">Fr\u00f8slev Kirke<\/a>,\u00a0<a href=\"https:\/\/kunmedierne.dk\/mors\/kirken-der-fik-mere-lys-fra-oven\/\" target=\"_blank\" rel=\"noopener noreferrer\">Erslev Kirke<\/a>,\u00a0<a href=\"https:\/\/kunmedierne.dk\/mors\/hoeje-tindinger-paa-pudsigt-alterbillede\/\" target=\"_blank\" rel=\"noopener noreferrer\">T\u00f8ds\u00f8 Kirke<\/a>,\u00a0<a href=\"https:\/\/kunmedierne.dk\/mors\/den-lille-kirke-med-mikael-dragedraeber-og-de-andre-klenodier\/\" target=\"_blank\" rel=\"noopener noreferrer\">J\u00f8rsby Kirke<\/a>,\u00a0<a href=\"https:\/\/kunmedierne.dk\/mors\/voksne-maend-graeder-af-bevaegelse-i-moedet-med-vejerslev-kirke\/\" target=\"_blank\" rel=\"noopener noreferrer\">Vejerslev Kirke<\/a>,\u00a0<a href=\"https:\/\/kunmedierne.dk\/mors\/en-kirke-behoever-ikke-goere-meget-vaesen-af-sig\/\" target=\"_blank\" rel=\"noopener noreferrer\">Flade Kirke<\/a>,\u00a0<a href=\"https:\/\/kunmedierne.dk\/mors\/kirken-hvor-tankerne-kan-vandre-lige-som-foedderne\/\" target=\"_blank\" rel=\"noopener noreferrer\">T\u00e6bring Kirke<\/a>,\u00a0<a href=\"https:\/\/kunmedierne.dk\/mors\/et-vartegn-paa-sammenhold-og-en-kirke-med-et-helt-saerligt-lys\/\">Ager\u00f8 Kirke<\/a>,\u00a0<a href=\"https:\/\/kunmedierne.dk\/mors\/to-sarkofager-goer-ljoerslev-kirke-til-noget-saerligt\/\">Lj\u00f8rslev Kirke<\/a>,\u00a0<a href=\"https:\/\/kunmedierne.dk\/mors\/skotoejsaesken-med-den-formidable-akustik\/\">L\u00f8dderup Kirke<\/a>,\u00a0<a href=\"https:\/\/kunmedierne.dk\/mors\/taenk-hvis-kirkens-mure-kunne-huske-alle-historierne\/\" target=\"_blank\" rel=\"noopener noreferrer\">Bjergby Kirke<\/a>,\u00a0<a href=\"https:\/\/kunmedierne.dk\/mors\/erik-heide-malede-en-hest\/\" target=\"_blank\" rel=\"noopener noreferrer\">\u00d8ster J\u00f8lby Kirke<\/a>,\u00a0<a href=\"https:\/\/kunmedierne.dk\/mors\/kirken-med-det-unikke-stenhoved\/\">Ovtrup Kirke<\/a>\u00a0og\u00a0<a href=\"https:\/\/kunmedierne.dk\/mors\/spottet-udefra-giver-det-smukkeste-lys-i-oerding-kirke\/\" target=\"_blank\" rel=\"noopener noreferrer\">\u00d8rding Kirke<\/a>.<\/p>\n<p>&nbsp;<\/p>\n<p>L\u00e6s mere om Vester Assels Kirke p\u00e5 Aalborg Stifts <a href=\"https:\/\/aalborgstift.dk\/stiftet\/kirker?--fit_diocesedata-churchdb%5B%40package%5D=fit.diocesedata&amp;--fit_diocesedata-churchdb%5B%40controller%5D=church&amp;--fit_diocesedata-churchdb%5B%40action%5D=show&amp;--fit_diocesedata-churchdb%5B%40format%5D=html&amp;--fit_diocesedata-churchdb%5Bchurch%5D%5B__identity%5D=283e7ec1-7ffb-4e2c-acb6-a0dbca700d10\" target=\"_blank\" rel=\"noopener noreferrer\">hjemmeside<\/a>.<\/p>\n<p>&nbsp;<\/p>\n<p>Billederne til artikelserien er venligst udl\u00e5nt af Niels Clemmensen\/Aalborg Stift.<\/p><\/blockquote>\n<div id=\"attachment_23286\" style=\"width: 780px\" class=\"wp-caption alignright\"><img loading=\"lazy\" decoding=\"async\" aria-describedby=\"caption-attachment-23286\" class=\"wp-image-23286 size-full\" src=\"https:\/\/kunmedierne.dk\/mors\/wp-content\/uploads\/2020\/05\/vester-assels4.jpg\" alt=\"\" width=\"770\" height=\"760\" srcset=\"https:\/\/kunmedierne.dk\/mors\/wp-content\/uploads\/2020\/05\/vester-assels4.jpg 770w, https:\/\/kunmedierne.dk\/mors\/wp-content\/uploads\/2020\/05\/vester-assels4-300x296.jpg 300w, https:\/\/kunmedierne.dk\/mors\/wp-content\/uploads\/2020\/05\/vester-assels4-768x758.jpg 768w, https:\/\/kunmedierne.dk\/mors\/wp-content\/uploads\/2020\/05\/vester-assels4-600x592.jpg 600w, https:\/\/kunmedierne.dk\/mors\/wp-content\/uploads\/2020\/05\/vester-assels4-100x100.jpg 100w\" sizes=\"auto, (max-width: 770px) 100vw, 770px\" \/><p id=\"caption-attachment-23286\" class=\"wp-caption-text\">Troels Trier: Det store g\u00e6stebud.<\/p><\/div>\n","protected":false},"excerpt":{"rendered":"<p>VESTER ASSELS: En gammel kirke, men velholdt fra yderst til inderst. Det er skudsm\u00e5let, Vester Assels Kirke f\u00e5r, n\u00e5r man sp\u00f8rger sognets graver, Inge Svenningsen. Hun har haft stillingen siden august sidste \u00e5r og gl\u00e6der sig over et arbejdsliv i fine omgivelser b\u00e5de ude og inde. &#8220;Det er en smuk, gammel kirke, som er enormt [&hellip;]<\/p>\n","protected":false},"author":8,"featured_media":23281,"comment_status":"open","ping_status":"open","sticky":false,"template":"","format":"gallery","meta":{"_acf_changed":false,"footnotes":""},"categories":[51],"tags":[161],"class_list":["post-23278","post","type-post","status-publish","format-gallery","has-post-thumbnail","hentry","category-lokalt","tag-kirker","post_format-post-format-gallery"],"acf":[],"yoast_head":"<!-- This site is optimized with the Yoast SEO plugin v26.8 - https:\/\/yoast.com\/product\/yoast-seo-wordpress\/ -->\n<title>Alt er velbevaret i Vester Assels Kirke - Mors<\/title>\n<meta name=\"robots\" content=\"index, follow, max-snippet:-1, max-image-preview:large, max-video-preview:-1\" \/>\n<link rel=\"canonical\" href=\"https:\/\/kunmedierne.dk\/mors\/alt-er-velbevaret-i-vester-assels-kirke\/\" \/>\n<meta property=\"og:locale\" content=\"da_DK\" \/>\n<meta property=\"og:type\" content=\"article\" \/>\n<meta property=\"og:title\" content=\"Alt er velbevaret i Vester Assels Kirke - Mors\" \/>\n<meta property=\"og:description\" content=\"VESTER ASSELS: En gammel kirke, men velholdt fra yderst til inderst. Det er skudsm\u00e5let, Vester Assels Kirke f\u00e5r, n\u00e5r man sp\u00f8rger sognets graver, Inge Svenningsen. Hun har haft stillingen siden august sidste \u00e5r og gl\u00e6der sig over et arbejdsliv i fine omgivelser b\u00e5de ude og inde. &#8220;Det er en smuk, gammel kirke, som er enormt [&hellip;]\" \/>\n<meta property=\"og:url\" content=\"https:\/\/kunmedierne.dk\/mors\/alt-er-velbevaret-i-vester-assels-kirke\/\" \/>\n<meta property=\"og:site_name\" content=\"Mors\" \/>\n<meta property=\"article:published_time\" content=\"2020-05-31T15:47:56+00:00\" \/>\n<meta property=\"article:modified_time\" content=\"2024-08-12T12:06:03+00:00\" \/>\n<meta property=\"og:image\" content=\"https:\/\/kunmedierne.dk\/mors\/wp-content\/uploads\/2020\/05\/vester-assels1b.jpg\" \/>\n\t<meta property=\"og:image:width\" content=\"770\" \/>\n\t<meta property=\"og:image:height\" content=\"514\" \/>\n\t<meta property=\"og:image:type\" content=\"image\/jpeg\" \/>\n<meta name=\"author\" content=\"David H\u00f8jmark\" \/>\n<meta name=\"twitter:card\" content=\"summary_large_image\" \/>\n<meta name=\"twitter:label1\" content=\"Skrevet af\" \/>\n\t<meta name=\"twitter:data1\" content=\"David H\u00f8jmark\" \/>\n\t<meta name=\"twitter:label2\" content=\"Estimeret l\u00e6setid\" \/>\n\t<meta name=\"twitter:data2\" content=\"3 minutter\" \/>\n<script type=\"application\/ld+json\" class=\"yoast-schema-graph\">{\"@context\":\"https:\/\/schema.org\",\"@graph\":[{\"@type\":\"Article\",\"@id\":\"https:\/\/kunmedierne.dk\/mors\/alt-er-velbevaret-i-vester-assels-kirke\/#article\",\"isPartOf\":{\"@id\":\"https:\/\/kunmedierne.dk\/mors\/alt-er-velbevaret-i-vester-assels-kirke\/\"},\"author\":{\"name\":\"David H\u00f8jmark\",\"@id\":\"https:\/\/kunmedierne.dk\/mors\/#\/schema\/person\/5fe23251bf1d0abbcdc6f7896579d548\"},\"headline\":\"Alt er velbevaret i Vester Assels Kirke\",\"datePublished\":\"2020-05-31T15:47:56+00:00\",\"dateModified\":\"2024-08-12T12:06:03+00:00\",\"mainEntityOfPage\":{\"@id\":\"https:\/\/kunmedierne.dk\/mors\/alt-er-velbevaret-i-vester-assels-kirke\/\"},\"wordCount\":606,\"commentCount\":0,\"publisher\":{\"@id\":\"https:\/\/kunmedierne.dk\/mors\/#organization\"},\"image\":{\"@id\":\"https:\/\/kunmedierne.dk\/mors\/alt-er-velbevaret-i-vester-assels-kirke\/#primaryimage\"},\"thumbnailUrl\":\"https:\/\/kunmedierne.dk\/mors\/wp-content\/uploads\/2020\/05\/vester-assels1b.jpg\",\"keywords\":[\"Kirkestof\"],\"articleSection\":[\"Lokalt\"],\"inLanguage\":\"da-DK\",\"potentialAction\":[{\"@type\":\"CommentAction\",\"name\":\"Comment\",\"target\":[\"https:\/\/kunmedierne.dk\/mors\/alt-er-velbevaret-i-vester-assels-kirke\/#respond\"]}]},{\"@type\":\"WebPage\",\"@id\":\"https:\/\/kunmedierne.dk\/mors\/alt-er-velbevaret-i-vester-assels-kirke\/\",\"url\":\"https:\/\/kunmedierne.dk\/mors\/alt-er-velbevaret-i-vester-assels-kirke\/\",\"name\":\"Alt er velbevaret i Vester Assels Kirke - Mors\",\"isPartOf\":{\"@id\":\"https:\/\/kunmedierne.dk\/mors\/#website\"},\"primaryImageOfPage\":{\"@id\":\"https:\/\/kunmedierne.dk\/mors\/alt-er-velbevaret-i-vester-assels-kirke\/#primaryimage\"},\"image\":{\"@id\":\"https:\/\/kunmedierne.dk\/mors\/alt-er-velbevaret-i-vester-assels-kirke\/#primaryimage\"},\"thumbnailUrl\":\"https:\/\/kunmedierne.dk\/mors\/wp-content\/uploads\/2020\/05\/vester-assels1b.jpg\",\"datePublished\":\"2020-05-31T15:47:56+00:00\",\"dateModified\":\"2024-08-12T12:06:03+00:00\",\"breadcrumb\":{\"@id\":\"https:\/\/kunmedierne.dk\/mors\/alt-er-velbevaret-i-vester-assels-kirke\/#breadcrumb\"},\"inLanguage\":\"da-DK\",\"potentialAction\":[{\"@type\":\"ReadAction\",\"target\":[\"https:\/\/kunmedierne.dk\/mors\/alt-er-velbevaret-i-vester-assels-kirke\/\"]}]},{\"@type\":\"ImageObject\",\"inLanguage\":\"da-DK\",\"@id\":\"https:\/\/kunmedierne.dk\/mors\/alt-er-velbevaret-i-vester-assels-kirke\/#primaryimage\",\"url\":\"https:\/\/kunmedierne.dk\/mors\/wp-content\/uploads\/2020\/05\/vester-assels1b.jpg\",\"contentUrl\":\"https:\/\/kunmedierne.dk\/mors\/wp-content\/uploads\/2020\/05\/vester-assels1b.jpg\",\"width\":770,\"height\":514,\"caption\":\"Foto: Niels Clemmensen\/Aalborg Stift\"},{\"@type\":\"BreadcrumbList\",\"@id\":\"https:\/\/kunmedierne.dk\/mors\/alt-er-velbevaret-i-vester-assels-kirke\/#breadcrumb\",\"itemListElement\":[{\"@type\":\"ListItem\",\"position\":1,\"name\":\"Hjem\",\"item\":\"https:\/\/kunmedierne.dk\/mors\/\"},{\"@type\":\"ListItem\",\"position\":2,\"name\":\"Alt er velbevaret i Vester Assels Kirke\"}]},{\"@type\":\"WebSite\",\"@id\":\"https:\/\/kunmedierne.dk\/mors\/#website\",\"url\":\"https:\/\/kunmedierne.dk\/mors\/\",\"name\":\"Mors\",\"description\":\"et netmedie med journalistik om livet p\u00e5 Mors\",\"publisher\":{\"@id\":\"https:\/\/kunmedierne.dk\/mors\/#organization\"},\"potentialAction\":[{\"@type\":\"SearchAction\",\"target\":{\"@type\":\"EntryPoint\",\"urlTemplate\":\"https:\/\/kunmedierne.dk\/mors\/?s={search_term_string}\"},\"query-input\":{\"@type\":\"PropertyValueSpecification\",\"valueRequired\":true,\"valueName\":\"search_term_string\"}}],\"inLanguage\":\"da-DK\"},{\"@type\":\"Organization\",\"@id\":\"https:\/\/kunmedierne.dk\/mors\/#organization\",\"name\":\"Mors\",\"url\":\"https:\/\/kunmedierne.dk\/mors\/\",\"logo\":{\"@type\":\"ImageObject\",\"inLanguage\":\"da-DK\",\"@id\":\"https:\/\/kunmedierne.dk\/mors\/#\/schema\/logo\/image\/\",\"url\":\"https:\/\/kunmedierne.dk\/mors\/wp-content\/uploads\/2024\/08\/kunmors-logo.svg\",\"contentUrl\":\"https:\/\/kunmedierne.dk\/mors\/wp-content\/uploads\/2024\/08\/kunmors-logo.svg\",\"caption\":\"Mors\"},\"image\":{\"@id\":\"https:\/\/kunmedierne.dk\/mors\/#\/schema\/logo\/image\/\"}},{\"@type\":\"Person\",\"@id\":\"https:\/\/kunmedierne.dk\/mors\/#\/schema\/person\/5fe23251bf1d0abbcdc6f7896579d548\",\"name\":\"David H\u00f8jmark\",\"image\":{\"@type\":\"ImageObject\",\"inLanguage\":\"da-DK\",\"@id\":\"https:\/\/kunmedierne.dk\/mors\/#\/schema\/person\/image\/\",\"url\":\"https:\/\/secure.gravatar.com\/avatar\/4315d6fb9ef244d729989f5f90268eb08d5bf8a3d84402f595fa194bb35784fd?s=96&d=mm&r=g\",\"contentUrl\":\"https:\/\/secure.gravatar.com\/avatar\/4315d6fb9ef244d729989f5f90268eb08d5bf8a3d84402f595fa194bb35784fd?s=96&d=mm&r=g\",\"caption\":\"David H\u00f8jmark\"},\"sameAs\":[\"https:\/\/www.kunmedierne.dk\"],\"url\":\"https:\/\/kunmedierne.dk\/mors\/author\/david\/\"}]}<\/script>\n<!-- \/ Yoast SEO plugin. -->","yoast_head_json":{"title":"Alt er velbevaret i Vester Assels Kirke - Mors","robots":{"index":"index","follow":"follow","max-snippet":"max-snippet:-1","max-image-preview":"max-image-preview:large","max-video-preview":"max-video-preview:-1"},"canonical":"https:\/\/kunmedierne.dk\/mors\/alt-er-velbevaret-i-vester-assels-kirke\/","og_locale":"da_DK","og_type":"article","og_title":"Alt er velbevaret i Vester Assels Kirke - Mors","og_description":"VESTER ASSELS: En gammel kirke, men velholdt fra yderst til inderst. Det er skudsm\u00e5let, Vester Assels Kirke f\u00e5r, n\u00e5r man sp\u00f8rger sognets graver, Inge Svenningsen. Hun har haft stillingen siden august sidste \u00e5r og gl\u00e6der sig over et arbejdsliv i fine omgivelser b\u00e5de ude og inde. &#8220;Det er en smuk, gammel kirke, som er enormt [&hellip;]","og_url":"https:\/\/kunmedierne.dk\/mors\/alt-er-velbevaret-i-vester-assels-kirke\/","og_site_name":"Mors","article_published_time":"2020-05-31T15:47:56+00:00","article_modified_time":"2024-08-12T12:06:03+00:00","og_image":[{"width":770,"height":514,"url":"https:\/\/kunmedierne.dk\/mors\/wp-content\/uploads\/2020\/05\/vester-assels1b.jpg","type":"image\/jpeg"}],"author":"David H\u00f8jmark","twitter_card":"summary_large_image","twitter_misc":{"Skrevet af":"David H\u00f8jmark","Estimeret l\u00e6setid":"3 minutter"},"schema":{"@context":"https:\/\/schema.org","@graph":[{"@type":"Article","@id":"https:\/\/kunmedierne.dk\/mors\/alt-er-velbevaret-i-vester-assels-kirke\/#article","isPartOf":{"@id":"https:\/\/kunmedierne.dk\/mors\/alt-er-velbevaret-i-vester-assels-kirke\/"},"author":{"name":"David H\u00f8jmark","@id":"https:\/\/kunmedierne.dk\/mors\/#\/schema\/person\/5fe23251bf1d0abbcdc6f7896579d548"},"headline":"Alt er velbevaret i Vester Assels Kirke","datePublished":"2020-05-31T15:47:56+00:00","dateModified":"2024-08-12T12:06:03+00:00","mainEntityOfPage":{"@id":"https:\/\/kunmedierne.dk\/mors\/alt-er-velbevaret-i-vester-assels-kirke\/"},"wordCount":606,"commentCount":0,"publisher":{"@id":"https:\/\/kunmedierne.dk\/mors\/#organization"},"image":{"@id":"https:\/\/kunmedierne.dk\/mors\/alt-er-velbevaret-i-vester-assels-kirke\/#primaryimage"},"thumbnailUrl":"https:\/\/kunmedierne.dk\/mors\/wp-content\/uploads\/2020\/05\/vester-assels1b.jpg","keywords":["Kirkestof"],"articleSection":["Lokalt"],"inLanguage":"da-DK","potentialAction":[{"@type":"CommentAction","name":"Comment","target":["https:\/\/kunmedierne.dk\/mors\/alt-er-velbevaret-i-vester-assels-kirke\/#respond"]}]},{"@type":"WebPage","@id":"https:\/\/kunmedierne.dk\/mors\/alt-er-velbevaret-i-vester-assels-kirke\/","url":"https:\/\/kunmedierne.dk\/mors\/alt-er-velbevaret-i-vester-assels-kirke\/","name":"Alt er velbevaret i Vester Assels Kirke - Mors","isPartOf":{"@id":"https:\/\/kunmedierne.dk\/mors\/#website"},"primaryImageOfPage":{"@id":"https:\/\/kunmedierne.dk\/mors\/alt-er-velbevaret-i-vester-assels-kirke\/#primaryimage"},"image":{"@id":"https:\/\/kunmedierne.dk\/mors\/alt-er-velbevaret-i-vester-assels-kirke\/#primaryimage"},"thumbnailUrl":"https:\/\/kunmedierne.dk\/mors\/wp-content\/uploads\/2020\/05\/vester-assels1b.jpg","datePublished":"2020-05-31T15:47:56+00:00","dateModified":"2024-08-12T12:06:03+00:00","breadcrumb":{"@id":"https:\/\/kunmedierne.dk\/mors\/alt-er-velbevaret-i-vester-assels-kirke\/#breadcrumb"},"inLanguage":"da-DK","potentialAction":[{"@type":"ReadAction","target":["https:\/\/kunmedierne.dk\/mors\/alt-er-velbevaret-i-vester-assels-kirke\/"]}]},{"@type":"ImageObject","inLanguage":"da-DK","@id":"https:\/\/kunmedierne.dk\/mors\/alt-er-velbevaret-i-vester-assels-kirke\/#primaryimage","url":"https:\/\/kunmedierne.dk\/mors\/wp-content\/uploads\/2020\/05\/vester-assels1b.jpg","contentUrl":"https:\/\/kunmedierne.dk\/mors\/wp-content\/uploads\/2020\/05\/vester-assels1b.jpg","width":770,"height":514,"caption":"Foto: Niels Clemmensen\/Aalborg Stift"},{"@type":"BreadcrumbList","@id":"https:\/\/kunmedierne.dk\/mors\/alt-er-velbevaret-i-vester-assels-kirke\/#breadcrumb","itemListElement":[{"@type":"ListItem","position":1,"name":"Hjem","item":"https:\/\/kunmedierne.dk\/mors\/"},{"@type":"ListItem","position":2,"name":"Alt er velbevaret i Vester Assels Kirke"}]},{"@type":"WebSite","@id":"https:\/\/kunmedierne.dk\/mors\/#website","url":"https:\/\/kunmedierne.dk\/mors\/","name":"Mors","description":"et netmedie med journalistik om livet p\u00e5 Mors","publisher":{"@id":"https:\/\/kunmedierne.dk\/mors\/#organization"},"potentialAction":[{"@type":"SearchAction","target":{"@type":"EntryPoint","urlTemplate":"https:\/\/kunmedierne.dk\/mors\/?s={search_term_string}"},"query-input":{"@type":"PropertyValueSpecification","valueRequired":true,"valueName":"search_term_string"}}],"inLanguage":"da-DK"},{"@type":"Organization","@id":"https:\/\/kunmedierne.dk\/mors\/#organization","name":"Mors","url":"https:\/\/kunmedierne.dk\/mors\/","logo":{"@type":"ImageObject","inLanguage":"da-DK","@id":"https:\/\/kunmedierne.dk\/mors\/#\/schema\/logo\/image\/","url":"https:\/\/kunmedierne.dk\/mors\/wp-content\/uploads\/2024\/08\/kunmors-logo.svg","contentUrl":"https:\/\/kunmedierne.dk\/mors\/wp-content\/uploads\/2024\/08\/kunmors-logo.svg","caption":"Mors"},"image":{"@id":"https:\/\/kunmedierne.dk\/mors\/#\/schema\/logo\/image\/"}},{"@type":"Person","@id":"https:\/\/kunmedierne.dk\/mors\/#\/schema\/person\/5fe23251bf1d0abbcdc6f7896579d548","name":"David H\u00f8jmark","image":{"@type":"ImageObject","inLanguage":"da-DK","@id":"https:\/\/kunmedierne.dk\/mors\/#\/schema\/person\/image\/","url":"https:\/\/secure.gravatar.com\/avatar\/4315d6fb9ef244d729989f5f90268eb08d5bf8a3d84402f595fa194bb35784fd?s=96&d=mm&r=g","contentUrl":"https:\/\/secure.gravatar.com\/avatar\/4315d6fb9ef244d729989f5f90268eb08d5bf8a3d84402f595fa194bb35784fd?s=96&d=mm&r=g","caption":"David H\u00f8jmark"},"sameAs":["https:\/\/www.kunmedierne.dk"],"url":"https:\/\/kunmedierne.dk\/mors\/author\/david\/"}]}},"_links":{"self":[{"href":"https:\/\/kunmedierne.dk\/mors\/wp-json\/wp\/v2\/posts\/23278","targetHints":{"allow":["GET"]}}],"collection":[{"href":"https:\/\/kunmedierne.dk\/mors\/wp-json\/wp\/v2\/posts"}],"about":[{"href":"https:\/\/kunmedierne.dk\/mors\/wp-json\/wp\/v2\/types\/post"}],"author":[{"embeddable":true,"href":"https:\/\/kunmedierne.dk\/mors\/wp-json\/wp\/v2\/users\/8"}],"replies":[{"embeddable":true,"href":"https:\/\/kunmedierne.dk\/mors\/wp-json\/wp\/v2\/comments?post=23278"}],"version-history":[{"count":5,"href":"https:\/\/kunmedierne.dk\/mors\/wp-json\/wp\/v2\/posts\/23278\/revisions"}],"predecessor-version":[{"id":23416,"href":"https:\/\/kunmedierne.dk\/mors\/wp-json\/wp\/v2\/posts\/23278\/revisions\/23416"}],"wp:featuredmedia":[{"embeddable":true,"href":"https:\/\/kunmedierne.dk\/mors\/wp-json\/wp\/v2\/media\/23281"}],"wp:attachment":[{"href":"https:\/\/kunmedierne.dk\/mors\/wp-json\/wp\/v2\/media?parent=23278"}],"wp:term":[{"taxonomy":"category","embeddable":true,"href":"https:\/\/kunmedierne.dk\/mors\/wp-json\/wp\/v2\/categories?post=23278"},{"taxonomy":"post_tag","embeddable":true,"href":"https:\/\/kunmedierne.dk\/mors\/wp-json\/wp\/v2\/tags?post=23278"}],"curies":[{"name":"wp","href":"https:\/\/api.w.org\/{rel}","templated":true}]}}