{"id":23275,"date":"2020-05-31T16:53:04","date_gmt":"2020-05-31T14:53:04","guid":{"rendered":"https:\/\/kunmedierne.dk\/mors\/?p=23275"},"modified":"2024-08-12T14:06:03","modified_gmt":"2024-08-12T12:06:03","slug":"to-badesteder-og-en-havn-paa-mors-hejser-blaa-flag","status":"publish","type":"post","link":"https:\/\/kunmedierne.dk\/mors\/to-badesteder-og-en-havn-paa-mors-hejser-blaa-flag\/","title":{"rendered":"To badesteder og en havn p\u00e5 Mors hejser Bl\u00e5 Flag"},"content":{"rendered":"<p><strong>MORS<\/strong>:\u00a0Danskerne har udsigt til at holde ferie inden for landets gr\u00e6nser i \u00e5r, og Mors er klar til at tage godt imod badeg\u00e6ster. To af \u00f8ens badesteder har f\u00e5et tildelt m\u00e6rkningsordningen Bl\u00e5 Flag. Det drejer sig om: \u00d8sterstrand og som ny p\u00e5 listen er Sillerslev Strand ogs\u00e5 kommet med. Sillerslev Havn har som lystb\u00e5dehavn ogs\u00e5 f\u00e5et tildelt det Bl\u00e5 Flag.<\/p>\n<p>Det fort\u00e6ller Mors\u00f8 Kommune i en pressemeddelelse.<\/p>\n<p class=\"v1MsoNormal\">Bl\u00e5 Flag er Friluftsr\u00e5dets officielle havne- og badeflag, som garanterer rent badevand samt adgang til basale faciliteter som toiletter og affaldsspande.<\/p>\n<p class=\"v1MsoNormal\">Hos Mors\u00f8 Kommune er der stor tilfredshed med, at man har f\u00e5et tildelt Bl\u00e5 Flag til de tre steder, som man har ans\u00f8gt om.<\/p>\n<p class=\"v1MsoNormal\">&#8220;Vi er glade for at kunne hejse Bl\u00e5 Flag tre steder p\u00e5 Mors. Det er h\u00f8je krav til denne standard, som er med til at garantere danskerne sikre havne eller trygge badesteder med rent badevand ved de danske kyster og s\u00f8er,&#8221; siger Arne Kirk, direkt\u00f8r for Teknik og Milj\u00f8 i Mors\u00f8 Kommune.<\/p>\n<p class=\"v1MsoNormal\">&#8220;Herudover holder vi \u00f8je med badevandsvandkvaliteten 16 andre steder p\u00e5 Mors, hvor man trygt kan bade. For eksempel er Sundby Strand et popul\u00e6rt badested, som man roligt kan benytte sig af, men stedet opfylder i \u00f8jeblikket ikke kravene for at f\u00e5 et Bl\u00e5 Flag,&#8221; tilf\u00f8jer han.<\/p>\n<p class=\"v1MsoNormal\">I \u00e5r er Bl\u00e5 Flag blevet uddelt til 174 danske strande og 18 havne i Danmark. Flaget vil kunne ses fra den 2. juni p\u00e5 Mors.<\/p>\n<p class=\"v1MsoNormal\"><b>\u00a0<\/b><\/p>\n<blockquote>\n<h3>FAKTA<\/h3>\n<p class=\"v1MsoNormal\">En strand med bl\u00e5t flag vidner om: rent badevand, livrednings- og f\u00f8rstehj\u00e6lpsudstyr, n\u00f8dtelefon p\u00e5 eller i n\u00e6rheden af stranden, livreddere enkelte steder (kun i sommerferien), natur- og milj\u00f8aktiviteter, information om milj\u00f8forhold og naturomr\u00e5der, toiletfaciliteter, affaldssorteringsfaciliteter og informationstavle.<\/p>\n<p>&nbsp;<\/p>\n<p>En havn med bl\u00e5t flag vidner om: livrednings- og f\u00f8rstehj\u00e6lpsudstyr, n\u00f8dtelefon p\u00e5 havneomr\u00e5det, brandbek\u00e6mpelsesudstyr, natur- og milj\u00f8aktiviteter, information om milj\u00f8forhold og naturomr\u00e5der og informationstavle.<\/p><\/blockquote>\n","protected":false},"excerpt":{"rendered":"<p>MORS:\u00a0Danskerne har udsigt til at holde ferie inden for landets gr\u00e6nser i \u00e5r, og Mors er klar til at tage godt imod badeg\u00e6ster. To af \u00f8ens badesteder har f\u00e5et tildelt m\u00e6rkningsordningen Bl\u00e5 Flag. Det drejer sig om: \u00d8sterstrand og som ny p\u00e5 listen er Sillerslev Strand ogs\u00e5 kommet med. Sillerslev Havn har som lystb\u00e5dehavn ogs\u00e5 [&hellip;]<\/p>\n","protected":false},"author":8,"featured_media":23276,"comment_status":"open","ping_status":"open","sticky":false,"template":"","format":"standard","meta":{"_acf_changed":false,"footnotes":""},"categories":[51],"tags":[],"class_list":["post-23275","post","type-post","status-publish","format-standard","has-post-thumbnail","hentry","category-lokalt"],"acf":[],"yoast_head":"<!-- This site is optimized with the Yoast SEO plugin v26.8 - https:\/\/yoast.com\/product\/yoast-seo-wordpress\/ -->\n<title>To badesteder og en havn p\u00e5 Mors hejser Bl\u00e5 Flag - Mors<\/title>\n<meta name=\"robots\" content=\"index, follow, max-snippet:-1, max-image-preview:large, max-video-preview:-1\" \/>\n<link rel=\"canonical\" href=\"https:\/\/kunmedierne.dk\/mors\/to-badesteder-og-en-havn-paa-mors-hejser-blaa-flag\/\" \/>\n<meta property=\"og:locale\" content=\"da_DK\" \/>\n<meta property=\"og:type\" content=\"article\" \/>\n<meta property=\"og:title\" content=\"To badesteder og en havn p\u00e5 Mors hejser Bl\u00e5 Flag - Mors\" \/>\n<meta property=\"og:description\" content=\"MORS:\u00a0Danskerne har udsigt til at holde ferie inden for landets gr\u00e6nser i \u00e5r, og Mors er klar til at tage godt imod badeg\u00e6ster. To af \u00f8ens badesteder har f\u00e5et tildelt m\u00e6rkningsordningen Bl\u00e5 Flag. Det drejer sig om: \u00d8sterstrand og som ny p\u00e5 listen er Sillerslev Strand ogs\u00e5 kommet med. Sillerslev Havn har som lystb\u00e5dehavn ogs\u00e5 [&hellip;]\" \/>\n<meta property=\"og:url\" content=\"https:\/\/kunmedierne.dk\/mors\/to-badesteder-og-en-havn-paa-mors-hejser-blaa-flag\/\" \/>\n<meta property=\"og:site_name\" content=\"Mors\" \/>\n<meta property=\"article:published_time\" content=\"2020-05-31T14:53:04+00:00\" \/>\n<meta property=\"article:modified_time\" content=\"2024-08-12T12:06:03+00:00\" \/>\n<meta property=\"og:image\" content=\"https:\/\/kunmedierne.dk\/mors\/wp-content\/uploads\/2020\/05\/Bl\u00e5-Flag.jpg\" \/>\n\t<meta property=\"og:image:width\" content=\"770\" \/>\n\t<meta property=\"og:image:height\" content=\"513\" \/>\n\t<meta property=\"og:image:type\" content=\"image\/jpeg\" \/>\n<meta name=\"author\" content=\"David H\u00f8jmark\" \/>\n<meta name=\"twitter:card\" content=\"summary_large_image\" \/>\n<meta name=\"twitter:label1\" content=\"Skrevet af\" \/>\n\t<meta name=\"twitter:data1\" content=\"David H\u00f8jmark\" \/>\n\t<meta name=\"twitter:label2\" content=\"Estimeret l\u00e6setid\" \/>\n\t<meta name=\"twitter:data2\" content=\"2 minutter\" \/>\n<script type=\"application\/ld+json\" class=\"yoast-schema-graph\">{\"@context\":\"https:\/\/schema.org\",\"@graph\":[{\"@type\":\"Article\",\"@id\":\"https:\/\/kunmedierne.dk\/mors\/to-badesteder-og-en-havn-paa-mors-hejser-blaa-flag\/#article\",\"isPartOf\":{\"@id\":\"https:\/\/kunmedierne.dk\/mors\/to-badesteder-og-en-havn-paa-mors-hejser-blaa-flag\/\"},\"author\":{\"name\":\"David H\u00f8jmark\",\"@id\":\"https:\/\/kunmedierne.dk\/mors\/#\/schema\/person\/5fe23251bf1d0abbcdc6f7896579d548\"},\"headline\":\"To badesteder og en havn p\u00e5 Mors hejser Bl\u00e5 Flag\",\"datePublished\":\"2020-05-31T14:53:04+00:00\",\"dateModified\":\"2024-08-12T12:06:03+00:00\",\"mainEntityOfPage\":{\"@id\":\"https:\/\/kunmedierne.dk\/mors\/to-badesteder-og-en-havn-paa-mors-hejser-blaa-flag\/\"},\"wordCount\":338,\"commentCount\":0,\"publisher\":{\"@id\":\"https:\/\/kunmedierne.dk\/mors\/#organization\"},\"image\":{\"@id\":\"https:\/\/kunmedierne.dk\/mors\/to-badesteder-og-en-havn-paa-mors-hejser-blaa-flag\/#primaryimage\"},\"thumbnailUrl\":\"https:\/\/kunmedierne.dk\/mors\/wp-content\/uploads\/2020\/05\/Bl\u00e5-Flag.jpg\",\"articleSection\":[\"Lokalt\"],\"inLanguage\":\"da-DK\",\"potentialAction\":[{\"@type\":\"CommentAction\",\"name\":\"Comment\",\"target\":[\"https:\/\/kunmedierne.dk\/mors\/to-badesteder-og-en-havn-paa-mors-hejser-blaa-flag\/#respond\"]}]},{\"@type\":\"WebPage\",\"@id\":\"https:\/\/kunmedierne.dk\/mors\/to-badesteder-og-en-havn-paa-mors-hejser-blaa-flag\/\",\"url\":\"https:\/\/kunmedierne.dk\/mors\/to-badesteder-og-en-havn-paa-mors-hejser-blaa-flag\/\",\"name\":\"To badesteder og en havn p\u00e5 Mors hejser Bl\u00e5 Flag - Mors\",\"isPartOf\":{\"@id\":\"https:\/\/kunmedierne.dk\/mors\/#website\"},\"primaryImageOfPage\":{\"@id\":\"https:\/\/kunmedierne.dk\/mors\/to-badesteder-og-en-havn-paa-mors-hejser-blaa-flag\/#primaryimage\"},\"image\":{\"@id\":\"https:\/\/kunmedierne.dk\/mors\/to-badesteder-og-en-havn-paa-mors-hejser-blaa-flag\/#primaryimage\"},\"thumbnailUrl\":\"https:\/\/kunmedierne.dk\/mors\/wp-content\/uploads\/2020\/05\/Bl\u00e5-Flag.jpg\",\"datePublished\":\"2020-05-31T14:53:04+00:00\",\"dateModified\":\"2024-08-12T12:06:03+00:00\",\"breadcrumb\":{\"@id\":\"https:\/\/kunmedierne.dk\/mors\/to-badesteder-og-en-havn-paa-mors-hejser-blaa-flag\/#breadcrumb\"},\"inLanguage\":\"da-DK\",\"potentialAction\":[{\"@type\":\"ReadAction\",\"target\":[\"https:\/\/kunmedierne.dk\/mors\/to-badesteder-og-en-havn-paa-mors-hejser-blaa-flag\/\"]}]},{\"@type\":\"ImageObject\",\"inLanguage\":\"da-DK\",\"@id\":\"https:\/\/kunmedierne.dk\/mors\/to-badesteder-og-en-havn-paa-mors-hejser-blaa-flag\/#primaryimage\",\"url\":\"https:\/\/kunmedierne.dk\/mors\/wp-content\/uploads\/2020\/05\/Bl\u00e5-Flag.jpg\",\"contentUrl\":\"https:\/\/kunmedierne.dk\/mors\/wp-content\/uploads\/2020\/05\/Bl\u00e5-Flag.jpg\",\"width\":770,\"height\":513,\"caption\":\"Foto: Mors\u00f8 Kommune\"},{\"@type\":\"BreadcrumbList\",\"@id\":\"https:\/\/kunmedierne.dk\/mors\/to-badesteder-og-en-havn-paa-mors-hejser-blaa-flag\/#breadcrumb\",\"itemListElement\":[{\"@type\":\"ListItem\",\"position\":1,\"name\":\"Hjem\",\"item\":\"https:\/\/kunmedierne.dk\/mors\/\"},{\"@type\":\"ListItem\",\"position\":2,\"name\":\"To badesteder og en havn p\u00e5 Mors hejser Bl\u00e5 Flag\"}]},{\"@type\":\"WebSite\",\"@id\":\"https:\/\/kunmedierne.dk\/mors\/#website\",\"url\":\"https:\/\/kunmedierne.dk\/mors\/\",\"name\":\"Mors\",\"description\":\"et netmedie med journalistik om livet p\u00e5 Mors\",\"publisher\":{\"@id\":\"https:\/\/kunmedierne.dk\/mors\/#organization\"},\"potentialAction\":[{\"@type\":\"SearchAction\",\"target\":{\"@type\":\"EntryPoint\",\"urlTemplate\":\"https:\/\/kunmedierne.dk\/mors\/?s={search_term_string}\"},\"query-input\":{\"@type\":\"PropertyValueSpecification\",\"valueRequired\":true,\"valueName\":\"search_term_string\"}}],\"inLanguage\":\"da-DK\"},{\"@type\":\"Organization\",\"@id\":\"https:\/\/kunmedierne.dk\/mors\/#organization\",\"name\":\"Mors\",\"url\":\"https:\/\/kunmedierne.dk\/mors\/\",\"logo\":{\"@type\":\"ImageObject\",\"inLanguage\":\"da-DK\",\"@id\":\"https:\/\/kunmedierne.dk\/mors\/#\/schema\/logo\/image\/\",\"url\":\"https:\/\/kunmedierne.dk\/mors\/wp-content\/uploads\/2024\/08\/kunmors-logo.svg\",\"contentUrl\":\"https:\/\/kunmedierne.dk\/mors\/wp-content\/uploads\/2024\/08\/kunmors-logo.svg\",\"caption\":\"Mors\"},\"image\":{\"@id\":\"https:\/\/kunmedierne.dk\/mors\/#\/schema\/logo\/image\/\"}},{\"@type\":\"Person\",\"@id\":\"https:\/\/kunmedierne.dk\/mors\/#\/schema\/person\/5fe23251bf1d0abbcdc6f7896579d548\",\"name\":\"David H\u00f8jmark\",\"image\":{\"@type\":\"ImageObject\",\"inLanguage\":\"da-DK\",\"@id\":\"https:\/\/kunmedierne.dk\/mors\/#\/schema\/person\/image\/\",\"url\":\"https:\/\/secure.gravatar.com\/avatar\/4315d6fb9ef244d729989f5f90268eb08d5bf8a3d84402f595fa194bb35784fd?s=96&d=mm&r=g\",\"contentUrl\":\"https:\/\/secure.gravatar.com\/avatar\/4315d6fb9ef244d729989f5f90268eb08d5bf8a3d84402f595fa194bb35784fd?s=96&d=mm&r=g\",\"caption\":\"David H\u00f8jmark\"},\"sameAs\":[\"https:\/\/www.kunmedierne.dk\"],\"url\":\"https:\/\/kunmedierne.dk\/mors\/author\/david\/\"}]}<\/script>\n<!-- \/ Yoast SEO plugin. -->","yoast_head_json":{"title":"To badesteder og en havn p\u00e5 Mors hejser Bl\u00e5 Flag - Mors","robots":{"index":"index","follow":"follow","max-snippet":"max-snippet:-1","max-image-preview":"max-image-preview:large","max-video-preview":"max-video-preview:-1"},"canonical":"https:\/\/kunmedierne.dk\/mors\/to-badesteder-og-en-havn-paa-mors-hejser-blaa-flag\/","og_locale":"da_DK","og_type":"article","og_title":"To badesteder og en havn p\u00e5 Mors hejser Bl\u00e5 Flag - Mors","og_description":"MORS:\u00a0Danskerne har udsigt til at holde ferie inden for landets gr\u00e6nser i \u00e5r, og Mors er klar til at tage godt imod badeg\u00e6ster. To af \u00f8ens badesteder har f\u00e5et tildelt m\u00e6rkningsordningen Bl\u00e5 Flag. Det drejer sig om: \u00d8sterstrand og som ny p\u00e5 listen er Sillerslev Strand ogs\u00e5 kommet med. Sillerslev Havn har som lystb\u00e5dehavn ogs\u00e5 [&hellip;]","og_url":"https:\/\/kunmedierne.dk\/mors\/to-badesteder-og-en-havn-paa-mors-hejser-blaa-flag\/","og_site_name":"Mors","article_published_time":"2020-05-31T14:53:04+00:00","article_modified_time":"2024-08-12T12:06:03+00:00","og_image":[{"width":770,"height":513,"url":"https:\/\/kunmedierne.dk\/mors\/wp-content\/uploads\/2020\/05\/Bl\u00e5-Flag.jpg","type":"image\/jpeg"}],"author":"David H\u00f8jmark","twitter_card":"summary_large_image","twitter_misc":{"Skrevet af":"David H\u00f8jmark","Estimeret l\u00e6setid":"2 minutter"},"schema":{"@context":"https:\/\/schema.org","@graph":[{"@type":"Article","@id":"https:\/\/kunmedierne.dk\/mors\/to-badesteder-og-en-havn-paa-mors-hejser-blaa-flag\/#article","isPartOf":{"@id":"https:\/\/kunmedierne.dk\/mors\/to-badesteder-og-en-havn-paa-mors-hejser-blaa-flag\/"},"author":{"name":"David H\u00f8jmark","@id":"https:\/\/kunmedierne.dk\/mors\/#\/schema\/person\/5fe23251bf1d0abbcdc6f7896579d548"},"headline":"To badesteder og en havn p\u00e5 Mors hejser Bl\u00e5 Flag","datePublished":"2020-05-31T14:53:04+00:00","dateModified":"2024-08-12T12:06:03+00:00","mainEntityOfPage":{"@id":"https:\/\/kunmedierne.dk\/mors\/to-badesteder-og-en-havn-paa-mors-hejser-blaa-flag\/"},"wordCount":338,"commentCount":0,"publisher":{"@id":"https:\/\/kunmedierne.dk\/mors\/#organization"},"image":{"@id":"https:\/\/kunmedierne.dk\/mors\/to-badesteder-og-en-havn-paa-mors-hejser-blaa-flag\/#primaryimage"},"thumbnailUrl":"https:\/\/kunmedierne.dk\/mors\/wp-content\/uploads\/2020\/05\/Bl\u00e5-Flag.jpg","articleSection":["Lokalt"],"inLanguage":"da-DK","potentialAction":[{"@type":"CommentAction","name":"Comment","target":["https:\/\/kunmedierne.dk\/mors\/to-badesteder-og-en-havn-paa-mors-hejser-blaa-flag\/#respond"]}]},{"@type":"WebPage","@id":"https:\/\/kunmedierne.dk\/mors\/to-badesteder-og-en-havn-paa-mors-hejser-blaa-flag\/","url":"https:\/\/kunmedierne.dk\/mors\/to-badesteder-og-en-havn-paa-mors-hejser-blaa-flag\/","name":"To badesteder og en havn p\u00e5 Mors hejser Bl\u00e5 Flag - Mors","isPartOf":{"@id":"https:\/\/kunmedierne.dk\/mors\/#website"},"primaryImageOfPage":{"@id":"https:\/\/kunmedierne.dk\/mors\/to-badesteder-og-en-havn-paa-mors-hejser-blaa-flag\/#primaryimage"},"image":{"@id":"https:\/\/kunmedierne.dk\/mors\/to-badesteder-og-en-havn-paa-mors-hejser-blaa-flag\/#primaryimage"},"thumbnailUrl":"https:\/\/kunmedierne.dk\/mors\/wp-content\/uploads\/2020\/05\/Bl\u00e5-Flag.jpg","datePublished":"2020-05-31T14:53:04+00:00","dateModified":"2024-08-12T12:06:03+00:00","breadcrumb":{"@id":"https:\/\/kunmedierne.dk\/mors\/to-badesteder-og-en-havn-paa-mors-hejser-blaa-flag\/#breadcrumb"},"inLanguage":"da-DK","potentialAction":[{"@type":"ReadAction","target":["https:\/\/kunmedierne.dk\/mors\/to-badesteder-og-en-havn-paa-mors-hejser-blaa-flag\/"]}]},{"@type":"ImageObject","inLanguage":"da-DK","@id":"https:\/\/kunmedierne.dk\/mors\/to-badesteder-og-en-havn-paa-mors-hejser-blaa-flag\/#primaryimage","url":"https:\/\/kunmedierne.dk\/mors\/wp-content\/uploads\/2020\/05\/Bl\u00e5-Flag.jpg","contentUrl":"https:\/\/kunmedierne.dk\/mors\/wp-content\/uploads\/2020\/05\/Bl\u00e5-Flag.jpg","width":770,"height":513,"caption":"Foto: Mors\u00f8 Kommune"},{"@type":"BreadcrumbList","@id":"https:\/\/kunmedierne.dk\/mors\/to-badesteder-og-en-havn-paa-mors-hejser-blaa-flag\/#breadcrumb","itemListElement":[{"@type":"ListItem","position":1,"name":"Hjem","item":"https:\/\/kunmedierne.dk\/mors\/"},{"@type":"ListItem","position":2,"name":"To badesteder og en havn p\u00e5 Mors hejser Bl\u00e5 Flag"}]},{"@type":"WebSite","@id":"https:\/\/kunmedierne.dk\/mors\/#website","url":"https:\/\/kunmedierne.dk\/mors\/","name":"Mors","description":"et netmedie med journalistik om livet p\u00e5 Mors","publisher":{"@id":"https:\/\/kunmedierne.dk\/mors\/#organization"},"potentialAction":[{"@type":"SearchAction","target":{"@type":"EntryPoint","urlTemplate":"https:\/\/kunmedierne.dk\/mors\/?s={search_term_string}"},"query-input":{"@type":"PropertyValueSpecification","valueRequired":true,"valueName":"search_term_string"}}],"inLanguage":"da-DK"},{"@type":"Organization","@id":"https:\/\/kunmedierne.dk\/mors\/#organization","name":"Mors","url":"https:\/\/kunmedierne.dk\/mors\/","logo":{"@type":"ImageObject","inLanguage":"da-DK","@id":"https:\/\/kunmedierne.dk\/mors\/#\/schema\/logo\/image\/","url":"https:\/\/kunmedierne.dk\/mors\/wp-content\/uploads\/2024\/08\/kunmors-logo.svg","contentUrl":"https:\/\/kunmedierne.dk\/mors\/wp-content\/uploads\/2024\/08\/kunmors-logo.svg","caption":"Mors"},"image":{"@id":"https:\/\/kunmedierne.dk\/mors\/#\/schema\/logo\/image\/"}},{"@type":"Person","@id":"https:\/\/kunmedierne.dk\/mors\/#\/schema\/person\/5fe23251bf1d0abbcdc6f7896579d548","name":"David H\u00f8jmark","image":{"@type":"ImageObject","inLanguage":"da-DK","@id":"https:\/\/kunmedierne.dk\/mors\/#\/schema\/person\/image\/","url":"https:\/\/secure.gravatar.com\/avatar\/4315d6fb9ef244d729989f5f90268eb08d5bf8a3d84402f595fa194bb35784fd?s=96&d=mm&r=g","contentUrl":"https:\/\/secure.gravatar.com\/avatar\/4315d6fb9ef244d729989f5f90268eb08d5bf8a3d84402f595fa194bb35784fd?s=96&d=mm&r=g","caption":"David H\u00f8jmark"},"sameAs":["https:\/\/www.kunmedierne.dk"],"url":"https:\/\/kunmedierne.dk\/mors\/author\/david\/"}]}},"_links":{"self":[{"href":"https:\/\/kunmedierne.dk\/mors\/wp-json\/wp\/v2\/posts\/23275","targetHints":{"allow":["GET"]}}],"collection":[{"href":"https:\/\/kunmedierne.dk\/mors\/wp-json\/wp\/v2\/posts"}],"about":[{"href":"https:\/\/kunmedierne.dk\/mors\/wp-json\/wp\/v2\/types\/post"}],"author":[{"embeddable":true,"href":"https:\/\/kunmedierne.dk\/mors\/wp-json\/wp\/v2\/users\/8"}],"replies":[{"embeddable":true,"href":"https:\/\/kunmedierne.dk\/mors\/wp-json\/wp\/v2\/comments?post=23275"}],"version-history":[{"count":1,"href":"https:\/\/kunmedierne.dk\/mors\/wp-json\/wp\/v2\/posts\/23275\/revisions"}],"predecessor-version":[{"id":23277,"href":"https:\/\/kunmedierne.dk\/mors\/wp-json\/wp\/v2\/posts\/23275\/revisions\/23277"}],"wp:featuredmedia":[{"embeddable":true,"href":"https:\/\/kunmedierne.dk\/mors\/wp-json\/wp\/v2\/media\/23276"}],"wp:attachment":[{"href":"https:\/\/kunmedierne.dk\/mors\/wp-json\/wp\/v2\/media?parent=23275"}],"wp:term":[{"taxonomy":"category","embeddable":true,"href":"https:\/\/kunmedierne.dk\/mors\/wp-json\/wp\/v2\/categories?post=23275"},{"taxonomy":"post_tag","embeddable":true,"href":"https:\/\/kunmedierne.dk\/mors\/wp-json\/wp\/v2\/tags?post=23275"}],"curies":[{"name":"wp","href":"https:\/\/api.w.org\/{rel}","templated":true}]}}