{"id":23205,"date":"2020-05-31T08:55:10","date_gmt":"2020-05-31T06:55:10","guid":{"rendered":"https:\/\/kunmedierne.dk\/mors\/?p=23205"},"modified":"2024-08-12T14:06:03","modified_gmt":"2024-08-12T12:06:03","slug":"kommunalbestyrelsen-rykker-ind-i-arenaen","status":"publish","type":"post","link":"https:\/\/kunmedierne.dk\/mors\/kommunalbestyrelsen-rykker-ind-i-arenaen\/","title":{"rendered":"Kommunalbestyrelsen rykker ind i arenaen"},"content":{"rendered":"<p><strong>NYK\u00d8BING<\/strong>: Efter to m\u00f8der uden adgang for offentligheden bliver det igen muligt for \u00f8ens borgere at se medlemmerne af kommunalbestyrelsen over skuldrene, n\u00e5r beslutninger p\u00e5 \u00f8ens vegne skal tages.<\/p>\n<p>P\u00e5 grund af coronakrisen har de seneste to m\u00f8der v\u00e6ret forbeholdt pressen, og udover embedsm\u00e6nd har borgmester Hans Ejner Bertelsen (V) v\u00e6ret eneste politiker i byr\u00e5dssalen, mens de \u00f8vrige har v\u00e6ret tilkoblet p\u00e5 virtuelle forbindelser hjemmefra.<\/p>\n<p>Det bliver anderledes ved m\u00f8det p\u00e5 tirsdag, som dog ogs\u00e5 er p\u00e5virket af coronakrisen. Af hensyn til afstandskravene bliver heller ikke dette m\u00f8de afholdt p\u00e5 Det Gamle R\u00e5dhus. Det er i stedet flyttet til Sparekassen Thy Arena Mors, hvor VIP-lokalet l\u00e6gger plads til b\u00e5de politikere, kommunens egne folk, pressen og borgere.<\/p>\n<p class=\"v1MsoNormal\">&#8220;Til m\u00f8det vil der v\u00e6re fokus p\u00e5, at alle de sundhedsm\u00e6ssige retningslinjer overholdes &#8211; som eksempelvis god afstand og brug af sprit,&#8221; fort\u00e6ller Rasmus Andreasen, faglig leder af Kommunikation i Mors\u00f8 Kommune.<\/p>\n<p>Tirsdagens kommunalbestyrelsesm\u00f8de begynder klokken 17. Dagsordenen kan ses <a href=\"https:\/\/polweb.nethotel.dk\/Produkt\/PolWeb\/default.asp?p=morsoe&amp;page=meetings&amp;CommeteeId=2\" target=\"_blank\" rel=\"noopener noreferrer\">her<\/a>.<\/p>\n<p><em>Opdatering, 2. juni: Mors\u00f8 Kommune har meddelt, at m\u00f8delokalet for kommunalbestyrelsen er \u00e6ndret til VIP-lokalet, hvorfor artiklen her er opdateret.<\/em><\/p>\n","protected":false},"excerpt":{"rendered":"<p>NYK\u00d8BING: Efter to m\u00f8der uden adgang for offentligheden bliver det igen muligt for \u00f8ens borgere at se medlemmerne af kommunalbestyrelsen over skuldrene, n\u00e5r beslutninger p\u00e5 \u00f8ens vegne skal tages. P\u00e5 grund af coronakrisen har de seneste to m\u00f8der v\u00e6ret forbeholdt pressen, og udover embedsm\u00e6nd har borgmester Hans Ejner Bertelsen (V) v\u00e6ret eneste politiker i byr\u00e5dssalen, [&hellip;]<\/p>\n","protected":false},"author":8,"featured_media":13431,"comment_status":"open","ping_status":"open","sticky":false,"template":"","format":"standard","meta":{"_acf_changed":false,"footnotes":""},"categories":[51],"tags":[167],"class_list":["post-23205","post","type-post","status-publish","format-standard","has-post-thumbnail","hentry","category-lokalt","tag-politik"],"acf":[],"yoast_head":"<!-- This site is optimized with the Yoast SEO plugin v26.8 - https:\/\/yoast.com\/product\/yoast-seo-wordpress\/ -->\n<title>Kommunalbestyrelsen rykker ind i arenaen - Mors<\/title>\n<meta name=\"robots\" content=\"index, follow, max-snippet:-1, max-image-preview:large, max-video-preview:-1\" \/>\n<link rel=\"canonical\" href=\"https:\/\/kunmedierne.dk\/mors\/kommunalbestyrelsen-rykker-ind-i-arenaen\/\" \/>\n<meta property=\"og:locale\" content=\"da_DK\" \/>\n<meta property=\"og:type\" content=\"article\" \/>\n<meta property=\"og:title\" content=\"Kommunalbestyrelsen rykker ind i arenaen - Mors\" \/>\n<meta property=\"og:description\" content=\"NYK\u00d8BING: Efter to m\u00f8der uden adgang for offentligheden bliver det igen muligt for \u00f8ens borgere at se medlemmerne af kommunalbestyrelsen over skuldrene, n\u00e5r beslutninger p\u00e5 \u00f8ens vegne skal tages. P\u00e5 grund af coronakrisen har de seneste to m\u00f8der v\u00e6ret forbeholdt pressen, og udover embedsm\u00e6nd har borgmester Hans Ejner Bertelsen (V) v\u00e6ret eneste politiker i byr\u00e5dssalen, [&hellip;]\" \/>\n<meta property=\"og:url\" content=\"https:\/\/kunmedierne.dk\/mors\/kommunalbestyrelsen-rykker-ind-i-arenaen\/\" \/>\n<meta property=\"og:site_name\" content=\"Mors\" \/>\n<meta property=\"article:published_time\" content=\"2020-05-31T06:55:10+00:00\" \/>\n<meta property=\"article:modified_time\" content=\"2024-08-12T12:06:03+00:00\" \/>\n<meta property=\"og:image\" content=\"https:\/\/kunmedierne.dk\/mors\/wp-content\/uploads\/2020\/03\/200311-mors\u00f8-kommune2.jpg\" \/>\n\t<meta property=\"og:image:width\" content=\"770\" \/>\n\t<meta property=\"og:image:height\" content=\"513\" \/>\n\t<meta property=\"og:image:type\" content=\"image\/jpeg\" \/>\n<meta name=\"author\" content=\"David H\u00f8jmark\" \/>\n<meta name=\"twitter:card\" content=\"summary_large_image\" \/>\n<meta name=\"twitter:label1\" content=\"Skrevet af\" \/>\n\t<meta name=\"twitter:data1\" content=\"David H\u00f8jmark\" \/>\n\t<meta name=\"twitter:label2\" content=\"Estimeret l\u00e6setid\" \/>\n\t<meta name=\"twitter:data2\" content=\"1 minut\" \/>\n<script type=\"application\/ld+json\" class=\"yoast-schema-graph\">{\"@context\":\"https:\/\/schema.org\",\"@graph\":[{\"@type\":\"Article\",\"@id\":\"https:\/\/kunmedierne.dk\/mors\/kommunalbestyrelsen-rykker-ind-i-arenaen\/#article\",\"isPartOf\":{\"@id\":\"https:\/\/kunmedierne.dk\/mors\/kommunalbestyrelsen-rykker-ind-i-arenaen\/\"},\"author\":{\"name\":\"David H\u00f8jmark\",\"@id\":\"https:\/\/kunmedierne.dk\/mors\/#\/schema\/person\/5fe23251bf1d0abbcdc6f7896579d548\"},\"headline\":\"Kommunalbestyrelsen rykker ind i arenaen\",\"datePublished\":\"2020-05-31T06:55:10+00:00\",\"dateModified\":\"2024-08-12T12:06:03+00:00\",\"mainEntityOfPage\":{\"@id\":\"https:\/\/kunmedierne.dk\/mors\/kommunalbestyrelsen-rykker-ind-i-arenaen\/\"},\"wordCount\":201,\"commentCount\":0,\"publisher\":{\"@id\":\"https:\/\/kunmedierne.dk\/mors\/#organization\"},\"image\":{\"@id\":\"https:\/\/kunmedierne.dk\/mors\/kommunalbestyrelsen-rykker-ind-i-arenaen\/#primaryimage\"},\"thumbnailUrl\":\"https:\/\/kunmedierne.dk\/mors\/wp-content\/uploads\/2020\/03\/200311-mors\u00f8-kommune2.jpg\",\"keywords\":[\"Politik\"],\"articleSection\":[\"Lokalt\"],\"inLanguage\":\"da-DK\",\"potentialAction\":[{\"@type\":\"CommentAction\",\"name\":\"Comment\",\"target\":[\"https:\/\/kunmedierne.dk\/mors\/kommunalbestyrelsen-rykker-ind-i-arenaen\/#respond\"]}]},{\"@type\":\"WebPage\",\"@id\":\"https:\/\/kunmedierne.dk\/mors\/kommunalbestyrelsen-rykker-ind-i-arenaen\/\",\"url\":\"https:\/\/kunmedierne.dk\/mors\/kommunalbestyrelsen-rykker-ind-i-arenaen\/\",\"name\":\"Kommunalbestyrelsen rykker ind i arenaen - Mors\",\"isPartOf\":{\"@id\":\"https:\/\/kunmedierne.dk\/mors\/#website\"},\"primaryImageOfPage\":{\"@id\":\"https:\/\/kunmedierne.dk\/mors\/kommunalbestyrelsen-rykker-ind-i-arenaen\/#primaryimage\"},\"image\":{\"@id\":\"https:\/\/kunmedierne.dk\/mors\/kommunalbestyrelsen-rykker-ind-i-arenaen\/#primaryimage\"},\"thumbnailUrl\":\"https:\/\/kunmedierne.dk\/mors\/wp-content\/uploads\/2020\/03\/200311-mors\u00f8-kommune2.jpg\",\"datePublished\":\"2020-05-31T06:55:10+00:00\",\"dateModified\":\"2024-08-12T12:06:03+00:00\",\"breadcrumb\":{\"@id\":\"https:\/\/kunmedierne.dk\/mors\/kommunalbestyrelsen-rykker-ind-i-arenaen\/#breadcrumb\"},\"inLanguage\":\"da-DK\",\"potentialAction\":[{\"@type\":\"ReadAction\",\"target\":[\"https:\/\/kunmedierne.dk\/mors\/kommunalbestyrelsen-rykker-ind-i-arenaen\/\"]}]},{\"@type\":\"ImageObject\",\"inLanguage\":\"da-DK\",\"@id\":\"https:\/\/kunmedierne.dk\/mors\/kommunalbestyrelsen-rykker-ind-i-arenaen\/#primaryimage\",\"url\":\"https:\/\/kunmedierne.dk\/mors\/wp-content\/uploads\/2020\/03\/200311-mors\u00f8-kommune2.jpg\",\"contentUrl\":\"https:\/\/kunmedierne.dk\/mors\/wp-content\/uploads\/2020\/03\/200311-mors\u00f8-kommune2.jpg\",\"width\":770,\"height\":513,\"caption\":\"Logo: Mors\u00f8 Kommune\"},{\"@type\":\"BreadcrumbList\",\"@id\":\"https:\/\/kunmedierne.dk\/mors\/kommunalbestyrelsen-rykker-ind-i-arenaen\/#breadcrumb\",\"itemListElement\":[{\"@type\":\"ListItem\",\"position\":1,\"name\":\"Hjem\",\"item\":\"https:\/\/kunmedierne.dk\/mors\/\"},{\"@type\":\"ListItem\",\"position\":2,\"name\":\"Kommunalbestyrelsen rykker ind i arenaen\"}]},{\"@type\":\"WebSite\",\"@id\":\"https:\/\/kunmedierne.dk\/mors\/#website\",\"url\":\"https:\/\/kunmedierne.dk\/mors\/\",\"name\":\"Mors\",\"description\":\"et netmedie med journalistik om livet p\u00e5 Mors\",\"publisher\":{\"@id\":\"https:\/\/kunmedierne.dk\/mors\/#organization\"},\"potentialAction\":[{\"@type\":\"SearchAction\",\"target\":{\"@type\":\"EntryPoint\",\"urlTemplate\":\"https:\/\/kunmedierne.dk\/mors\/?s={search_term_string}\"},\"query-input\":{\"@type\":\"PropertyValueSpecification\",\"valueRequired\":true,\"valueName\":\"search_term_string\"}}],\"inLanguage\":\"da-DK\"},{\"@type\":\"Organization\",\"@id\":\"https:\/\/kunmedierne.dk\/mors\/#organization\",\"name\":\"Mors\",\"url\":\"https:\/\/kunmedierne.dk\/mors\/\",\"logo\":{\"@type\":\"ImageObject\",\"inLanguage\":\"da-DK\",\"@id\":\"https:\/\/kunmedierne.dk\/mors\/#\/schema\/logo\/image\/\",\"url\":\"https:\/\/kunmedierne.dk\/mors\/wp-content\/uploads\/2024\/08\/kunmors-logo.svg\",\"contentUrl\":\"https:\/\/kunmedierne.dk\/mors\/wp-content\/uploads\/2024\/08\/kunmors-logo.svg\",\"caption\":\"Mors\"},\"image\":{\"@id\":\"https:\/\/kunmedierne.dk\/mors\/#\/schema\/logo\/image\/\"}},{\"@type\":\"Person\",\"@id\":\"https:\/\/kunmedierne.dk\/mors\/#\/schema\/person\/5fe23251bf1d0abbcdc6f7896579d548\",\"name\":\"David H\u00f8jmark\",\"image\":{\"@type\":\"ImageObject\",\"inLanguage\":\"da-DK\",\"@id\":\"https:\/\/kunmedierne.dk\/mors\/#\/schema\/person\/image\/\",\"url\":\"https:\/\/secure.gravatar.com\/avatar\/4315d6fb9ef244d729989f5f90268eb08d5bf8a3d84402f595fa194bb35784fd?s=96&d=mm&r=g\",\"contentUrl\":\"https:\/\/secure.gravatar.com\/avatar\/4315d6fb9ef244d729989f5f90268eb08d5bf8a3d84402f595fa194bb35784fd?s=96&d=mm&r=g\",\"caption\":\"David H\u00f8jmark\"},\"sameAs\":[\"https:\/\/www.kunmedierne.dk\"],\"url\":\"https:\/\/kunmedierne.dk\/mors\/author\/david\/\"}]}<\/script>\n<!-- \/ Yoast SEO plugin. -->","yoast_head_json":{"title":"Kommunalbestyrelsen rykker ind i arenaen - Mors","robots":{"index":"index","follow":"follow","max-snippet":"max-snippet:-1","max-image-preview":"max-image-preview:large","max-video-preview":"max-video-preview:-1"},"canonical":"https:\/\/kunmedierne.dk\/mors\/kommunalbestyrelsen-rykker-ind-i-arenaen\/","og_locale":"da_DK","og_type":"article","og_title":"Kommunalbestyrelsen rykker ind i arenaen - Mors","og_description":"NYK\u00d8BING: Efter to m\u00f8der uden adgang for offentligheden bliver det igen muligt for \u00f8ens borgere at se medlemmerne af kommunalbestyrelsen over skuldrene, n\u00e5r beslutninger p\u00e5 \u00f8ens vegne skal tages. P\u00e5 grund af coronakrisen har de seneste to m\u00f8der v\u00e6ret forbeholdt pressen, og udover embedsm\u00e6nd har borgmester Hans Ejner Bertelsen (V) v\u00e6ret eneste politiker i byr\u00e5dssalen, [&hellip;]","og_url":"https:\/\/kunmedierne.dk\/mors\/kommunalbestyrelsen-rykker-ind-i-arenaen\/","og_site_name":"Mors","article_published_time":"2020-05-31T06:55:10+00:00","article_modified_time":"2024-08-12T12:06:03+00:00","og_image":[{"width":770,"height":513,"url":"https:\/\/kunmedierne.dk\/mors\/wp-content\/uploads\/2020\/03\/200311-mors\u00f8-kommune2.jpg","type":"image\/jpeg"}],"author":"David H\u00f8jmark","twitter_card":"summary_large_image","twitter_misc":{"Skrevet af":"David H\u00f8jmark","Estimeret l\u00e6setid":"1 minut"},"schema":{"@context":"https:\/\/schema.org","@graph":[{"@type":"Article","@id":"https:\/\/kunmedierne.dk\/mors\/kommunalbestyrelsen-rykker-ind-i-arenaen\/#article","isPartOf":{"@id":"https:\/\/kunmedierne.dk\/mors\/kommunalbestyrelsen-rykker-ind-i-arenaen\/"},"author":{"name":"David H\u00f8jmark","@id":"https:\/\/kunmedierne.dk\/mors\/#\/schema\/person\/5fe23251bf1d0abbcdc6f7896579d548"},"headline":"Kommunalbestyrelsen rykker ind i arenaen","datePublished":"2020-05-31T06:55:10+00:00","dateModified":"2024-08-12T12:06:03+00:00","mainEntityOfPage":{"@id":"https:\/\/kunmedierne.dk\/mors\/kommunalbestyrelsen-rykker-ind-i-arenaen\/"},"wordCount":201,"commentCount":0,"publisher":{"@id":"https:\/\/kunmedierne.dk\/mors\/#organization"},"image":{"@id":"https:\/\/kunmedierne.dk\/mors\/kommunalbestyrelsen-rykker-ind-i-arenaen\/#primaryimage"},"thumbnailUrl":"https:\/\/kunmedierne.dk\/mors\/wp-content\/uploads\/2020\/03\/200311-mors\u00f8-kommune2.jpg","keywords":["Politik"],"articleSection":["Lokalt"],"inLanguage":"da-DK","potentialAction":[{"@type":"CommentAction","name":"Comment","target":["https:\/\/kunmedierne.dk\/mors\/kommunalbestyrelsen-rykker-ind-i-arenaen\/#respond"]}]},{"@type":"WebPage","@id":"https:\/\/kunmedierne.dk\/mors\/kommunalbestyrelsen-rykker-ind-i-arenaen\/","url":"https:\/\/kunmedierne.dk\/mors\/kommunalbestyrelsen-rykker-ind-i-arenaen\/","name":"Kommunalbestyrelsen rykker ind i arenaen - Mors","isPartOf":{"@id":"https:\/\/kunmedierne.dk\/mors\/#website"},"primaryImageOfPage":{"@id":"https:\/\/kunmedierne.dk\/mors\/kommunalbestyrelsen-rykker-ind-i-arenaen\/#primaryimage"},"image":{"@id":"https:\/\/kunmedierne.dk\/mors\/kommunalbestyrelsen-rykker-ind-i-arenaen\/#primaryimage"},"thumbnailUrl":"https:\/\/kunmedierne.dk\/mors\/wp-content\/uploads\/2020\/03\/200311-mors\u00f8-kommune2.jpg","datePublished":"2020-05-31T06:55:10+00:00","dateModified":"2024-08-12T12:06:03+00:00","breadcrumb":{"@id":"https:\/\/kunmedierne.dk\/mors\/kommunalbestyrelsen-rykker-ind-i-arenaen\/#breadcrumb"},"inLanguage":"da-DK","potentialAction":[{"@type":"ReadAction","target":["https:\/\/kunmedierne.dk\/mors\/kommunalbestyrelsen-rykker-ind-i-arenaen\/"]}]},{"@type":"ImageObject","inLanguage":"da-DK","@id":"https:\/\/kunmedierne.dk\/mors\/kommunalbestyrelsen-rykker-ind-i-arenaen\/#primaryimage","url":"https:\/\/kunmedierne.dk\/mors\/wp-content\/uploads\/2020\/03\/200311-mors\u00f8-kommune2.jpg","contentUrl":"https:\/\/kunmedierne.dk\/mors\/wp-content\/uploads\/2020\/03\/200311-mors\u00f8-kommune2.jpg","width":770,"height":513,"caption":"Logo: Mors\u00f8 Kommune"},{"@type":"BreadcrumbList","@id":"https:\/\/kunmedierne.dk\/mors\/kommunalbestyrelsen-rykker-ind-i-arenaen\/#breadcrumb","itemListElement":[{"@type":"ListItem","position":1,"name":"Hjem","item":"https:\/\/kunmedierne.dk\/mors\/"},{"@type":"ListItem","position":2,"name":"Kommunalbestyrelsen rykker ind i arenaen"}]},{"@type":"WebSite","@id":"https:\/\/kunmedierne.dk\/mors\/#website","url":"https:\/\/kunmedierne.dk\/mors\/","name":"Mors","description":"et netmedie med journalistik om livet p\u00e5 Mors","publisher":{"@id":"https:\/\/kunmedierne.dk\/mors\/#organization"},"potentialAction":[{"@type":"SearchAction","target":{"@type":"EntryPoint","urlTemplate":"https:\/\/kunmedierne.dk\/mors\/?s={search_term_string}"},"query-input":{"@type":"PropertyValueSpecification","valueRequired":true,"valueName":"search_term_string"}}],"inLanguage":"da-DK"},{"@type":"Organization","@id":"https:\/\/kunmedierne.dk\/mors\/#organization","name":"Mors","url":"https:\/\/kunmedierne.dk\/mors\/","logo":{"@type":"ImageObject","inLanguage":"da-DK","@id":"https:\/\/kunmedierne.dk\/mors\/#\/schema\/logo\/image\/","url":"https:\/\/kunmedierne.dk\/mors\/wp-content\/uploads\/2024\/08\/kunmors-logo.svg","contentUrl":"https:\/\/kunmedierne.dk\/mors\/wp-content\/uploads\/2024\/08\/kunmors-logo.svg","caption":"Mors"},"image":{"@id":"https:\/\/kunmedierne.dk\/mors\/#\/schema\/logo\/image\/"}},{"@type":"Person","@id":"https:\/\/kunmedierne.dk\/mors\/#\/schema\/person\/5fe23251bf1d0abbcdc6f7896579d548","name":"David H\u00f8jmark","image":{"@type":"ImageObject","inLanguage":"da-DK","@id":"https:\/\/kunmedierne.dk\/mors\/#\/schema\/person\/image\/","url":"https:\/\/secure.gravatar.com\/avatar\/4315d6fb9ef244d729989f5f90268eb08d5bf8a3d84402f595fa194bb35784fd?s=96&d=mm&r=g","contentUrl":"https:\/\/secure.gravatar.com\/avatar\/4315d6fb9ef244d729989f5f90268eb08d5bf8a3d84402f595fa194bb35784fd?s=96&d=mm&r=g","caption":"David H\u00f8jmark"},"sameAs":["https:\/\/www.kunmedierne.dk"],"url":"https:\/\/kunmedierne.dk\/mors\/author\/david\/"}]}},"_links":{"self":[{"href":"https:\/\/kunmedierne.dk\/mors\/wp-json\/wp\/v2\/posts\/23205","targetHints":{"allow":["GET"]}}],"collection":[{"href":"https:\/\/kunmedierne.dk\/mors\/wp-json\/wp\/v2\/posts"}],"about":[{"href":"https:\/\/kunmedierne.dk\/mors\/wp-json\/wp\/v2\/types\/post"}],"author":[{"embeddable":true,"href":"https:\/\/kunmedierne.dk\/mors\/wp-json\/wp\/v2\/users\/8"}],"replies":[{"embeddable":true,"href":"https:\/\/kunmedierne.dk\/mors\/wp-json\/wp\/v2\/comments?post=23205"}],"version-history":[{"count":3,"href":"https:\/\/kunmedierne.dk\/mors\/wp-json\/wp\/v2\/posts\/23205\/revisions"}],"predecessor-version":[{"id":23753,"href":"https:\/\/kunmedierne.dk\/mors\/wp-json\/wp\/v2\/posts\/23205\/revisions\/23753"}],"wp:featuredmedia":[{"embeddable":true,"href":"https:\/\/kunmedierne.dk\/mors\/wp-json\/wp\/v2\/media\/13431"}],"wp:attachment":[{"href":"https:\/\/kunmedierne.dk\/mors\/wp-json\/wp\/v2\/media?parent=23205"}],"wp:term":[{"taxonomy":"category","embeddable":true,"href":"https:\/\/kunmedierne.dk\/mors\/wp-json\/wp\/v2\/categories?post=23205"},{"taxonomy":"post_tag","embeddable":true,"href":"https:\/\/kunmedierne.dk\/mors\/wp-json\/wp\/v2\/tags?post=23205"}],"curies":[{"name":"wp","href":"https:\/\/api.w.org\/{rel}","templated":true}]}}