{"id":23147,"date":"2020-05-30T12:12:14","date_gmt":"2020-05-30T10:12:14","guid":{"rendered":"https:\/\/kunmedierne.dk\/mors\/?p=23147"},"modified":"2024-08-12T14:06:03","modified_gmt":"2024-08-12T12:06:03","slug":"historisk-aftale-skaber-tryghed-paa-erhvervsuddannelserne","status":"publish","type":"post","link":"https:\/\/kunmedierne.dk\/mors\/historisk-aftale-skaber-tryghed-paa-erhvervsuddannelserne\/","title":{"rendered":"Ingen \u00f8konomisk barriere for l\u00e6repladser"},"content":{"rendered":"<p><strong>MORS<\/strong>: En markant \u00f8konomisk h\u00e5ndsr\u00e6kning til danske virksomheder med l\u00e6rlinge og elever. Og en aftale, der hilses varmt velkommen af EUC Nordvest.<\/p>\n<p>S\u00e5dan beskriver den lokale uddannelsesinstitution den aftale, som\u00a0endnu ikke er udm\u00f8ntet i konkrete handlingspapirer, men som i korte tr\u00e6k lyder, at alle danske virksomheder vil f\u00e5 d\u00e6kket 75 procent af deres igangv\u00e6rende l\u00e6rlinges l\u00f8n frem til \u00e5rets udgang. Herudover gives der i samme periode l\u00f8ntilskud til nye aftaler p\u00e5 henholdsvis 90 procent til ordin\u00e6re aftaler og 45 procent p\u00e5 korte aftaler.<\/p>\n<p>&#8220;Det er en fantastisk aftale,&#8221; siger Hans Chr. Jeppesen, direkt\u00f8r for EUC Nordvest.<\/p>\n<p>&#8220;Nu kan alle de mange penge, der ligger i AUB-fonden, komme ud at arbejde og g\u00f8re en forskel hos erhvervsvirksomhederne og for de mange unge, der er i gang med eller skal til at p\u00e5begynde deres erhvervsuddannelse. At der er l\u00e6repladser til eleverne er fuldst\u00e6ndig altafg\u00f8rende for, at vi f\u00e5r uddannet flere og dermed kan im\u00f8dekomme det st\u00e6rkt stigende behov for fagl\u00e6rt arbejdskraft,&#8221; siger han.<\/p>\n<p>Han tilf\u00f8jer, at der nu ikke l\u00e6ngere er nogen \u00f8konomisk barriere for, at endnu flere virksomheder kan melde sig p\u00e5 banen og oprette en eller flere l\u00e6repladser.<\/p>\n<p>&#8220;Det har aldrig v\u00e6ret mere rentabelt at tage l\u00e6rlinge ind,&#8221; fastsl\u00e5r Hans Chr. Jeppesen.<\/p>\n<p>Det er det private arbejdsmarked, der aftager langt st\u00f8rstedelen af landets l\u00e6rlinge og elever, men trepartsaftalen retter ogs\u00e5 fokus mod det offentlige. S\u00e5ledes er der afsat 120 mio. kr. til \u00f8get rekruttering af elever p\u00e5 det offentlige arbejdsmarked. Et udspil, som Hans Chr. Jeppesen forventer vil medf\u00f8re, at man i regionalt og kommunalt regi vil oprette flere l\u00e6repladser til eksempelvis kontorelever, IT-elever, ejendomsserviceteknikerelever, og ern\u00e6ringsassistentelever.<\/p>\n<p>&nbsp;<\/p>\n<p><strong>Et klart signal<\/strong><\/p>\n<p>Selvom praktikpladssituationen p\u00e5 EUC Nordvest ikke pt. giver anledning til blinkende alarmklokker, er den nye aftale alligevel vigtig.<\/p>\n<p>&#8220;&#8216;Det giver en tryghed, at vi nu f\u00e5r s\u00e5 gode kort p\u00e5 h\u00e5nden i forhold til at sikre vores elever et optimalt uddannelsesforl\u00f8b. Og samtidig giver aftalen ogs\u00e5 et klart signal til b\u00e5de unge og voksne om, at de trygt kan s\u00f8ge ind p\u00e5 en erhvervsuddannelse. Arbejdsmarkedets parter og regeringen har med denne aftale med al tydelighed vist, at erhvervsuddannelserne er h\u00f8jt prioriteret, siger Hans Chr. Jeppesen.<\/p>\n<p>P\u00e5 EUC Nordvest venter man nu blot p\u00e5 henvendelserne fra virksomheder, der \u00f8nsker at indg\u00e5 en uddannelsesaftale &#8211; eller vil h\u00f8re om mulighederne.<\/p>\n<p>Sigurd Skovborg fra Stifinder Erhverv p\u00e5 EUC Nordvest siger, at udddannelsesinstitutionen vil kunne hj\u00e6lpe hele vejen.<\/p>\n<p>&#8220;B\u00e5de med information om de nye l\u00f8ntilskud, med praktisk assistance i forbindelse med godkendelse af l\u00e6rested, med udarbejdelse af uddannelsesaftaler og med at finde relevante elev-emner. Kort sagt: Vi hj\u00e6lper med alt det praktiske omkring d\u00e9t at f\u00e5 en l\u00e6rling eller elev,&#8221; siger han.<\/p>\n","protected":false},"excerpt":{"rendered":"<p>MORS: En markant \u00f8konomisk h\u00e5ndsr\u00e6kning til danske virksomheder med l\u00e6rlinge og elever. Og en aftale, der hilses varmt velkommen af EUC Nordvest. S\u00e5dan beskriver den lokale uddannelsesinstitution den aftale, som\u00a0endnu ikke er udm\u00f8ntet i konkrete handlingspapirer, men som i korte tr\u00e6k lyder, at alle danske virksomheder vil f\u00e5 d\u00e6kket 75 procent af deres igangv\u00e6rende l\u00e6rlinges [&hellip;]<\/p>\n","protected":false},"author":8,"featured_media":12227,"comment_status":"open","ping_status":"open","sticky":false,"template":"","format":"standard","meta":{"_acf_changed":false,"footnotes":""},"categories":[51],"tags":[170],"class_list":["post-23147","post","type-post","status-publish","format-standard","has-post-thumbnail","hentry","category-lokalt","tag-uddannelse"],"acf":[],"yoast_head":"<!-- This site is optimized with the Yoast SEO plugin v26.8 - https:\/\/yoast.com\/product\/yoast-seo-wordpress\/ -->\n<title>Ingen \u00f8konomisk barriere for l\u00e6repladser - Mors<\/title>\n<meta name=\"robots\" content=\"index, follow, max-snippet:-1, max-image-preview:large, max-video-preview:-1\" \/>\n<link rel=\"canonical\" href=\"https:\/\/kunmedierne.dk\/mors\/historisk-aftale-skaber-tryghed-paa-erhvervsuddannelserne\/\" \/>\n<meta property=\"og:locale\" content=\"da_DK\" \/>\n<meta property=\"og:type\" content=\"article\" \/>\n<meta property=\"og:title\" content=\"Ingen \u00f8konomisk barriere for l\u00e6repladser - Mors\" \/>\n<meta property=\"og:description\" content=\"MORS: En markant \u00f8konomisk h\u00e5ndsr\u00e6kning til danske virksomheder med l\u00e6rlinge og elever. Og en aftale, der hilses varmt velkommen af EUC Nordvest. S\u00e5dan beskriver den lokale uddannelsesinstitution den aftale, som\u00a0endnu ikke er udm\u00f8ntet i konkrete handlingspapirer, men som i korte tr\u00e6k lyder, at alle danske virksomheder vil f\u00e5 d\u00e6kket 75 procent af deres igangv\u00e6rende l\u00e6rlinges [&hellip;]\" \/>\n<meta property=\"og:url\" content=\"https:\/\/kunmedierne.dk\/mors\/historisk-aftale-skaber-tryghed-paa-erhvervsuddannelserne\/\" \/>\n<meta property=\"og:site_name\" content=\"Mors\" \/>\n<meta property=\"article:published_time\" content=\"2020-05-30T10:12:14+00:00\" \/>\n<meta property=\"article:modified_time\" content=\"2024-08-12T12:06:03+00:00\" \/>\n<meta property=\"og:image\" content=\"https:\/\/kunmedierne.dk\/mors\/wp-content\/uploads\/2020\/03\/200309-euc-nordest.jpg\" \/>\n\t<meta property=\"og:image:width\" content=\"770\" \/>\n\t<meta property=\"og:image:height\" content=\"513\" \/>\n\t<meta property=\"og:image:type\" content=\"image\/jpeg\" \/>\n<meta name=\"author\" content=\"David H\u00f8jmark\" \/>\n<meta name=\"twitter:card\" content=\"summary_large_image\" \/>\n<meta name=\"twitter:label1\" content=\"Skrevet af\" \/>\n\t<meta name=\"twitter:data1\" content=\"David H\u00f8jmark\" \/>\n\t<meta name=\"twitter:label2\" content=\"Estimeret l\u00e6setid\" \/>\n\t<meta name=\"twitter:data2\" content=\"2 minutter\" \/>\n<script type=\"application\/ld+json\" class=\"yoast-schema-graph\">{\"@context\":\"https:\/\/schema.org\",\"@graph\":[{\"@type\":\"Article\",\"@id\":\"https:\/\/kunmedierne.dk\/mors\/historisk-aftale-skaber-tryghed-paa-erhvervsuddannelserne\/#article\",\"isPartOf\":{\"@id\":\"https:\/\/kunmedierne.dk\/mors\/historisk-aftale-skaber-tryghed-paa-erhvervsuddannelserne\/\"},\"author\":{\"name\":\"David H\u00f8jmark\",\"@id\":\"https:\/\/kunmedierne.dk\/mors\/#\/schema\/person\/5fe23251bf1d0abbcdc6f7896579d548\"},\"headline\":\"Ingen \u00f8konomisk barriere for l\u00e6repladser\",\"datePublished\":\"2020-05-30T10:12:14+00:00\",\"dateModified\":\"2024-08-12T12:06:03+00:00\",\"mainEntityOfPage\":{\"@id\":\"https:\/\/kunmedierne.dk\/mors\/historisk-aftale-skaber-tryghed-paa-erhvervsuddannelserne\/\"},\"wordCount\":490,\"commentCount\":0,\"publisher\":{\"@id\":\"https:\/\/kunmedierne.dk\/mors\/#organization\"},\"image\":{\"@id\":\"https:\/\/kunmedierne.dk\/mors\/historisk-aftale-skaber-tryghed-paa-erhvervsuddannelserne\/#primaryimage\"},\"thumbnailUrl\":\"https:\/\/kunmedierne.dk\/mors\/wp-content\/uploads\/2020\/03\/200309-euc-nordest.jpg\",\"keywords\":[\"Skoler og uddannelse\"],\"articleSection\":[\"Lokalt\"],\"inLanguage\":\"da-DK\",\"potentialAction\":[{\"@type\":\"CommentAction\",\"name\":\"Comment\",\"target\":[\"https:\/\/kunmedierne.dk\/mors\/historisk-aftale-skaber-tryghed-paa-erhvervsuddannelserne\/#respond\"]}]},{\"@type\":\"WebPage\",\"@id\":\"https:\/\/kunmedierne.dk\/mors\/historisk-aftale-skaber-tryghed-paa-erhvervsuddannelserne\/\",\"url\":\"https:\/\/kunmedierne.dk\/mors\/historisk-aftale-skaber-tryghed-paa-erhvervsuddannelserne\/\",\"name\":\"Ingen \u00f8konomisk barriere for l\u00e6repladser - Mors\",\"isPartOf\":{\"@id\":\"https:\/\/kunmedierne.dk\/mors\/#website\"},\"primaryImageOfPage\":{\"@id\":\"https:\/\/kunmedierne.dk\/mors\/historisk-aftale-skaber-tryghed-paa-erhvervsuddannelserne\/#primaryimage\"},\"image\":{\"@id\":\"https:\/\/kunmedierne.dk\/mors\/historisk-aftale-skaber-tryghed-paa-erhvervsuddannelserne\/#primaryimage\"},\"thumbnailUrl\":\"https:\/\/kunmedierne.dk\/mors\/wp-content\/uploads\/2020\/03\/200309-euc-nordest.jpg\",\"datePublished\":\"2020-05-30T10:12:14+00:00\",\"dateModified\":\"2024-08-12T12:06:03+00:00\",\"breadcrumb\":{\"@id\":\"https:\/\/kunmedierne.dk\/mors\/historisk-aftale-skaber-tryghed-paa-erhvervsuddannelserne\/#breadcrumb\"},\"inLanguage\":\"da-DK\",\"potentialAction\":[{\"@type\":\"ReadAction\",\"target\":[\"https:\/\/kunmedierne.dk\/mors\/historisk-aftale-skaber-tryghed-paa-erhvervsuddannelserne\/\"]}]},{\"@type\":\"ImageObject\",\"inLanguage\":\"da-DK\",\"@id\":\"https:\/\/kunmedierne.dk\/mors\/historisk-aftale-skaber-tryghed-paa-erhvervsuddannelserne\/#primaryimage\",\"url\":\"https:\/\/kunmedierne.dk\/mors\/wp-content\/uploads\/2020\/03\/200309-euc-nordest.jpg\",\"contentUrl\":\"https:\/\/kunmedierne.dk\/mors\/wp-content\/uploads\/2020\/03\/200309-euc-nordest.jpg\",\"width\":770,\"height\":513},{\"@type\":\"BreadcrumbList\",\"@id\":\"https:\/\/kunmedierne.dk\/mors\/historisk-aftale-skaber-tryghed-paa-erhvervsuddannelserne\/#breadcrumb\",\"itemListElement\":[{\"@type\":\"ListItem\",\"position\":1,\"name\":\"Hjem\",\"item\":\"https:\/\/kunmedierne.dk\/mors\/\"},{\"@type\":\"ListItem\",\"position\":2,\"name\":\"Ingen \u00f8konomisk barriere for l\u00e6repladser\"}]},{\"@type\":\"WebSite\",\"@id\":\"https:\/\/kunmedierne.dk\/mors\/#website\",\"url\":\"https:\/\/kunmedierne.dk\/mors\/\",\"name\":\"Mors\",\"description\":\"et netmedie med journalistik om livet p\u00e5 Mors\",\"publisher\":{\"@id\":\"https:\/\/kunmedierne.dk\/mors\/#organization\"},\"potentialAction\":[{\"@type\":\"SearchAction\",\"target\":{\"@type\":\"EntryPoint\",\"urlTemplate\":\"https:\/\/kunmedierne.dk\/mors\/?s={search_term_string}\"},\"query-input\":{\"@type\":\"PropertyValueSpecification\",\"valueRequired\":true,\"valueName\":\"search_term_string\"}}],\"inLanguage\":\"da-DK\"},{\"@type\":\"Organization\",\"@id\":\"https:\/\/kunmedierne.dk\/mors\/#organization\",\"name\":\"Mors\",\"url\":\"https:\/\/kunmedierne.dk\/mors\/\",\"logo\":{\"@type\":\"ImageObject\",\"inLanguage\":\"da-DK\",\"@id\":\"https:\/\/kunmedierne.dk\/mors\/#\/schema\/logo\/image\/\",\"url\":\"https:\/\/kunmedierne.dk\/mors\/wp-content\/uploads\/2024\/08\/kunmors-logo.svg\",\"contentUrl\":\"https:\/\/kunmedierne.dk\/mors\/wp-content\/uploads\/2024\/08\/kunmors-logo.svg\",\"caption\":\"Mors\"},\"image\":{\"@id\":\"https:\/\/kunmedierne.dk\/mors\/#\/schema\/logo\/image\/\"}},{\"@type\":\"Person\",\"@id\":\"https:\/\/kunmedierne.dk\/mors\/#\/schema\/person\/5fe23251bf1d0abbcdc6f7896579d548\",\"name\":\"David H\u00f8jmark\",\"image\":{\"@type\":\"ImageObject\",\"inLanguage\":\"da-DK\",\"@id\":\"https:\/\/kunmedierne.dk\/mors\/#\/schema\/person\/image\/\",\"url\":\"https:\/\/secure.gravatar.com\/avatar\/4315d6fb9ef244d729989f5f90268eb08d5bf8a3d84402f595fa194bb35784fd?s=96&d=mm&r=g\",\"contentUrl\":\"https:\/\/secure.gravatar.com\/avatar\/4315d6fb9ef244d729989f5f90268eb08d5bf8a3d84402f595fa194bb35784fd?s=96&d=mm&r=g\",\"caption\":\"David H\u00f8jmark\"},\"sameAs\":[\"https:\/\/www.kunmedierne.dk\"],\"url\":\"https:\/\/kunmedierne.dk\/mors\/author\/david\/\"}]}<\/script>\n<!-- \/ Yoast SEO plugin. -->","yoast_head_json":{"title":"Ingen \u00f8konomisk barriere for l\u00e6repladser - Mors","robots":{"index":"index","follow":"follow","max-snippet":"max-snippet:-1","max-image-preview":"max-image-preview:large","max-video-preview":"max-video-preview:-1"},"canonical":"https:\/\/kunmedierne.dk\/mors\/historisk-aftale-skaber-tryghed-paa-erhvervsuddannelserne\/","og_locale":"da_DK","og_type":"article","og_title":"Ingen \u00f8konomisk barriere for l\u00e6repladser - Mors","og_description":"MORS: En markant \u00f8konomisk h\u00e5ndsr\u00e6kning til danske virksomheder med l\u00e6rlinge og elever. Og en aftale, der hilses varmt velkommen af EUC Nordvest. S\u00e5dan beskriver den lokale uddannelsesinstitution den aftale, som\u00a0endnu ikke er udm\u00f8ntet i konkrete handlingspapirer, men som i korte tr\u00e6k lyder, at alle danske virksomheder vil f\u00e5 d\u00e6kket 75 procent af deres igangv\u00e6rende l\u00e6rlinges [&hellip;]","og_url":"https:\/\/kunmedierne.dk\/mors\/historisk-aftale-skaber-tryghed-paa-erhvervsuddannelserne\/","og_site_name":"Mors","article_published_time":"2020-05-30T10:12:14+00:00","article_modified_time":"2024-08-12T12:06:03+00:00","og_image":[{"width":770,"height":513,"url":"https:\/\/kunmedierne.dk\/mors\/wp-content\/uploads\/2020\/03\/200309-euc-nordest.jpg","type":"image\/jpeg"}],"author":"David H\u00f8jmark","twitter_card":"summary_large_image","twitter_misc":{"Skrevet af":"David H\u00f8jmark","Estimeret l\u00e6setid":"2 minutter"},"schema":{"@context":"https:\/\/schema.org","@graph":[{"@type":"Article","@id":"https:\/\/kunmedierne.dk\/mors\/historisk-aftale-skaber-tryghed-paa-erhvervsuddannelserne\/#article","isPartOf":{"@id":"https:\/\/kunmedierne.dk\/mors\/historisk-aftale-skaber-tryghed-paa-erhvervsuddannelserne\/"},"author":{"name":"David H\u00f8jmark","@id":"https:\/\/kunmedierne.dk\/mors\/#\/schema\/person\/5fe23251bf1d0abbcdc6f7896579d548"},"headline":"Ingen \u00f8konomisk barriere for l\u00e6repladser","datePublished":"2020-05-30T10:12:14+00:00","dateModified":"2024-08-12T12:06:03+00:00","mainEntityOfPage":{"@id":"https:\/\/kunmedierne.dk\/mors\/historisk-aftale-skaber-tryghed-paa-erhvervsuddannelserne\/"},"wordCount":490,"commentCount":0,"publisher":{"@id":"https:\/\/kunmedierne.dk\/mors\/#organization"},"image":{"@id":"https:\/\/kunmedierne.dk\/mors\/historisk-aftale-skaber-tryghed-paa-erhvervsuddannelserne\/#primaryimage"},"thumbnailUrl":"https:\/\/kunmedierne.dk\/mors\/wp-content\/uploads\/2020\/03\/200309-euc-nordest.jpg","keywords":["Skoler og uddannelse"],"articleSection":["Lokalt"],"inLanguage":"da-DK","potentialAction":[{"@type":"CommentAction","name":"Comment","target":["https:\/\/kunmedierne.dk\/mors\/historisk-aftale-skaber-tryghed-paa-erhvervsuddannelserne\/#respond"]}]},{"@type":"WebPage","@id":"https:\/\/kunmedierne.dk\/mors\/historisk-aftale-skaber-tryghed-paa-erhvervsuddannelserne\/","url":"https:\/\/kunmedierne.dk\/mors\/historisk-aftale-skaber-tryghed-paa-erhvervsuddannelserne\/","name":"Ingen \u00f8konomisk barriere for l\u00e6repladser - Mors","isPartOf":{"@id":"https:\/\/kunmedierne.dk\/mors\/#website"},"primaryImageOfPage":{"@id":"https:\/\/kunmedierne.dk\/mors\/historisk-aftale-skaber-tryghed-paa-erhvervsuddannelserne\/#primaryimage"},"image":{"@id":"https:\/\/kunmedierne.dk\/mors\/historisk-aftale-skaber-tryghed-paa-erhvervsuddannelserne\/#primaryimage"},"thumbnailUrl":"https:\/\/kunmedierne.dk\/mors\/wp-content\/uploads\/2020\/03\/200309-euc-nordest.jpg","datePublished":"2020-05-30T10:12:14+00:00","dateModified":"2024-08-12T12:06:03+00:00","breadcrumb":{"@id":"https:\/\/kunmedierne.dk\/mors\/historisk-aftale-skaber-tryghed-paa-erhvervsuddannelserne\/#breadcrumb"},"inLanguage":"da-DK","potentialAction":[{"@type":"ReadAction","target":["https:\/\/kunmedierne.dk\/mors\/historisk-aftale-skaber-tryghed-paa-erhvervsuddannelserne\/"]}]},{"@type":"ImageObject","inLanguage":"da-DK","@id":"https:\/\/kunmedierne.dk\/mors\/historisk-aftale-skaber-tryghed-paa-erhvervsuddannelserne\/#primaryimage","url":"https:\/\/kunmedierne.dk\/mors\/wp-content\/uploads\/2020\/03\/200309-euc-nordest.jpg","contentUrl":"https:\/\/kunmedierne.dk\/mors\/wp-content\/uploads\/2020\/03\/200309-euc-nordest.jpg","width":770,"height":513},{"@type":"BreadcrumbList","@id":"https:\/\/kunmedierne.dk\/mors\/historisk-aftale-skaber-tryghed-paa-erhvervsuddannelserne\/#breadcrumb","itemListElement":[{"@type":"ListItem","position":1,"name":"Hjem","item":"https:\/\/kunmedierne.dk\/mors\/"},{"@type":"ListItem","position":2,"name":"Ingen \u00f8konomisk barriere for l\u00e6repladser"}]},{"@type":"WebSite","@id":"https:\/\/kunmedierne.dk\/mors\/#website","url":"https:\/\/kunmedierne.dk\/mors\/","name":"Mors","description":"et netmedie med journalistik om livet p\u00e5 Mors","publisher":{"@id":"https:\/\/kunmedierne.dk\/mors\/#organization"},"potentialAction":[{"@type":"SearchAction","target":{"@type":"EntryPoint","urlTemplate":"https:\/\/kunmedierne.dk\/mors\/?s={search_term_string}"},"query-input":{"@type":"PropertyValueSpecification","valueRequired":true,"valueName":"search_term_string"}}],"inLanguage":"da-DK"},{"@type":"Organization","@id":"https:\/\/kunmedierne.dk\/mors\/#organization","name":"Mors","url":"https:\/\/kunmedierne.dk\/mors\/","logo":{"@type":"ImageObject","inLanguage":"da-DK","@id":"https:\/\/kunmedierne.dk\/mors\/#\/schema\/logo\/image\/","url":"https:\/\/kunmedierne.dk\/mors\/wp-content\/uploads\/2024\/08\/kunmors-logo.svg","contentUrl":"https:\/\/kunmedierne.dk\/mors\/wp-content\/uploads\/2024\/08\/kunmors-logo.svg","caption":"Mors"},"image":{"@id":"https:\/\/kunmedierne.dk\/mors\/#\/schema\/logo\/image\/"}},{"@type":"Person","@id":"https:\/\/kunmedierne.dk\/mors\/#\/schema\/person\/5fe23251bf1d0abbcdc6f7896579d548","name":"David H\u00f8jmark","image":{"@type":"ImageObject","inLanguage":"da-DK","@id":"https:\/\/kunmedierne.dk\/mors\/#\/schema\/person\/image\/","url":"https:\/\/secure.gravatar.com\/avatar\/4315d6fb9ef244d729989f5f90268eb08d5bf8a3d84402f595fa194bb35784fd?s=96&d=mm&r=g","contentUrl":"https:\/\/secure.gravatar.com\/avatar\/4315d6fb9ef244d729989f5f90268eb08d5bf8a3d84402f595fa194bb35784fd?s=96&d=mm&r=g","caption":"David H\u00f8jmark"},"sameAs":["https:\/\/www.kunmedierne.dk"],"url":"https:\/\/kunmedierne.dk\/mors\/author\/david\/"}]}},"_links":{"self":[{"href":"https:\/\/kunmedierne.dk\/mors\/wp-json\/wp\/v2\/posts\/23147","targetHints":{"allow":["GET"]}}],"collection":[{"href":"https:\/\/kunmedierne.dk\/mors\/wp-json\/wp\/v2\/posts"}],"about":[{"href":"https:\/\/kunmedierne.dk\/mors\/wp-json\/wp\/v2\/types\/post"}],"author":[{"embeddable":true,"href":"https:\/\/kunmedierne.dk\/mors\/wp-json\/wp\/v2\/users\/8"}],"replies":[{"embeddable":true,"href":"https:\/\/kunmedierne.dk\/mors\/wp-json\/wp\/v2\/comments?post=23147"}],"version-history":[{"count":3,"href":"https:\/\/kunmedierne.dk\/mors\/wp-json\/wp\/v2\/posts\/23147\/revisions"}],"predecessor-version":[{"id":23151,"href":"https:\/\/kunmedierne.dk\/mors\/wp-json\/wp\/v2\/posts\/23147\/revisions\/23151"}],"wp:featuredmedia":[{"embeddable":true,"href":"https:\/\/kunmedierne.dk\/mors\/wp-json\/wp\/v2\/media\/12227"}],"wp:attachment":[{"href":"https:\/\/kunmedierne.dk\/mors\/wp-json\/wp\/v2\/media?parent=23147"}],"wp:term":[{"taxonomy":"category","embeddable":true,"href":"https:\/\/kunmedierne.dk\/mors\/wp-json\/wp\/v2\/categories?post=23147"},{"taxonomy":"post_tag","embeddable":true,"href":"https:\/\/kunmedierne.dk\/mors\/wp-json\/wp\/v2\/tags?post=23147"}],"curies":[{"name":"wp","href":"https:\/\/api.w.org\/{rel}","templated":true}]}}