{"id":23103,"date":"2020-05-29T19:35:34","date_gmt":"2020-05-29T17:35:34","guid":{"rendered":"https:\/\/kunmedierne.dk\/mors\/?p=23103"},"modified":"2024-08-12T14:06:04","modified_gmt":"2024-08-12T12:06:04","slug":"nif-nif-aabner-ikke-igen-efter-brand","status":"publish","type":"post","link":"https:\/\/kunmedierne.dk\/mors\/nif-nif-aabner-ikke-igen-efter-brand\/","title":{"rendered":"NIF-NIF \u00e5bner ikke igen efter brand"},"content":{"rendered":"<p><strong>NYK\u00d8BING<\/strong>: &#8220;K\u00c6RE VERDENS BEDSTE KUNDER\u00a0<span class=\"_5mfr\"><span class=\"_6qdm\">\u2764\ufe0f <\/span><\/span>NIF-NIF \u00e5bner IKKE igen.&#8221;<\/p>\n<p>S\u00e5dan begynder et Facebook-opslag fredag aften for b\u00f8rnet\u00f8jsbutikken NIF-NIF\/2nd street. Lidt mere end tre uger efter, at butikken br\u00e6ndte, har indehaver Helle Lynggaard taget den tunge beslutning ikke at \u00e5bne den igen.<\/p>\n<p>&#8220;Lysten er br\u00e6ndt ud<span class=\"_5mfr\"><span class=\"_6qdm\">\ud83d\ude22. <\/span><\/span>En m\u00e6rkelig f\u00f8lelse. Men jeg bliver n\u00f8d til at tage min mavefornemmelse alvorligt.\u00a0<span class=\"_5mfr\"><span class=\"_6qdm\">\ud83d\ude1e<\/span><\/span><span class=\"_5mfr\"><span class=\"_6qdm\">\u2764\ufe0f <\/span><\/span>Nu skal jeg til at finde mig selv,&#8221; skriver hun blandt andet i opslaget, der omg\u00e5ende har f\u00e5et mange sympatierklaringer.<\/p>\n<p>Da KunMors <a href=\"https:\/\/kunmedierne.dk\/mors\/da-helle-blev-passager-til-sin-egen-ulykke\/\" target=\"_blank\" rel=\"noopener noreferrer\">p\u00e5 dagen<\/a> for branden 6. maj talte med Helle Lynggaard, var hun i tvivl, om hun havde lyst til at genopstarte.<\/p>\n<p>&#8220;Om jeg har mod p\u00e5 det, ved jeg ikke. Det er jo forfra, og det er nogle tanker, jeg skal til at g\u00f8re mig nu. Det er jo fra scratch, og der er mange tanker, der kommer indover nu,&#8221; sagde hun efter en dag, der trak hendes livsv\u00e6rk v\u00e6k under benene p\u00e5 hende.<\/p>\n<p>Nu har hun alts\u00e5 taget beslutningen om ikke at gen\u00e5bne. Samtidig sender hun i sit opslag en tak til de mange, der har st\u00f8ttet hende i de tre uger efter branden.<\/p>\n<p>&#8220;Jeg er jer DYBT TAKNEMMELIG for jeres tanker og omsorg i denne sv\u00e6re og urealistisk tid<span class=\"_5mfr\"><span class=\"_6qdm\">\ud83d\ude22,&#8221; skriver Helle Lynggaard.<\/span><\/span><\/p>\n<p>https:\/\/www.facebook.com\/NifNIf2street\/posts\/2670321383067674<\/p>\n<p>&nbsp;<\/p>\n","protected":false},"excerpt":{"rendered":"<p>NYK\u00d8BING: &#8220;K\u00c6RE VERDENS BEDSTE KUNDER\u00a0\u2764\ufe0f NIF-NIF \u00e5bner IKKE igen.&#8221; S\u00e5dan begynder et Facebook-opslag fredag aften for b\u00f8rnet\u00f8jsbutikken NIF-NIF\/2nd street. Lidt mere end tre uger efter, at butikken br\u00e6ndte, har indehaver Helle Lynggaard taget den tunge beslutning ikke at \u00e5bne den igen. &#8220;Lysten er br\u00e6ndt ud\ud83d\ude22. En m\u00e6rkelig f\u00f8lelse. Men jeg bliver n\u00f8d til at tage [&hellip;]<\/p>\n","protected":false},"author":8,"featured_media":20572,"comment_status":"open","ping_status":"open","sticky":false,"template":"","format":"standard","meta":{"_acf_changed":false,"footnotes":""},"categories":[51],"tags":[160],"class_list":["post-23103","post","type-post","status-publish","format-standard","has-post-thumbnail","hentry","category-lokalt","tag-handel"],"acf":[],"yoast_head":"<!-- This site is optimized with the Yoast SEO plugin v26.8 - https:\/\/yoast.com\/product\/yoast-seo-wordpress\/ -->\n<title>NIF-NIF \u00e5bner ikke igen efter brand - Mors<\/title>\n<meta name=\"robots\" content=\"index, follow, max-snippet:-1, max-image-preview:large, max-video-preview:-1\" \/>\n<link rel=\"canonical\" href=\"https:\/\/kunmedierne.dk\/mors\/nif-nif-aabner-ikke-igen-efter-brand\/\" \/>\n<meta property=\"og:locale\" content=\"da_DK\" \/>\n<meta property=\"og:type\" content=\"article\" \/>\n<meta property=\"og:title\" content=\"NIF-NIF \u00e5bner ikke igen efter brand - Mors\" \/>\n<meta property=\"og:description\" content=\"NYK\u00d8BING: &#8220;K\u00c6RE VERDENS BEDSTE KUNDER\u00a0\u2764\ufe0f NIF-NIF \u00e5bner IKKE igen.&#8221; S\u00e5dan begynder et Facebook-opslag fredag aften for b\u00f8rnet\u00f8jsbutikken NIF-NIF\/2nd street. Lidt mere end tre uger efter, at butikken br\u00e6ndte, har indehaver Helle Lynggaard taget den tunge beslutning ikke at \u00e5bne den igen. &#8220;Lysten er br\u00e6ndt ud\ud83d\ude22. En m\u00e6rkelig f\u00f8lelse. Men jeg bliver n\u00f8d til at tage [&hellip;]\" \/>\n<meta property=\"og:url\" content=\"https:\/\/kunmedierne.dk\/mors\/nif-nif-aabner-ikke-igen-efter-brand\/\" \/>\n<meta property=\"og:site_name\" content=\"Mors\" \/>\n<meta property=\"article:published_time\" content=\"2020-05-29T17:35:34+00:00\" \/>\n<meta property=\"article:modified_time\" content=\"2024-08-12T12:06:04+00:00\" \/>\n<meta property=\"og:image\" content=\"https:\/\/kunmedierne.dk\/mors\/wp-content\/uploads\/2020\/05\/brand\u00bd1.jpg\" \/>\n\t<meta property=\"og:image:width\" content=\"770\" \/>\n\t<meta property=\"og:image:height\" content=\"513\" \/>\n\t<meta property=\"og:image:type\" content=\"image\/jpeg\" \/>\n<meta name=\"author\" content=\"David H\u00f8jmark\" \/>\n<meta name=\"twitter:card\" content=\"summary_large_image\" \/>\n<meta name=\"twitter:label1\" content=\"Skrevet af\" \/>\n\t<meta name=\"twitter:data1\" content=\"David H\u00f8jmark\" \/>\n\t<meta name=\"twitter:label2\" content=\"Estimeret l\u00e6setid\" \/>\n\t<meta name=\"twitter:data2\" content=\"1 minut\" \/>\n<script type=\"application\/ld+json\" class=\"yoast-schema-graph\">{\"@context\":\"https:\/\/schema.org\",\"@graph\":[{\"@type\":\"Article\",\"@id\":\"https:\/\/kunmedierne.dk\/mors\/nif-nif-aabner-ikke-igen-efter-brand\/#article\",\"isPartOf\":{\"@id\":\"https:\/\/kunmedierne.dk\/mors\/nif-nif-aabner-ikke-igen-efter-brand\/\"},\"author\":{\"name\":\"David H\u00f8jmark\",\"@id\":\"https:\/\/kunmedierne.dk\/mors\/#\/schema\/person\/5fe23251bf1d0abbcdc6f7896579d548\"},\"headline\":\"NIF-NIF \u00e5bner ikke igen efter brand\",\"datePublished\":\"2020-05-29T17:35:34+00:00\",\"dateModified\":\"2024-08-12T12:06:04+00:00\",\"mainEntityOfPage\":{\"@id\":\"https:\/\/kunmedierne.dk\/mors\/nif-nif-aabner-ikke-igen-efter-brand\/\"},\"wordCount\":236,\"commentCount\":0,\"publisher\":{\"@id\":\"https:\/\/kunmedierne.dk\/mors\/#organization\"},\"image\":{\"@id\":\"https:\/\/kunmedierne.dk\/mors\/nif-nif-aabner-ikke-igen-efter-brand\/#primaryimage\"},\"thumbnailUrl\":\"https:\/\/kunmedierne.dk\/mors\/wp-content\/uploads\/2020\/05\/brand\u00bd1.jpg\",\"keywords\":[\"Handel\"],\"articleSection\":[\"Lokalt\"],\"inLanguage\":\"da-DK\",\"potentialAction\":[{\"@type\":\"CommentAction\",\"name\":\"Comment\",\"target\":[\"https:\/\/kunmedierne.dk\/mors\/nif-nif-aabner-ikke-igen-efter-brand\/#respond\"]}]},{\"@type\":\"WebPage\",\"@id\":\"https:\/\/kunmedierne.dk\/mors\/nif-nif-aabner-ikke-igen-efter-brand\/\",\"url\":\"https:\/\/kunmedierne.dk\/mors\/nif-nif-aabner-ikke-igen-efter-brand\/\",\"name\":\"NIF-NIF \u00e5bner ikke igen efter brand - Mors\",\"isPartOf\":{\"@id\":\"https:\/\/kunmedierne.dk\/mors\/#website\"},\"primaryImageOfPage\":{\"@id\":\"https:\/\/kunmedierne.dk\/mors\/nif-nif-aabner-ikke-igen-efter-brand\/#primaryimage\"},\"image\":{\"@id\":\"https:\/\/kunmedierne.dk\/mors\/nif-nif-aabner-ikke-igen-efter-brand\/#primaryimage\"},\"thumbnailUrl\":\"https:\/\/kunmedierne.dk\/mors\/wp-content\/uploads\/2020\/05\/brand\u00bd1.jpg\",\"datePublished\":\"2020-05-29T17:35:34+00:00\",\"dateModified\":\"2024-08-12T12:06:04+00:00\",\"breadcrumb\":{\"@id\":\"https:\/\/kunmedierne.dk\/mors\/nif-nif-aabner-ikke-igen-efter-brand\/#breadcrumb\"},\"inLanguage\":\"da-DK\",\"potentialAction\":[{\"@type\":\"ReadAction\",\"target\":[\"https:\/\/kunmedierne.dk\/mors\/nif-nif-aabner-ikke-igen-efter-brand\/\"]}]},{\"@type\":\"ImageObject\",\"inLanguage\":\"da-DK\",\"@id\":\"https:\/\/kunmedierne.dk\/mors\/nif-nif-aabner-ikke-igen-efter-brand\/#primaryimage\",\"url\":\"https:\/\/kunmedierne.dk\/mors\/wp-content\/uploads\/2020\/05\/brand\u00bd1.jpg\",\"contentUrl\":\"https:\/\/kunmedierne.dk\/mors\/wp-content\/uploads\/2020\/05\/brand\u00bd1.jpg\",\"width\":770,\"height\":513,\"caption\":\"Foto: David H\u00f8jmark\"},{\"@type\":\"BreadcrumbList\",\"@id\":\"https:\/\/kunmedierne.dk\/mors\/nif-nif-aabner-ikke-igen-efter-brand\/#breadcrumb\",\"itemListElement\":[{\"@type\":\"ListItem\",\"position\":1,\"name\":\"Hjem\",\"item\":\"https:\/\/kunmedierne.dk\/mors\/\"},{\"@type\":\"ListItem\",\"position\":2,\"name\":\"NIF-NIF \u00e5bner ikke igen efter brand\"}]},{\"@type\":\"WebSite\",\"@id\":\"https:\/\/kunmedierne.dk\/mors\/#website\",\"url\":\"https:\/\/kunmedierne.dk\/mors\/\",\"name\":\"Mors\",\"description\":\"et netmedie med journalistik om livet p\u00e5 Mors\",\"publisher\":{\"@id\":\"https:\/\/kunmedierne.dk\/mors\/#organization\"},\"potentialAction\":[{\"@type\":\"SearchAction\",\"target\":{\"@type\":\"EntryPoint\",\"urlTemplate\":\"https:\/\/kunmedierne.dk\/mors\/?s={search_term_string}\"},\"query-input\":{\"@type\":\"PropertyValueSpecification\",\"valueRequired\":true,\"valueName\":\"search_term_string\"}}],\"inLanguage\":\"da-DK\"},{\"@type\":\"Organization\",\"@id\":\"https:\/\/kunmedierne.dk\/mors\/#organization\",\"name\":\"Mors\",\"url\":\"https:\/\/kunmedierne.dk\/mors\/\",\"logo\":{\"@type\":\"ImageObject\",\"inLanguage\":\"da-DK\",\"@id\":\"https:\/\/kunmedierne.dk\/mors\/#\/schema\/logo\/image\/\",\"url\":\"https:\/\/kunmedierne.dk\/mors\/wp-content\/uploads\/2024\/08\/kunmors-logo.svg\",\"contentUrl\":\"https:\/\/kunmedierne.dk\/mors\/wp-content\/uploads\/2024\/08\/kunmors-logo.svg\",\"caption\":\"Mors\"},\"image\":{\"@id\":\"https:\/\/kunmedierne.dk\/mors\/#\/schema\/logo\/image\/\"}},{\"@type\":\"Person\",\"@id\":\"https:\/\/kunmedierne.dk\/mors\/#\/schema\/person\/5fe23251bf1d0abbcdc6f7896579d548\",\"name\":\"David H\u00f8jmark\",\"image\":{\"@type\":\"ImageObject\",\"inLanguage\":\"da-DK\",\"@id\":\"https:\/\/kunmedierne.dk\/mors\/#\/schema\/person\/image\/\",\"url\":\"https:\/\/secure.gravatar.com\/avatar\/4315d6fb9ef244d729989f5f90268eb08d5bf8a3d84402f595fa194bb35784fd?s=96&d=mm&r=g\",\"contentUrl\":\"https:\/\/secure.gravatar.com\/avatar\/4315d6fb9ef244d729989f5f90268eb08d5bf8a3d84402f595fa194bb35784fd?s=96&d=mm&r=g\",\"caption\":\"David H\u00f8jmark\"},\"sameAs\":[\"https:\/\/www.kunmedierne.dk\"],\"url\":\"https:\/\/kunmedierne.dk\/mors\/author\/david\/\"}]}<\/script>\n<!-- \/ Yoast SEO plugin. -->","yoast_head_json":{"title":"NIF-NIF \u00e5bner ikke igen efter brand - Mors","robots":{"index":"index","follow":"follow","max-snippet":"max-snippet:-1","max-image-preview":"max-image-preview:large","max-video-preview":"max-video-preview:-1"},"canonical":"https:\/\/kunmedierne.dk\/mors\/nif-nif-aabner-ikke-igen-efter-brand\/","og_locale":"da_DK","og_type":"article","og_title":"NIF-NIF \u00e5bner ikke igen efter brand - Mors","og_description":"NYK\u00d8BING: &#8220;K\u00c6RE VERDENS BEDSTE KUNDER\u00a0\u2764\ufe0f NIF-NIF \u00e5bner IKKE igen.&#8221; S\u00e5dan begynder et Facebook-opslag fredag aften for b\u00f8rnet\u00f8jsbutikken NIF-NIF\/2nd street. Lidt mere end tre uger efter, at butikken br\u00e6ndte, har indehaver Helle Lynggaard taget den tunge beslutning ikke at \u00e5bne den igen. &#8220;Lysten er br\u00e6ndt ud\ud83d\ude22. En m\u00e6rkelig f\u00f8lelse. Men jeg bliver n\u00f8d til at tage [&hellip;]","og_url":"https:\/\/kunmedierne.dk\/mors\/nif-nif-aabner-ikke-igen-efter-brand\/","og_site_name":"Mors","article_published_time":"2020-05-29T17:35:34+00:00","article_modified_time":"2024-08-12T12:06:04+00:00","og_image":[{"width":770,"height":513,"url":"https:\/\/kunmedierne.dk\/mors\/wp-content\/uploads\/2020\/05\/brand\u00bd1.jpg","type":"image\/jpeg"}],"author":"David H\u00f8jmark","twitter_card":"summary_large_image","twitter_misc":{"Skrevet af":"David H\u00f8jmark","Estimeret l\u00e6setid":"1 minut"},"schema":{"@context":"https:\/\/schema.org","@graph":[{"@type":"Article","@id":"https:\/\/kunmedierne.dk\/mors\/nif-nif-aabner-ikke-igen-efter-brand\/#article","isPartOf":{"@id":"https:\/\/kunmedierne.dk\/mors\/nif-nif-aabner-ikke-igen-efter-brand\/"},"author":{"name":"David H\u00f8jmark","@id":"https:\/\/kunmedierne.dk\/mors\/#\/schema\/person\/5fe23251bf1d0abbcdc6f7896579d548"},"headline":"NIF-NIF \u00e5bner ikke igen efter brand","datePublished":"2020-05-29T17:35:34+00:00","dateModified":"2024-08-12T12:06:04+00:00","mainEntityOfPage":{"@id":"https:\/\/kunmedierne.dk\/mors\/nif-nif-aabner-ikke-igen-efter-brand\/"},"wordCount":236,"commentCount":0,"publisher":{"@id":"https:\/\/kunmedierne.dk\/mors\/#organization"},"image":{"@id":"https:\/\/kunmedierne.dk\/mors\/nif-nif-aabner-ikke-igen-efter-brand\/#primaryimage"},"thumbnailUrl":"https:\/\/kunmedierne.dk\/mors\/wp-content\/uploads\/2020\/05\/brand\u00bd1.jpg","keywords":["Handel"],"articleSection":["Lokalt"],"inLanguage":"da-DK","potentialAction":[{"@type":"CommentAction","name":"Comment","target":["https:\/\/kunmedierne.dk\/mors\/nif-nif-aabner-ikke-igen-efter-brand\/#respond"]}]},{"@type":"WebPage","@id":"https:\/\/kunmedierne.dk\/mors\/nif-nif-aabner-ikke-igen-efter-brand\/","url":"https:\/\/kunmedierne.dk\/mors\/nif-nif-aabner-ikke-igen-efter-brand\/","name":"NIF-NIF \u00e5bner ikke igen efter brand - Mors","isPartOf":{"@id":"https:\/\/kunmedierne.dk\/mors\/#website"},"primaryImageOfPage":{"@id":"https:\/\/kunmedierne.dk\/mors\/nif-nif-aabner-ikke-igen-efter-brand\/#primaryimage"},"image":{"@id":"https:\/\/kunmedierne.dk\/mors\/nif-nif-aabner-ikke-igen-efter-brand\/#primaryimage"},"thumbnailUrl":"https:\/\/kunmedierne.dk\/mors\/wp-content\/uploads\/2020\/05\/brand\u00bd1.jpg","datePublished":"2020-05-29T17:35:34+00:00","dateModified":"2024-08-12T12:06:04+00:00","breadcrumb":{"@id":"https:\/\/kunmedierne.dk\/mors\/nif-nif-aabner-ikke-igen-efter-brand\/#breadcrumb"},"inLanguage":"da-DK","potentialAction":[{"@type":"ReadAction","target":["https:\/\/kunmedierne.dk\/mors\/nif-nif-aabner-ikke-igen-efter-brand\/"]}]},{"@type":"ImageObject","inLanguage":"da-DK","@id":"https:\/\/kunmedierne.dk\/mors\/nif-nif-aabner-ikke-igen-efter-brand\/#primaryimage","url":"https:\/\/kunmedierne.dk\/mors\/wp-content\/uploads\/2020\/05\/brand\u00bd1.jpg","contentUrl":"https:\/\/kunmedierne.dk\/mors\/wp-content\/uploads\/2020\/05\/brand\u00bd1.jpg","width":770,"height":513,"caption":"Foto: David H\u00f8jmark"},{"@type":"BreadcrumbList","@id":"https:\/\/kunmedierne.dk\/mors\/nif-nif-aabner-ikke-igen-efter-brand\/#breadcrumb","itemListElement":[{"@type":"ListItem","position":1,"name":"Hjem","item":"https:\/\/kunmedierne.dk\/mors\/"},{"@type":"ListItem","position":2,"name":"NIF-NIF \u00e5bner ikke igen efter brand"}]},{"@type":"WebSite","@id":"https:\/\/kunmedierne.dk\/mors\/#website","url":"https:\/\/kunmedierne.dk\/mors\/","name":"Mors","description":"et netmedie med journalistik om livet p\u00e5 Mors","publisher":{"@id":"https:\/\/kunmedierne.dk\/mors\/#organization"},"potentialAction":[{"@type":"SearchAction","target":{"@type":"EntryPoint","urlTemplate":"https:\/\/kunmedierne.dk\/mors\/?s={search_term_string}"},"query-input":{"@type":"PropertyValueSpecification","valueRequired":true,"valueName":"search_term_string"}}],"inLanguage":"da-DK"},{"@type":"Organization","@id":"https:\/\/kunmedierne.dk\/mors\/#organization","name":"Mors","url":"https:\/\/kunmedierne.dk\/mors\/","logo":{"@type":"ImageObject","inLanguage":"da-DK","@id":"https:\/\/kunmedierne.dk\/mors\/#\/schema\/logo\/image\/","url":"https:\/\/kunmedierne.dk\/mors\/wp-content\/uploads\/2024\/08\/kunmors-logo.svg","contentUrl":"https:\/\/kunmedierne.dk\/mors\/wp-content\/uploads\/2024\/08\/kunmors-logo.svg","caption":"Mors"},"image":{"@id":"https:\/\/kunmedierne.dk\/mors\/#\/schema\/logo\/image\/"}},{"@type":"Person","@id":"https:\/\/kunmedierne.dk\/mors\/#\/schema\/person\/5fe23251bf1d0abbcdc6f7896579d548","name":"David H\u00f8jmark","image":{"@type":"ImageObject","inLanguage":"da-DK","@id":"https:\/\/kunmedierne.dk\/mors\/#\/schema\/person\/image\/","url":"https:\/\/secure.gravatar.com\/avatar\/4315d6fb9ef244d729989f5f90268eb08d5bf8a3d84402f595fa194bb35784fd?s=96&d=mm&r=g","contentUrl":"https:\/\/secure.gravatar.com\/avatar\/4315d6fb9ef244d729989f5f90268eb08d5bf8a3d84402f595fa194bb35784fd?s=96&d=mm&r=g","caption":"David H\u00f8jmark"},"sameAs":["https:\/\/www.kunmedierne.dk"],"url":"https:\/\/kunmedierne.dk\/mors\/author\/david\/"}]}},"_links":{"self":[{"href":"https:\/\/kunmedierne.dk\/mors\/wp-json\/wp\/v2\/posts\/23103","targetHints":{"allow":["GET"]}}],"collection":[{"href":"https:\/\/kunmedierne.dk\/mors\/wp-json\/wp\/v2\/posts"}],"about":[{"href":"https:\/\/kunmedierne.dk\/mors\/wp-json\/wp\/v2\/types\/post"}],"author":[{"embeddable":true,"href":"https:\/\/kunmedierne.dk\/mors\/wp-json\/wp\/v2\/users\/8"}],"replies":[{"embeddable":true,"href":"https:\/\/kunmedierne.dk\/mors\/wp-json\/wp\/v2\/comments?post=23103"}],"version-history":[{"count":3,"href":"https:\/\/kunmedierne.dk\/mors\/wp-json\/wp\/v2\/posts\/23103\/revisions"}],"predecessor-version":[{"id":23139,"href":"https:\/\/kunmedierne.dk\/mors\/wp-json\/wp\/v2\/posts\/23103\/revisions\/23139"}],"wp:featuredmedia":[{"embeddable":true,"href":"https:\/\/kunmedierne.dk\/mors\/wp-json\/wp\/v2\/media\/20572"}],"wp:attachment":[{"href":"https:\/\/kunmedierne.dk\/mors\/wp-json\/wp\/v2\/media?parent=23103"}],"wp:term":[{"taxonomy":"category","embeddable":true,"href":"https:\/\/kunmedierne.dk\/mors\/wp-json\/wp\/v2\/categories?post=23103"},{"taxonomy":"post_tag","embeddable":true,"href":"https:\/\/kunmedierne.dk\/mors\/wp-json\/wp\/v2\/tags?post=23103"}],"curies":[{"name":"wp","href":"https:\/\/api.w.org\/{rel}","templated":true}]}}