{"id":22719,"date":"2020-05-25T13:03:16","date_gmt":"2020-05-25T11:03:16","guid":{"rendered":"https:\/\/kunmedierne.dk\/mors\/?p=22719"},"modified":"2024-08-12T14:06:05","modified_gmt":"2024-08-12T12:06:05","slug":"morsoe-erhvervsraad-har-fundet-sin-nye-direktoer","status":"publish","type":"post","link":"https:\/\/kunmedierne.dk\/mors\/morsoe-erhvervsraad-har-fundet-sin-nye-direktoer\/","title":{"rendered":"Mors\u00f8 Erhvervsr\u00e5d har fundet sin nye direkt\u00f8r"},"content":{"rendered":"<p><strong>MORS<\/strong>: De kan ikke afsl\u00f8re navnet endnu, men Mors\u00f8 Erhvervsr\u00e5d har fundet ud af, hvem der skal bes\u00e6tte posten som erhvervsdirekt\u00f8r.<\/p>\n<p>Det fort\u00e6ller Tage Odgaard Nielsen, formand for Mors\u00f8 Erhvervsr\u00e5d, til KunMors.<\/p>\n<p>&#8220;Vi har f\u00e5et en ansat, men vi kan ikke rigtig oplyse navnet endnu. Vi har f\u00e5et det plads til 1. august, men vedkommende har ikke sagt sit job op endnu,&#8221; siger Tage Odgaard Nielsen, som dog vil r\u00f8be s\u00e5 meget, at der er tale om en kvinde, og at hun bos\u00e6tter sig p\u00e5 Mors.<\/p>\n<p>Ans\u00e6ttelsen s\u00e6tter punktum for den tilstand, der opstod lige f\u00f8r jul, da Mors\u00f8 Erhvervsr\u00e5d opsagde direkt\u00f8r Per S\u00f8ndergaard, og dav\u00e6rende formand Jesper Overgaard trak sig fra bestyrelsen. Tage Odgaard Nielsen blev hurtigt udpeget som ny formand, men at der kommer til at g\u00e5 otte m\u00e5neder, f\u00f8r ogs\u00e5 posten som direkt\u00f8r er besat, skyldes is\u00e6r coronakrisen, der har udskudt b\u00e5de samtaler og m\u00f8der, fort\u00e6ller Tage Odgaard Nielsen.<\/p>\n<p>Han tilf\u00f8jer, at det med sommerferien hastigt p\u00e5 vej ogs\u00e5 passer erhvervsr\u00e5det fint, at ans\u00e6ttelsen f\u00f8rst tr\u00e6der i kraft 1. august, hvor samfundet formentlig ogs\u00e5 vil v\u00e6re mere \u00e5bent end nu.<\/p>\n<p>Mors\u00f8 Erhvervsr\u00e5d forventer at kunne offentligg\u00f8re navnet p\u00e5 den kommende erhvervsdirekt\u00f8r i l\u00f8bet af et par uger.<\/p>\n","protected":false},"excerpt":{"rendered":"<p>MORS: De kan ikke afsl\u00f8re navnet endnu, men Mors\u00f8 Erhvervsr\u00e5d har fundet ud af, hvem der skal bes\u00e6tte posten som erhvervsdirekt\u00f8r. Det fort\u00e6ller Tage Odgaard Nielsen, formand for Mors\u00f8 Erhvervsr\u00e5d, til KunMors. &#8220;Vi har f\u00e5et en ansat, men vi kan ikke rigtig oplyse navnet endnu. Vi har f\u00e5et det plads til 1. august, men vedkommende [&hellip;]<\/p>\n","protected":false},"author":8,"featured_media":12293,"comment_status":"open","ping_status":"open","sticky":false,"template":"","format":"standard","meta":{"_acf_changed":false,"footnotes":""},"categories":[51],"tags":[159],"class_list":["post-22719","post","type-post","status-publish","format-standard","has-post-thumbnail","hentry","category-lokalt","tag-erhverv"],"acf":[],"yoast_head":"<!-- This site is optimized with the Yoast SEO plugin v26.8 - https:\/\/yoast.com\/product\/yoast-seo-wordpress\/ -->\n<title>Mors\u00f8 Erhvervsr\u00e5d har fundet sin nye direkt\u00f8r - Mors<\/title>\n<meta name=\"robots\" content=\"index, follow, max-snippet:-1, max-image-preview:large, max-video-preview:-1\" \/>\n<link rel=\"canonical\" href=\"https:\/\/kunmedierne.dk\/mors\/morsoe-erhvervsraad-har-fundet-sin-nye-direktoer\/\" \/>\n<meta property=\"og:locale\" content=\"da_DK\" \/>\n<meta property=\"og:type\" content=\"article\" \/>\n<meta property=\"og:title\" content=\"Mors\u00f8 Erhvervsr\u00e5d har fundet sin nye direkt\u00f8r - Mors\" \/>\n<meta property=\"og:description\" content=\"MORS: De kan ikke afsl\u00f8re navnet endnu, men Mors\u00f8 Erhvervsr\u00e5d har fundet ud af, hvem der skal bes\u00e6tte posten som erhvervsdirekt\u00f8r. Det fort\u00e6ller Tage Odgaard Nielsen, formand for Mors\u00f8 Erhvervsr\u00e5d, til KunMors. &#8220;Vi har f\u00e5et en ansat, men vi kan ikke rigtig oplyse navnet endnu. Vi har f\u00e5et det plads til 1. august, men vedkommende [&hellip;]\" \/>\n<meta property=\"og:url\" content=\"https:\/\/kunmedierne.dk\/mors\/morsoe-erhvervsraad-har-fundet-sin-nye-direktoer\/\" \/>\n<meta property=\"og:site_name\" content=\"Mors\" \/>\n<meta property=\"article:published_time\" content=\"2020-05-25T11:03:16+00:00\" \/>\n<meta property=\"article:modified_time\" content=\"2024-08-12T12:06:05+00:00\" \/>\n<meta property=\"og:image\" content=\"https:\/\/kunmedierne.dk\/mors\/wp-content\/uploads\/2020\/03\/200309-tage-odgaard.jpg\" \/>\n\t<meta property=\"og:image:width\" content=\"770\" \/>\n\t<meta property=\"og:image:height\" content=\"513\" \/>\n\t<meta property=\"og:image:type\" content=\"image\/jpeg\" \/>\n<meta name=\"author\" content=\"David H\u00f8jmark\" \/>\n<meta name=\"twitter:card\" content=\"summary_large_image\" \/>\n<meta name=\"twitter:label1\" content=\"Skrevet af\" \/>\n\t<meta name=\"twitter:data1\" content=\"David H\u00f8jmark\" \/>\n\t<meta name=\"twitter:label2\" content=\"Estimeret l\u00e6setid\" \/>\n\t<meta name=\"twitter:data2\" content=\"1 minut\" \/>\n<script type=\"application\/ld+json\" class=\"yoast-schema-graph\">{\"@context\":\"https:\/\/schema.org\",\"@graph\":[{\"@type\":\"Article\",\"@id\":\"https:\/\/kunmedierne.dk\/mors\/morsoe-erhvervsraad-har-fundet-sin-nye-direktoer\/#article\",\"isPartOf\":{\"@id\":\"https:\/\/kunmedierne.dk\/mors\/morsoe-erhvervsraad-har-fundet-sin-nye-direktoer\/\"},\"author\":{\"name\":\"David H\u00f8jmark\",\"@id\":\"https:\/\/kunmedierne.dk\/mors\/#\/schema\/person\/5fe23251bf1d0abbcdc6f7896579d548\"},\"headline\":\"Mors\u00f8 Erhvervsr\u00e5d har fundet sin nye direkt\u00f8r\",\"datePublished\":\"2020-05-25T11:03:16+00:00\",\"dateModified\":\"2024-08-12T12:06:05+00:00\",\"mainEntityOfPage\":{\"@id\":\"https:\/\/kunmedierne.dk\/mors\/morsoe-erhvervsraad-har-fundet-sin-nye-direktoer\/\"},\"wordCount\":241,\"commentCount\":0,\"publisher\":{\"@id\":\"https:\/\/kunmedierne.dk\/mors\/#organization\"},\"image\":{\"@id\":\"https:\/\/kunmedierne.dk\/mors\/morsoe-erhvervsraad-har-fundet-sin-nye-direktoer\/#primaryimage\"},\"thumbnailUrl\":\"https:\/\/kunmedierne.dk\/mors\/wp-content\/uploads\/2020\/03\/200309-tage-odgaard.jpg\",\"keywords\":[\"Erhverv\"],\"articleSection\":[\"Lokalt\"],\"inLanguage\":\"da-DK\",\"potentialAction\":[{\"@type\":\"CommentAction\",\"name\":\"Comment\",\"target\":[\"https:\/\/kunmedierne.dk\/mors\/morsoe-erhvervsraad-har-fundet-sin-nye-direktoer\/#respond\"]}]},{\"@type\":\"WebPage\",\"@id\":\"https:\/\/kunmedierne.dk\/mors\/morsoe-erhvervsraad-har-fundet-sin-nye-direktoer\/\",\"url\":\"https:\/\/kunmedierne.dk\/mors\/morsoe-erhvervsraad-har-fundet-sin-nye-direktoer\/\",\"name\":\"Mors\u00f8 Erhvervsr\u00e5d har fundet sin nye direkt\u00f8r - Mors\",\"isPartOf\":{\"@id\":\"https:\/\/kunmedierne.dk\/mors\/#website\"},\"primaryImageOfPage\":{\"@id\":\"https:\/\/kunmedierne.dk\/mors\/morsoe-erhvervsraad-har-fundet-sin-nye-direktoer\/#primaryimage\"},\"image\":{\"@id\":\"https:\/\/kunmedierne.dk\/mors\/morsoe-erhvervsraad-har-fundet-sin-nye-direktoer\/#primaryimage\"},\"thumbnailUrl\":\"https:\/\/kunmedierne.dk\/mors\/wp-content\/uploads\/2020\/03\/200309-tage-odgaard.jpg\",\"datePublished\":\"2020-05-25T11:03:16+00:00\",\"dateModified\":\"2024-08-12T12:06:05+00:00\",\"breadcrumb\":{\"@id\":\"https:\/\/kunmedierne.dk\/mors\/morsoe-erhvervsraad-har-fundet-sin-nye-direktoer\/#breadcrumb\"},\"inLanguage\":\"da-DK\",\"potentialAction\":[{\"@type\":\"ReadAction\",\"target\":[\"https:\/\/kunmedierne.dk\/mors\/morsoe-erhvervsraad-har-fundet-sin-nye-direktoer\/\"]}]},{\"@type\":\"ImageObject\",\"inLanguage\":\"da-DK\",\"@id\":\"https:\/\/kunmedierne.dk\/mors\/morsoe-erhvervsraad-har-fundet-sin-nye-direktoer\/#primaryimage\",\"url\":\"https:\/\/kunmedierne.dk\/mors\/wp-content\/uploads\/2020\/03\/200309-tage-odgaard.jpg\",\"contentUrl\":\"https:\/\/kunmedierne.dk\/mors\/wp-content\/uploads\/2020\/03\/200309-tage-odgaard.jpg\",\"width\":770,\"height\":513,\"caption\":\"Tage Odgaard Nielsen, formand for Mors\u00f8 Erhvervsr\u00e5d. Foto: Mors\u00f8 Erhvervsr\u00e5d.\"},{\"@type\":\"BreadcrumbList\",\"@id\":\"https:\/\/kunmedierne.dk\/mors\/morsoe-erhvervsraad-har-fundet-sin-nye-direktoer\/#breadcrumb\",\"itemListElement\":[{\"@type\":\"ListItem\",\"position\":1,\"name\":\"Hjem\",\"item\":\"https:\/\/kunmedierne.dk\/mors\/\"},{\"@type\":\"ListItem\",\"position\":2,\"name\":\"Mors\u00f8 Erhvervsr\u00e5d har fundet sin nye direkt\u00f8r\"}]},{\"@type\":\"WebSite\",\"@id\":\"https:\/\/kunmedierne.dk\/mors\/#website\",\"url\":\"https:\/\/kunmedierne.dk\/mors\/\",\"name\":\"Mors\",\"description\":\"et netmedie med journalistik om livet p\u00e5 Mors\",\"publisher\":{\"@id\":\"https:\/\/kunmedierne.dk\/mors\/#organization\"},\"potentialAction\":[{\"@type\":\"SearchAction\",\"target\":{\"@type\":\"EntryPoint\",\"urlTemplate\":\"https:\/\/kunmedierne.dk\/mors\/?s={search_term_string}\"},\"query-input\":{\"@type\":\"PropertyValueSpecification\",\"valueRequired\":true,\"valueName\":\"search_term_string\"}}],\"inLanguage\":\"da-DK\"},{\"@type\":\"Organization\",\"@id\":\"https:\/\/kunmedierne.dk\/mors\/#organization\",\"name\":\"Mors\",\"url\":\"https:\/\/kunmedierne.dk\/mors\/\",\"logo\":{\"@type\":\"ImageObject\",\"inLanguage\":\"da-DK\",\"@id\":\"https:\/\/kunmedierne.dk\/mors\/#\/schema\/logo\/image\/\",\"url\":\"https:\/\/kunmedierne.dk\/mors\/wp-content\/uploads\/2024\/08\/kunmors-logo.svg\",\"contentUrl\":\"https:\/\/kunmedierne.dk\/mors\/wp-content\/uploads\/2024\/08\/kunmors-logo.svg\",\"caption\":\"Mors\"},\"image\":{\"@id\":\"https:\/\/kunmedierne.dk\/mors\/#\/schema\/logo\/image\/\"}},{\"@type\":\"Person\",\"@id\":\"https:\/\/kunmedierne.dk\/mors\/#\/schema\/person\/5fe23251bf1d0abbcdc6f7896579d548\",\"name\":\"David H\u00f8jmark\",\"image\":{\"@type\":\"ImageObject\",\"inLanguage\":\"da-DK\",\"@id\":\"https:\/\/kunmedierne.dk\/mors\/#\/schema\/person\/image\/\",\"url\":\"https:\/\/secure.gravatar.com\/avatar\/4315d6fb9ef244d729989f5f90268eb08d5bf8a3d84402f595fa194bb35784fd?s=96&d=mm&r=g\",\"contentUrl\":\"https:\/\/secure.gravatar.com\/avatar\/4315d6fb9ef244d729989f5f90268eb08d5bf8a3d84402f595fa194bb35784fd?s=96&d=mm&r=g\",\"caption\":\"David H\u00f8jmark\"},\"sameAs\":[\"https:\/\/www.kunmedierne.dk\"],\"url\":\"https:\/\/kunmedierne.dk\/mors\/author\/david\/\"}]}<\/script>\n<!-- \/ Yoast SEO plugin. -->","yoast_head_json":{"title":"Mors\u00f8 Erhvervsr\u00e5d har fundet sin nye direkt\u00f8r - Mors","robots":{"index":"index","follow":"follow","max-snippet":"max-snippet:-1","max-image-preview":"max-image-preview:large","max-video-preview":"max-video-preview:-1"},"canonical":"https:\/\/kunmedierne.dk\/mors\/morsoe-erhvervsraad-har-fundet-sin-nye-direktoer\/","og_locale":"da_DK","og_type":"article","og_title":"Mors\u00f8 Erhvervsr\u00e5d har fundet sin nye direkt\u00f8r - Mors","og_description":"MORS: De kan ikke afsl\u00f8re navnet endnu, men Mors\u00f8 Erhvervsr\u00e5d har fundet ud af, hvem der skal bes\u00e6tte posten som erhvervsdirekt\u00f8r. Det fort\u00e6ller Tage Odgaard Nielsen, formand for Mors\u00f8 Erhvervsr\u00e5d, til KunMors. &#8220;Vi har f\u00e5et en ansat, men vi kan ikke rigtig oplyse navnet endnu. Vi har f\u00e5et det plads til 1. august, men vedkommende [&hellip;]","og_url":"https:\/\/kunmedierne.dk\/mors\/morsoe-erhvervsraad-har-fundet-sin-nye-direktoer\/","og_site_name":"Mors","article_published_time":"2020-05-25T11:03:16+00:00","article_modified_time":"2024-08-12T12:06:05+00:00","og_image":[{"width":770,"height":513,"url":"https:\/\/kunmedierne.dk\/mors\/wp-content\/uploads\/2020\/03\/200309-tage-odgaard.jpg","type":"image\/jpeg"}],"author":"David H\u00f8jmark","twitter_card":"summary_large_image","twitter_misc":{"Skrevet af":"David H\u00f8jmark","Estimeret l\u00e6setid":"1 minut"},"schema":{"@context":"https:\/\/schema.org","@graph":[{"@type":"Article","@id":"https:\/\/kunmedierne.dk\/mors\/morsoe-erhvervsraad-har-fundet-sin-nye-direktoer\/#article","isPartOf":{"@id":"https:\/\/kunmedierne.dk\/mors\/morsoe-erhvervsraad-har-fundet-sin-nye-direktoer\/"},"author":{"name":"David H\u00f8jmark","@id":"https:\/\/kunmedierne.dk\/mors\/#\/schema\/person\/5fe23251bf1d0abbcdc6f7896579d548"},"headline":"Mors\u00f8 Erhvervsr\u00e5d har fundet sin nye direkt\u00f8r","datePublished":"2020-05-25T11:03:16+00:00","dateModified":"2024-08-12T12:06:05+00:00","mainEntityOfPage":{"@id":"https:\/\/kunmedierne.dk\/mors\/morsoe-erhvervsraad-har-fundet-sin-nye-direktoer\/"},"wordCount":241,"commentCount":0,"publisher":{"@id":"https:\/\/kunmedierne.dk\/mors\/#organization"},"image":{"@id":"https:\/\/kunmedierne.dk\/mors\/morsoe-erhvervsraad-har-fundet-sin-nye-direktoer\/#primaryimage"},"thumbnailUrl":"https:\/\/kunmedierne.dk\/mors\/wp-content\/uploads\/2020\/03\/200309-tage-odgaard.jpg","keywords":["Erhverv"],"articleSection":["Lokalt"],"inLanguage":"da-DK","potentialAction":[{"@type":"CommentAction","name":"Comment","target":["https:\/\/kunmedierne.dk\/mors\/morsoe-erhvervsraad-har-fundet-sin-nye-direktoer\/#respond"]}]},{"@type":"WebPage","@id":"https:\/\/kunmedierne.dk\/mors\/morsoe-erhvervsraad-har-fundet-sin-nye-direktoer\/","url":"https:\/\/kunmedierne.dk\/mors\/morsoe-erhvervsraad-har-fundet-sin-nye-direktoer\/","name":"Mors\u00f8 Erhvervsr\u00e5d har fundet sin nye direkt\u00f8r - Mors","isPartOf":{"@id":"https:\/\/kunmedierne.dk\/mors\/#website"},"primaryImageOfPage":{"@id":"https:\/\/kunmedierne.dk\/mors\/morsoe-erhvervsraad-har-fundet-sin-nye-direktoer\/#primaryimage"},"image":{"@id":"https:\/\/kunmedierne.dk\/mors\/morsoe-erhvervsraad-har-fundet-sin-nye-direktoer\/#primaryimage"},"thumbnailUrl":"https:\/\/kunmedierne.dk\/mors\/wp-content\/uploads\/2020\/03\/200309-tage-odgaard.jpg","datePublished":"2020-05-25T11:03:16+00:00","dateModified":"2024-08-12T12:06:05+00:00","breadcrumb":{"@id":"https:\/\/kunmedierne.dk\/mors\/morsoe-erhvervsraad-har-fundet-sin-nye-direktoer\/#breadcrumb"},"inLanguage":"da-DK","potentialAction":[{"@type":"ReadAction","target":["https:\/\/kunmedierne.dk\/mors\/morsoe-erhvervsraad-har-fundet-sin-nye-direktoer\/"]}]},{"@type":"ImageObject","inLanguage":"da-DK","@id":"https:\/\/kunmedierne.dk\/mors\/morsoe-erhvervsraad-har-fundet-sin-nye-direktoer\/#primaryimage","url":"https:\/\/kunmedierne.dk\/mors\/wp-content\/uploads\/2020\/03\/200309-tage-odgaard.jpg","contentUrl":"https:\/\/kunmedierne.dk\/mors\/wp-content\/uploads\/2020\/03\/200309-tage-odgaard.jpg","width":770,"height":513,"caption":"Tage Odgaard Nielsen, formand for Mors\u00f8 Erhvervsr\u00e5d. Foto: Mors\u00f8 Erhvervsr\u00e5d."},{"@type":"BreadcrumbList","@id":"https:\/\/kunmedierne.dk\/mors\/morsoe-erhvervsraad-har-fundet-sin-nye-direktoer\/#breadcrumb","itemListElement":[{"@type":"ListItem","position":1,"name":"Hjem","item":"https:\/\/kunmedierne.dk\/mors\/"},{"@type":"ListItem","position":2,"name":"Mors\u00f8 Erhvervsr\u00e5d har fundet sin nye direkt\u00f8r"}]},{"@type":"WebSite","@id":"https:\/\/kunmedierne.dk\/mors\/#website","url":"https:\/\/kunmedierne.dk\/mors\/","name":"Mors","description":"et netmedie med journalistik om livet p\u00e5 Mors","publisher":{"@id":"https:\/\/kunmedierne.dk\/mors\/#organization"},"potentialAction":[{"@type":"SearchAction","target":{"@type":"EntryPoint","urlTemplate":"https:\/\/kunmedierne.dk\/mors\/?s={search_term_string}"},"query-input":{"@type":"PropertyValueSpecification","valueRequired":true,"valueName":"search_term_string"}}],"inLanguage":"da-DK"},{"@type":"Organization","@id":"https:\/\/kunmedierne.dk\/mors\/#organization","name":"Mors","url":"https:\/\/kunmedierne.dk\/mors\/","logo":{"@type":"ImageObject","inLanguage":"da-DK","@id":"https:\/\/kunmedierne.dk\/mors\/#\/schema\/logo\/image\/","url":"https:\/\/kunmedierne.dk\/mors\/wp-content\/uploads\/2024\/08\/kunmors-logo.svg","contentUrl":"https:\/\/kunmedierne.dk\/mors\/wp-content\/uploads\/2024\/08\/kunmors-logo.svg","caption":"Mors"},"image":{"@id":"https:\/\/kunmedierne.dk\/mors\/#\/schema\/logo\/image\/"}},{"@type":"Person","@id":"https:\/\/kunmedierne.dk\/mors\/#\/schema\/person\/5fe23251bf1d0abbcdc6f7896579d548","name":"David H\u00f8jmark","image":{"@type":"ImageObject","inLanguage":"da-DK","@id":"https:\/\/kunmedierne.dk\/mors\/#\/schema\/person\/image\/","url":"https:\/\/secure.gravatar.com\/avatar\/4315d6fb9ef244d729989f5f90268eb08d5bf8a3d84402f595fa194bb35784fd?s=96&d=mm&r=g","contentUrl":"https:\/\/secure.gravatar.com\/avatar\/4315d6fb9ef244d729989f5f90268eb08d5bf8a3d84402f595fa194bb35784fd?s=96&d=mm&r=g","caption":"David H\u00f8jmark"},"sameAs":["https:\/\/www.kunmedierne.dk"],"url":"https:\/\/kunmedierne.dk\/mors\/author\/david\/"}]}},"_links":{"self":[{"href":"https:\/\/kunmedierne.dk\/mors\/wp-json\/wp\/v2\/posts\/22719","targetHints":{"allow":["GET"]}}],"collection":[{"href":"https:\/\/kunmedierne.dk\/mors\/wp-json\/wp\/v2\/posts"}],"about":[{"href":"https:\/\/kunmedierne.dk\/mors\/wp-json\/wp\/v2\/types\/post"}],"author":[{"embeddable":true,"href":"https:\/\/kunmedierne.dk\/mors\/wp-json\/wp\/v2\/users\/8"}],"replies":[{"embeddable":true,"href":"https:\/\/kunmedierne.dk\/mors\/wp-json\/wp\/v2\/comments?post=22719"}],"version-history":[{"count":2,"href":"https:\/\/kunmedierne.dk\/mors\/wp-json\/wp\/v2\/posts\/22719\/revisions"}],"predecessor-version":[{"id":22721,"href":"https:\/\/kunmedierne.dk\/mors\/wp-json\/wp\/v2\/posts\/22719\/revisions\/22721"}],"wp:featuredmedia":[{"embeddable":true,"href":"https:\/\/kunmedierne.dk\/mors\/wp-json\/wp\/v2\/media\/12293"}],"wp:attachment":[{"href":"https:\/\/kunmedierne.dk\/mors\/wp-json\/wp\/v2\/media?parent=22719"}],"wp:term":[{"taxonomy":"category","embeddable":true,"href":"https:\/\/kunmedierne.dk\/mors\/wp-json\/wp\/v2\/categories?post=22719"},{"taxonomy":"post_tag","embeddable":true,"href":"https:\/\/kunmedierne.dk\/mors\/wp-json\/wp\/v2\/tags?post=22719"}],"curies":[{"name":"wp","href":"https:\/\/api.w.org\/{rel}","templated":true}]}}