{"id":22653,"date":"2020-05-24T16:16:58","date_gmt":"2020-05-24T14:16:58","guid":{"rendered":"https:\/\/kunmedierne.dk\/mors\/?p=22653"},"modified":"2024-08-12T14:06:05","modified_gmt":"2024-08-12T12:06:05","slug":"elsoe-kirke-kommer-mere-og-mere-til-sin-ret","status":"publish","type":"post","link":"https:\/\/kunmedierne.dk\/mors\/elsoe-kirke-kommer-mere-og-mere-til-sin-ret\/","title":{"rendered":"Els\u00f8 Kirke kommer mere og mere til sin ret"},"content":{"rendered":"<p><strong>ELS\u00d8<\/strong>: En lille, intim kirke har f\u00e5et mere opm\u00e6rksomhed i de senere \u00e5r.<\/p>\n<p>Det fort\u00e6ller sognepr\u00e6st Steen Sunesen i sin beskrivelse af Els\u00f8 Kirke, der trods sin beskedne st\u00f8rrelse ligefrem rager op, s\u00e5 den nu ogs\u00e5 bliver set af bilister p\u00e5 hovedvejen ikke s\u00e5 langt derfra.<\/p>\n<p>&#8220;Ude p\u00e5 markerne har de nedlagt nogle l\u00e6hegn og flyttet rundt p\u00e5 noget, s\u00e5 nu kan man komme k\u00f8rende og sige: &#8216;Hov, der ligger den jo!'&#8221;, siger Steen Sunesen og lyder sv\u00e6rt tilfreds med udviklingen.<\/p>\n<p>Og det er bare den seneste, der har v\u00e6ret med til at s\u00f8rge for, at kirken i Els\u00f8 nu for alvor kommer til sin ret. I efter\u00e5ret fjernede man et meget stort tr\u00e6 fra kirkeg\u00e5rden, fordi man var nerv\u00f8s for, at det ikke kunne blive st\u00e5ende under en storm. Og indvendig er kirken, i mods\u00e6tning til i gamle dage, pr\u00e6get af lyse og venlige farver, der g\u00f8r det rart at v\u00e6re der.<\/p>\n<p>Og s\u00e5 er der t\u00e5rnet, som er en historie for sig selv.<\/p>\n<p>&#8220;Det er et lille kompakt t\u00e5rn. Det kunne godt v\u00e6re en meter h\u00f8jere, uden at det gjorde noget, men det har jeg jo ikke forstand p\u00e5,&#8221; siger Steen Sunesen, som dog gl\u00e6der sig over, at den lille kvaderstenskirke fra slutningen af 1100-tallet for mere end 60 \u00e5r siden endelig fik sit t\u00e5rn tilbage.<\/p>\n<p>Det tidligere sengotiske t\u00e5rn styrtede nemlig ned helt tilbage i 1704, og der skulle alts\u00e5 g\u00e5 252 \u00e5r, f\u00f8r Els\u00f8 Kirke igen fik et t\u00e5rn.<\/p>\n<p>&nbsp;<\/p>\n<p><strong>Begyndelsen og slutningen p\u00e5 parentes<\/strong><\/p>\n<p>Et kendetegn ved kirken er ogs\u00e5 det, man kan se i en af murene. Her kan man finde overdelen af et 17 centimeter bredt spedalskhedsvindue, der p\u00e5 sin egen m\u00e5de tr\u00e6kker tr\u00e5de til nutiden.<\/p>\n<p>&#8220;Vi har jo corona, s\u00e5 vi lukker bare lige ned. Men tidligere var der spedalskhedsvinduer, s\u00e5 dem, der var syge og smittefarlige, kunne st\u00e5 udenfor og alligevel v\u00e6re med,&#8221; siger Steen Sunesen, der i \u00f8vrigt holdt gudstjeneste i Els\u00f8 Kirke, lige inden coronakrisen lukkede kirkerne, og som det f\u00f8rste sted efter gen\u00e5bningen var tilbage i samme kirke.<\/p>\n<p>&#8220;S\u00e5 p\u00e5 den m\u00e5de var Els\u00f8 Kirke b\u00e5de begyndelsen og slutningen p\u00e5 parentesen,&#8221; noterer han sig tilfreds.<\/p>\n<p>&nbsp;<\/p>\n<blockquote>\n<h3>\u00d8ENS KIRKER<\/h3>\n<p>Der findes 34 kirker p\u00e5 Mors, og KunMors kommer i 2020 til at fort\u00e6lle om hver eneste af dem. Det g\u00f8r vi i serien \u201c\u00d8ens kirker\u201d, der s\u00f8ndag efter s\u00f8ndag pr\u00e6senterer en af de mange kirker.<\/p>\n<p>&nbsp;<\/p>\n<p>Tidligere har vi skrevet om: <a href=\"https:\/\/kunmedierne.dk\/mors\/rakkeby-kirke-blev-reddet-af-menigheden\/\" target=\"_blank\" rel=\"noopener noreferrer\">Rakkeby Kirke<\/a>, <a href=\"https:\/\/kunmedierne.dk\/mors\/kirkegaarden-bliver-langsomt-smukkere-og-smukkere\/\" target=\"_blank\" rel=\"noopener noreferrer\">Fr\u00f8slev Kirke<\/a>,\u00a0<a href=\"https:\/\/kunmedierne.dk\/mors\/kirken-der-fik-mere-lys-fra-oven\/\" target=\"_blank\" rel=\"noopener noreferrer\">Erslev Kirke<\/a>,\u00a0<a href=\"https:\/\/kunmedierne.dk\/mors\/hoeje-tindinger-paa-pudsigt-alterbillede\/\" target=\"_blank\" rel=\"noopener noreferrer\">T\u00f8ds\u00f8 Kirke<\/a>,\u00a0<a href=\"https:\/\/kunmedierne.dk\/mors\/den-lille-kirke-med-mikael-dragedraeber-og-de-andre-klenodier\/\" target=\"_blank\" rel=\"noopener noreferrer\">J\u00f8rsby Kirke<\/a>,\u00a0<a href=\"https:\/\/kunmedierne.dk\/mors\/voksne-maend-graeder-af-bevaegelse-i-moedet-med-vejerslev-kirke\/\" target=\"_blank\" rel=\"noopener noreferrer\">Vejerslev Kirke<\/a>,\u00a0<a href=\"https:\/\/kunmedierne.dk\/mors\/en-kirke-behoever-ikke-goere-meget-vaesen-af-sig\/\" target=\"_blank\" rel=\"noopener noreferrer\">Flade Kirke<\/a>,\u00a0<a href=\"https:\/\/kunmedierne.dk\/mors\/kirken-hvor-tankerne-kan-vandre-lige-som-foedderne\/\" target=\"_blank\" rel=\"noopener noreferrer\">T\u00e6bring Kirke<\/a>,\u00a0<a href=\"https:\/\/kunmedierne.dk\/mors\/et-vartegn-paa-sammenhold-og-en-kirke-med-et-helt-saerligt-lys\/\">Ager\u00f8 Kirke<\/a>,\u00a0<a href=\"https:\/\/kunmedierne.dk\/mors\/to-sarkofager-goer-ljoerslev-kirke-til-noget-saerligt\/\">Lj\u00f8rslev Kirke<\/a>,\u00a0<a href=\"https:\/\/kunmedierne.dk\/mors\/skotoejsaesken-med-den-formidable-akustik\/\">L\u00f8dderup Kirke<\/a>,\u00a0<a href=\"https:\/\/kunmedierne.dk\/mors\/taenk-hvis-kirkens-mure-kunne-huske-alle-historierne\/\" target=\"_blank\" rel=\"noopener noreferrer\">Bjergby Kirke<\/a>,\u00a0<a href=\"https:\/\/kunmedierne.dk\/mors\/erik-heide-malede-en-hest\/\" target=\"_blank\" rel=\"noopener noreferrer\">\u00d8ster J\u00f8lby Kirke<\/a>,\u00a0<a href=\"https:\/\/kunmedierne.dk\/mors\/kirken-med-det-unikke-stenhoved\/\">Ovtrup Kirke<\/a>\u00a0og\u00a0<a href=\"https:\/\/kunmedierne.dk\/mors\/spottet-udefra-giver-det-smukkeste-lys-i-oerding-kirke\/\" target=\"_blank\" rel=\"noopener noreferrer\">\u00d8rding Kirke<\/a>.<\/p>\n<p>&nbsp;<\/p>\n<p>L\u00e6s mere om Els\u00f8 Kirke p\u00e5 Aalborg Stifts <a href=\"https:\/\/aalborgstift.dk\/stiftet\/kirker?--fit_diocesedata-churchdb%5B%40package%5D=fit.diocesedata&amp;--fit_diocesedata-churchdb%5B%40controller%5D=church&amp;--fit_diocesedata-churchdb%5B%40action%5D=show&amp;--fit_diocesedata-churchdb%5B%40format%5D=html&amp;--fit_diocesedata-churchdb%5Bchurch%5D%5B__identity%5D=989a60ce-abf1-484c-b32e-442954729b2b\" target=\"_blank\" rel=\"noopener noreferrer\">hjemmeside<\/a>.<\/p>\n<p>&nbsp;<\/p>\n<p>Billederne til artikelserien er venligst udl\u00e5nt af Niels Clemmensen\/Aalborg Stift.<\/p><\/blockquote>\n","protected":false},"excerpt":{"rendered":"<p>ELS\u00d8: En lille, intim kirke har f\u00e5et mere opm\u00e6rksomhed i de senere \u00e5r. Det fort\u00e6ller sognepr\u00e6st Steen Sunesen i sin beskrivelse af Els\u00f8 Kirke, der trods sin beskedne st\u00f8rrelse ligefrem rager op, s\u00e5 den nu ogs\u00e5 bliver set af bilister p\u00e5 hovedvejen ikke s\u00e5 langt derfra. &#8220;Ude p\u00e5 markerne har de nedlagt nogle l\u00e6hegn og [&hellip;]<\/p>\n","protected":false},"author":8,"featured_media":22654,"comment_status":"open","ping_status":"open","sticky":false,"template":"","format":"gallery","meta":{"_acf_changed":false,"footnotes":""},"categories":[51],"tags":[161],"class_list":["post-22653","post","type-post","status-publish","format-gallery","has-post-thumbnail","hentry","category-lokalt","tag-kirker","post_format-post-format-gallery"],"acf":[],"yoast_head":"<!-- This site is optimized with the Yoast SEO plugin v26.8 - https:\/\/yoast.com\/product\/yoast-seo-wordpress\/ -->\n<title>Els\u00f8 Kirke kommer mere og mere til sin ret - Mors<\/title>\n<meta name=\"robots\" content=\"index, follow, max-snippet:-1, max-image-preview:large, max-video-preview:-1\" \/>\n<link rel=\"canonical\" href=\"https:\/\/kunmedierne.dk\/mors\/elsoe-kirke-kommer-mere-og-mere-til-sin-ret\/\" \/>\n<meta property=\"og:locale\" content=\"da_DK\" \/>\n<meta property=\"og:type\" content=\"article\" \/>\n<meta property=\"og:title\" content=\"Els\u00f8 Kirke kommer mere og mere til sin ret - Mors\" \/>\n<meta property=\"og:description\" content=\"ELS\u00d8: En lille, intim kirke har f\u00e5et mere opm\u00e6rksomhed i de senere \u00e5r. Det fort\u00e6ller sognepr\u00e6st Steen Sunesen i sin beskrivelse af Els\u00f8 Kirke, der trods sin beskedne st\u00f8rrelse ligefrem rager op, s\u00e5 den nu ogs\u00e5 bliver set af bilister p\u00e5 hovedvejen ikke s\u00e5 langt derfra. &#8220;Ude p\u00e5 markerne har de nedlagt nogle l\u00e6hegn og [&hellip;]\" \/>\n<meta property=\"og:url\" content=\"https:\/\/kunmedierne.dk\/mors\/elsoe-kirke-kommer-mere-og-mere-til-sin-ret\/\" \/>\n<meta property=\"og:site_name\" content=\"Mors\" \/>\n<meta property=\"article:published_time\" content=\"2020-05-24T14:16:58+00:00\" \/>\n<meta property=\"article:modified_time\" content=\"2024-08-12T12:06:05+00:00\" \/>\n<meta property=\"og:image\" content=\"https:\/\/kunmedierne.dk\/mors\/wp-content\/uploads\/2020\/05\/els\u00f81.jpg\" \/>\n\t<meta property=\"og:image:width\" content=\"770\" \/>\n\t<meta property=\"og:image:height\" content=\"514\" \/>\n\t<meta property=\"og:image:type\" content=\"image\/jpeg\" \/>\n<meta name=\"author\" content=\"David H\u00f8jmark\" \/>\n<meta name=\"twitter:card\" content=\"summary_large_image\" \/>\n<meta name=\"twitter:label1\" content=\"Skrevet af\" \/>\n\t<meta name=\"twitter:data1\" content=\"David H\u00f8jmark\" \/>\n\t<meta name=\"twitter:label2\" content=\"Estimeret l\u00e6setid\" \/>\n\t<meta name=\"twitter:data2\" content=\"3 minutter\" \/>\n<script type=\"application\/ld+json\" class=\"yoast-schema-graph\">{\"@context\":\"https:\/\/schema.org\",\"@graph\":[{\"@type\":\"Article\",\"@id\":\"https:\/\/kunmedierne.dk\/mors\/elsoe-kirke-kommer-mere-og-mere-til-sin-ret\/#article\",\"isPartOf\":{\"@id\":\"https:\/\/kunmedierne.dk\/mors\/elsoe-kirke-kommer-mere-og-mere-til-sin-ret\/\"},\"author\":{\"name\":\"David H\u00f8jmark\",\"@id\":\"https:\/\/kunmedierne.dk\/mors\/#\/schema\/person\/5fe23251bf1d0abbcdc6f7896579d548\"},\"headline\":\"Els\u00f8 Kirke kommer mere og mere til sin ret\",\"datePublished\":\"2020-05-24T14:16:58+00:00\",\"dateModified\":\"2024-08-12T12:06:05+00:00\",\"mainEntityOfPage\":{\"@id\":\"https:\/\/kunmedierne.dk\/mors\/elsoe-kirke-kommer-mere-og-mere-til-sin-ret\/\"},\"wordCount\":508,\"commentCount\":0,\"publisher\":{\"@id\":\"https:\/\/kunmedierne.dk\/mors\/#organization\"},\"image\":{\"@id\":\"https:\/\/kunmedierne.dk\/mors\/elsoe-kirke-kommer-mere-og-mere-til-sin-ret\/#primaryimage\"},\"thumbnailUrl\":\"https:\/\/kunmedierne.dk\/mors\/wp-content\/uploads\/2020\/05\/els\u00f81.jpg\",\"keywords\":[\"Kirkestof\"],\"articleSection\":[\"Lokalt\"],\"inLanguage\":\"da-DK\",\"potentialAction\":[{\"@type\":\"CommentAction\",\"name\":\"Comment\",\"target\":[\"https:\/\/kunmedierne.dk\/mors\/elsoe-kirke-kommer-mere-og-mere-til-sin-ret\/#respond\"]}]},{\"@type\":\"WebPage\",\"@id\":\"https:\/\/kunmedierne.dk\/mors\/elsoe-kirke-kommer-mere-og-mere-til-sin-ret\/\",\"url\":\"https:\/\/kunmedierne.dk\/mors\/elsoe-kirke-kommer-mere-og-mere-til-sin-ret\/\",\"name\":\"Els\u00f8 Kirke kommer mere og mere til sin ret - Mors\",\"isPartOf\":{\"@id\":\"https:\/\/kunmedierne.dk\/mors\/#website\"},\"primaryImageOfPage\":{\"@id\":\"https:\/\/kunmedierne.dk\/mors\/elsoe-kirke-kommer-mere-og-mere-til-sin-ret\/#primaryimage\"},\"image\":{\"@id\":\"https:\/\/kunmedierne.dk\/mors\/elsoe-kirke-kommer-mere-og-mere-til-sin-ret\/#primaryimage\"},\"thumbnailUrl\":\"https:\/\/kunmedierne.dk\/mors\/wp-content\/uploads\/2020\/05\/els\u00f81.jpg\",\"datePublished\":\"2020-05-24T14:16:58+00:00\",\"dateModified\":\"2024-08-12T12:06:05+00:00\",\"breadcrumb\":{\"@id\":\"https:\/\/kunmedierne.dk\/mors\/elsoe-kirke-kommer-mere-og-mere-til-sin-ret\/#breadcrumb\"},\"inLanguage\":\"da-DK\",\"potentialAction\":[{\"@type\":\"ReadAction\",\"target\":[\"https:\/\/kunmedierne.dk\/mors\/elsoe-kirke-kommer-mere-og-mere-til-sin-ret\/\"]}]},{\"@type\":\"ImageObject\",\"inLanguage\":\"da-DK\",\"@id\":\"https:\/\/kunmedierne.dk\/mors\/elsoe-kirke-kommer-mere-og-mere-til-sin-ret\/#primaryimage\",\"url\":\"https:\/\/kunmedierne.dk\/mors\/wp-content\/uploads\/2020\/05\/els\u00f81.jpg\",\"contentUrl\":\"https:\/\/kunmedierne.dk\/mors\/wp-content\/uploads\/2020\/05\/els\u00f81.jpg\",\"width\":770,\"height\":514,\"caption\":\"Els\u00f8 Kirke. Foto: Niels Clemmensen\/Aalborg Stift\"},{\"@type\":\"BreadcrumbList\",\"@id\":\"https:\/\/kunmedierne.dk\/mors\/elsoe-kirke-kommer-mere-og-mere-til-sin-ret\/#breadcrumb\",\"itemListElement\":[{\"@type\":\"ListItem\",\"position\":1,\"name\":\"Hjem\",\"item\":\"https:\/\/kunmedierne.dk\/mors\/\"},{\"@type\":\"ListItem\",\"position\":2,\"name\":\"Els\u00f8 Kirke kommer mere og mere til sin ret\"}]},{\"@type\":\"WebSite\",\"@id\":\"https:\/\/kunmedierne.dk\/mors\/#website\",\"url\":\"https:\/\/kunmedierne.dk\/mors\/\",\"name\":\"Mors\",\"description\":\"et netmedie med journalistik om livet p\u00e5 Mors\",\"publisher\":{\"@id\":\"https:\/\/kunmedierne.dk\/mors\/#organization\"},\"potentialAction\":[{\"@type\":\"SearchAction\",\"target\":{\"@type\":\"EntryPoint\",\"urlTemplate\":\"https:\/\/kunmedierne.dk\/mors\/?s={search_term_string}\"},\"query-input\":{\"@type\":\"PropertyValueSpecification\",\"valueRequired\":true,\"valueName\":\"search_term_string\"}}],\"inLanguage\":\"da-DK\"},{\"@type\":\"Organization\",\"@id\":\"https:\/\/kunmedierne.dk\/mors\/#organization\",\"name\":\"Mors\",\"url\":\"https:\/\/kunmedierne.dk\/mors\/\",\"logo\":{\"@type\":\"ImageObject\",\"inLanguage\":\"da-DK\",\"@id\":\"https:\/\/kunmedierne.dk\/mors\/#\/schema\/logo\/image\/\",\"url\":\"https:\/\/kunmedierne.dk\/mors\/wp-content\/uploads\/2024\/08\/kunmors-logo.svg\",\"contentUrl\":\"https:\/\/kunmedierne.dk\/mors\/wp-content\/uploads\/2024\/08\/kunmors-logo.svg\",\"caption\":\"Mors\"},\"image\":{\"@id\":\"https:\/\/kunmedierne.dk\/mors\/#\/schema\/logo\/image\/\"}},{\"@type\":\"Person\",\"@id\":\"https:\/\/kunmedierne.dk\/mors\/#\/schema\/person\/5fe23251bf1d0abbcdc6f7896579d548\",\"name\":\"David H\u00f8jmark\",\"image\":{\"@type\":\"ImageObject\",\"inLanguage\":\"da-DK\",\"@id\":\"https:\/\/kunmedierne.dk\/mors\/#\/schema\/person\/image\/\",\"url\":\"https:\/\/secure.gravatar.com\/avatar\/4315d6fb9ef244d729989f5f90268eb08d5bf8a3d84402f595fa194bb35784fd?s=96&d=mm&r=g\",\"contentUrl\":\"https:\/\/secure.gravatar.com\/avatar\/4315d6fb9ef244d729989f5f90268eb08d5bf8a3d84402f595fa194bb35784fd?s=96&d=mm&r=g\",\"caption\":\"David H\u00f8jmark\"},\"sameAs\":[\"https:\/\/www.kunmedierne.dk\"],\"url\":\"https:\/\/kunmedierne.dk\/mors\/author\/david\/\"}]}<\/script>\n<!-- \/ Yoast SEO plugin. -->","yoast_head_json":{"title":"Els\u00f8 Kirke kommer mere og mere til sin ret - Mors","robots":{"index":"index","follow":"follow","max-snippet":"max-snippet:-1","max-image-preview":"max-image-preview:large","max-video-preview":"max-video-preview:-1"},"canonical":"https:\/\/kunmedierne.dk\/mors\/elsoe-kirke-kommer-mere-og-mere-til-sin-ret\/","og_locale":"da_DK","og_type":"article","og_title":"Els\u00f8 Kirke kommer mere og mere til sin ret - Mors","og_description":"ELS\u00d8: En lille, intim kirke har f\u00e5et mere opm\u00e6rksomhed i de senere \u00e5r. Det fort\u00e6ller sognepr\u00e6st Steen Sunesen i sin beskrivelse af Els\u00f8 Kirke, der trods sin beskedne st\u00f8rrelse ligefrem rager op, s\u00e5 den nu ogs\u00e5 bliver set af bilister p\u00e5 hovedvejen ikke s\u00e5 langt derfra. &#8220;Ude p\u00e5 markerne har de nedlagt nogle l\u00e6hegn og [&hellip;]","og_url":"https:\/\/kunmedierne.dk\/mors\/elsoe-kirke-kommer-mere-og-mere-til-sin-ret\/","og_site_name":"Mors","article_published_time":"2020-05-24T14:16:58+00:00","article_modified_time":"2024-08-12T12:06:05+00:00","og_image":[{"width":770,"height":514,"url":"https:\/\/kunmedierne.dk\/mors\/wp-content\/uploads\/2020\/05\/els\u00f81.jpg","type":"image\/jpeg"}],"author":"David H\u00f8jmark","twitter_card":"summary_large_image","twitter_misc":{"Skrevet af":"David H\u00f8jmark","Estimeret l\u00e6setid":"3 minutter"},"schema":{"@context":"https:\/\/schema.org","@graph":[{"@type":"Article","@id":"https:\/\/kunmedierne.dk\/mors\/elsoe-kirke-kommer-mere-og-mere-til-sin-ret\/#article","isPartOf":{"@id":"https:\/\/kunmedierne.dk\/mors\/elsoe-kirke-kommer-mere-og-mere-til-sin-ret\/"},"author":{"name":"David H\u00f8jmark","@id":"https:\/\/kunmedierne.dk\/mors\/#\/schema\/person\/5fe23251bf1d0abbcdc6f7896579d548"},"headline":"Els\u00f8 Kirke kommer mere og mere til sin ret","datePublished":"2020-05-24T14:16:58+00:00","dateModified":"2024-08-12T12:06:05+00:00","mainEntityOfPage":{"@id":"https:\/\/kunmedierne.dk\/mors\/elsoe-kirke-kommer-mere-og-mere-til-sin-ret\/"},"wordCount":508,"commentCount":0,"publisher":{"@id":"https:\/\/kunmedierne.dk\/mors\/#organization"},"image":{"@id":"https:\/\/kunmedierne.dk\/mors\/elsoe-kirke-kommer-mere-og-mere-til-sin-ret\/#primaryimage"},"thumbnailUrl":"https:\/\/kunmedierne.dk\/mors\/wp-content\/uploads\/2020\/05\/els\u00f81.jpg","keywords":["Kirkestof"],"articleSection":["Lokalt"],"inLanguage":"da-DK","potentialAction":[{"@type":"CommentAction","name":"Comment","target":["https:\/\/kunmedierne.dk\/mors\/elsoe-kirke-kommer-mere-og-mere-til-sin-ret\/#respond"]}]},{"@type":"WebPage","@id":"https:\/\/kunmedierne.dk\/mors\/elsoe-kirke-kommer-mere-og-mere-til-sin-ret\/","url":"https:\/\/kunmedierne.dk\/mors\/elsoe-kirke-kommer-mere-og-mere-til-sin-ret\/","name":"Els\u00f8 Kirke kommer mere og mere til sin ret - Mors","isPartOf":{"@id":"https:\/\/kunmedierne.dk\/mors\/#website"},"primaryImageOfPage":{"@id":"https:\/\/kunmedierne.dk\/mors\/elsoe-kirke-kommer-mere-og-mere-til-sin-ret\/#primaryimage"},"image":{"@id":"https:\/\/kunmedierne.dk\/mors\/elsoe-kirke-kommer-mere-og-mere-til-sin-ret\/#primaryimage"},"thumbnailUrl":"https:\/\/kunmedierne.dk\/mors\/wp-content\/uploads\/2020\/05\/els\u00f81.jpg","datePublished":"2020-05-24T14:16:58+00:00","dateModified":"2024-08-12T12:06:05+00:00","breadcrumb":{"@id":"https:\/\/kunmedierne.dk\/mors\/elsoe-kirke-kommer-mere-og-mere-til-sin-ret\/#breadcrumb"},"inLanguage":"da-DK","potentialAction":[{"@type":"ReadAction","target":["https:\/\/kunmedierne.dk\/mors\/elsoe-kirke-kommer-mere-og-mere-til-sin-ret\/"]}]},{"@type":"ImageObject","inLanguage":"da-DK","@id":"https:\/\/kunmedierne.dk\/mors\/elsoe-kirke-kommer-mere-og-mere-til-sin-ret\/#primaryimage","url":"https:\/\/kunmedierne.dk\/mors\/wp-content\/uploads\/2020\/05\/els\u00f81.jpg","contentUrl":"https:\/\/kunmedierne.dk\/mors\/wp-content\/uploads\/2020\/05\/els\u00f81.jpg","width":770,"height":514,"caption":"Els\u00f8 Kirke. Foto: Niels Clemmensen\/Aalborg Stift"},{"@type":"BreadcrumbList","@id":"https:\/\/kunmedierne.dk\/mors\/elsoe-kirke-kommer-mere-og-mere-til-sin-ret\/#breadcrumb","itemListElement":[{"@type":"ListItem","position":1,"name":"Hjem","item":"https:\/\/kunmedierne.dk\/mors\/"},{"@type":"ListItem","position":2,"name":"Els\u00f8 Kirke kommer mere og mere til sin ret"}]},{"@type":"WebSite","@id":"https:\/\/kunmedierne.dk\/mors\/#website","url":"https:\/\/kunmedierne.dk\/mors\/","name":"Mors","description":"et netmedie med journalistik om livet p\u00e5 Mors","publisher":{"@id":"https:\/\/kunmedierne.dk\/mors\/#organization"},"potentialAction":[{"@type":"SearchAction","target":{"@type":"EntryPoint","urlTemplate":"https:\/\/kunmedierne.dk\/mors\/?s={search_term_string}"},"query-input":{"@type":"PropertyValueSpecification","valueRequired":true,"valueName":"search_term_string"}}],"inLanguage":"da-DK"},{"@type":"Organization","@id":"https:\/\/kunmedierne.dk\/mors\/#organization","name":"Mors","url":"https:\/\/kunmedierne.dk\/mors\/","logo":{"@type":"ImageObject","inLanguage":"da-DK","@id":"https:\/\/kunmedierne.dk\/mors\/#\/schema\/logo\/image\/","url":"https:\/\/kunmedierne.dk\/mors\/wp-content\/uploads\/2024\/08\/kunmors-logo.svg","contentUrl":"https:\/\/kunmedierne.dk\/mors\/wp-content\/uploads\/2024\/08\/kunmors-logo.svg","caption":"Mors"},"image":{"@id":"https:\/\/kunmedierne.dk\/mors\/#\/schema\/logo\/image\/"}},{"@type":"Person","@id":"https:\/\/kunmedierne.dk\/mors\/#\/schema\/person\/5fe23251bf1d0abbcdc6f7896579d548","name":"David H\u00f8jmark","image":{"@type":"ImageObject","inLanguage":"da-DK","@id":"https:\/\/kunmedierne.dk\/mors\/#\/schema\/person\/image\/","url":"https:\/\/secure.gravatar.com\/avatar\/4315d6fb9ef244d729989f5f90268eb08d5bf8a3d84402f595fa194bb35784fd?s=96&d=mm&r=g","contentUrl":"https:\/\/secure.gravatar.com\/avatar\/4315d6fb9ef244d729989f5f90268eb08d5bf8a3d84402f595fa194bb35784fd?s=96&d=mm&r=g","caption":"David H\u00f8jmark"},"sameAs":["https:\/\/www.kunmedierne.dk"],"url":"https:\/\/kunmedierne.dk\/mors\/author\/david\/"}]}},"_links":{"self":[{"href":"https:\/\/kunmedierne.dk\/mors\/wp-json\/wp\/v2\/posts\/22653","targetHints":{"allow":["GET"]}}],"collection":[{"href":"https:\/\/kunmedierne.dk\/mors\/wp-json\/wp\/v2\/posts"}],"about":[{"href":"https:\/\/kunmedierne.dk\/mors\/wp-json\/wp\/v2\/types\/post"}],"author":[{"embeddable":true,"href":"https:\/\/kunmedierne.dk\/mors\/wp-json\/wp\/v2\/users\/8"}],"replies":[{"embeddable":true,"href":"https:\/\/kunmedierne.dk\/mors\/wp-json\/wp\/v2\/comments?post=22653"}],"version-history":[{"count":2,"href":"https:\/\/kunmedierne.dk\/mors\/wp-json\/wp\/v2\/posts\/22653\/revisions"}],"predecessor-version":[{"id":22661,"href":"https:\/\/kunmedierne.dk\/mors\/wp-json\/wp\/v2\/posts\/22653\/revisions\/22661"}],"wp:featuredmedia":[{"embeddable":true,"href":"https:\/\/kunmedierne.dk\/mors\/wp-json\/wp\/v2\/media\/22654"}],"wp:attachment":[{"href":"https:\/\/kunmedierne.dk\/mors\/wp-json\/wp\/v2\/media?parent=22653"}],"wp:term":[{"taxonomy":"category","embeddable":true,"href":"https:\/\/kunmedierne.dk\/mors\/wp-json\/wp\/v2\/categories?post=22653"},{"taxonomy":"post_tag","embeddable":true,"href":"https:\/\/kunmedierne.dk\/mors\/wp-json\/wp\/v2\/tags?post=22653"}],"curies":[{"name":"wp","href":"https:\/\/api.w.org\/{rel}","templated":true}]}}