{"id":22396,"date":"2020-05-22T14:01:02","date_gmt":"2020-05-22T12:01:02","guid":{"rendered":"https:\/\/kunmedierne.dk\/mors\/?p=22396"},"modified":"2024-08-12T14:06:05","modified_gmt":"2024-08-12T12:06:05","slug":"jesperhus-holder-fast-i-8-juni","status":"publish","type":"post","link":"https:\/\/kunmedierne.dk\/mors\/jesperhus-holder-fast-i-8-juni\/","title":{"rendered":"Jesperhus holder fast i 8. juni"},"content":{"rendered":"<p><strong>LEGIND<\/strong>: De m\u00e5 gerne \u00e5bne nu, men Jesperhus venter til 8. juni.<\/p>\n<p>Det meddeler ferieparken p\u00e5 sin Facebook-side, hvor resultatet af en dr\u00f8ftelse fredag formiddag har f\u00f8rt til denne udmelding:<\/p>\n<p>&#8220;Der er nu afholdt m\u00f8de i direktionen og det er blevet besluttet, at vi af praktiske og sikkerhedsm\u00e6ssige a\u030arsager ikke kan a\u030abne f\u00f8r 8. juni. Vi holder derfor fast i tidligere udmelding.&#8221;<\/p>\n<p>Sent onsdag aften blev Folketinget ellers enig om, at blandt andre Jesperhus kunne f\u00e5 lov til at \u00e5bne med det samme. Men lige som for andre tilbud og forlystelser kr\u00e6vede det i f\u00f8rste omgang overblik over konditionerne for \u00e5bning.<\/p>\n<p>Jesperhus kunne dog hurtigt konstatere, at hverken badeland eller legeland var i spil endnu. Man h\u00e5ber derfor p\u00e5 muligheden for at kunne s\u00f8ge dispensation, s\u00e5 overnattende g\u00e6ster kan bruge aktiviteterne under de n\u00f8dvendige restriktioner i forhold til coronavirus.<\/p>\n<p>Og nu har man alts\u00e5 besluttet at holde fast i tidligere udmelding om 8. juni.<\/p>\n<p>https:\/\/www.facebook.com\/jesperhus\/posts\/10159801412511102<\/p>\n","protected":false},"excerpt":{"rendered":"<p>LEGIND: De m\u00e5 gerne \u00e5bne nu, men Jesperhus venter til 8. juni. Det meddeler ferieparken p\u00e5 sin Facebook-side, hvor resultatet af en dr\u00f8ftelse fredag formiddag har f\u00f8rt til denne udmelding: &#8220;Der er nu afholdt m\u00f8de i direktionen og det er blevet besluttet, at vi af praktiske og sikkerhedsm\u00e6ssige a\u030arsager ikke kan a\u030abne f\u00f8r 8. juni. [&hellip;]<\/p>\n","protected":false},"author":8,"featured_media":19222,"comment_status":"open","ping_status":"open","sticky":false,"template":"","format":"standard","meta":{"_acf_changed":false,"footnotes":""},"categories":[51],"tags":[171],"class_list":["post-22396","post","type-post","status-publish","format-standard","has-post-thumbnail","hentry","category-lokalt","tag-turisme"],"acf":[],"yoast_head":"<!-- This site is optimized with the Yoast SEO plugin v26.8 - https:\/\/yoast.com\/product\/yoast-seo-wordpress\/ -->\n<title>Jesperhus holder fast i 8. juni - Mors<\/title>\n<meta name=\"robots\" content=\"index, follow, max-snippet:-1, max-image-preview:large, max-video-preview:-1\" \/>\n<link rel=\"canonical\" href=\"https:\/\/kunmedierne.dk\/mors\/jesperhus-holder-fast-i-8-juni\/\" \/>\n<meta property=\"og:locale\" content=\"da_DK\" \/>\n<meta property=\"og:type\" content=\"article\" \/>\n<meta property=\"og:title\" content=\"Jesperhus holder fast i 8. juni - Mors\" \/>\n<meta property=\"og:description\" content=\"LEGIND: De m\u00e5 gerne \u00e5bne nu, men Jesperhus venter til 8. juni. Det meddeler ferieparken p\u00e5 sin Facebook-side, hvor resultatet af en dr\u00f8ftelse fredag formiddag har f\u00f8rt til denne udmelding: &#8220;Der er nu afholdt m\u00f8de i direktionen og det er blevet besluttet, at vi af praktiske og sikkerhedsm\u00e6ssige a\u030arsager ikke kan a\u030abne f\u00f8r 8. juni. [&hellip;]\" \/>\n<meta property=\"og:url\" content=\"https:\/\/kunmedierne.dk\/mors\/jesperhus-holder-fast-i-8-juni\/\" \/>\n<meta property=\"og:site_name\" content=\"Mors\" \/>\n<meta property=\"article:published_time\" content=\"2020-05-22T12:01:02+00:00\" \/>\n<meta property=\"article:modified_time\" content=\"2024-08-12T12:06:05+00:00\" \/>\n<meta property=\"og:image\" content=\"https:\/\/kunmedierne.dk\/mors\/wp-content\/uploads\/2020\/04\/200427-jesperhus.jpg\" \/>\n\t<meta property=\"og:image:width\" content=\"770\" \/>\n\t<meta property=\"og:image:height\" content=\"513\" \/>\n\t<meta property=\"og:image:type\" content=\"image\/jpeg\" \/>\n<meta name=\"author\" content=\"David H\u00f8jmark\" \/>\n<meta name=\"twitter:card\" content=\"summary_large_image\" \/>\n<meta name=\"twitter:label1\" content=\"Skrevet af\" \/>\n\t<meta name=\"twitter:data1\" content=\"David H\u00f8jmark\" \/>\n\t<meta name=\"twitter:label2\" content=\"Estimeret l\u00e6setid\" \/>\n\t<meta name=\"twitter:data2\" content=\"1 minut\" \/>\n<script type=\"application\/ld+json\" class=\"yoast-schema-graph\">{\"@context\":\"https:\/\/schema.org\",\"@graph\":[{\"@type\":\"Article\",\"@id\":\"https:\/\/kunmedierne.dk\/mors\/jesperhus-holder-fast-i-8-juni\/#article\",\"isPartOf\":{\"@id\":\"https:\/\/kunmedierne.dk\/mors\/jesperhus-holder-fast-i-8-juni\/\"},\"author\":{\"name\":\"David H\u00f8jmark\",\"@id\":\"https:\/\/kunmedierne.dk\/mors\/#\/schema\/person\/5fe23251bf1d0abbcdc6f7896579d548\"},\"headline\":\"Jesperhus holder fast i 8. juni\",\"datePublished\":\"2020-05-22T12:01:02+00:00\",\"dateModified\":\"2024-08-12T12:06:05+00:00\",\"mainEntityOfPage\":{\"@id\":\"https:\/\/kunmedierne.dk\/mors\/jesperhus-holder-fast-i-8-juni\/\"},\"wordCount\":175,\"commentCount\":0,\"publisher\":{\"@id\":\"https:\/\/kunmedierne.dk\/mors\/#organization\"},\"image\":{\"@id\":\"https:\/\/kunmedierne.dk\/mors\/jesperhus-holder-fast-i-8-juni\/#primaryimage\"},\"thumbnailUrl\":\"https:\/\/kunmedierne.dk\/mors\/wp-content\/uploads\/2020\/04\/200427-jesperhus.jpg\",\"keywords\":[\"Turisme\"],\"articleSection\":[\"Lokalt\"],\"inLanguage\":\"da-DK\",\"potentialAction\":[{\"@type\":\"CommentAction\",\"name\":\"Comment\",\"target\":[\"https:\/\/kunmedierne.dk\/mors\/jesperhus-holder-fast-i-8-juni\/#respond\"]}]},{\"@type\":\"WebPage\",\"@id\":\"https:\/\/kunmedierne.dk\/mors\/jesperhus-holder-fast-i-8-juni\/\",\"url\":\"https:\/\/kunmedierne.dk\/mors\/jesperhus-holder-fast-i-8-juni\/\",\"name\":\"Jesperhus holder fast i 8. juni - Mors\",\"isPartOf\":{\"@id\":\"https:\/\/kunmedierne.dk\/mors\/#website\"},\"primaryImageOfPage\":{\"@id\":\"https:\/\/kunmedierne.dk\/mors\/jesperhus-holder-fast-i-8-juni\/#primaryimage\"},\"image\":{\"@id\":\"https:\/\/kunmedierne.dk\/mors\/jesperhus-holder-fast-i-8-juni\/#primaryimage\"},\"thumbnailUrl\":\"https:\/\/kunmedierne.dk\/mors\/wp-content\/uploads\/2020\/04\/200427-jesperhus.jpg\",\"datePublished\":\"2020-05-22T12:01:02+00:00\",\"dateModified\":\"2024-08-12T12:06:05+00:00\",\"breadcrumb\":{\"@id\":\"https:\/\/kunmedierne.dk\/mors\/jesperhus-holder-fast-i-8-juni\/#breadcrumb\"},\"inLanguage\":\"da-DK\",\"potentialAction\":[{\"@type\":\"ReadAction\",\"target\":[\"https:\/\/kunmedierne.dk\/mors\/jesperhus-holder-fast-i-8-juni\/\"]}]},{\"@type\":\"ImageObject\",\"inLanguage\":\"da-DK\",\"@id\":\"https:\/\/kunmedierne.dk\/mors\/jesperhus-holder-fast-i-8-juni\/#primaryimage\",\"url\":\"https:\/\/kunmedierne.dk\/mors\/wp-content\/uploads\/2020\/04\/200427-jesperhus.jpg\",\"contentUrl\":\"https:\/\/kunmedierne.dk\/mors\/wp-content\/uploads\/2020\/04\/200427-jesperhus.jpg\",\"width\":770,\"height\":513,\"caption\":\"Foto: Jesperhus.\"},{\"@type\":\"BreadcrumbList\",\"@id\":\"https:\/\/kunmedierne.dk\/mors\/jesperhus-holder-fast-i-8-juni\/#breadcrumb\",\"itemListElement\":[{\"@type\":\"ListItem\",\"position\":1,\"name\":\"Hjem\",\"item\":\"https:\/\/kunmedierne.dk\/mors\/\"},{\"@type\":\"ListItem\",\"position\":2,\"name\":\"Jesperhus holder fast i 8. juni\"}]},{\"@type\":\"WebSite\",\"@id\":\"https:\/\/kunmedierne.dk\/mors\/#website\",\"url\":\"https:\/\/kunmedierne.dk\/mors\/\",\"name\":\"Mors\",\"description\":\"et netmedie med journalistik om livet p\u00e5 Mors\",\"publisher\":{\"@id\":\"https:\/\/kunmedierne.dk\/mors\/#organization\"},\"potentialAction\":[{\"@type\":\"SearchAction\",\"target\":{\"@type\":\"EntryPoint\",\"urlTemplate\":\"https:\/\/kunmedierne.dk\/mors\/?s={search_term_string}\"},\"query-input\":{\"@type\":\"PropertyValueSpecification\",\"valueRequired\":true,\"valueName\":\"search_term_string\"}}],\"inLanguage\":\"da-DK\"},{\"@type\":\"Organization\",\"@id\":\"https:\/\/kunmedierne.dk\/mors\/#organization\",\"name\":\"Mors\",\"url\":\"https:\/\/kunmedierne.dk\/mors\/\",\"logo\":{\"@type\":\"ImageObject\",\"inLanguage\":\"da-DK\",\"@id\":\"https:\/\/kunmedierne.dk\/mors\/#\/schema\/logo\/image\/\",\"url\":\"https:\/\/kunmedierne.dk\/mors\/wp-content\/uploads\/2024\/08\/kunmors-logo.svg\",\"contentUrl\":\"https:\/\/kunmedierne.dk\/mors\/wp-content\/uploads\/2024\/08\/kunmors-logo.svg\",\"caption\":\"Mors\"},\"image\":{\"@id\":\"https:\/\/kunmedierne.dk\/mors\/#\/schema\/logo\/image\/\"}},{\"@type\":\"Person\",\"@id\":\"https:\/\/kunmedierne.dk\/mors\/#\/schema\/person\/5fe23251bf1d0abbcdc6f7896579d548\",\"name\":\"David H\u00f8jmark\",\"image\":{\"@type\":\"ImageObject\",\"inLanguage\":\"da-DK\",\"@id\":\"https:\/\/kunmedierne.dk\/mors\/#\/schema\/person\/image\/\",\"url\":\"https:\/\/secure.gravatar.com\/avatar\/4315d6fb9ef244d729989f5f90268eb08d5bf8a3d84402f595fa194bb35784fd?s=96&d=mm&r=g\",\"contentUrl\":\"https:\/\/secure.gravatar.com\/avatar\/4315d6fb9ef244d729989f5f90268eb08d5bf8a3d84402f595fa194bb35784fd?s=96&d=mm&r=g\",\"caption\":\"David H\u00f8jmark\"},\"sameAs\":[\"https:\/\/www.kunmedierne.dk\"],\"url\":\"https:\/\/kunmedierne.dk\/mors\/author\/david\/\"}]}<\/script>\n<!-- \/ Yoast SEO plugin. -->","yoast_head_json":{"title":"Jesperhus holder fast i 8. juni - Mors","robots":{"index":"index","follow":"follow","max-snippet":"max-snippet:-1","max-image-preview":"max-image-preview:large","max-video-preview":"max-video-preview:-1"},"canonical":"https:\/\/kunmedierne.dk\/mors\/jesperhus-holder-fast-i-8-juni\/","og_locale":"da_DK","og_type":"article","og_title":"Jesperhus holder fast i 8. juni - Mors","og_description":"LEGIND: De m\u00e5 gerne \u00e5bne nu, men Jesperhus venter til 8. juni. Det meddeler ferieparken p\u00e5 sin Facebook-side, hvor resultatet af en dr\u00f8ftelse fredag formiddag har f\u00f8rt til denne udmelding: &#8220;Der er nu afholdt m\u00f8de i direktionen og det er blevet besluttet, at vi af praktiske og sikkerhedsm\u00e6ssige a\u030arsager ikke kan a\u030abne f\u00f8r 8. juni. [&hellip;]","og_url":"https:\/\/kunmedierne.dk\/mors\/jesperhus-holder-fast-i-8-juni\/","og_site_name":"Mors","article_published_time":"2020-05-22T12:01:02+00:00","article_modified_time":"2024-08-12T12:06:05+00:00","og_image":[{"width":770,"height":513,"url":"https:\/\/kunmedierne.dk\/mors\/wp-content\/uploads\/2020\/04\/200427-jesperhus.jpg","type":"image\/jpeg"}],"author":"David H\u00f8jmark","twitter_card":"summary_large_image","twitter_misc":{"Skrevet af":"David H\u00f8jmark","Estimeret l\u00e6setid":"1 minut"},"schema":{"@context":"https:\/\/schema.org","@graph":[{"@type":"Article","@id":"https:\/\/kunmedierne.dk\/mors\/jesperhus-holder-fast-i-8-juni\/#article","isPartOf":{"@id":"https:\/\/kunmedierne.dk\/mors\/jesperhus-holder-fast-i-8-juni\/"},"author":{"name":"David H\u00f8jmark","@id":"https:\/\/kunmedierne.dk\/mors\/#\/schema\/person\/5fe23251bf1d0abbcdc6f7896579d548"},"headline":"Jesperhus holder fast i 8. juni","datePublished":"2020-05-22T12:01:02+00:00","dateModified":"2024-08-12T12:06:05+00:00","mainEntityOfPage":{"@id":"https:\/\/kunmedierne.dk\/mors\/jesperhus-holder-fast-i-8-juni\/"},"wordCount":175,"commentCount":0,"publisher":{"@id":"https:\/\/kunmedierne.dk\/mors\/#organization"},"image":{"@id":"https:\/\/kunmedierne.dk\/mors\/jesperhus-holder-fast-i-8-juni\/#primaryimage"},"thumbnailUrl":"https:\/\/kunmedierne.dk\/mors\/wp-content\/uploads\/2020\/04\/200427-jesperhus.jpg","keywords":["Turisme"],"articleSection":["Lokalt"],"inLanguage":"da-DK","potentialAction":[{"@type":"CommentAction","name":"Comment","target":["https:\/\/kunmedierne.dk\/mors\/jesperhus-holder-fast-i-8-juni\/#respond"]}]},{"@type":"WebPage","@id":"https:\/\/kunmedierne.dk\/mors\/jesperhus-holder-fast-i-8-juni\/","url":"https:\/\/kunmedierne.dk\/mors\/jesperhus-holder-fast-i-8-juni\/","name":"Jesperhus holder fast i 8. juni - Mors","isPartOf":{"@id":"https:\/\/kunmedierne.dk\/mors\/#website"},"primaryImageOfPage":{"@id":"https:\/\/kunmedierne.dk\/mors\/jesperhus-holder-fast-i-8-juni\/#primaryimage"},"image":{"@id":"https:\/\/kunmedierne.dk\/mors\/jesperhus-holder-fast-i-8-juni\/#primaryimage"},"thumbnailUrl":"https:\/\/kunmedierne.dk\/mors\/wp-content\/uploads\/2020\/04\/200427-jesperhus.jpg","datePublished":"2020-05-22T12:01:02+00:00","dateModified":"2024-08-12T12:06:05+00:00","breadcrumb":{"@id":"https:\/\/kunmedierne.dk\/mors\/jesperhus-holder-fast-i-8-juni\/#breadcrumb"},"inLanguage":"da-DK","potentialAction":[{"@type":"ReadAction","target":["https:\/\/kunmedierne.dk\/mors\/jesperhus-holder-fast-i-8-juni\/"]}]},{"@type":"ImageObject","inLanguage":"da-DK","@id":"https:\/\/kunmedierne.dk\/mors\/jesperhus-holder-fast-i-8-juni\/#primaryimage","url":"https:\/\/kunmedierne.dk\/mors\/wp-content\/uploads\/2020\/04\/200427-jesperhus.jpg","contentUrl":"https:\/\/kunmedierne.dk\/mors\/wp-content\/uploads\/2020\/04\/200427-jesperhus.jpg","width":770,"height":513,"caption":"Foto: Jesperhus."},{"@type":"BreadcrumbList","@id":"https:\/\/kunmedierne.dk\/mors\/jesperhus-holder-fast-i-8-juni\/#breadcrumb","itemListElement":[{"@type":"ListItem","position":1,"name":"Hjem","item":"https:\/\/kunmedierne.dk\/mors\/"},{"@type":"ListItem","position":2,"name":"Jesperhus holder fast i 8. juni"}]},{"@type":"WebSite","@id":"https:\/\/kunmedierne.dk\/mors\/#website","url":"https:\/\/kunmedierne.dk\/mors\/","name":"Mors","description":"et netmedie med journalistik om livet p\u00e5 Mors","publisher":{"@id":"https:\/\/kunmedierne.dk\/mors\/#organization"},"potentialAction":[{"@type":"SearchAction","target":{"@type":"EntryPoint","urlTemplate":"https:\/\/kunmedierne.dk\/mors\/?s={search_term_string}"},"query-input":{"@type":"PropertyValueSpecification","valueRequired":true,"valueName":"search_term_string"}}],"inLanguage":"da-DK"},{"@type":"Organization","@id":"https:\/\/kunmedierne.dk\/mors\/#organization","name":"Mors","url":"https:\/\/kunmedierne.dk\/mors\/","logo":{"@type":"ImageObject","inLanguage":"da-DK","@id":"https:\/\/kunmedierne.dk\/mors\/#\/schema\/logo\/image\/","url":"https:\/\/kunmedierne.dk\/mors\/wp-content\/uploads\/2024\/08\/kunmors-logo.svg","contentUrl":"https:\/\/kunmedierne.dk\/mors\/wp-content\/uploads\/2024\/08\/kunmors-logo.svg","caption":"Mors"},"image":{"@id":"https:\/\/kunmedierne.dk\/mors\/#\/schema\/logo\/image\/"}},{"@type":"Person","@id":"https:\/\/kunmedierne.dk\/mors\/#\/schema\/person\/5fe23251bf1d0abbcdc6f7896579d548","name":"David H\u00f8jmark","image":{"@type":"ImageObject","inLanguage":"da-DK","@id":"https:\/\/kunmedierne.dk\/mors\/#\/schema\/person\/image\/","url":"https:\/\/secure.gravatar.com\/avatar\/4315d6fb9ef244d729989f5f90268eb08d5bf8a3d84402f595fa194bb35784fd?s=96&d=mm&r=g","contentUrl":"https:\/\/secure.gravatar.com\/avatar\/4315d6fb9ef244d729989f5f90268eb08d5bf8a3d84402f595fa194bb35784fd?s=96&d=mm&r=g","caption":"David H\u00f8jmark"},"sameAs":["https:\/\/www.kunmedierne.dk"],"url":"https:\/\/kunmedierne.dk\/mors\/author\/david\/"}]}},"_links":{"self":[{"href":"https:\/\/kunmedierne.dk\/mors\/wp-json\/wp\/v2\/posts\/22396","targetHints":{"allow":["GET"]}}],"collection":[{"href":"https:\/\/kunmedierne.dk\/mors\/wp-json\/wp\/v2\/posts"}],"about":[{"href":"https:\/\/kunmedierne.dk\/mors\/wp-json\/wp\/v2\/types\/post"}],"author":[{"embeddable":true,"href":"https:\/\/kunmedierne.dk\/mors\/wp-json\/wp\/v2\/users\/8"}],"replies":[{"embeddable":true,"href":"https:\/\/kunmedierne.dk\/mors\/wp-json\/wp\/v2\/comments?post=22396"}],"version-history":[{"count":1,"href":"https:\/\/kunmedierne.dk\/mors\/wp-json\/wp\/v2\/posts\/22396\/revisions"}],"predecessor-version":[{"id":22397,"href":"https:\/\/kunmedierne.dk\/mors\/wp-json\/wp\/v2\/posts\/22396\/revisions\/22397"}],"wp:featuredmedia":[{"embeddable":true,"href":"https:\/\/kunmedierne.dk\/mors\/wp-json\/wp\/v2\/media\/19222"}],"wp:attachment":[{"href":"https:\/\/kunmedierne.dk\/mors\/wp-json\/wp\/v2\/media?parent=22396"}],"wp:term":[{"taxonomy":"category","embeddable":true,"href":"https:\/\/kunmedierne.dk\/mors\/wp-json\/wp\/v2\/categories?post=22396"},{"taxonomy":"post_tag","embeddable":true,"href":"https:\/\/kunmedierne.dk\/mors\/wp-json\/wp\/v2\/tags?post=22396"}],"curies":[{"name":"wp","href":"https:\/\/api.w.org\/{rel}","templated":true}]}}