{"id":22212,"date":"2020-05-20T13:16:39","date_gmt":"2020-05-20T11:16:39","guid":{"rendered":"https:\/\/kunmedierne.dk\/mors\/?p=22212"},"modified":"2024-08-12T14:06:06","modified_gmt":"2024-08-12T12:06:06","slug":"opholdsstedet-fredsoe-lukker-ned-for-pressen","status":"publish","type":"post","link":"https:\/\/kunmedierne.dk\/mors\/opholdsstedet-fredsoe-lukker-ned-for-pressen\/","title":{"rendered":"Opholdsstedet Freds\u00f8 lukker ned for pressen"},"content":{"rendered":"<p><strong>FREDS\u00d8<\/strong>: Lukningen af Opholdsstedet Freds\u00f8 f\u00e5r nu stedet selv til at lukke ned for dialog med medierne.<\/p>\n<p>Det oplyser Per Dam Hansen, formand for bestyrelsen bag det lokale tilbud til unge, i en e-mail til KunMors dagen efter, at han ellers har givet udtryk for gerne at ville svare p\u00e5 en r\u00e6kke sp\u00f8rgsm\u00e5l.<\/p>\n<p>KunMors skrev om nedlukningen i to artikler s\u00f8ndag. I <a href=\"https:\/\/kunmedierne.dk\/mors\/soenderlemmende-kritik-tilsyn-lukker-opholdssted-for-unge-i-fredsoe\/\" target=\"_blank\" rel=\"noopener noreferrer\">den ene<\/a> fremgik det, at Socialtilsyn Nord i sit seneste tilsyn er kommet med en meget h\u00e5rd kritik af Opholdsstedet Freds\u00f8 og har bebudet det lukket senest 31. maj. I <a href=\"https:\/\/kunmedierne.dk\/mors\/leder-af-opholdssted-vi-lukker-men-det-har-vi-selv-besluttet\/\" target=\"_blank\" rel=\"noopener noreferrer\">den anden<\/a> fort\u00e6ller stedets forstander, Anders Andreasen, at beslutningen om at lukke er opholdsstedets egen &#8211; og at den sker af \u00f8konomiske \u00e5rsager.<\/p>\n<p>Mandag ringede KunMors til bestyrelsesformand Per Dam Hansen, som ogs\u00e5 sagde, at opholdsstedet selv har taget beslutningen om at lukke. Men da han blev spurgt om \u00e5rsagen, sagde han:<\/p>\n<p>&#8220;Jeg vil rigtig gerne svare p\u00e5 dine sp\u00f8rgsm\u00e5l, men jeg vil gerne have, at du stiller dem p\u00e5 skrift og sender til mig &#8211; s\u00e5 skal jeg nok svare p\u00e5 dem.&#8221;<\/p>\n<p>&nbsp;<\/p>\n<p><strong>Ubesvarede sp\u00f8rgsm\u00e5l<\/strong><\/p>\n<p>Det gjorde KunMors i en e-mail, der blandt andet stillede sp\u00f8rgsm\u00e5let, om ikke opholdsstedet allerede ved beslutningen om at lukke vidste, at der var et p\u00e5bud om at lukke p\u00e5 vej fra Socialtilsyn Nord. Andre sp\u00f8rgsm\u00e5l handlede om indholdet i rapporten fra Socialtilsyn Nord &#8211; herimellem den h\u00e5rde kritik af det faglige niveau p\u00e5 Opholdsstedet Freds\u00f8 og om bemandingen p\u00e5 stedet.<\/p>\n<p>Sp\u00f8rgsm\u00e5lene blev dog ikke besvaret i den e-mail, der kom retur. Den forholdt sig alene til beslutningen om at lukke, som bestyrelsesformanden igen oplyser, at opholdsstedet selv har taget:<\/p>\n<p class=\"v1MsoNormal\">&#8220;Efter gennem l\u00e6ngere tid at have fors\u00f8gt at skabe et godt driftsm\u00e6ssigt og \u00f8konomisk sikkert grundlag for Opholdsstedet Freds\u00f8 erkender bestyrelsen, at dette ikke syntes muligt og ej heller vil v\u00e6re det i fremtiden.\u00a0Derfor er det p\u00e5 to bestyrelsesm\u00f8der (7\/4 + 27\/4) besluttet at lukke Opholdsstedet Freds\u00f8 pr. 31. maj 2020. Borgerne p\u00e5 Opholdsstedet Freds\u00f8 er nu i samarbejde med de anbringende kommuner visiteret til nye relevante opholdssteder,&#8221; skriver Per Dam Hansen, der herefter meddeler, at der ikke bliver flere kommentarer.<\/p>\n<p class=\"v1MsoNormal\">&#8220;Under nedlukningen har Opholdsstedet Freds\u00f8s bestyrelse fokus p\u00e5 borgernes trivsel. For netop denne m\u00e5lgruppe er ro og stabilitet en afg\u00f8rende faktor. Vi \u00f8nsker at sk\u00e6rme borgerne mest muligt og \u00f8nsker derfor heller ikke at indg\u00e5 i yderligere dialog med presse mm.,&#8221; skriver han.<\/p>\n","protected":false},"excerpt":{"rendered":"<p>FREDS\u00d8: Lukningen af Opholdsstedet Freds\u00f8 f\u00e5r nu stedet selv til at lukke ned for dialog med medierne. Det oplyser Per Dam Hansen, formand for bestyrelsen bag det lokale tilbud til unge, i en e-mail til KunMors dagen efter, at han ellers har givet udtryk for gerne at ville svare p\u00e5 en r\u00e6kke sp\u00f8rgsm\u00e5l. KunMors skrev [&hellip;]<\/p>\n","protected":false},"author":8,"featured_media":21960,"comment_status":"open","ping_status":"open","sticky":false,"template":"","format":"standard","meta":{"_acf_changed":false,"footnotes":""},"categories":[51],"tags":[],"class_list":["post-22212","post","type-post","status-publish","format-standard","has-post-thumbnail","hentry","category-lokalt"],"acf":[],"yoast_head":"<!-- This site is optimized with the Yoast SEO plugin v26.8 - https:\/\/yoast.com\/product\/yoast-seo-wordpress\/ -->\n<title>Opholdsstedet Freds\u00f8 lukker ned for pressen - Mors<\/title>\n<meta name=\"robots\" content=\"index, follow, max-snippet:-1, max-image-preview:large, max-video-preview:-1\" \/>\n<link rel=\"canonical\" href=\"https:\/\/kunmedierne.dk\/mors\/opholdsstedet-fredsoe-lukker-ned-for-pressen\/\" \/>\n<meta property=\"og:locale\" content=\"da_DK\" \/>\n<meta property=\"og:type\" content=\"article\" \/>\n<meta property=\"og:title\" content=\"Opholdsstedet Freds\u00f8 lukker ned for pressen - Mors\" \/>\n<meta property=\"og:description\" content=\"FREDS\u00d8: Lukningen af Opholdsstedet Freds\u00f8 f\u00e5r nu stedet selv til at lukke ned for dialog med medierne. Det oplyser Per Dam Hansen, formand for bestyrelsen bag det lokale tilbud til unge, i en e-mail til KunMors dagen efter, at han ellers har givet udtryk for gerne at ville svare p\u00e5 en r\u00e6kke sp\u00f8rgsm\u00e5l. KunMors skrev [&hellip;]\" \/>\n<meta property=\"og:url\" content=\"https:\/\/kunmedierne.dk\/mors\/opholdsstedet-fredsoe-lukker-ned-for-pressen\/\" \/>\n<meta property=\"og:site_name\" content=\"Mors\" \/>\n<meta property=\"article:published_time\" content=\"2020-05-20T11:16:39+00:00\" \/>\n<meta property=\"article:modified_time\" content=\"2024-08-12T12:06:06+00:00\" \/>\n<meta property=\"og:image\" content=\"https:\/\/kunmedierne.dk\/mors\/wp-content\/uploads\/2020\/05\/freds\u00f82.jpg\" \/>\n\t<meta property=\"og:image:width\" content=\"770\" \/>\n\t<meta property=\"og:image:height\" content=\"513\" \/>\n\t<meta property=\"og:image:type\" content=\"image\/jpeg\" \/>\n<meta name=\"author\" content=\"David H\u00f8jmark\" \/>\n<meta name=\"twitter:card\" content=\"summary_large_image\" \/>\n<meta name=\"twitter:label1\" content=\"Skrevet af\" \/>\n\t<meta name=\"twitter:data1\" content=\"David H\u00f8jmark\" \/>\n\t<meta name=\"twitter:label2\" content=\"Estimeret l\u00e6setid\" \/>\n\t<meta name=\"twitter:data2\" content=\"2 minutter\" \/>\n<script type=\"application\/ld+json\" class=\"yoast-schema-graph\">{\"@context\":\"https:\/\/schema.org\",\"@graph\":[{\"@type\":\"Article\",\"@id\":\"https:\/\/kunmedierne.dk\/mors\/opholdsstedet-fredsoe-lukker-ned-for-pressen\/#article\",\"isPartOf\":{\"@id\":\"https:\/\/kunmedierne.dk\/mors\/opholdsstedet-fredsoe-lukker-ned-for-pressen\/\"},\"author\":{\"name\":\"David H\u00f8jmark\",\"@id\":\"https:\/\/kunmedierne.dk\/mors\/#\/schema\/person\/5fe23251bf1d0abbcdc6f7896579d548\"},\"headline\":\"Opholdsstedet Freds\u00f8 lukker ned for pressen\",\"datePublished\":\"2020-05-20T11:16:39+00:00\",\"dateModified\":\"2024-08-12T12:06:06+00:00\",\"mainEntityOfPage\":{\"@id\":\"https:\/\/kunmedierne.dk\/mors\/opholdsstedet-fredsoe-lukker-ned-for-pressen\/\"},\"wordCount\":421,\"commentCount\":0,\"publisher\":{\"@id\":\"https:\/\/kunmedierne.dk\/mors\/#organization\"},\"image\":{\"@id\":\"https:\/\/kunmedierne.dk\/mors\/opholdsstedet-fredsoe-lukker-ned-for-pressen\/#primaryimage\"},\"thumbnailUrl\":\"https:\/\/kunmedierne.dk\/mors\/wp-content\/uploads\/2020\/05\/freds\u00f82.jpg\",\"articleSection\":[\"Lokalt\"],\"inLanguage\":\"da-DK\",\"potentialAction\":[{\"@type\":\"CommentAction\",\"name\":\"Comment\",\"target\":[\"https:\/\/kunmedierne.dk\/mors\/opholdsstedet-fredsoe-lukker-ned-for-pressen\/#respond\"]}]},{\"@type\":\"WebPage\",\"@id\":\"https:\/\/kunmedierne.dk\/mors\/opholdsstedet-fredsoe-lukker-ned-for-pressen\/\",\"url\":\"https:\/\/kunmedierne.dk\/mors\/opholdsstedet-fredsoe-lukker-ned-for-pressen\/\",\"name\":\"Opholdsstedet Freds\u00f8 lukker ned for pressen - Mors\",\"isPartOf\":{\"@id\":\"https:\/\/kunmedierne.dk\/mors\/#website\"},\"primaryImageOfPage\":{\"@id\":\"https:\/\/kunmedierne.dk\/mors\/opholdsstedet-fredsoe-lukker-ned-for-pressen\/#primaryimage\"},\"image\":{\"@id\":\"https:\/\/kunmedierne.dk\/mors\/opholdsstedet-fredsoe-lukker-ned-for-pressen\/#primaryimage\"},\"thumbnailUrl\":\"https:\/\/kunmedierne.dk\/mors\/wp-content\/uploads\/2020\/05\/freds\u00f82.jpg\",\"datePublished\":\"2020-05-20T11:16:39+00:00\",\"dateModified\":\"2024-08-12T12:06:06+00:00\",\"breadcrumb\":{\"@id\":\"https:\/\/kunmedierne.dk\/mors\/opholdsstedet-fredsoe-lukker-ned-for-pressen\/#breadcrumb\"},\"inLanguage\":\"da-DK\",\"potentialAction\":[{\"@type\":\"ReadAction\",\"target\":[\"https:\/\/kunmedierne.dk\/mors\/opholdsstedet-fredsoe-lukker-ned-for-pressen\/\"]}]},{\"@type\":\"ImageObject\",\"inLanguage\":\"da-DK\",\"@id\":\"https:\/\/kunmedierne.dk\/mors\/opholdsstedet-fredsoe-lukker-ned-for-pressen\/#primaryimage\",\"url\":\"https:\/\/kunmedierne.dk\/mors\/wp-content\/uploads\/2020\/05\/freds\u00f82.jpg\",\"contentUrl\":\"https:\/\/kunmedierne.dk\/mors\/wp-content\/uploads\/2020\/05\/freds\u00f82.jpg\",\"width\":770,\"height\":513,\"caption\":\"Opholdsstedet Freds\u00f8 lukker 31. maj.\"},{\"@type\":\"BreadcrumbList\",\"@id\":\"https:\/\/kunmedierne.dk\/mors\/opholdsstedet-fredsoe-lukker-ned-for-pressen\/#breadcrumb\",\"itemListElement\":[{\"@type\":\"ListItem\",\"position\":1,\"name\":\"Hjem\",\"item\":\"https:\/\/kunmedierne.dk\/mors\/\"},{\"@type\":\"ListItem\",\"position\":2,\"name\":\"Opholdsstedet Freds\u00f8 lukker ned for pressen\"}]},{\"@type\":\"WebSite\",\"@id\":\"https:\/\/kunmedierne.dk\/mors\/#website\",\"url\":\"https:\/\/kunmedierne.dk\/mors\/\",\"name\":\"Mors\",\"description\":\"et netmedie med journalistik om livet p\u00e5 Mors\",\"publisher\":{\"@id\":\"https:\/\/kunmedierne.dk\/mors\/#organization\"},\"potentialAction\":[{\"@type\":\"SearchAction\",\"target\":{\"@type\":\"EntryPoint\",\"urlTemplate\":\"https:\/\/kunmedierne.dk\/mors\/?s={search_term_string}\"},\"query-input\":{\"@type\":\"PropertyValueSpecification\",\"valueRequired\":true,\"valueName\":\"search_term_string\"}}],\"inLanguage\":\"da-DK\"},{\"@type\":\"Organization\",\"@id\":\"https:\/\/kunmedierne.dk\/mors\/#organization\",\"name\":\"Mors\",\"url\":\"https:\/\/kunmedierne.dk\/mors\/\",\"logo\":{\"@type\":\"ImageObject\",\"inLanguage\":\"da-DK\",\"@id\":\"https:\/\/kunmedierne.dk\/mors\/#\/schema\/logo\/image\/\",\"url\":\"https:\/\/kunmedierne.dk\/mors\/wp-content\/uploads\/2024\/08\/kunmors-logo.svg\",\"contentUrl\":\"https:\/\/kunmedierne.dk\/mors\/wp-content\/uploads\/2024\/08\/kunmors-logo.svg\",\"caption\":\"Mors\"},\"image\":{\"@id\":\"https:\/\/kunmedierne.dk\/mors\/#\/schema\/logo\/image\/\"}},{\"@type\":\"Person\",\"@id\":\"https:\/\/kunmedierne.dk\/mors\/#\/schema\/person\/5fe23251bf1d0abbcdc6f7896579d548\",\"name\":\"David H\u00f8jmark\",\"image\":{\"@type\":\"ImageObject\",\"inLanguage\":\"da-DK\",\"@id\":\"https:\/\/kunmedierne.dk\/mors\/#\/schema\/person\/image\/\",\"url\":\"https:\/\/secure.gravatar.com\/avatar\/4315d6fb9ef244d729989f5f90268eb08d5bf8a3d84402f595fa194bb35784fd?s=96&d=mm&r=g\",\"contentUrl\":\"https:\/\/secure.gravatar.com\/avatar\/4315d6fb9ef244d729989f5f90268eb08d5bf8a3d84402f595fa194bb35784fd?s=96&d=mm&r=g\",\"caption\":\"David H\u00f8jmark\"},\"sameAs\":[\"https:\/\/www.kunmedierne.dk\"],\"url\":\"https:\/\/kunmedierne.dk\/mors\/author\/david\/\"}]}<\/script>\n<!-- \/ Yoast SEO plugin. -->","yoast_head_json":{"title":"Opholdsstedet Freds\u00f8 lukker ned for pressen - Mors","robots":{"index":"index","follow":"follow","max-snippet":"max-snippet:-1","max-image-preview":"max-image-preview:large","max-video-preview":"max-video-preview:-1"},"canonical":"https:\/\/kunmedierne.dk\/mors\/opholdsstedet-fredsoe-lukker-ned-for-pressen\/","og_locale":"da_DK","og_type":"article","og_title":"Opholdsstedet Freds\u00f8 lukker ned for pressen - Mors","og_description":"FREDS\u00d8: Lukningen af Opholdsstedet Freds\u00f8 f\u00e5r nu stedet selv til at lukke ned for dialog med medierne. Det oplyser Per Dam Hansen, formand for bestyrelsen bag det lokale tilbud til unge, i en e-mail til KunMors dagen efter, at han ellers har givet udtryk for gerne at ville svare p\u00e5 en r\u00e6kke sp\u00f8rgsm\u00e5l. KunMors skrev [&hellip;]","og_url":"https:\/\/kunmedierne.dk\/mors\/opholdsstedet-fredsoe-lukker-ned-for-pressen\/","og_site_name":"Mors","article_published_time":"2020-05-20T11:16:39+00:00","article_modified_time":"2024-08-12T12:06:06+00:00","og_image":[{"width":770,"height":513,"url":"https:\/\/kunmedierne.dk\/mors\/wp-content\/uploads\/2020\/05\/freds\u00f82.jpg","type":"image\/jpeg"}],"author":"David H\u00f8jmark","twitter_card":"summary_large_image","twitter_misc":{"Skrevet af":"David H\u00f8jmark","Estimeret l\u00e6setid":"2 minutter"},"schema":{"@context":"https:\/\/schema.org","@graph":[{"@type":"Article","@id":"https:\/\/kunmedierne.dk\/mors\/opholdsstedet-fredsoe-lukker-ned-for-pressen\/#article","isPartOf":{"@id":"https:\/\/kunmedierne.dk\/mors\/opholdsstedet-fredsoe-lukker-ned-for-pressen\/"},"author":{"name":"David H\u00f8jmark","@id":"https:\/\/kunmedierne.dk\/mors\/#\/schema\/person\/5fe23251bf1d0abbcdc6f7896579d548"},"headline":"Opholdsstedet Freds\u00f8 lukker ned for pressen","datePublished":"2020-05-20T11:16:39+00:00","dateModified":"2024-08-12T12:06:06+00:00","mainEntityOfPage":{"@id":"https:\/\/kunmedierne.dk\/mors\/opholdsstedet-fredsoe-lukker-ned-for-pressen\/"},"wordCount":421,"commentCount":0,"publisher":{"@id":"https:\/\/kunmedierne.dk\/mors\/#organization"},"image":{"@id":"https:\/\/kunmedierne.dk\/mors\/opholdsstedet-fredsoe-lukker-ned-for-pressen\/#primaryimage"},"thumbnailUrl":"https:\/\/kunmedierne.dk\/mors\/wp-content\/uploads\/2020\/05\/freds\u00f82.jpg","articleSection":["Lokalt"],"inLanguage":"da-DK","potentialAction":[{"@type":"CommentAction","name":"Comment","target":["https:\/\/kunmedierne.dk\/mors\/opholdsstedet-fredsoe-lukker-ned-for-pressen\/#respond"]}]},{"@type":"WebPage","@id":"https:\/\/kunmedierne.dk\/mors\/opholdsstedet-fredsoe-lukker-ned-for-pressen\/","url":"https:\/\/kunmedierne.dk\/mors\/opholdsstedet-fredsoe-lukker-ned-for-pressen\/","name":"Opholdsstedet Freds\u00f8 lukker ned for pressen - Mors","isPartOf":{"@id":"https:\/\/kunmedierne.dk\/mors\/#website"},"primaryImageOfPage":{"@id":"https:\/\/kunmedierne.dk\/mors\/opholdsstedet-fredsoe-lukker-ned-for-pressen\/#primaryimage"},"image":{"@id":"https:\/\/kunmedierne.dk\/mors\/opholdsstedet-fredsoe-lukker-ned-for-pressen\/#primaryimage"},"thumbnailUrl":"https:\/\/kunmedierne.dk\/mors\/wp-content\/uploads\/2020\/05\/freds\u00f82.jpg","datePublished":"2020-05-20T11:16:39+00:00","dateModified":"2024-08-12T12:06:06+00:00","breadcrumb":{"@id":"https:\/\/kunmedierne.dk\/mors\/opholdsstedet-fredsoe-lukker-ned-for-pressen\/#breadcrumb"},"inLanguage":"da-DK","potentialAction":[{"@type":"ReadAction","target":["https:\/\/kunmedierne.dk\/mors\/opholdsstedet-fredsoe-lukker-ned-for-pressen\/"]}]},{"@type":"ImageObject","inLanguage":"da-DK","@id":"https:\/\/kunmedierne.dk\/mors\/opholdsstedet-fredsoe-lukker-ned-for-pressen\/#primaryimage","url":"https:\/\/kunmedierne.dk\/mors\/wp-content\/uploads\/2020\/05\/freds\u00f82.jpg","contentUrl":"https:\/\/kunmedierne.dk\/mors\/wp-content\/uploads\/2020\/05\/freds\u00f82.jpg","width":770,"height":513,"caption":"Opholdsstedet Freds\u00f8 lukker 31. maj."},{"@type":"BreadcrumbList","@id":"https:\/\/kunmedierne.dk\/mors\/opholdsstedet-fredsoe-lukker-ned-for-pressen\/#breadcrumb","itemListElement":[{"@type":"ListItem","position":1,"name":"Hjem","item":"https:\/\/kunmedierne.dk\/mors\/"},{"@type":"ListItem","position":2,"name":"Opholdsstedet Freds\u00f8 lukker ned for pressen"}]},{"@type":"WebSite","@id":"https:\/\/kunmedierne.dk\/mors\/#website","url":"https:\/\/kunmedierne.dk\/mors\/","name":"Mors","description":"et netmedie med journalistik om livet p\u00e5 Mors","publisher":{"@id":"https:\/\/kunmedierne.dk\/mors\/#organization"},"potentialAction":[{"@type":"SearchAction","target":{"@type":"EntryPoint","urlTemplate":"https:\/\/kunmedierne.dk\/mors\/?s={search_term_string}"},"query-input":{"@type":"PropertyValueSpecification","valueRequired":true,"valueName":"search_term_string"}}],"inLanguage":"da-DK"},{"@type":"Organization","@id":"https:\/\/kunmedierne.dk\/mors\/#organization","name":"Mors","url":"https:\/\/kunmedierne.dk\/mors\/","logo":{"@type":"ImageObject","inLanguage":"da-DK","@id":"https:\/\/kunmedierne.dk\/mors\/#\/schema\/logo\/image\/","url":"https:\/\/kunmedierne.dk\/mors\/wp-content\/uploads\/2024\/08\/kunmors-logo.svg","contentUrl":"https:\/\/kunmedierne.dk\/mors\/wp-content\/uploads\/2024\/08\/kunmors-logo.svg","caption":"Mors"},"image":{"@id":"https:\/\/kunmedierne.dk\/mors\/#\/schema\/logo\/image\/"}},{"@type":"Person","@id":"https:\/\/kunmedierne.dk\/mors\/#\/schema\/person\/5fe23251bf1d0abbcdc6f7896579d548","name":"David H\u00f8jmark","image":{"@type":"ImageObject","inLanguage":"da-DK","@id":"https:\/\/kunmedierne.dk\/mors\/#\/schema\/person\/image\/","url":"https:\/\/secure.gravatar.com\/avatar\/4315d6fb9ef244d729989f5f90268eb08d5bf8a3d84402f595fa194bb35784fd?s=96&d=mm&r=g","contentUrl":"https:\/\/secure.gravatar.com\/avatar\/4315d6fb9ef244d729989f5f90268eb08d5bf8a3d84402f595fa194bb35784fd?s=96&d=mm&r=g","caption":"David H\u00f8jmark"},"sameAs":["https:\/\/www.kunmedierne.dk"],"url":"https:\/\/kunmedierne.dk\/mors\/author\/david\/"}]}},"_links":{"self":[{"href":"https:\/\/kunmedierne.dk\/mors\/wp-json\/wp\/v2\/posts\/22212","targetHints":{"allow":["GET"]}}],"collection":[{"href":"https:\/\/kunmedierne.dk\/mors\/wp-json\/wp\/v2\/posts"}],"about":[{"href":"https:\/\/kunmedierne.dk\/mors\/wp-json\/wp\/v2\/types\/post"}],"author":[{"embeddable":true,"href":"https:\/\/kunmedierne.dk\/mors\/wp-json\/wp\/v2\/users\/8"}],"replies":[{"embeddable":true,"href":"https:\/\/kunmedierne.dk\/mors\/wp-json\/wp\/v2\/comments?post=22212"}],"version-history":[{"count":5,"href":"https:\/\/kunmedierne.dk\/mors\/wp-json\/wp\/v2\/posts\/22212\/revisions"}],"predecessor-version":[{"id":22217,"href":"https:\/\/kunmedierne.dk\/mors\/wp-json\/wp\/v2\/posts\/22212\/revisions\/22217"}],"wp:featuredmedia":[{"embeddable":true,"href":"https:\/\/kunmedierne.dk\/mors\/wp-json\/wp\/v2\/media\/21960"}],"wp:attachment":[{"href":"https:\/\/kunmedierne.dk\/mors\/wp-json\/wp\/v2\/media?parent=22212"}],"wp:term":[{"taxonomy":"category","embeddable":true,"href":"https:\/\/kunmedierne.dk\/mors\/wp-json\/wp\/v2\/categories?post=22212"},{"taxonomy":"post_tag","embeddable":true,"href":"https:\/\/kunmedierne.dk\/mors\/wp-json\/wp\/v2\/tags?post=22212"}],"curies":[{"name":"wp","href":"https:\/\/api.w.org\/{rel}","templated":true}]}}