{"id":22193,"date":"2020-05-20T09:53:57","date_gmt":"2020-05-20T07:53:57","guid":{"rendered":"https:\/\/kunmedierne.dk\/mors\/?p=22193"},"modified":"2024-08-12T14:06:06","modified_gmt":"2024-08-12T12:06:06","slug":"foerste-spadestik-til-nyt-oestersklaekkeri","status":"publish","type":"post","link":"https:\/\/kunmedierne.dk\/mors\/foerste-spadestik-til-nyt-oestersklaekkeri\/","title":{"rendered":"F\u00f8rste spadestik til nyt \u00f8sterskl\u00e6kkeri"},"content":{"rendered":"<p><strong>NYK\u00d8BING<\/strong>: Dansk Skaldyrcenter kom et lille skridt med stor symbolsk v\u00e6rdi l\u00e6ngere ud i fremtiden i g\u00e5r.\u00a0Det var nemlig tid for f\u00f8rste spadestik til det l\u00e6nge ventede byggeri af det nye \u00f8sterskl\u00e6kkeri.<\/p>\n<p>Spaden blev h\u00e5ndteret i f\u00e6llesskab af Hans Ejner Bertelsen (V), borgmester i Mors\u00f8 Kommune, og Torsten Schack Pedersen (V), medlem af folketinget og sit parts fiskeriordf\u00f8rer og ordf\u00f8rer for den finansielle sektor samt turisme og forbrugerforhold. Sammen kunne de s\u00e6tte gang i n\u00e6ste fase af byggeriet til 39 millioner kroner.<\/p>\n<p>Ogs\u00e5 repr\u00e6sentanter fra hovedentrepren\u00f8ren Skibbild var til stede sammen med Claus Nielsen, direkt\u00f8r for Danmarks Tekniske Universitet (DTU) og Arne Kirk, direkt\u00f8r for teknik og milj\u00f8 i Mors\u00f8 Kommune. Desuden var b\u00e5de formand og n\u00e6stformand for fonden Limfjordens Skaldyrscenter, Lauge Larsen og Hans Holst, til stede.<\/p>\n<p>Det nye \u00f8sterskl\u00e6kkeri bliver bygget ved siden af de eksisterende bygninger p\u00e5 \u00d8rodde og kommer til at give plads til dyrkning af \u00f8sters, tang og hummer med mere &#8211; samt forskning i det samme.<\/p>\n<p>Dansk Skaldyrcenter blev etableret i 2002. Det var som en erhvervsdrivende fond, men centeret er i dag en del af DTU Aqua, Institut for Akvatiske Ressourcer p\u00e5 DTU. Centrets opgave er at s\u00e6tte fokus p\u00e5 Limfjordens skaldyr i s\u00e5vel dansk som international sammenh\u00e6ng.<\/p>\n<p>I 2013 \u00e5bnede Dansk Skaldyrcenter et formidlingscenter, hvis hovedopgaver er at formidle den nyeste viden p\u00e5 omr\u00e5det til folkeskole- og gymnasieelever, turister, foreninger og firmaer, p\u00e5 en ny og dynamisk m\u00e5de og under anvendelse af flere formidlingsmetoder.<\/p>\n","protected":false},"excerpt":{"rendered":"<p>NYK\u00d8BING: Dansk Skaldyrcenter kom et lille skridt med stor symbolsk v\u00e6rdi l\u00e6ngere ud i fremtiden i g\u00e5r.\u00a0Det var nemlig tid for f\u00f8rste spadestik til det l\u00e6nge ventede byggeri af det nye \u00f8sterskl\u00e6kkeri. Spaden blev h\u00e5ndteret i f\u00e6llesskab af Hans Ejner Bertelsen (V), borgmester i Mors\u00f8 Kommune, og Torsten Schack Pedersen (V), medlem af folketinget og [&hellip;]<\/p>\n","protected":false},"author":8,"featured_media":22203,"comment_status":"open","ping_status":"open","sticky":false,"template":"","format":"standard","meta":{"_acf_changed":false,"footnotes":""},"categories":[51],"tags":[159],"class_list":["post-22193","post","type-post","status-publish","format-standard","has-post-thumbnail","hentry","category-lokalt","tag-erhverv"],"acf":[],"yoast_head":"<!-- This site is optimized with the Yoast SEO plugin v26.8 - https:\/\/yoast.com\/product\/yoast-seo-wordpress\/ -->\n<title>F\u00f8rste spadestik til nyt \u00f8sterskl\u00e6kkeri - Mors<\/title>\n<meta name=\"robots\" content=\"index, follow, max-snippet:-1, max-image-preview:large, max-video-preview:-1\" \/>\n<link rel=\"canonical\" href=\"https:\/\/kunmedierne.dk\/mors\/foerste-spadestik-til-nyt-oestersklaekkeri\/\" \/>\n<meta property=\"og:locale\" content=\"da_DK\" \/>\n<meta property=\"og:type\" content=\"article\" \/>\n<meta property=\"og:title\" content=\"F\u00f8rste spadestik til nyt \u00f8sterskl\u00e6kkeri - Mors\" \/>\n<meta property=\"og:description\" content=\"NYK\u00d8BING: Dansk Skaldyrcenter kom et lille skridt med stor symbolsk v\u00e6rdi l\u00e6ngere ud i fremtiden i g\u00e5r.\u00a0Det var nemlig tid for f\u00f8rste spadestik til det l\u00e6nge ventede byggeri af det nye \u00f8sterskl\u00e6kkeri. Spaden blev h\u00e5ndteret i f\u00e6llesskab af Hans Ejner Bertelsen (V), borgmester i Mors\u00f8 Kommune, og Torsten Schack Pedersen (V), medlem af folketinget og [&hellip;]\" \/>\n<meta property=\"og:url\" content=\"https:\/\/kunmedierne.dk\/mors\/foerste-spadestik-til-nyt-oestersklaekkeri\/\" \/>\n<meta property=\"og:site_name\" content=\"Mors\" \/>\n<meta property=\"article:published_time\" content=\"2020-05-20T07:53:57+00:00\" \/>\n<meta property=\"article:modified_time\" content=\"2024-08-12T12:06:06+00:00\" \/>\n<meta property=\"og:image\" content=\"https:\/\/kunmedierne.dk\/mors\/wp-content\/uploads\/2020\/05\/skaldyrcenter-spadestik.png\" \/>\n\t<meta property=\"og:image:width\" content=\"770\" \/>\n\t<meta property=\"og:image:height\" content=\"512\" \/>\n\t<meta property=\"og:image:type\" content=\"image\/png\" \/>\n<meta name=\"author\" content=\"David H\u00f8jmark\" \/>\n<meta name=\"twitter:card\" content=\"summary_large_image\" \/>\n<meta name=\"twitter:label1\" content=\"Skrevet af\" \/>\n\t<meta name=\"twitter:data1\" content=\"David H\u00f8jmark\" \/>\n\t<meta name=\"twitter:label2\" content=\"Estimeret l\u00e6setid\" \/>\n\t<meta name=\"twitter:data2\" content=\"1 minut\" \/>\n<script type=\"application\/ld+json\" class=\"yoast-schema-graph\">{\"@context\":\"https:\/\/schema.org\",\"@graph\":[{\"@type\":\"Article\",\"@id\":\"https:\/\/kunmedierne.dk\/mors\/foerste-spadestik-til-nyt-oestersklaekkeri\/#article\",\"isPartOf\":{\"@id\":\"https:\/\/kunmedierne.dk\/mors\/foerste-spadestik-til-nyt-oestersklaekkeri\/\"},\"author\":{\"name\":\"David H\u00f8jmark\",\"@id\":\"https:\/\/kunmedierne.dk\/mors\/#\/schema\/person\/5fe23251bf1d0abbcdc6f7896579d548\"},\"headline\":\"F\u00f8rste spadestik til nyt \u00f8sterskl\u00e6kkeri\",\"datePublished\":\"2020-05-20T07:53:57+00:00\",\"dateModified\":\"2024-08-12T12:06:06+00:00\",\"mainEntityOfPage\":{\"@id\":\"https:\/\/kunmedierne.dk\/mors\/foerste-spadestik-til-nyt-oestersklaekkeri\/\"},\"wordCount\":272,\"commentCount\":0,\"publisher\":{\"@id\":\"https:\/\/kunmedierne.dk\/mors\/#organization\"},\"image\":{\"@id\":\"https:\/\/kunmedierne.dk\/mors\/foerste-spadestik-til-nyt-oestersklaekkeri\/#primaryimage\"},\"thumbnailUrl\":\"https:\/\/kunmedierne.dk\/mors\/wp-content\/uploads\/2020\/05\/skaldyrcenter-spadestik.png\",\"keywords\":[\"Erhverv\"],\"articleSection\":[\"Lokalt\"],\"inLanguage\":\"da-DK\",\"potentialAction\":[{\"@type\":\"CommentAction\",\"name\":\"Comment\",\"target\":[\"https:\/\/kunmedierne.dk\/mors\/foerste-spadestik-til-nyt-oestersklaekkeri\/#respond\"]}]},{\"@type\":\"WebPage\",\"@id\":\"https:\/\/kunmedierne.dk\/mors\/foerste-spadestik-til-nyt-oestersklaekkeri\/\",\"url\":\"https:\/\/kunmedierne.dk\/mors\/foerste-spadestik-til-nyt-oestersklaekkeri\/\",\"name\":\"F\u00f8rste spadestik til nyt \u00f8sterskl\u00e6kkeri - Mors\",\"isPartOf\":{\"@id\":\"https:\/\/kunmedierne.dk\/mors\/#website\"},\"primaryImageOfPage\":{\"@id\":\"https:\/\/kunmedierne.dk\/mors\/foerste-spadestik-til-nyt-oestersklaekkeri\/#primaryimage\"},\"image\":{\"@id\":\"https:\/\/kunmedierne.dk\/mors\/foerste-spadestik-til-nyt-oestersklaekkeri\/#primaryimage\"},\"thumbnailUrl\":\"https:\/\/kunmedierne.dk\/mors\/wp-content\/uploads\/2020\/05\/skaldyrcenter-spadestik.png\",\"datePublished\":\"2020-05-20T07:53:57+00:00\",\"dateModified\":\"2024-08-12T12:06:06+00:00\",\"breadcrumb\":{\"@id\":\"https:\/\/kunmedierne.dk\/mors\/foerste-spadestik-til-nyt-oestersklaekkeri\/#breadcrumb\"},\"inLanguage\":\"da-DK\",\"potentialAction\":[{\"@type\":\"ReadAction\",\"target\":[\"https:\/\/kunmedierne.dk\/mors\/foerste-spadestik-til-nyt-oestersklaekkeri\/\"]}]},{\"@type\":\"ImageObject\",\"inLanguage\":\"da-DK\",\"@id\":\"https:\/\/kunmedierne.dk\/mors\/foerste-spadestik-til-nyt-oestersklaekkeri\/#primaryimage\",\"url\":\"https:\/\/kunmedierne.dk\/mors\/wp-content\/uploads\/2020\/05\/skaldyrcenter-spadestik.png\",\"contentUrl\":\"https:\/\/kunmedierne.dk\/mors\/wp-content\/uploads\/2020\/05\/skaldyrcenter-spadestik.png\",\"width\":770,\"height\":512,\"caption\":\"Hans Ejner Bertelsen (tv.) og Torsten Schack Pedersen tog f\u00f8rste spadestik p\u00e5 \u00f8sterskl\u00e6kkeriet. Foto: Dansk Skaldyrcenter\"},{\"@type\":\"BreadcrumbList\",\"@id\":\"https:\/\/kunmedierne.dk\/mors\/foerste-spadestik-til-nyt-oestersklaekkeri\/#breadcrumb\",\"itemListElement\":[{\"@type\":\"ListItem\",\"position\":1,\"name\":\"Hjem\",\"item\":\"https:\/\/kunmedierne.dk\/mors\/\"},{\"@type\":\"ListItem\",\"position\":2,\"name\":\"F\u00f8rste spadestik til nyt \u00f8sterskl\u00e6kkeri\"}]},{\"@type\":\"WebSite\",\"@id\":\"https:\/\/kunmedierne.dk\/mors\/#website\",\"url\":\"https:\/\/kunmedierne.dk\/mors\/\",\"name\":\"Mors\",\"description\":\"et netmedie med journalistik om livet p\u00e5 Mors\",\"publisher\":{\"@id\":\"https:\/\/kunmedierne.dk\/mors\/#organization\"},\"potentialAction\":[{\"@type\":\"SearchAction\",\"target\":{\"@type\":\"EntryPoint\",\"urlTemplate\":\"https:\/\/kunmedierne.dk\/mors\/?s={search_term_string}\"},\"query-input\":{\"@type\":\"PropertyValueSpecification\",\"valueRequired\":true,\"valueName\":\"search_term_string\"}}],\"inLanguage\":\"da-DK\"},{\"@type\":\"Organization\",\"@id\":\"https:\/\/kunmedierne.dk\/mors\/#organization\",\"name\":\"Mors\",\"url\":\"https:\/\/kunmedierne.dk\/mors\/\",\"logo\":{\"@type\":\"ImageObject\",\"inLanguage\":\"da-DK\",\"@id\":\"https:\/\/kunmedierne.dk\/mors\/#\/schema\/logo\/image\/\",\"url\":\"https:\/\/kunmedierne.dk\/mors\/wp-content\/uploads\/2024\/08\/kunmors-logo.svg\",\"contentUrl\":\"https:\/\/kunmedierne.dk\/mors\/wp-content\/uploads\/2024\/08\/kunmors-logo.svg\",\"caption\":\"Mors\"},\"image\":{\"@id\":\"https:\/\/kunmedierne.dk\/mors\/#\/schema\/logo\/image\/\"}},{\"@type\":\"Person\",\"@id\":\"https:\/\/kunmedierne.dk\/mors\/#\/schema\/person\/5fe23251bf1d0abbcdc6f7896579d548\",\"name\":\"David H\u00f8jmark\",\"image\":{\"@type\":\"ImageObject\",\"inLanguage\":\"da-DK\",\"@id\":\"https:\/\/kunmedierne.dk\/mors\/#\/schema\/person\/image\/\",\"url\":\"https:\/\/secure.gravatar.com\/avatar\/4315d6fb9ef244d729989f5f90268eb08d5bf8a3d84402f595fa194bb35784fd?s=96&d=mm&r=g\",\"contentUrl\":\"https:\/\/secure.gravatar.com\/avatar\/4315d6fb9ef244d729989f5f90268eb08d5bf8a3d84402f595fa194bb35784fd?s=96&d=mm&r=g\",\"caption\":\"David H\u00f8jmark\"},\"sameAs\":[\"https:\/\/www.kunmedierne.dk\"],\"url\":\"https:\/\/kunmedierne.dk\/mors\/author\/david\/\"}]}<\/script>\n<!-- \/ Yoast SEO plugin. -->","yoast_head_json":{"title":"F\u00f8rste spadestik til nyt \u00f8sterskl\u00e6kkeri - Mors","robots":{"index":"index","follow":"follow","max-snippet":"max-snippet:-1","max-image-preview":"max-image-preview:large","max-video-preview":"max-video-preview:-1"},"canonical":"https:\/\/kunmedierne.dk\/mors\/foerste-spadestik-til-nyt-oestersklaekkeri\/","og_locale":"da_DK","og_type":"article","og_title":"F\u00f8rste spadestik til nyt \u00f8sterskl\u00e6kkeri - Mors","og_description":"NYK\u00d8BING: Dansk Skaldyrcenter kom et lille skridt med stor symbolsk v\u00e6rdi l\u00e6ngere ud i fremtiden i g\u00e5r.\u00a0Det var nemlig tid for f\u00f8rste spadestik til det l\u00e6nge ventede byggeri af det nye \u00f8sterskl\u00e6kkeri. Spaden blev h\u00e5ndteret i f\u00e6llesskab af Hans Ejner Bertelsen (V), borgmester i Mors\u00f8 Kommune, og Torsten Schack Pedersen (V), medlem af folketinget og [&hellip;]","og_url":"https:\/\/kunmedierne.dk\/mors\/foerste-spadestik-til-nyt-oestersklaekkeri\/","og_site_name":"Mors","article_published_time":"2020-05-20T07:53:57+00:00","article_modified_time":"2024-08-12T12:06:06+00:00","og_image":[{"width":770,"height":512,"url":"https:\/\/kunmedierne.dk\/mors\/wp-content\/uploads\/2020\/05\/skaldyrcenter-spadestik.png","type":"image\/png"}],"author":"David H\u00f8jmark","twitter_card":"summary_large_image","twitter_misc":{"Skrevet af":"David H\u00f8jmark","Estimeret l\u00e6setid":"1 minut"},"schema":{"@context":"https:\/\/schema.org","@graph":[{"@type":"Article","@id":"https:\/\/kunmedierne.dk\/mors\/foerste-spadestik-til-nyt-oestersklaekkeri\/#article","isPartOf":{"@id":"https:\/\/kunmedierne.dk\/mors\/foerste-spadestik-til-nyt-oestersklaekkeri\/"},"author":{"name":"David H\u00f8jmark","@id":"https:\/\/kunmedierne.dk\/mors\/#\/schema\/person\/5fe23251bf1d0abbcdc6f7896579d548"},"headline":"F\u00f8rste spadestik til nyt \u00f8sterskl\u00e6kkeri","datePublished":"2020-05-20T07:53:57+00:00","dateModified":"2024-08-12T12:06:06+00:00","mainEntityOfPage":{"@id":"https:\/\/kunmedierne.dk\/mors\/foerste-spadestik-til-nyt-oestersklaekkeri\/"},"wordCount":272,"commentCount":0,"publisher":{"@id":"https:\/\/kunmedierne.dk\/mors\/#organization"},"image":{"@id":"https:\/\/kunmedierne.dk\/mors\/foerste-spadestik-til-nyt-oestersklaekkeri\/#primaryimage"},"thumbnailUrl":"https:\/\/kunmedierne.dk\/mors\/wp-content\/uploads\/2020\/05\/skaldyrcenter-spadestik.png","keywords":["Erhverv"],"articleSection":["Lokalt"],"inLanguage":"da-DK","potentialAction":[{"@type":"CommentAction","name":"Comment","target":["https:\/\/kunmedierne.dk\/mors\/foerste-spadestik-til-nyt-oestersklaekkeri\/#respond"]}]},{"@type":"WebPage","@id":"https:\/\/kunmedierne.dk\/mors\/foerste-spadestik-til-nyt-oestersklaekkeri\/","url":"https:\/\/kunmedierne.dk\/mors\/foerste-spadestik-til-nyt-oestersklaekkeri\/","name":"F\u00f8rste spadestik til nyt \u00f8sterskl\u00e6kkeri - Mors","isPartOf":{"@id":"https:\/\/kunmedierne.dk\/mors\/#website"},"primaryImageOfPage":{"@id":"https:\/\/kunmedierne.dk\/mors\/foerste-spadestik-til-nyt-oestersklaekkeri\/#primaryimage"},"image":{"@id":"https:\/\/kunmedierne.dk\/mors\/foerste-spadestik-til-nyt-oestersklaekkeri\/#primaryimage"},"thumbnailUrl":"https:\/\/kunmedierne.dk\/mors\/wp-content\/uploads\/2020\/05\/skaldyrcenter-spadestik.png","datePublished":"2020-05-20T07:53:57+00:00","dateModified":"2024-08-12T12:06:06+00:00","breadcrumb":{"@id":"https:\/\/kunmedierne.dk\/mors\/foerste-spadestik-til-nyt-oestersklaekkeri\/#breadcrumb"},"inLanguage":"da-DK","potentialAction":[{"@type":"ReadAction","target":["https:\/\/kunmedierne.dk\/mors\/foerste-spadestik-til-nyt-oestersklaekkeri\/"]}]},{"@type":"ImageObject","inLanguage":"da-DK","@id":"https:\/\/kunmedierne.dk\/mors\/foerste-spadestik-til-nyt-oestersklaekkeri\/#primaryimage","url":"https:\/\/kunmedierne.dk\/mors\/wp-content\/uploads\/2020\/05\/skaldyrcenter-spadestik.png","contentUrl":"https:\/\/kunmedierne.dk\/mors\/wp-content\/uploads\/2020\/05\/skaldyrcenter-spadestik.png","width":770,"height":512,"caption":"Hans Ejner Bertelsen (tv.) og Torsten Schack Pedersen tog f\u00f8rste spadestik p\u00e5 \u00f8sterskl\u00e6kkeriet. Foto: Dansk Skaldyrcenter"},{"@type":"BreadcrumbList","@id":"https:\/\/kunmedierne.dk\/mors\/foerste-spadestik-til-nyt-oestersklaekkeri\/#breadcrumb","itemListElement":[{"@type":"ListItem","position":1,"name":"Hjem","item":"https:\/\/kunmedierne.dk\/mors\/"},{"@type":"ListItem","position":2,"name":"F\u00f8rste spadestik til nyt \u00f8sterskl\u00e6kkeri"}]},{"@type":"WebSite","@id":"https:\/\/kunmedierne.dk\/mors\/#website","url":"https:\/\/kunmedierne.dk\/mors\/","name":"Mors","description":"et netmedie med journalistik om livet p\u00e5 Mors","publisher":{"@id":"https:\/\/kunmedierne.dk\/mors\/#organization"},"potentialAction":[{"@type":"SearchAction","target":{"@type":"EntryPoint","urlTemplate":"https:\/\/kunmedierne.dk\/mors\/?s={search_term_string}"},"query-input":{"@type":"PropertyValueSpecification","valueRequired":true,"valueName":"search_term_string"}}],"inLanguage":"da-DK"},{"@type":"Organization","@id":"https:\/\/kunmedierne.dk\/mors\/#organization","name":"Mors","url":"https:\/\/kunmedierne.dk\/mors\/","logo":{"@type":"ImageObject","inLanguage":"da-DK","@id":"https:\/\/kunmedierne.dk\/mors\/#\/schema\/logo\/image\/","url":"https:\/\/kunmedierne.dk\/mors\/wp-content\/uploads\/2024\/08\/kunmors-logo.svg","contentUrl":"https:\/\/kunmedierne.dk\/mors\/wp-content\/uploads\/2024\/08\/kunmors-logo.svg","caption":"Mors"},"image":{"@id":"https:\/\/kunmedierne.dk\/mors\/#\/schema\/logo\/image\/"}},{"@type":"Person","@id":"https:\/\/kunmedierne.dk\/mors\/#\/schema\/person\/5fe23251bf1d0abbcdc6f7896579d548","name":"David H\u00f8jmark","image":{"@type":"ImageObject","inLanguage":"da-DK","@id":"https:\/\/kunmedierne.dk\/mors\/#\/schema\/person\/image\/","url":"https:\/\/secure.gravatar.com\/avatar\/4315d6fb9ef244d729989f5f90268eb08d5bf8a3d84402f595fa194bb35784fd?s=96&d=mm&r=g","contentUrl":"https:\/\/secure.gravatar.com\/avatar\/4315d6fb9ef244d729989f5f90268eb08d5bf8a3d84402f595fa194bb35784fd?s=96&d=mm&r=g","caption":"David H\u00f8jmark"},"sameAs":["https:\/\/www.kunmedierne.dk"],"url":"https:\/\/kunmedierne.dk\/mors\/author\/david\/"}]}},"_links":{"self":[{"href":"https:\/\/kunmedierne.dk\/mors\/wp-json\/wp\/v2\/posts\/22193","targetHints":{"allow":["GET"]}}],"collection":[{"href":"https:\/\/kunmedierne.dk\/mors\/wp-json\/wp\/v2\/posts"}],"about":[{"href":"https:\/\/kunmedierne.dk\/mors\/wp-json\/wp\/v2\/types\/post"}],"author":[{"embeddable":true,"href":"https:\/\/kunmedierne.dk\/mors\/wp-json\/wp\/v2\/users\/8"}],"replies":[{"embeddable":true,"href":"https:\/\/kunmedierne.dk\/mors\/wp-json\/wp\/v2\/comments?post=22193"}],"version-history":[{"count":1,"href":"https:\/\/kunmedierne.dk\/mors\/wp-json\/wp\/v2\/posts\/22193\/revisions"}],"predecessor-version":[{"id":22204,"href":"https:\/\/kunmedierne.dk\/mors\/wp-json\/wp\/v2\/posts\/22193\/revisions\/22204"}],"wp:featuredmedia":[{"embeddable":true,"href":"https:\/\/kunmedierne.dk\/mors\/wp-json\/wp\/v2\/media\/22203"}],"wp:attachment":[{"href":"https:\/\/kunmedierne.dk\/mors\/wp-json\/wp\/v2\/media?parent=22193"}],"wp:term":[{"taxonomy":"category","embeddable":true,"href":"https:\/\/kunmedierne.dk\/mors\/wp-json\/wp\/v2\/categories?post=22193"},{"taxonomy":"post_tag","embeddable":true,"href":"https:\/\/kunmedierne.dk\/mors\/wp-json\/wp\/v2\/tags?post=22193"}],"curies":[{"name":"wp","href":"https:\/\/api.w.org\/{rel}","templated":true}]}}