{"id":22020,"date":"2020-05-18T14:39:19","date_gmt":"2020-05-18T12:39:19","guid":{"rendered":"https:\/\/kunmedierne.dk\/mors\/?p=22020"},"modified":"2024-08-12T14:06:06","modified_gmt":"2024-08-12T12:06:06","slug":"velkommen-tilbage-boern-tag-en-is","status":"publish","type":"post","link":"https:\/\/kunmedierne.dk\/mors\/velkommen-tilbage-boern-tag-en-is\/","title":{"rendered":"&#8211; Velkommen tilbage, b\u00f8rn &#8211; tag en is!"},"content":{"rendered":"<p><strong>VILS<\/strong>:\u00a0&#8220;Det er en festdag, og den skal vi markere &#8211; og vi lader ikke en mulighed for fest g\u00e5 forbi os.&#8221;<\/p>\n<p>Tenna Bilstrup er mandag skoleleder for en gavmild version af Sydmors Skole- og B\u00f8rnehus, da omkring 300 b\u00f8rn hver is\u00e6r f\u00e5r is. Fra de mindste i vuggestue og b\u00f8rnehave til de st\u00f8rste i 6. klasse er der bare at stille sig op p\u00e5 r\u00e6kke og pege p\u00e5 den \u00f8nskede is, s\u00e5 f\u00e5r de den &#8211; af en ganske bestemt \u00e5rsag.<\/p>\n<p>&#8220;Vi fejrer, at vi igen har vores 6. klasse tilbage &#8211; og at vi har mere normaliserede forhold. Nu g\u00e5r vi i skole igen hver dag alle b\u00f8rn,&#8221; lyder forklaringen fra skolelederen.<\/p>\n<p>For eleverne i 6. klasse var det f\u00f8rste skoledag i 10 uger &#8211; efter ni ugers hjemmeundervisning. Og alle andre elever er nu i skole hver dag i stedet for hver anden. Dermed er n\u00e6ste fase i gen\u00e5bningen af Danmark, der blandt andet byder p\u00e5 fysisk tilbagevenden til skolerne for de \u00e6ldste klasser, kommet i gang med godt hum\u00f8r blandt elever og l\u00e6rere i Vils.<\/p>\n<p>Tenna Bilstrup tilf\u00f8jer dog, at hverdagen ikke er tilbage p\u00e5 normalen fra f\u00f8r coronakrisen.<\/p>\n<p>&#8220;Meget undervisning foreg\u00e5r stadig ude, og der skal v\u00e6re en meter imellem os &#8211; og det er stadig med meget h\u00e5ndsprit og h\u00e5ndvask. S\u00e5 normal er den ikke, men vi er dog sammen igen. Vi er alle i huset igen, og det er rigtig dejligt,&#8221; siger hun.<\/p>\n<p>&nbsp;<\/p>\n<p><strong>Popstar og vandmelon et hit<\/strong><\/p>\n<p>Det er det ogs\u00e5 for ungerne foran bilen fra Hjem-IS. De sm\u00e5 dryp fra skyerne, der som de eneste ikke er i ishum\u00f8r, generer ikke nogen, mens is\u00e6r Popstar og Pirulo Watermelon bliver peget ud af taknemmelige pegefingre.<\/p>\n<p>De tomme papkasser, der f\u00f8r var fyldt med is, hober sig op, efterh\u00e5nden som klasserne en efter en kommer forbi. Det sker gruppevis og viser, at nok er der gl\u00e6de over at v\u00e6re fuldtallig, men der er stadig regler at f\u00f8lge i forhold til at holde afstand.<\/p>\n<p>Der er ogs\u00e5 stadig noget at forholde sig til for l\u00e6rerne. 6. klasses tilbagevenden har igen stillet krav til logistikken.<\/p>\n<p>&#8220;Flere klasser har skiftet lokale igen. Jeg har aldrig i min tid som skoleleder pr\u00f8vet at skulle planl\u00e6gge et skole\u00e5r tre gange. Vi har b\u00f8rn, der har skiftet afdeling, og vi har b\u00f8rn, der har f\u00e5et flyttet klasselokalet op i billedkunstlokalet, s\u00e5 de bedre kan holde afstand,&#8221; siger Tenna Bilstrup og melder ogs\u00e5 om skiftende m\u00f8detider og andre tiltag, der har skullet g\u00f8res for at f\u00e5 skolen til at v\u00e6re skole under en pandemi.<\/p>\n<p>Men nu n\u00e6rmer det sig noget, der minder om almindelig hverdag.<\/p>\n<p>&#8220;F\u00f8r skulle de jo have to meter imellem sig, nu kan vi g\u00e5 ned p\u00e5 en meter, og det betyder igen noget for lokalefordelingen. Og det er ogs\u00e5 det, der g\u00f8r, at vi nu kan v\u00e6re i skole igen hver dag,&#8221; siger Tenna Bilstrup.<\/p>\n<p>P\u00e5 et punkt m\u00e5 hun dog skuffe eleverne: Det med is til alle bliver ikke en hverdagsting.<\/p>\n","protected":false},"excerpt":{"rendered":"<p>VILS:\u00a0&#8220;Det er en festdag, og den skal vi markere &#8211; og vi lader ikke en mulighed for fest g\u00e5 forbi os.&#8221; Tenna Bilstrup er mandag skoleleder for en gavmild version af Sydmors Skole- og B\u00f8rnehus, da omkring 300 b\u00f8rn hver is\u00e6r f\u00e5r is. Fra de mindste i vuggestue og b\u00f8rnehave til de st\u00f8rste i 6. [&hellip;]<\/p>\n","protected":false},"author":8,"featured_media":22026,"comment_status":"open","ping_status":"open","sticky":false,"template":"","format":"gallery","meta":{"_acf_changed":false,"footnotes":""},"categories":[51],"tags":[170],"class_list":["post-22020","post","type-post","status-publish","format-gallery","has-post-thumbnail","hentry","category-lokalt","tag-uddannelse","post_format-post-format-gallery"],"acf":[],"yoast_head":"<!-- This site is optimized with the Yoast SEO plugin v26.8 - https:\/\/yoast.com\/product\/yoast-seo-wordpress\/ -->\n<title>- Velkommen tilbage, b\u00f8rn - tag en is! - Mors<\/title>\n<meta name=\"robots\" content=\"index, follow, max-snippet:-1, max-image-preview:large, max-video-preview:-1\" \/>\n<link rel=\"canonical\" href=\"https:\/\/kunmedierne.dk\/mors\/velkommen-tilbage-boern-tag-en-is\/\" \/>\n<meta property=\"og:locale\" content=\"da_DK\" \/>\n<meta property=\"og:type\" content=\"article\" \/>\n<meta property=\"og:title\" content=\"- Velkommen tilbage, b\u00f8rn - tag en is! - Mors\" \/>\n<meta property=\"og:description\" content=\"VILS:\u00a0&#8220;Det er en festdag, og den skal vi markere &#8211; og vi lader ikke en mulighed for fest g\u00e5 forbi os.&#8221; Tenna Bilstrup er mandag skoleleder for en gavmild version af Sydmors Skole- og B\u00f8rnehus, da omkring 300 b\u00f8rn hver is\u00e6r f\u00e5r is. Fra de mindste i vuggestue og b\u00f8rnehave til de st\u00f8rste i 6. [&hellip;]\" \/>\n<meta property=\"og:url\" content=\"https:\/\/kunmedierne.dk\/mors\/velkommen-tilbage-boern-tag-en-is\/\" \/>\n<meta property=\"og:site_name\" content=\"Mors\" \/>\n<meta property=\"article:published_time\" content=\"2020-05-18T12:39:19+00:00\" \/>\n<meta property=\"article:modified_time\" content=\"2024-08-12T12:06:06+00:00\" \/>\n<meta property=\"og:image\" content=\"https:\/\/kunmedierne.dk\/mors\/wp-content\/uploads\/2020\/05\/is11.jpg\" \/>\n\t<meta property=\"og:image:width\" content=\"770\" \/>\n\t<meta property=\"og:image:height\" content=\"513\" \/>\n\t<meta property=\"og:image:type\" content=\"image\/jpeg\" \/>\n<meta name=\"author\" content=\"David H\u00f8jmark\" \/>\n<meta name=\"twitter:card\" content=\"summary_large_image\" \/>\n<meta name=\"twitter:label1\" content=\"Skrevet af\" \/>\n\t<meta name=\"twitter:data1\" content=\"David H\u00f8jmark\" \/>\n\t<meta name=\"twitter:label2\" content=\"Estimeret l\u00e6setid\" \/>\n\t<meta name=\"twitter:data2\" content=\"3 minutter\" \/>\n<script type=\"application\/ld+json\" class=\"yoast-schema-graph\">{\"@context\":\"https:\/\/schema.org\",\"@graph\":[{\"@type\":\"Article\",\"@id\":\"https:\/\/kunmedierne.dk\/mors\/velkommen-tilbage-boern-tag-en-is\/#article\",\"isPartOf\":{\"@id\":\"https:\/\/kunmedierne.dk\/mors\/velkommen-tilbage-boern-tag-en-is\/\"},\"author\":{\"name\":\"David H\u00f8jmark\",\"@id\":\"https:\/\/kunmedierne.dk\/mors\/#\/schema\/person\/5fe23251bf1d0abbcdc6f7896579d548\"},\"headline\":\"&#8211; Velkommen tilbage, b\u00f8rn &#8211; tag en is!\",\"datePublished\":\"2020-05-18T12:39:19+00:00\",\"dateModified\":\"2024-08-12T12:06:06+00:00\",\"mainEntityOfPage\":{\"@id\":\"https:\/\/kunmedierne.dk\/mors\/velkommen-tilbage-boern-tag-en-is\/\"},\"wordCount\":541,\"commentCount\":0,\"publisher\":{\"@id\":\"https:\/\/kunmedierne.dk\/mors\/#organization\"},\"image\":{\"@id\":\"https:\/\/kunmedierne.dk\/mors\/velkommen-tilbage-boern-tag-en-is\/#primaryimage\"},\"thumbnailUrl\":\"https:\/\/kunmedierne.dk\/mors\/wp-content\/uploads\/2020\/05\/is11.jpg\",\"keywords\":[\"Skoler og uddannelse\"],\"articleSection\":[\"Lokalt\"],\"inLanguage\":\"da-DK\",\"potentialAction\":[{\"@type\":\"CommentAction\",\"name\":\"Comment\",\"target\":[\"https:\/\/kunmedierne.dk\/mors\/velkommen-tilbage-boern-tag-en-is\/#respond\"]}]},{\"@type\":\"WebPage\",\"@id\":\"https:\/\/kunmedierne.dk\/mors\/velkommen-tilbage-boern-tag-en-is\/\",\"url\":\"https:\/\/kunmedierne.dk\/mors\/velkommen-tilbage-boern-tag-en-is\/\",\"name\":\"- Velkommen tilbage, b\u00f8rn - tag en is! - Mors\",\"isPartOf\":{\"@id\":\"https:\/\/kunmedierne.dk\/mors\/#website\"},\"primaryImageOfPage\":{\"@id\":\"https:\/\/kunmedierne.dk\/mors\/velkommen-tilbage-boern-tag-en-is\/#primaryimage\"},\"image\":{\"@id\":\"https:\/\/kunmedierne.dk\/mors\/velkommen-tilbage-boern-tag-en-is\/#primaryimage\"},\"thumbnailUrl\":\"https:\/\/kunmedierne.dk\/mors\/wp-content\/uploads\/2020\/05\/is11.jpg\",\"datePublished\":\"2020-05-18T12:39:19+00:00\",\"dateModified\":\"2024-08-12T12:06:06+00:00\",\"breadcrumb\":{\"@id\":\"https:\/\/kunmedierne.dk\/mors\/velkommen-tilbage-boern-tag-en-is\/#breadcrumb\"},\"inLanguage\":\"da-DK\",\"potentialAction\":[{\"@type\":\"ReadAction\",\"target\":[\"https:\/\/kunmedierne.dk\/mors\/velkommen-tilbage-boern-tag-en-is\/\"]}]},{\"@type\":\"ImageObject\",\"inLanguage\":\"da-DK\",\"@id\":\"https:\/\/kunmedierne.dk\/mors\/velkommen-tilbage-boern-tag-en-is\/#primaryimage\",\"url\":\"https:\/\/kunmedierne.dk\/mors\/wp-content\/uploads\/2020\/05\/is11.jpg\",\"contentUrl\":\"https:\/\/kunmedierne.dk\/mors\/wp-content\/uploads\/2020\/05\/is11.jpg\",\"width\":770,\"height\":513,\"caption\":\"Det var popul\u00e6rt med is p\u00e5 Sydmors Skole og B\u00f8rnehus. Foto: David H\u00f8jmark\"},{\"@type\":\"BreadcrumbList\",\"@id\":\"https:\/\/kunmedierne.dk\/mors\/velkommen-tilbage-boern-tag-en-is\/#breadcrumb\",\"itemListElement\":[{\"@type\":\"ListItem\",\"position\":1,\"name\":\"Hjem\",\"item\":\"https:\/\/kunmedierne.dk\/mors\/\"},{\"@type\":\"ListItem\",\"position\":2,\"name\":\"&#8211; Velkommen tilbage, b\u00f8rn &#8211; tag en is!\"}]},{\"@type\":\"WebSite\",\"@id\":\"https:\/\/kunmedierne.dk\/mors\/#website\",\"url\":\"https:\/\/kunmedierne.dk\/mors\/\",\"name\":\"Mors\",\"description\":\"et netmedie med journalistik om livet p\u00e5 Mors\",\"publisher\":{\"@id\":\"https:\/\/kunmedierne.dk\/mors\/#organization\"},\"potentialAction\":[{\"@type\":\"SearchAction\",\"target\":{\"@type\":\"EntryPoint\",\"urlTemplate\":\"https:\/\/kunmedierne.dk\/mors\/?s={search_term_string}\"},\"query-input\":{\"@type\":\"PropertyValueSpecification\",\"valueRequired\":true,\"valueName\":\"search_term_string\"}}],\"inLanguage\":\"da-DK\"},{\"@type\":\"Organization\",\"@id\":\"https:\/\/kunmedierne.dk\/mors\/#organization\",\"name\":\"Mors\",\"url\":\"https:\/\/kunmedierne.dk\/mors\/\",\"logo\":{\"@type\":\"ImageObject\",\"inLanguage\":\"da-DK\",\"@id\":\"https:\/\/kunmedierne.dk\/mors\/#\/schema\/logo\/image\/\",\"url\":\"https:\/\/kunmedierne.dk\/mors\/wp-content\/uploads\/2024\/08\/kunmors-logo.svg\",\"contentUrl\":\"https:\/\/kunmedierne.dk\/mors\/wp-content\/uploads\/2024\/08\/kunmors-logo.svg\",\"caption\":\"Mors\"},\"image\":{\"@id\":\"https:\/\/kunmedierne.dk\/mors\/#\/schema\/logo\/image\/\"}},{\"@type\":\"Person\",\"@id\":\"https:\/\/kunmedierne.dk\/mors\/#\/schema\/person\/5fe23251bf1d0abbcdc6f7896579d548\",\"name\":\"David H\u00f8jmark\",\"image\":{\"@type\":\"ImageObject\",\"inLanguage\":\"da-DK\",\"@id\":\"https:\/\/kunmedierne.dk\/mors\/#\/schema\/person\/image\/\",\"url\":\"https:\/\/secure.gravatar.com\/avatar\/4315d6fb9ef244d729989f5f90268eb08d5bf8a3d84402f595fa194bb35784fd?s=96&d=mm&r=g\",\"contentUrl\":\"https:\/\/secure.gravatar.com\/avatar\/4315d6fb9ef244d729989f5f90268eb08d5bf8a3d84402f595fa194bb35784fd?s=96&d=mm&r=g\",\"caption\":\"David H\u00f8jmark\"},\"sameAs\":[\"https:\/\/www.kunmedierne.dk\"],\"url\":\"https:\/\/kunmedierne.dk\/mors\/author\/david\/\"}]}<\/script>\n<!-- \/ Yoast SEO plugin. -->","yoast_head_json":{"title":"- Velkommen tilbage, b\u00f8rn - tag en is! - Mors","robots":{"index":"index","follow":"follow","max-snippet":"max-snippet:-1","max-image-preview":"max-image-preview:large","max-video-preview":"max-video-preview:-1"},"canonical":"https:\/\/kunmedierne.dk\/mors\/velkommen-tilbage-boern-tag-en-is\/","og_locale":"da_DK","og_type":"article","og_title":"- Velkommen tilbage, b\u00f8rn - tag en is! - Mors","og_description":"VILS:\u00a0&#8220;Det er en festdag, og den skal vi markere &#8211; og vi lader ikke en mulighed for fest g\u00e5 forbi os.&#8221; Tenna Bilstrup er mandag skoleleder for en gavmild version af Sydmors Skole- og B\u00f8rnehus, da omkring 300 b\u00f8rn hver is\u00e6r f\u00e5r is. Fra de mindste i vuggestue og b\u00f8rnehave til de st\u00f8rste i 6. [&hellip;]","og_url":"https:\/\/kunmedierne.dk\/mors\/velkommen-tilbage-boern-tag-en-is\/","og_site_name":"Mors","article_published_time":"2020-05-18T12:39:19+00:00","article_modified_time":"2024-08-12T12:06:06+00:00","og_image":[{"width":770,"height":513,"url":"https:\/\/kunmedierne.dk\/mors\/wp-content\/uploads\/2020\/05\/is11.jpg","type":"image\/jpeg"}],"author":"David H\u00f8jmark","twitter_card":"summary_large_image","twitter_misc":{"Skrevet af":"David H\u00f8jmark","Estimeret l\u00e6setid":"3 minutter"},"schema":{"@context":"https:\/\/schema.org","@graph":[{"@type":"Article","@id":"https:\/\/kunmedierne.dk\/mors\/velkommen-tilbage-boern-tag-en-is\/#article","isPartOf":{"@id":"https:\/\/kunmedierne.dk\/mors\/velkommen-tilbage-boern-tag-en-is\/"},"author":{"name":"David H\u00f8jmark","@id":"https:\/\/kunmedierne.dk\/mors\/#\/schema\/person\/5fe23251bf1d0abbcdc6f7896579d548"},"headline":"&#8211; Velkommen tilbage, b\u00f8rn &#8211; tag en is!","datePublished":"2020-05-18T12:39:19+00:00","dateModified":"2024-08-12T12:06:06+00:00","mainEntityOfPage":{"@id":"https:\/\/kunmedierne.dk\/mors\/velkommen-tilbage-boern-tag-en-is\/"},"wordCount":541,"commentCount":0,"publisher":{"@id":"https:\/\/kunmedierne.dk\/mors\/#organization"},"image":{"@id":"https:\/\/kunmedierne.dk\/mors\/velkommen-tilbage-boern-tag-en-is\/#primaryimage"},"thumbnailUrl":"https:\/\/kunmedierne.dk\/mors\/wp-content\/uploads\/2020\/05\/is11.jpg","keywords":["Skoler og uddannelse"],"articleSection":["Lokalt"],"inLanguage":"da-DK","potentialAction":[{"@type":"CommentAction","name":"Comment","target":["https:\/\/kunmedierne.dk\/mors\/velkommen-tilbage-boern-tag-en-is\/#respond"]}]},{"@type":"WebPage","@id":"https:\/\/kunmedierne.dk\/mors\/velkommen-tilbage-boern-tag-en-is\/","url":"https:\/\/kunmedierne.dk\/mors\/velkommen-tilbage-boern-tag-en-is\/","name":"- Velkommen tilbage, b\u00f8rn - tag en is! - Mors","isPartOf":{"@id":"https:\/\/kunmedierne.dk\/mors\/#website"},"primaryImageOfPage":{"@id":"https:\/\/kunmedierne.dk\/mors\/velkommen-tilbage-boern-tag-en-is\/#primaryimage"},"image":{"@id":"https:\/\/kunmedierne.dk\/mors\/velkommen-tilbage-boern-tag-en-is\/#primaryimage"},"thumbnailUrl":"https:\/\/kunmedierne.dk\/mors\/wp-content\/uploads\/2020\/05\/is11.jpg","datePublished":"2020-05-18T12:39:19+00:00","dateModified":"2024-08-12T12:06:06+00:00","breadcrumb":{"@id":"https:\/\/kunmedierne.dk\/mors\/velkommen-tilbage-boern-tag-en-is\/#breadcrumb"},"inLanguage":"da-DK","potentialAction":[{"@type":"ReadAction","target":["https:\/\/kunmedierne.dk\/mors\/velkommen-tilbage-boern-tag-en-is\/"]}]},{"@type":"ImageObject","inLanguage":"da-DK","@id":"https:\/\/kunmedierne.dk\/mors\/velkommen-tilbage-boern-tag-en-is\/#primaryimage","url":"https:\/\/kunmedierne.dk\/mors\/wp-content\/uploads\/2020\/05\/is11.jpg","contentUrl":"https:\/\/kunmedierne.dk\/mors\/wp-content\/uploads\/2020\/05\/is11.jpg","width":770,"height":513,"caption":"Det var popul\u00e6rt med is p\u00e5 Sydmors Skole og B\u00f8rnehus. Foto: David H\u00f8jmark"},{"@type":"BreadcrumbList","@id":"https:\/\/kunmedierne.dk\/mors\/velkommen-tilbage-boern-tag-en-is\/#breadcrumb","itemListElement":[{"@type":"ListItem","position":1,"name":"Hjem","item":"https:\/\/kunmedierne.dk\/mors\/"},{"@type":"ListItem","position":2,"name":"&#8211; Velkommen tilbage, b\u00f8rn &#8211; tag en is!"}]},{"@type":"WebSite","@id":"https:\/\/kunmedierne.dk\/mors\/#website","url":"https:\/\/kunmedierne.dk\/mors\/","name":"Mors","description":"et netmedie med journalistik om livet p\u00e5 Mors","publisher":{"@id":"https:\/\/kunmedierne.dk\/mors\/#organization"},"potentialAction":[{"@type":"SearchAction","target":{"@type":"EntryPoint","urlTemplate":"https:\/\/kunmedierne.dk\/mors\/?s={search_term_string}"},"query-input":{"@type":"PropertyValueSpecification","valueRequired":true,"valueName":"search_term_string"}}],"inLanguage":"da-DK"},{"@type":"Organization","@id":"https:\/\/kunmedierne.dk\/mors\/#organization","name":"Mors","url":"https:\/\/kunmedierne.dk\/mors\/","logo":{"@type":"ImageObject","inLanguage":"da-DK","@id":"https:\/\/kunmedierne.dk\/mors\/#\/schema\/logo\/image\/","url":"https:\/\/kunmedierne.dk\/mors\/wp-content\/uploads\/2024\/08\/kunmors-logo.svg","contentUrl":"https:\/\/kunmedierne.dk\/mors\/wp-content\/uploads\/2024\/08\/kunmors-logo.svg","caption":"Mors"},"image":{"@id":"https:\/\/kunmedierne.dk\/mors\/#\/schema\/logo\/image\/"}},{"@type":"Person","@id":"https:\/\/kunmedierne.dk\/mors\/#\/schema\/person\/5fe23251bf1d0abbcdc6f7896579d548","name":"David H\u00f8jmark","image":{"@type":"ImageObject","inLanguage":"da-DK","@id":"https:\/\/kunmedierne.dk\/mors\/#\/schema\/person\/image\/","url":"https:\/\/secure.gravatar.com\/avatar\/4315d6fb9ef244d729989f5f90268eb08d5bf8a3d84402f595fa194bb35784fd?s=96&d=mm&r=g","contentUrl":"https:\/\/secure.gravatar.com\/avatar\/4315d6fb9ef244d729989f5f90268eb08d5bf8a3d84402f595fa194bb35784fd?s=96&d=mm&r=g","caption":"David H\u00f8jmark"},"sameAs":["https:\/\/www.kunmedierne.dk"],"url":"https:\/\/kunmedierne.dk\/mors\/author\/david\/"}]}},"_links":{"self":[{"href":"https:\/\/kunmedierne.dk\/mors\/wp-json\/wp\/v2\/posts\/22020","targetHints":{"allow":["GET"]}}],"collection":[{"href":"https:\/\/kunmedierne.dk\/mors\/wp-json\/wp\/v2\/posts"}],"about":[{"href":"https:\/\/kunmedierne.dk\/mors\/wp-json\/wp\/v2\/types\/post"}],"author":[{"embeddable":true,"href":"https:\/\/kunmedierne.dk\/mors\/wp-json\/wp\/v2\/users\/8"}],"replies":[{"embeddable":true,"href":"https:\/\/kunmedierne.dk\/mors\/wp-json\/wp\/v2\/comments?post=22020"}],"version-history":[{"count":9,"href":"https:\/\/kunmedierne.dk\/mors\/wp-json\/wp\/v2\/posts\/22020\/revisions"}],"predecessor-version":[{"id":22059,"href":"https:\/\/kunmedierne.dk\/mors\/wp-json\/wp\/v2\/posts\/22020\/revisions\/22059"}],"wp:featuredmedia":[{"embeddable":true,"href":"https:\/\/kunmedierne.dk\/mors\/wp-json\/wp\/v2\/media\/22026"}],"wp:attachment":[{"href":"https:\/\/kunmedierne.dk\/mors\/wp-json\/wp\/v2\/media?parent=22020"}],"wp:term":[{"taxonomy":"category","embeddable":true,"href":"https:\/\/kunmedierne.dk\/mors\/wp-json\/wp\/v2\/categories?post=22020"},{"taxonomy":"post_tag","embeddable":true,"href":"https:\/\/kunmedierne.dk\/mors\/wp-json\/wp\/v2\/tags?post=22020"}],"curies":[{"name":"wp","href":"https:\/\/api.w.org\/{rel}","templated":true}]}}