{"id":22016,"date":"2020-05-18T10:56:19","date_gmt":"2020-05-18T08:56:19","guid":{"rendered":"https:\/\/kunmedierne.dk\/mors\/?p=22016"},"modified":"2024-08-12T14:06:06","modified_gmt":"2024-08-12T12:06:06","slug":"dato-for-digitalt-borgermoede-paa-plads","status":"publish","type":"post","link":"https:\/\/kunmedierne.dk\/mors\/dato-for-digitalt-borgermoede-paa-plads\/","title":{"rendered":"Dato for digitalt borgerm\u00f8de p\u00e5 plads"},"content":{"rendered":"<p><strong>NYK\u00d8BING<\/strong>: Mors\u00f8 Kommune har nu fundet et tidspunkt for borgerm\u00f8det om fremtiden for omr\u00e5det ved Dueholm i Nyk\u00f8bing.<\/p>\n<p>Som omtalt p\u00e5 KunMors <a href=\"https:\/\/kunmedierne.dk\/mors\/digitalt-borgermoede-om-dueholm\/\" target=\"_blank\" rel=\"noopener noreferrer\">s\u00f8ndag<\/a> planl\u00e6gger kommunen en digital udgave af borgerm\u00f8det, og det bliver holdt tirsdag 26. maj klokken 19. P\u00e5 det tidspunkt kan man logge sig p\u00e5 og blive orienteret samt stille sp\u00f8rgsm\u00e5l via en chatfunktion. Mors\u00f8 Kommune oplyser dog, at man skal tilmelde sig via kommunens hjemmeside.<\/p>\n<p>&#8220;Selvom coronakrisen har forandret meget af vores hverdag, er det vigtigt for os, at vi fortsat er i dialog med borgerne. Derfor har vi valgt den l\u00f8sning at afholde et digitalt borgerm\u00f8de. Jeg h\u00e5ber, at mange vil tilmelde sig, s\u00e5 vi f\u00e5r alle relevante input til den videre udvikling,&#8221; siger Meiner N\u00f8rgaard, formand for udvalget for teknik og milj\u00f8 i Mors\u00f8 Kommune.<\/p>\n<p>https:\/\/www.facebook.com\/MorsoeKommune\/posts\/3486244894723553<\/p>\n","protected":false},"excerpt":{"rendered":"<p>NYK\u00d8BING: Mors\u00f8 Kommune har nu fundet et tidspunkt for borgerm\u00f8det om fremtiden for omr\u00e5det ved Dueholm i Nyk\u00f8bing. Som omtalt p\u00e5 KunMors s\u00f8ndag planl\u00e6gger kommunen en digital udgave af borgerm\u00f8det, og det bliver holdt tirsdag 26. maj klokken 19. P\u00e5 det tidspunkt kan man logge sig p\u00e5 og blive orienteret samt stille sp\u00f8rgsm\u00e5l via en [&hellip;]<\/p>\n","protected":false},"author":8,"featured_media":22022,"comment_status":"open","ping_status":"open","sticky":false,"template":"","format":"standard","meta":{"_acf_changed":false,"footnotes":""},"categories":[51],"tags":[],"class_list":["post-22016","post","type-post","status-publish","format-standard","has-post-thumbnail","hentry","category-lokalt"],"acf":[],"yoast_head":"<!-- This site is optimized with the Yoast SEO plugin v26.8 - https:\/\/yoast.com\/product\/yoast-seo-wordpress\/ -->\n<title>Dato for digitalt borgerm\u00f8de p\u00e5 plads - Mors<\/title>\n<meta name=\"robots\" content=\"index, follow, max-snippet:-1, max-image-preview:large, max-video-preview:-1\" \/>\n<link rel=\"canonical\" href=\"https:\/\/kunmedierne.dk\/mors\/dato-for-digitalt-borgermoede-paa-plads\/\" \/>\n<meta property=\"og:locale\" content=\"da_DK\" \/>\n<meta property=\"og:type\" content=\"article\" \/>\n<meta property=\"og:title\" content=\"Dato for digitalt borgerm\u00f8de p\u00e5 plads - Mors\" \/>\n<meta property=\"og:description\" content=\"NYK\u00d8BING: Mors\u00f8 Kommune har nu fundet et tidspunkt for borgerm\u00f8det om fremtiden for omr\u00e5det ved Dueholm i Nyk\u00f8bing. Som omtalt p\u00e5 KunMors s\u00f8ndag planl\u00e6gger kommunen en digital udgave af borgerm\u00f8det, og det bliver holdt tirsdag 26. maj klokken 19. P\u00e5 det tidspunkt kan man logge sig p\u00e5 og blive orienteret samt stille sp\u00f8rgsm\u00e5l via en [&hellip;]\" \/>\n<meta property=\"og:url\" content=\"https:\/\/kunmedierne.dk\/mors\/dato-for-digitalt-borgermoede-paa-plads\/\" \/>\n<meta property=\"og:site_name\" content=\"Mors\" \/>\n<meta property=\"article:published_time\" content=\"2020-05-18T08:56:19+00:00\" \/>\n<meta property=\"article:modified_time\" content=\"2024-08-12T12:06:06+00:00\" \/>\n<meta property=\"og:image\" content=\"https:\/\/kunmedierne.dk\/mors\/wp-content\/uploads\/2020\/05\/Pressefoto-Nyk\u00f8bing-Mors.jpg\" \/>\n\t<meta property=\"og:image:width\" content=\"770\" \/>\n\t<meta property=\"og:image:height\" content=\"513\" \/>\n\t<meta property=\"og:image:type\" content=\"image\/jpeg\" \/>\n<meta name=\"author\" content=\"David H\u00f8jmark\" \/>\n<meta name=\"twitter:card\" content=\"summary_large_image\" \/>\n<meta name=\"twitter:label1\" content=\"Skrevet af\" \/>\n\t<meta name=\"twitter:data1\" content=\"David H\u00f8jmark\" \/>\n\t<meta name=\"twitter:label2\" content=\"Estimeret l\u00e6setid\" \/>\n\t<meta name=\"twitter:data2\" content=\"1 minut\" \/>\n<script type=\"application\/ld+json\" class=\"yoast-schema-graph\">{\"@context\":\"https:\/\/schema.org\",\"@graph\":[{\"@type\":\"Article\",\"@id\":\"https:\/\/kunmedierne.dk\/mors\/dato-for-digitalt-borgermoede-paa-plads\/#article\",\"isPartOf\":{\"@id\":\"https:\/\/kunmedierne.dk\/mors\/dato-for-digitalt-borgermoede-paa-plads\/\"},\"author\":{\"name\":\"David H\u00f8jmark\",\"@id\":\"https:\/\/kunmedierne.dk\/mors\/#\/schema\/person\/5fe23251bf1d0abbcdc6f7896579d548\"},\"headline\":\"Dato for digitalt borgerm\u00f8de p\u00e5 plads\",\"datePublished\":\"2020-05-18T08:56:19+00:00\",\"dateModified\":\"2024-08-12T12:06:06+00:00\",\"mainEntityOfPage\":{\"@id\":\"https:\/\/kunmedierne.dk\/mors\/dato-for-digitalt-borgermoede-paa-plads\/\"},\"wordCount\":155,\"commentCount\":0,\"publisher\":{\"@id\":\"https:\/\/kunmedierne.dk\/mors\/#organization\"},\"image\":{\"@id\":\"https:\/\/kunmedierne.dk\/mors\/dato-for-digitalt-borgermoede-paa-plads\/#primaryimage\"},\"thumbnailUrl\":\"https:\/\/kunmedierne.dk\/mors\/wp-content\/uploads\/2020\/05\/Pressefoto-Nyk\u00f8bing-Mors.jpg\",\"articleSection\":[\"Lokalt\"],\"inLanguage\":\"da-DK\",\"potentialAction\":[{\"@type\":\"CommentAction\",\"name\":\"Comment\",\"target\":[\"https:\/\/kunmedierne.dk\/mors\/dato-for-digitalt-borgermoede-paa-plads\/#respond\"]}]},{\"@type\":\"WebPage\",\"@id\":\"https:\/\/kunmedierne.dk\/mors\/dato-for-digitalt-borgermoede-paa-plads\/\",\"url\":\"https:\/\/kunmedierne.dk\/mors\/dato-for-digitalt-borgermoede-paa-plads\/\",\"name\":\"Dato for digitalt borgerm\u00f8de p\u00e5 plads - Mors\",\"isPartOf\":{\"@id\":\"https:\/\/kunmedierne.dk\/mors\/#website\"},\"primaryImageOfPage\":{\"@id\":\"https:\/\/kunmedierne.dk\/mors\/dato-for-digitalt-borgermoede-paa-plads\/#primaryimage\"},\"image\":{\"@id\":\"https:\/\/kunmedierne.dk\/mors\/dato-for-digitalt-borgermoede-paa-plads\/#primaryimage\"},\"thumbnailUrl\":\"https:\/\/kunmedierne.dk\/mors\/wp-content\/uploads\/2020\/05\/Pressefoto-Nyk\u00f8bing-Mors.jpg\",\"datePublished\":\"2020-05-18T08:56:19+00:00\",\"dateModified\":\"2024-08-12T12:06:06+00:00\",\"breadcrumb\":{\"@id\":\"https:\/\/kunmedierne.dk\/mors\/dato-for-digitalt-borgermoede-paa-plads\/#breadcrumb\"},\"inLanguage\":\"da-DK\",\"potentialAction\":[{\"@type\":\"ReadAction\",\"target\":[\"https:\/\/kunmedierne.dk\/mors\/dato-for-digitalt-borgermoede-paa-plads\/\"]}]},{\"@type\":\"ImageObject\",\"inLanguage\":\"da-DK\",\"@id\":\"https:\/\/kunmedierne.dk\/mors\/dato-for-digitalt-borgermoede-paa-plads\/#primaryimage\",\"url\":\"https:\/\/kunmedierne.dk\/mors\/wp-content\/uploads\/2020\/05\/Pressefoto-Nyk\u00f8bing-Mors.jpg\",\"contentUrl\":\"https:\/\/kunmedierne.dk\/mors\/wp-content\/uploads\/2020\/05\/Pressefoto-Nyk\u00f8bing-Mors.jpg\",\"width\":770,\"height\":513,\"caption\":\"Pressefoto: Mors\u00f8 Kommune.\"},{\"@type\":\"BreadcrumbList\",\"@id\":\"https:\/\/kunmedierne.dk\/mors\/dato-for-digitalt-borgermoede-paa-plads\/#breadcrumb\",\"itemListElement\":[{\"@type\":\"ListItem\",\"position\":1,\"name\":\"Hjem\",\"item\":\"https:\/\/kunmedierne.dk\/mors\/\"},{\"@type\":\"ListItem\",\"position\":2,\"name\":\"Dato for digitalt borgerm\u00f8de p\u00e5 plads\"}]},{\"@type\":\"WebSite\",\"@id\":\"https:\/\/kunmedierne.dk\/mors\/#website\",\"url\":\"https:\/\/kunmedierne.dk\/mors\/\",\"name\":\"Mors\",\"description\":\"et netmedie med journalistik om livet p\u00e5 Mors\",\"publisher\":{\"@id\":\"https:\/\/kunmedierne.dk\/mors\/#organization\"},\"potentialAction\":[{\"@type\":\"SearchAction\",\"target\":{\"@type\":\"EntryPoint\",\"urlTemplate\":\"https:\/\/kunmedierne.dk\/mors\/?s={search_term_string}\"},\"query-input\":{\"@type\":\"PropertyValueSpecification\",\"valueRequired\":true,\"valueName\":\"search_term_string\"}}],\"inLanguage\":\"da-DK\"},{\"@type\":\"Organization\",\"@id\":\"https:\/\/kunmedierne.dk\/mors\/#organization\",\"name\":\"Mors\",\"url\":\"https:\/\/kunmedierne.dk\/mors\/\",\"logo\":{\"@type\":\"ImageObject\",\"inLanguage\":\"da-DK\",\"@id\":\"https:\/\/kunmedierne.dk\/mors\/#\/schema\/logo\/image\/\",\"url\":\"https:\/\/kunmedierne.dk\/mors\/wp-content\/uploads\/2024\/08\/kunmors-logo.svg\",\"contentUrl\":\"https:\/\/kunmedierne.dk\/mors\/wp-content\/uploads\/2024\/08\/kunmors-logo.svg\",\"caption\":\"Mors\"},\"image\":{\"@id\":\"https:\/\/kunmedierne.dk\/mors\/#\/schema\/logo\/image\/\"}},{\"@type\":\"Person\",\"@id\":\"https:\/\/kunmedierne.dk\/mors\/#\/schema\/person\/5fe23251bf1d0abbcdc6f7896579d548\",\"name\":\"David H\u00f8jmark\",\"image\":{\"@type\":\"ImageObject\",\"inLanguage\":\"da-DK\",\"@id\":\"https:\/\/kunmedierne.dk\/mors\/#\/schema\/person\/image\/\",\"url\":\"https:\/\/secure.gravatar.com\/avatar\/4315d6fb9ef244d729989f5f90268eb08d5bf8a3d84402f595fa194bb35784fd?s=96&d=mm&r=g\",\"contentUrl\":\"https:\/\/secure.gravatar.com\/avatar\/4315d6fb9ef244d729989f5f90268eb08d5bf8a3d84402f595fa194bb35784fd?s=96&d=mm&r=g\",\"caption\":\"David H\u00f8jmark\"},\"sameAs\":[\"https:\/\/www.kunmedierne.dk\"],\"url\":\"https:\/\/kunmedierne.dk\/mors\/author\/david\/\"}]}<\/script>\n<!-- \/ Yoast SEO plugin. -->","yoast_head_json":{"title":"Dato for digitalt borgerm\u00f8de p\u00e5 plads - Mors","robots":{"index":"index","follow":"follow","max-snippet":"max-snippet:-1","max-image-preview":"max-image-preview:large","max-video-preview":"max-video-preview:-1"},"canonical":"https:\/\/kunmedierne.dk\/mors\/dato-for-digitalt-borgermoede-paa-plads\/","og_locale":"da_DK","og_type":"article","og_title":"Dato for digitalt borgerm\u00f8de p\u00e5 plads - Mors","og_description":"NYK\u00d8BING: Mors\u00f8 Kommune har nu fundet et tidspunkt for borgerm\u00f8det om fremtiden for omr\u00e5det ved Dueholm i Nyk\u00f8bing. Som omtalt p\u00e5 KunMors s\u00f8ndag planl\u00e6gger kommunen en digital udgave af borgerm\u00f8det, og det bliver holdt tirsdag 26. maj klokken 19. P\u00e5 det tidspunkt kan man logge sig p\u00e5 og blive orienteret samt stille sp\u00f8rgsm\u00e5l via en [&hellip;]","og_url":"https:\/\/kunmedierne.dk\/mors\/dato-for-digitalt-borgermoede-paa-plads\/","og_site_name":"Mors","article_published_time":"2020-05-18T08:56:19+00:00","article_modified_time":"2024-08-12T12:06:06+00:00","og_image":[{"width":770,"height":513,"url":"https:\/\/kunmedierne.dk\/mors\/wp-content\/uploads\/2020\/05\/Pressefoto-Nyk\u00f8bing-Mors.jpg","type":"image\/jpeg"}],"author":"David H\u00f8jmark","twitter_card":"summary_large_image","twitter_misc":{"Skrevet af":"David H\u00f8jmark","Estimeret l\u00e6setid":"1 minut"},"schema":{"@context":"https:\/\/schema.org","@graph":[{"@type":"Article","@id":"https:\/\/kunmedierne.dk\/mors\/dato-for-digitalt-borgermoede-paa-plads\/#article","isPartOf":{"@id":"https:\/\/kunmedierne.dk\/mors\/dato-for-digitalt-borgermoede-paa-plads\/"},"author":{"name":"David H\u00f8jmark","@id":"https:\/\/kunmedierne.dk\/mors\/#\/schema\/person\/5fe23251bf1d0abbcdc6f7896579d548"},"headline":"Dato for digitalt borgerm\u00f8de p\u00e5 plads","datePublished":"2020-05-18T08:56:19+00:00","dateModified":"2024-08-12T12:06:06+00:00","mainEntityOfPage":{"@id":"https:\/\/kunmedierne.dk\/mors\/dato-for-digitalt-borgermoede-paa-plads\/"},"wordCount":155,"commentCount":0,"publisher":{"@id":"https:\/\/kunmedierne.dk\/mors\/#organization"},"image":{"@id":"https:\/\/kunmedierne.dk\/mors\/dato-for-digitalt-borgermoede-paa-plads\/#primaryimage"},"thumbnailUrl":"https:\/\/kunmedierne.dk\/mors\/wp-content\/uploads\/2020\/05\/Pressefoto-Nyk\u00f8bing-Mors.jpg","articleSection":["Lokalt"],"inLanguage":"da-DK","potentialAction":[{"@type":"CommentAction","name":"Comment","target":["https:\/\/kunmedierne.dk\/mors\/dato-for-digitalt-borgermoede-paa-plads\/#respond"]}]},{"@type":"WebPage","@id":"https:\/\/kunmedierne.dk\/mors\/dato-for-digitalt-borgermoede-paa-plads\/","url":"https:\/\/kunmedierne.dk\/mors\/dato-for-digitalt-borgermoede-paa-plads\/","name":"Dato for digitalt borgerm\u00f8de p\u00e5 plads - Mors","isPartOf":{"@id":"https:\/\/kunmedierne.dk\/mors\/#website"},"primaryImageOfPage":{"@id":"https:\/\/kunmedierne.dk\/mors\/dato-for-digitalt-borgermoede-paa-plads\/#primaryimage"},"image":{"@id":"https:\/\/kunmedierne.dk\/mors\/dato-for-digitalt-borgermoede-paa-plads\/#primaryimage"},"thumbnailUrl":"https:\/\/kunmedierne.dk\/mors\/wp-content\/uploads\/2020\/05\/Pressefoto-Nyk\u00f8bing-Mors.jpg","datePublished":"2020-05-18T08:56:19+00:00","dateModified":"2024-08-12T12:06:06+00:00","breadcrumb":{"@id":"https:\/\/kunmedierne.dk\/mors\/dato-for-digitalt-borgermoede-paa-plads\/#breadcrumb"},"inLanguage":"da-DK","potentialAction":[{"@type":"ReadAction","target":["https:\/\/kunmedierne.dk\/mors\/dato-for-digitalt-borgermoede-paa-plads\/"]}]},{"@type":"ImageObject","inLanguage":"da-DK","@id":"https:\/\/kunmedierne.dk\/mors\/dato-for-digitalt-borgermoede-paa-plads\/#primaryimage","url":"https:\/\/kunmedierne.dk\/mors\/wp-content\/uploads\/2020\/05\/Pressefoto-Nyk\u00f8bing-Mors.jpg","contentUrl":"https:\/\/kunmedierne.dk\/mors\/wp-content\/uploads\/2020\/05\/Pressefoto-Nyk\u00f8bing-Mors.jpg","width":770,"height":513,"caption":"Pressefoto: Mors\u00f8 Kommune."},{"@type":"BreadcrumbList","@id":"https:\/\/kunmedierne.dk\/mors\/dato-for-digitalt-borgermoede-paa-plads\/#breadcrumb","itemListElement":[{"@type":"ListItem","position":1,"name":"Hjem","item":"https:\/\/kunmedierne.dk\/mors\/"},{"@type":"ListItem","position":2,"name":"Dato for digitalt borgerm\u00f8de p\u00e5 plads"}]},{"@type":"WebSite","@id":"https:\/\/kunmedierne.dk\/mors\/#website","url":"https:\/\/kunmedierne.dk\/mors\/","name":"Mors","description":"et netmedie med journalistik om livet p\u00e5 Mors","publisher":{"@id":"https:\/\/kunmedierne.dk\/mors\/#organization"},"potentialAction":[{"@type":"SearchAction","target":{"@type":"EntryPoint","urlTemplate":"https:\/\/kunmedierne.dk\/mors\/?s={search_term_string}"},"query-input":{"@type":"PropertyValueSpecification","valueRequired":true,"valueName":"search_term_string"}}],"inLanguage":"da-DK"},{"@type":"Organization","@id":"https:\/\/kunmedierne.dk\/mors\/#organization","name":"Mors","url":"https:\/\/kunmedierne.dk\/mors\/","logo":{"@type":"ImageObject","inLanguage":"da-DK","@id":"https:\/\/kunmedierne.dk\/mors\/#\/schema\/logo\/image\/","url":"https:\/\/kunmedierne.dk\/mors\/wp-content\/uploads\/2024\/08\/kunmors-logo.svg","contentUrl":"https:\/\/kunmedierne.dk\/mors\/wp-content\/uploads\/2024\/08\/kunmors-logo.svg","caption":"Mors"},"image":{"@id":"https:\/\/kunmedierne.dk\/mors\/#\/schema\/logo\/image\/"}},{"@type":"Person","@id":"https:\/\/kunmedierne.dk\/mors\/#\/schema\/person\/5fe23251bf1d0abbcdc6f7896579d548","name":"David H\u00f8jmark","image":{"@type":"ImageObject","inLanguage":"da-DK","@id":"https:\/\/kunmedierne.dk\/mors\/#\/schema\/person\/image\/","url":"https:\/\/secure.gravatar.com\/avatar\/4315d6fb9ef244d729989f5f90268eb08d5bf8a3d84402f595fa194bb35784fd?s=96&d=mm&r=g","contentUrl":"https:\/\/secure.gravatar.com\/avatar\/4315d6fb9ef244d729989f5f90268eb08d5bf8a3d84402f595fa194bb35784fd?s=96&d=mm&r=g","caption":"David H\u00f8jmark"},"sameAs":["https:\/\/www.kunmedierne.dk"],"url":"https:\/\/kunmedierne.dk\/mors\/author\/david\/"}]}},"_links":{"self":[{"href":"https:\/\/kunmedierne.dk\/mors\/wp-json\/wp\/v2\/posts\/22016","targetHints":{"allow":["GET"]}}],"collection":[{"href":"https:\/\/kunmedierne.dk\/mors\/wp-json\/wp\/v2\/posts"}],"about":[{"href":"https:\/\/kunmedierne.dk\/mors\/wp-json\/wp\/v2\/types\/post"}],"author":[{"embeddable":true,"href":"https:\/\/kunmedierne.dk\/mors\/wp-json\/wp\/v2\/users\/8"}],"replies":[{"embeddable":true,"href":"https:\/\/kunmedierne.dk\/mors\/wp-json\/wp\/v2\/comments?post=22016"}],"version-history":[{"count":4,"href":"https:\/\/kunmedierne.dk\/mors\/wp-json\/wp\/v2\/posts\/22016\/revisions"}],"predecessor-version":[{"id":22025,"href":"https:\/\/kunmedierne.dk\/mors\/wp-json\/wp\/v2\/posts\/22016\/revisions\/22025"}],"wp:featuredmedia":[{"embeddable":true,"href":"https:\/\/kunmedierne.dk\/mors\/wp-json\/wp\/v2\/media\/22022"}],"wp:attachment":[{"href":"https:\/\/kunmedierne.dk\/mors\/wp-json\/wp\/v2\/media?parent=22016"}],"wp:term":[{"taxonomy":"category","embeddable":true,"href":"https:\/\/kunmedierne.dk\/mors\/wp-json\/wp\/v2\/categories?post=22016"},{"taxonomy":"post_tag","embeddable":true,"href":"https:\/\/kunmedierne.dk\/mors\/wp-json\/wp\/v2\/tags?post=22016"}],"curies":[{"name":"wp","href":"https:\/\/api.w.org\/{rel}","templated":true}]}}