{"id":21963,"date":"2020-05-17T23:20:00","date_gmt":"2020-05-17T21:20:00","guid":{"rendered":"https:\/\/kunmedierne.dk\/mors\/?p=21963"},"modified":"2024-08-12T14:06:06","modified_gmt":"2024-08-12T12:06:06","slug":"leder-af-opholdssted-vi-lukker-men-det-har-vi-selv-besluttet","status":"publish","type":"post","link":"https:\/\/kunmedierne.dk\/mors\/leder-af-opholdssted-vi-lukker-men-det-har-vi-selv-besluttet\/","title":{"rendered":"Leder af opholdssted: &#8211; Vi lukker, men det har vi selv besluttet"},"content":{"rendered":"<p><strong>FREDS\u00d8<\/strong>: Socialtilsyn Nord tager fejl punkt for punkt i deres kritik af Opholdsstedet Freds\u00f8. Men det spiller heller ikke nogen rolle for stedets fremtid, for den blev afgjort af opholdsstedet selv flere uger f\u00f8r tilsynets p\u00e5bud om lukning.<\/p>\n<p>S\u00e5dan lyder det fra Anders Andreasen, forstander p\u00e5 Opholdsstedet Freds\u00f8, der som n\u00e6vnt i artiklen <a href=\"https:\/\/kunmedierne.dk\/mors\/soenderlemmende-kritik-tilsyn-lukker-opholdssted-for-unge-i-fredsoe\/\" target=\"_blank\" rel=\"noopener noreferrer\">her<\/a>, er udsat for voldsom kritik fra Socialtilsyn Nord.<\/p>\n<p>Anders Andreasen siger, at opholdsstedet for l\u00e6ngst har tilbagevist kritikken punkt for punkt \u2013 ogs\u00e5 i forhold til de to p\u00e5bud, stedet tidligere har f\u00e5et.<\/p>\n<p>Det ene g\u00e5r p\u00e5, at opholdsstedet skal sikre en klar og gennemskuelig adskillelse mellem aktiviteter p\u00e5 stedet og sideordnede aktiviteter i det s\u00e5kaldte efterv\u00e6rn &#8211; indsats for unge i alderen 18-22 med hj\u00e6lp til en god overgang til selvst\u00e6ndig tilv\u00e6relse.<\/p>\n<p>\u201dVi har hele vejen igennem holdt fast i, at de unge, som er anbragt og har opbygget nogle gode relationer til forskellige medarbejdere, naturligvis skal have mulighed for at have de medarbejdere med, n\u00e5r de kommer videre \u2013 alts\u00e5 i efterv\u00e6rnet,\u201d siger Anders Andreasen.<\/p>\n<p>\u201dDen metode, som har v\u00e6ret godkendt af Socialtilsynet frem til 2019, og som faktisk har v\u00e6ret rost i forskellige tilsynsrapporter, ville de have, at vi skulle lave om \u2013 og vi kunne ikke helt f\u00e5 en begrundelse hvorfor,\u201d tilf\u00f8jer han.<\/p>\n<p>Det andet p\u00e5bud drejer sig om, at tilbuddet skal sikre et tilstr\u00e6kkeligt forebyggende arbejde med indsatser, der kan forebygge vold og overgreb, herunder seksuelle overgreb. Anders Andreasen oplyser, at punktet vedr\u00f8rer en episode i sommeren 2019, da en af stedets unge i forbindelse med en hjemrejse blev udsat for en meget ubehagelig oplevelse.<\/p>\n<p>\u201dI forbindelse med det var der nogle kurser, vores medarbejdere skulle igennem. Og det sidste af de kurser skulle have v\u00e6ret afholdt 12.-13. marts i \u00e5r i samarbejde med Socialstyrelsen. Men dagen f\u00f8r blev det aflyst p\u00e5 grund af coronanedlukningen. Og da vi s\u00e5 ikke kunne afholde det kursus, mener de ikke, at vi har overholdt det p\u00e5bud, de har givet os,\u201d siger Anders Andreasen.<\/p>\n<p>&nbsp;<\/p>\n<p><strong>Et meget specielt forl\u00f8b<\/strong><\/p>\n<p>Han understreger dog, at hverken kritikken af opholdsstedet eller dets afvisning af den spiller nogen rolle i forhold til lukningen.<\/p>\n<p>\u201dAllerede 27. april, alts\u00e5 lige knap tre uger f\u00f8r tilsynet mente, at det skulle sende tilsynsrapporten ud, blev de informeret af vores bestyrelse om, at vi bliver n\u00f8dt til at lukke ned p\u00e5 grund af \u00f8konomien,\u201d siger han.<\/p>\n<p><em>S\u00e5 du synes, det er un\u00f8dvendigt, at de overhovedet n\u00e5r frem til den konklusion?<\/em><\/p>\n<p>\u201dRet meget i det her forl\u00f8b har v\u00e6ret specielt \u2013 skal vi sige det s\u00e5dan?\u201d<\/p>\n<p><em>Vil du uddybe, hvad det betyder?<\/em><\/p>\n<p>\u201dJeg bliver n\u00f8dt til at understrege, at vi i langt det meste af den tid, vi har eksisteret, har haft et rigtig godt samarbejde med Socialtilsyn Nord. Og hvis du kigger p\u00e5 de tilsynsrapporter, vi har haft, har vi konsekvent ligget med topkarakter i det hele. Det er derfor, det undrede os, at da der kom en ny tilsynsf\u00f8rer p\u00e5, \u00e6ndrede det sig i den stik modsatte retning,\u201d siger Anders Andreasen.<\/p>\n<p>\u201dDet er der, vores undring ligger, og det er en undring, der bliver delt af b\u00e5de de unge og for\u00e6ldrene, der har v\u00e6ret ved os. Hvis man ser p\u00e5 det potentiale, de unge, der har v\u00e6ret anbragt ved os, havde, og p\u00e5 det det, de har n\u00e5et i udvikling, kan vi faktisk godt v\u00e6re stolte af det arbejde, vi har lavet.\u201d<\/p>\n<p><em>S\u00e5 er I i hvert fald ikke enige i de mange ting, de skriver.<\/em><\/p>\n<p>\u201dNej, men vi har jo besvaret det punkt for punkt for punkt for punkt.\u201d<\/p>\n<p><em>Alts\u00e5 det, der st\u00e5r i tilsynsrapporten?<\/em><\/p>\n<p>\u201dJa, det der st\u00e5r i den er dybest set copy\/paste af en, de sendte til os i december. Da gik vi ind p\u00e5 praktisk talt samtlige kritikpunkter og gik imod,\u201d siger Anders Andreasen og n\u00e6vner ogs\u00e5 et svar p\u00e5 kritikken om, at der har v\u00e6ret unge p\u00e5 bes\u00f8g, som ikke har v\u00e6ret visiteret.<\/p>\n<p><em>De skriver ogs\u00e5 om en alvorlig episode med et seksuelt overgreb. Det har vel ikke v\u00e6ret p\u00e5 stedet?<\/em><\/p>\n<p>\u201dNej, det var i forbindelse med hjemrejse,\u201d siger Anders Andreasen og n\u00e6vner, at opholdsstedet har f\u00e5et kritik for ikke at opspore det seksuelle overgreb tidligere.<\/p>\n<p>\u201dOg det konkrete tilf\u00e6lde foregik i forbindelse med et marked l\u00e6ngere nede i landet. Jeg var dernede i anden sammenh\u00e6ng og havde en aftale med den unge pige om, at hun kunne kontakte mig, hvis der var noget. Det gjorde hun \u2013 og det var mig, der foretog politianmeldelsen. Den l\u00e5 lige knapt tre kvarter efter, at det var sket. S\u00e5 hvordan vi skulle g\u00f8re det hurtigere, har vi ikke kunne f\u00e5 noget svar p\u00e5,\u201d siger han.<\/p>\n<p>&nbsp;<\/p>\n<p><strong>Pludseligt krav<\/strong><\/p>\n<p>If\u00f8lge Anders Andreasen svarede Opholdsstedet Freds\u00f8 allerede i januar p\u00e5 alle kritikpunkter fra Socialtilsyn Nord.<\/p>\n<p>\u201dOg der fik vi besked p\u00e5, at vi havde lov til at tage den holdning, vi havde. Men det var s\u00e5dan, det var,\u201d siger han.<\/p>\n<p><em>G\u00e6lder det ogs\u00e5 i forhold til kritikpunktet om, at ledelsen ikke har drevet det \u00f8konomisk forsvarligt?<\/em><\/p>\n<p>\u201dAlts\u00e5, jeg ved ikke helt, hvad det er, der ikke skulle v\u00e6re drevet \u00f8konomisk forsvarligt. Vores regnskab er revisorgodkendt, og der har ikke v\u00e6ret nogen anm\u00e6rkninger. Noget af diskussionen ligger i juraen i forhold til efterv\u00e6rnet. Lige pludselig stod vi med et krav fra en tilsynsf\u00f8rende, der mente, at hvis vi gav st\u00f8tte til en ung ude i byen, skulle det v\u00e6re os, der lejede lejligheden til ham. Og der er jeg n\u00f8dt til at sige, at det ikke giver mening, hvis vi skal sikre de unge de bedst mulige vilk\u00e5r. Hvis en ung begynder at g\u00e5 i skole i Skive, nytter det jo ikke noget, at vi fastholder dem i en lejlighed i Nyk\u00f8bing,\u201d siger han.<\/p>\n<p>&nbsp;<\/p>\n<p><strong>En rigtig tr\u00e6ls situation<\/strong><\/p>\n<p>Opholdsstedet i Freds\u00f8 har eksisteret i seks \u00e5r, men lukker 31. maj.<\/p>\n<p>\u201dMen som sagt: Det er ikke tilsynsrapporten, der g\u00f8r det. Det er ren og sk\u00e6r \u00f8konomi,\u201d siger Anders Andreasen.<\/p>\n<p>\u201dVi arbejder hele tiden ud fra et koncept, der hedder faglighed og ordentlighed. Og n\u00e5r vi skal varetage det her, handler det ogs\u00e5 om, at hvis vi har nogle kreditorer, skal vi v\u00e6re sikre p\u00e5, at de kan f\u00e5 deres penge,\u201d siger han og tilf\u00f8jer, at Opholdsstedet Freds\u00f8 af flere \u00e5rsager har haft udfordringer med at v\u00e6re synlige p\u00e5 Tilbudsportalen, som er et udstillingsvindue for tilbud som eksempelvis det i Freds\u00f8.<\/p>\n<p>\u201dDet har givet et hul i forhold til nyindskrivninger, og netop fordi vi ikke har villet sk\u00e6re ned p\u00e5 den faglige bemanding, har vi faktisk haft et ret stort hul i vores \u00f8konomi over de sidste ni m\u00e5neder,\u201d siger Anders Andreasen, som melder om et helt andet fokus i opholdsstedets sidste uger.<\/p>\n<p>\u201dDet er en rigtig tr\u00e6ls situation. Vi sidder i \u00f8jeblikket og hj\u00e6lper forskellige sagsbehandlere med at finde nye pladser til de unge. Lige nu er der seks tilknyttet, og der er to, der ikke er fundet l\u00f8sninger p\u00e5,\u201d siger han.<\/p>\n","protected":false},"excerpt":{"rendered":"<p>FREDS\u00d8: Socialtilsyn Nord tager fejl punkt for punkt i deres kritik af Opholdsstedet Freds\u00f8. Men det spiller heller ikke nogen rolle for stedets fremtid, for den blev afgjort af opholdsstedet selv flere uger f\u00f8r tilsynets p\u00e5bud om lukning. S\u00e5dan lyder det fra Anders Andreasen, forstander p\u00e5 Opholdsstedet Freds\u00f8, der som n\u00e6vnt i artiklen her, er [&hellip;]<\/p>\n","protected":false},"author":8,"featured_media":21964,"comment_status":"open","ping_status":"open","sticky":false,"template":"","format":"standard","meta":{"_acf_changed":false,"footnotes":""},"categories":[51],"tags":[],"class_list":["post-21963","post","type-post","status-publish","format-standard","has-post-thumbnail","hentry","category-lokalt"],"acf":[],"yoast_head":"<!-- This site is optimized with the Yoast SEO plugin v26.8 - https:\/\/yoast.com\/product\/yoast-seo-wordpress\/ -->\n<title>Leder af opholdssted: - Vi lukker, men det har vi selv besluttet - Mors<\/title>\n<meta name=\"robots\" content=\"index, follow, max-snippet:-1, max-image-preview:large, max-video-preview:-1\" \/>\n<link rel=\"canonical\" href=\"https:\/\/kunmedierne.dk\/mors\/leder-af-opholdssted-vi-lukker-men-det-har-vi-selv-besluttet\/\" \/>\n<meta property=\"og:locale\" content=\"da_DK\" \/>\n<meta property=\"og:type\" content=\"article\" \/>\n<meta property=\"og:title\" content=\"Leder af opholdssted: - Vi lukker, men det har vi selv besluttet - Mors\" \/>\n<meta property=\"og:description\" content=\"FREDS\u00d8: Socialtilsyn Nord tager fejl punkt for punkt i deres kritik af Opholdsstedet Freds\u00f8. Men det spiller heller ikke nogen rolle for stedets fremtid, for den blev afgjort af opholdsstedet selv flere uger f\u00f8r tilsynets p\u00e5bud om lukning. S\u00e5dan lyder det fra Anders Andreasen, forstander p\u00e5 Opholdsstedet Freds\u00f8, der som n\u00e6vnt i artiklen her, er [&hellip;]\" \/>\n<meta property=\"og:url\" content=\"https:\/\/kunmedierne.dk\/mors\/leder-af-opholdssted-vi-lukker-men-det-har-vi-selv-besluttet\/\" \/>\n<meta property=\"og:site_name\" content=\"Mors\" \/>\n<meta property=\"article:published_time\" content=\"2020-05-17T21:20:00+00:00\" \/>\n<meta property=\"article:modified_time\" content=\"2024-08-12T12:06:06+00:00\" \/>\n<meta property=\"og:image\" content=\"https:\/\/kunmedierne.dk\/mors\/wp-content\/uploads\/2020\/05\/freds\u00f81.jpg\" \/>\n\t<meta property=\"og:image:width\" content=\"770\" \/>\n\t<meta property=\"og:image:height\" content=\"513\" \/>\n\t<meta property=\"og:image:type\" content=\"image\/jpeg\" \/>\n<meta name=\"author\" content=\"David H\u00f8jmark\" \/>\n<meta name=\"twitter:card\" content=\"summary_large_image\" \/>\n<meta name=\"twitter:label1\" content=\"Skrevet af\" \/>\n\t<meta name=\"twitter:data1\" content=\"David H\u00f8jmark\" \/>\n\t<meta name=\"twitter:label2\" content=\"Estimeret l\u00e6setid\" \/>\n\t<meta name=\"twitter:data2\" content=\"6 minutter\" \/>\n<script type=\"application\/ld+json\" class=\"yoast-schema-graph\">{\"@context\":\"https:\/\/schema.org\",\"@graph\":[{\"@type\":\"Article\",\"@id\":\"https:\/\/kunmedierne.dk\/mors\/leder-af-opholdssted-vi-lukker-men-det-har-vi-selv-besluttet\/#article\",\"isPartOf\":{\"@id\":\"https:\/\/kunmedierne.dk\/mors\/leder-af-opholdssted-vi-lukker-men-det-har-vi-selv-besluttet\/\"},\"author\":{\"name\":\"David H\u00f8jmark\",\"@id\":\"https:\/\/kunmedierne.dk\/mors\/#\/schema\/person\/5fe23251bf1d0abbcdc6f7896579d548\"},\"headline\":\"Leder af opholdssted: &#8211; Vi lukker, men det har vi selv besluttet\",\"datePublished\":\"2020-05-17T21:20:00+00:00\",\"dateModified\":\"2024-08-12T12:06:06+00:00\",\"mainEntityOfPage\":{\"@id\":\"https:\/\/kunmedierne.dk\/mors\/leder-af-opholdssted-vi-lukker-men-det-har-vi-selv-besluttet\/\"},\"wordCount\":1223,\"commentCount\":0,\"publisher\":{\"@id\":\"https:\/\/kunmedierne.dk\/mors\/#organization\"},\"image\":{\"@id\":\"https:\/\/kunmedierne.dk\/mors\/leder-af-opholdssted-vi-lukker-men-det-har-vi-selv-besluttet\/#primaryimage\"},\"thumbnailUrl\":\"https:\/\/kunmedierne.dk\/mors\/wp-content\/uploads\/2020\/05\/freds\u00f81.jpg\",\"articleSection\":[\"Lokalt\"],\"inLanguage\":\"da-DK\",\"potentialAction\":[{\"@type\":\"CommentAction\",\"name\":\"Comment\",\"target\":[\"https:\/\/kunmedierne.dk\/mors\/leder-af-opholdssted-vi-lukker-men-det-har-vi-selv-besluttet\/#respond\"]}]},{\"@type\":\"WebPage\",\"@id\":\"https:\/\/kunmedierne.dk\/mors\/leder-af-opholdssted-vi-lukker-men-det-har-vi-selv-besluttet\/\",\"url\":\"https:\/\/kunmedierne.dk\/mors\/leder-af-opholdssted-vi-lukker-men-det-har-vi-selv-besluttet\/\",\"name\":\"Leder af opholdssted: - Vi lukker, men det har vi selv besluttet - Mors\",\"isPartOf\":{\"@id\":\"https:\/\/kunmedierne.dk\/mors\/#website\"},\"primaryImageOfPage\":{\"@id\":\"https:\/\/kunmedierne.dk\/mors\/leder-af-opholdssted-vi-lukker-men-det-har-vi-selv-besluttet\/#primaryimage\"},\"image\":{\"@id\":\"https:\/\/kunmedierne.dk\/mors\/leder-af-opholdssted-vi-lukker-men-det-har-vi-selv-besluttet\/#primaryimage\"},\"thumbnailUrl\":\"https:\/\/kunmedierne.dk\/mors\/wp-content\/uploads\/2020\/05\/freds\u00f81.jpg\",\"datePublished\":\"2020-05-17T21:20:00+00:00\",\"dateModified\":\"2024-08-12T12:06:06+00:00\",\"breadcrumb\":{\"@id\":\"https:\/\/kunmedierne.dk\/mors\/leder-af-opholdssted-vi-lukker-men-det-har-vi-selv-besluttet\/#breadcrumb\"},\"inLanguage\":\"da-DK\",\"potentialAction\":[{\"@type\":\"ReadAction\",\"target\":[\"https:\/\/kunmedierne.dk\/mors\/leder-af-opholdssted-vi-lukker-men-det-har-vi-selv-besluttet\/\"]}]},{\"@type\":\"ImageObject\",\"inLanguage\":\"da-DK\",\"@id\":\"https:\/\/kunmedierne.dk\/mors\/leder-af-opholdssted-vi-lukker-men-det-har-vi-selv-besluttet\/#primaryimage\",\"url\":\"https:\/\/kunmedierne.dk\/mors\/wp-content\/uploads\/2020\/05\/freds\u00f81.jpg\",\"contentUrl\":\"https:\/\/kunmedierne.dk\/mors\/wp-content\/uploads\/2020\/05\/freds\u00f81.jpg\",\"width\":770,\"height\":513,\"caption\":\"Opholdsstedet Freds\u00f8 lukker - if\u00f8lge stedet selv alene p\u00e5 grund af \u00f8konomien.\"},{\"@type\":\"BreadcrumbList\",\"@id\":\"https:\/\/kunmedierne.dk\/mors\/leder-af-opholdssted-vi-lukker-men-det-har-vi-selv-besluttet\/#breadcrumb\",\"itemListElement\":[{\"@type\":\"ListItem\",\"position\":1,\"name\":\"Hjem\",\"item\":\"https:\/\/kunmedierne.dk\/mors\/\"},{\"@type\":\"ListItem\",\"position\":2,\"name\":\"Leder af opholdssted: &#8211; Vi lukker, men det har vi selv besluttet\"}]},{\"@type\":\"WebSite\",\"@id\":\"https:\/\/kunmedierne.dk\/mors\/#website\",\"url\":\"https:\/\/kunmedierne.dk\/mors\/\",\"name\":\"Mors\",\"description\":\"et netmedie med journalistik om livet p\u00e5 Mors\",\"publisher\":{\"@id\":\"https:\/\/kunmedierne.dk\/mors\/#organization\"},\"potentialAction\":[{\"@type\":\"SearchAction\",\"target\":{\"@type\":\"EntryPoint\",\"urlTemplate\":\"https:\/\/kunmedierne.dk\/mors\/?s={search_term_string}\"},\"query-input\":{\"@type\":\"PropertyValueSpecification\",\"valueRequired\":true,\"valueName\":\"search_term_string\"}}],\"inLanguage\":\"da-DK\"},{\"@type\":\"Organization\",\"@id\":\"https:\/\/kunmedierne.dk\/mors\/#organization\",\"name\":\"Mors\",\"url\":\"https:\/\/kunmedierne.dk\/mors\/\",\"logo\":{\"@type\":\"ImageObject\",\"inLanguage\":\"da-DK\",\"@id\":\"https:\/\/kunmedierne.dk\/mors\/#\/schema\/logo\/image\/\",\"url\":\"https:\/\/kunmedierne.dk\/mors\/wp-content\/uploads\/2024\/08\/kunmors-logo.svg\",\"contentUrl\":\"https:\/\/kunmedierne.dk\/mors\/wp-content\/uploads\/2024\/08\/kunmors-logo.svg\",\"caption\":\"Mors\"},\"image\":{\"@id\":\"https:\/\/kunmedierne.dk\/mors\/#\/schema\/logo\/image\/\"}},{\"@type\":\"Person\",\"@id\":\"https:\/\/kunmedierne.dk\/mors\/#\/schema\/person\/5fe23251bf1d0abbcdc6f7896579d548\",\"name\":\"David H\u00f8jmark\",\"image\":{\"@type\":\"ImageObject\",\"inLanguage\":\"da-DK\",\"@id\":\"https:\/\/kunmedierne.dk\/mors\/#\/schema\/person\/image\/\",\"url\":\"https:\/\/secure.gravatar.com\/avatar\/4315d6fb9ef244d729989f5f90268eb08d5bf8a3d84402f595fa194bb35784fd?s=96&d=mm&r=g\",\"contentUrl\":\"https:\/\/secure.gravatar.com\/avatar\/4315d6fb9ef244d729989f5f90268eb08d5bf8a3d84402f595fa194bb35784fd?s=96&d=mm&r=g\",\"caption\":\"David H\u00f8jmark\"},\"sameAs\":[\"https:\/\/www.kunmedierne.dk\"],\"url\":\"https:\/\/kunmedierne.dk\/mors\/author\/david\/\"}]}<\/script>\n<!-- \/ Yoast SEO plugin. -->","yoast_head_json":{"title":"Leder af opholdssted: - Vi lukker, men det har vi selv besluttet - Mors","robots":{"index":"index","follow":"follow","max-snippet":"max-snippet:-1","max-image-preview":"max-image-preview:large","max-video-preview":"max-video-preview:-1"},"canonical":"https:\/\/kunmedierne.dk\/mors\/leder-af-opholdssted-vi-lukker-men-det-har-vi-selv-besluttet\/","og_locale":"da_DK","og_type":"article","og_title":"Leder af opholdssted: - Vi lukker, men det har vi selv besluttet - Mors","og_description":"FREDS\u00d8: Socialtilsyn Nord tager fejl punkt for punkt i deres kritik af Opholdsstedet Freds\u00f8. Men det spiller heller ikke nogen rolle for stedets fremtid, for den blev afgjort af opholdsstedet selv flere uger f\u00f8r tilsynets p\u00e5bud om lukning. S\u00e5dan lyder det fra Anders Andreasen, forstander p\u00e5 Opholdsstedet Freds\u00f8, der som n\u00e6vnt i artiklen her, er [&hellip;]","og_url":"https:\/\/kunmedierne.dk\/mors\/leder-af-opholdssted-vi-lukker-men-det-har-vi-selv-besluttet\/","og_site_name":"Mors","article_published_time":"2020-05-17T21:20:00+00:00","article_modified_time":"2024-08-12T12:06:06+00:00","og_image":[{"width":770,"height":513,"url":"https:\/\/kunmedierne.dk\/mors\/wp-content\/uploads\/2020\/05\/freds\u00f81.jpg","type":"image\/jpeg"}],"author":"David H\u00f8jmark","twitter_card":"summary_large_image","twitter_misc":{"Skrevet af":"David H\u00f8jmark","Estimeret l\u00e6setid":"6 minutter"},"schema":{"@context":"https:\/\/schema.org","@graph":[{"@type":"Article","@id":"https:\/\/kunmedierne.dk\/mors\/leder-af-opholdssted-vi-lukker-men-det-har-vi-selv-besluttet\/#article","isPartOf":{"@id":"https:\/\/kunmedierne.dk\/mors\/leder-af-opholdssted-vi-lukker-men-det-har-vi-selv-besluttet\/"},"author":{"name":"David H\u00f8jmark","@id":"https:\/\/kunmedierne.dk\/mors\/#\/schema\/person\/5fe23251bf1d0abbcdc6f7896579d548"},"headline":"Leder af opholdssted: &#8211; Vi lukker, men det har vi selv besluttet","datePublished":"2020-05-17T21:20:00+00:00","dateModified":"2024-08-12T12:06:06+00:00","mainEntityOfPage":{"@id":"https:\/\/kunmedierne.dk\/mors\/leder-af-opholdssted-vi-lukker-men-det-har-vi-selv-besluttet\/"},"wordCount":1223,"commentCount":0,"publisher":{"@id":"https:\/\/kunmedierne.dk\/mors\/#organization"},"image":{"@id":"https:\/\/kunmedierne.dk\/mors\/leder-af-opholdssted-vi-lukker-men-det-har-vi-selv-besluttet\/#primaryimage"},"thumbnailUrl":"https:\/\/kunmedierne.dk\/mors\/wp-content\/uploads\/2020\/05\/freds\u00f81.jpg","articleSection":["Lokalt"],"inLanguage":"da-DK","potentialAction":[{"@type":"CommentAction","name":"Comment","target":["https:\/\/kunmedierne.dk\/mors\/leder-af-opholdssted-vi-lukker-men-det-har-vi-selv-besluttet\/#respond"]}]},{"@type":"WebPage","@id":"https:\/\/kunmedierne.dk\/mors\/leder-af-opholdssted-vi-lukker-men-det-har-vi-selv-besluttet\/","url":"https:\/\/kunmedierne.dk\/mors\/leder-af-opholdssted-vi-lukker-men-det-har-vi-selv-besluttet\/","name":"Leder af opholdssted: - Vi lukker, men det har vi selv besluttet - Mors","isPartOf":{"@id":"https:\/\/kunmedierne.dk\/mors\/#website"},"primaryImageOfPage":{"@id":"https:\/\/kunmedierne.dk\/mors\/leder-af-opholdssted-vi-lukker-men-det-har-vi-selv-besluttet\/#primaryimage"},"image":{"@id":"https:\/\/kunmedierne.dk\/mors\/leder-af-opholdssted-vi-lukker-men-det-har-vi-selv-besluttet\/#primaryimage"},"thumbnailUrl":"https:\/\/kunmedierne.dk\/mors\/wp-content\/uploads\/2020\/05\/freds\u00f81.jpg","datePublished":"2020-05-17T21:20:00+00:00","dateModified":"2024-08-12T12:06:06+00:00","breadcrumb":{"@id":"https:\/\/kunmedierne.dk\/mors\/leder-af-opholdssted-vi-lukker-men-det-har-vi-selv-besluttet\/#breadcrumb"},"inLanguage":"da-DK","potentialAction":[{"@type":"ReadAction","target":["https:\/\/kunmedierne.dk\/mors\/leder-af-opholdssted-vi-lukker-men-det-har-vi-selv-besluttet\/"]}]},{"@type":"ImageObject","inLanguage":"da-DK","@id":"https:\/\/kunmedierne.dk\/mors\/leder-af-opholdssted-vi-lukker-men-det-har-vi-selv-besluttet\/#primaryimage","url":"https:\/\/kunmedierne.dk\/mors\/wp-content\/uploads\/2020\/05\/freds\u00f81.jpg","contentUrl":"https:\/\/kunmedierne.dk\/mors\/wp-content\/uploads\/2020\/05\/freds\u00f81.jpg","width":770,"height":513,"caption":"Opholdsstedet Freds\u00f8 lukker - if\u00f8lge stedet selv alene p\u00e5 grund af \u00f8konomien."},{"@type":"BreadcrumbList","@id":"https:\/\/kunmedierne.dk\/mors\/leder-af-opholdssted-vi-lukker-men-det-har-vi-selv-besluttet\/#breadcrumb","itemListElement":[{"@type":"ListItem","position":1,"name":"Hjem","item":"https:\/\/kunmedierne.dk\/mors\/"},{"@type":"ListItem","position":2,"name":"Leder af opholdssted: &#8211; Vi lukker, men det har vi selv besluttet"}]},{"@type":"WebSite","@id":"https:\/\/kunmedierne.dk\/mors\/#website","url":"https:\/\/kunmedierne.dk\/mors\/","name":"Mors","description":"et netmedie med journalistik om livet p\u00e5 Mors","publisher":{"@id":"https:\/\/kunmedierne.dk\/mors\/#organization"},"potentialAction":[{"@type":"SearchAction","target":{"@type":"EntryPoint","urlTemplate":"https:\/\/kunmedierne.dk\/mors\/?s={search_term_string}"},"query-input":{"@type":"PropertyValueSpecification","valueRequired":true,"valueName":"search_term_string"}}],"inLanguage":"da-DK"},{"@type":"Organization","@id":"https:\/\/kunmedierne.dk\/mors\/#organization","name":"Mors","url":"https:\/\/kunmedierne.dk\/mors\/","logo":{"@type":"ImageObject","inLanguage":"da-DK","@id":"https:\/\/kunmedierne.dk\/mors\/#\/schema\/logo\/image\/","url":"https:\/\/kunmedierne.dk\/mors\/wp-content\/uploads\/2024\/08\/kunmors-logo.svg","contentUrl":"https:\/\/kunmedierne.dk\/mors\/wp-content\/uploads\/2024\/08\/kunmors-logo.svg","caption":"Mors"},"image":{"@id":"https:\/\/kunmedierne.dk\/mors\/#\/schema\/logo\/image\/"}},{"@type":"Person","@id":"https:\/\/kunmedierne.dk\/mors\/#\/schema\/person\/5fe23251bf1d0abbcdc6f7896579d548","name":"David H\u00f8jmark","image":{"@type":"ImageObject","inLanguage":"da-DK","@id":"https:\/\/kunmedierne.dk\/mors\/#\/schema\/person\/image\/","url":"https:\/\/secure.gravatar.com\/avatar\/4315d6fb9ef244d729989f5f90268eb08d5bf8a3d84402f595fa194bb35784fd?s=96&d=mm&r=g","contentUrl":"https:\/\/secure.gravatar.com\/avatar\/4315d6fb9ef244d729989f5f90268eb08d5bf8a3d84402f595fa194bb35784fd?s=96&d=mm&r=g","caption":"David H\u00f8jmark"},"sameAs":["https:\/\/www.kunmedierne.dk"],"url":"https:\/\/kunmedierne.dk\/mors\/author\/david\/"}]}},"_links":{"self":[{"href":"https:\/\/kunmedierne.dk\/mors\/wp-json\/wp\/v2\/posts\/21963","targetHints":{"allow":["GET"]}}],"collection":[{"href":"https:\/\/kunmedierne.dk\/mors\/wp-json\/wp\/v2\/posts"}],"about":[{"href":"https:\/\/kunmedierne.dk\/mors\/wp-json\/wp\/v2\/types\/post"}],"author":[{"embeddable":true,"href":"https:\/\/kunmedierne.dk\/mors\/wp-json\/wp\/v2\/users\/8"}],"replies":[{"embeddable":true,"href":"https:\/\/kunmedierne.dk\/mors\/wp-json\/wp\/v2\/comments?post=21963"}],"version-history":[{"count":4,"href":"https:\/\/kunmedierne.dk\/mors\/wp-json\/wp\/v2\/posts\/21963\/revisions"}],"predecessor-version":[{"id":21969,"href":"https:\/\/kunmedierne.dk\/mors\/wp-json\/wp\/v2\/posts\/21963\/revisions\/21969"}],"wp:featuredmedia":[{"embeddable":true,"href":"https:\/\/kunmedierne.dk\/mors\/wp-json\/wp\/v2\/media\/21964"}],"wp:attachment":[{"href":"https:\/\/kunmedierne.dk\/mors\/wp-json\/wp\/v2\/media?parent=21963"}],"wp:term":[{"taxonomy":"category","embeddable":true,"href":"https:\/\/kunmedierne.dk\/mors\/wp-json\/wp\/v2\/categories?post=21963"},{"taxonomy":"post_tag","embeddable":true,"href":"https:\/\/kunmedierne.dk\/mors\/wp-json\/wp\/v2\/tags?post=21963"}],"curies":[{"name":"wp","href":"https:\/\/api.w.org\/{rel}","templated":true}]}}