{"id":21956,"date":"2020-05-17T21:29:56","date_gmt":"2020-05-17T19:29:56","guid":{"rendered":"https:\/\/kunmedierne.dk\/mors\/?p=21956"},"modified":"2024-08-12T14:06:06","modified_gmt":"2024-08-12T12:06:06","slug":"forpagter-ville-hjem-til-koebenhavn","status":"publish","type":"post","link":"https:\/\/kunmedierne.dk\/mors\/forpagter-ville-hjem-til-koebenhavn\/","title":{"rendered":"Forpagter ville hjem til K\u00f8benhavn"},"content":{"rendered":"<p><strong>HVIDBJERG<\/strong>: Det blev en kort forn\u00f8jelse p\u00e5 Mors for k\u00f8benhavneren i cafeteriet i Sydvestmors Kultur- og Fritidscenter.<\/p>\n<p>Martin <span style=\"display: inline !important; float: none; background-color: #ffffff; color: #444444; font-family: 'Open Sans',Arial,Helvetica,sans-serif; font-size: 16px; font-style: normal; font-variant: normal; font-weight: normal; letter-spacing: normal; line-height: 26px; orphans: 2; text-align: left; text-decoration: none; text-indent: 0px; text-transform: none; visibility: visible; -webkit-text-stroke-width: 0px; white-space: normal; word-spacing: 0px;\">Almdal-Bj\u00f8rnestad, der i <a href=\"https:\/\/kunmedierne.dk\/mors\/koebenhavner-vil-goere-morsingboerne-sundere\/\" target=\"_blank\" rel=\"noopener noreferrer\">begyndelsen af \u00e5ret<\/a> og kort efter sin tiltr\u00e6delse som bestyrer ellers meldte sig tilfreds med begyndelsen p\u00e5 opholdet langt hjemmefra, er tilbage til hovedstaden.<\/span><\/p>\n<p>&#8220;B\u00e5de Martin og hans kone fik job i K\u00f8benhavn og valgte derfor at flytte hjem igen,&#8221; siger Rasmus Christensen, centerleder i Sydvestmors Kultur- og Fritidscenter.<\/p>\n<p>Han oplyser, at SKF har valgt ikke at s\u00f8ge en ny forpagter, men stedet selv tage sig af driften af cafeteriet.<\/p>\n<p>&#8220;Vi har ansat tre nye, som skal st\u00e5 for skolemad og reng\u00f8ring. Og s\u00e5 skal jeg blandt andet ogs\u00e5 til at st\u00e5 for indk\u00f8b og selvf\u00f8lgelig det ekstra personale,&#8221; siger han og tilf\u00f8jer, at der ogs\u00e5 skal ans\u00e6ttes nogle ungarbejdere til aften og weekend.<\/p>\n<p>&#8220;Vi h\u00e5ber, at nogle at dem, Martin havde ansat, vil forts\u00e6tte, og s\u00e5 skal vi finde et par stykker mere,&#8221; siger han.<\/p>\n<p>&#8220;Vi ser meget frem til udfordringen og gl\u00e6der os til at starte stille op med skolemaden i denne uge, og s\u00e5 \u00e5bner vi op i weekender og nogle aftener efter sommerferien,&#8221; siger Rasmus Christensen.<\/p>\n","protected":false},"excerpt":{"rendered":"<p>HVIDBJERG: Det blev en kort forn\u00f8jelse p\u00e5 Mors for k\u00f8benhavneren i cafeteriet i Sydvestmors Kultur- og Fritidscenter. Martin Almdal-Bj\u00f8rnestad, der i begyndelsen af \u00e5ret og kort efter sin tiltr\u00e6delse som bestyrer ellers meldte sig tilfreds med begyndelsen p\u00e5 opholdet langt hjemmefra, er tilbage til hovedstaden. &#8220;B\u00e5de Martin og hans kone fik job i K\u00f8benhavn og [&hellip;]<\/p>\n","protected":false},"author":8,"featured_media":3081,"comment_status":"open","ping_status":"open","sticky":false,"template":"","format":"standard","meta":{"_acf_changed":false,"footnotes":""},"categories":[51],"tags":[],"class_list":["post-21956","post","type-post","status-publish","format-standard","has-post-thumbnail","hentry","category-lokalt"],"acf":[],"yoast_head":"<!-- This site is optimized with the Yoast SEO plugin v26.8 - https:\/\/yoast.com\/product\/yoast-seo-wordpress\/ -->\n<title>Forpagter ville hjem til K\u00f8benhavn - Mors<\/title>\n<meta name=\"robots\" content=\"index, follow, max-snippet:-1, max-image-preview:large, max-video-preview:-1\" \/>\n<link rel=\"canonical\" href=\"https:\/\/kunmedierne.dk\/mors\/forpagter-ville-hjem-til-koebenhavn\/\" \/>\n<meta property=\"og:locale\" content=\"da_DK\" \/>\n<meta property=\"og:type\" content=\"article\" \/>\n<meta property=\"og:title\" content=\"Forpagter ville hjem til K\u00f8benhavn - Mors\" \/>\n<meta property=\"og:description\" content=\"HVIDBJERG: Det blev en kort forn\u00f8jelse p\u00e5 Mors for k\u00f8benhavneren i cafeteriet i Sydvestmors Kultur- og Fritidscenter. Martin Almdal-Bj\u00f8rnestad, der i begyndelsen af \u00e5ret og kort efter sin tiltr\u00e6delse som bestyrer ellers meldte sig tilfreds med begyndelsen p\u00e5 opholdet langt hjemmefra, er tilbage til hovedstaden. &#8220;B\u00e5de Martin og hans kone fik job i K\u00f8benhavn og [&hellip;]\" \/>\n<meta property=\"og:url\" content=\"https:\/\/kunmedierne.dk\/mors\/forpagter-ville-hjem-til-koebenhavn\/\" \/>\n<meta property=\"og:site_name\" content=\"Mors\" \/>\n<meta property=\"article:published_time\" content=\"2020-05-17T19:29:56+00:00\" \/>\n<meta property=\"article:modified_time\" content=\"2024-08-12T12:06:06+00:00\" \/>\n<meta property=\"og:image\" content=\"https:\/\/kunmedierne.dk\/mors\/wp-content\/uploads\/2020\/01\/200121-almestad2.jpg\" \/>\n\t<meta property=\"og:image:width\" content=\"770\" \/>\n\t<meta property=\"og:image:height\" content=\"513\" \/>\n\t<meta property=\"og:image:type\" content=\"image\/jpeg\" \/>\n<meta name=\"author\" content=\"David H\u00f8jmark\" \/>\n<meta name=\"twitter:card\" content=\"summary_large_image\" \/>\n<meta name=\"twitter:label1\" content=\"Skrevet af\" \/>\n\t<meta name=\"twitter:data1\" content=\"David H\u00f8jmark\" \/>\n\t<meta name=\"twitter:label2\" content=\"Estimeret l\u00e6setid\" \/>\n\t<meta name=\"twitter:data2\" content=\"1 minut\" \/>\n<script type=\"application\/ld+json\" class=\"yoast-schema-graph\">{\"@context\":\"https:\/\/schema.org\",\"@graph\":[{\"@type\":\"Article\",\"@id\":\"https:\/\/kunmedierne.dk\/mors\/forpagter-ville-hjem-til-koebenhavn\/#article\",\"isPartOf\":{\"@id\":\"https:\/\/kunmedierne.dk\/mors\/forpagter-ville-hjem-til-koebenhavn\/\"},\"author\":{\"name\":\"David H\u00f8jmark\",\"@id\":\"https:\/\/kunmedierne.dk\/mors\/#\/schema\/person\/5fe23251bf1d0abbcdc6f7896579d548\"},\"headline\":\"Forpagter ville hjem til K\u00f8benhavn\",\"datePublished\":\"2020-05-17T19:29:56+00:00\",\"dateModified\":\"2024-08-12T12:06:06+00:00\",\"mainEntityOfPage\":{\"@id\":\"https:\/\/kunmedierne.dk\/mors\/forpagter-ville-hjem-til-koebenhavn\/\"},\"wordCount\":212,\"commentCount\":0,\"publisher\":{\"@id\":\"https:\/\/kunmedierne.dk\/mors\/#organization\"},\"image\":{\"@id\":\"https:\/\/kunmedierne.dk\/mors\/forpagter-ville-hjem-til-koebenhavn\/#primaryimage\"},\"thumbnailUrl\":\"https:\/\/kunmedierne.dk\/mors\/wp-content\/uploads\/2020\/01\/200121-almestad2.jpg\",\"articleSection\":[\"Lokalt\"],\"inLanguage\":\"da-DK\",\"potentialAction\":[{\"@type\":\"CommentAction\",\"name\":\"Comment\",\"target\":[\"https:\/\/kunmedierne.dk\/mors\/forpagter-ville-hjem-til-koebenhavn\/#respond\"]}]},{\"@type\":\"WebPage\",\"@id\":\"https:\/\/kunmedierne.dk\/mors\/forpagter-ville-hjem-til-koebenhavn\/\",\"url\":\"https:\/\/kunmedierne.dk\/mors\/forpagter-ville-hjem-til-koebenhavn\/\",\"name\":\"Forpagter ville hjem til K\u00f8benhavn - Mors\",\"isPartOf\":{\"@id\":\"https:\/\/kunmedierne.dk\/mors\/#website\"},\"primaryImageOfPage\":{\"@id\":\"https:\/\/kunmedierne.dk\/mors\/forpagter-ville-hjem-til-koebenhavn\/#primaryimage\"},\"image\":{\"@id\":\"https:\/\/kunmedierne.dk\/mors\/forpagter-ville-hjem-til-koebenhavn\/#primaryimage\"},\"thumbnailUrl\":\"https:\/\/kunmedierne.dk\/mors\/wp-content\/uploads\/2020\/01\/200121-almestad2.jpg\",\"datePublished\":\"2020-05-17T19:29:56+00:00\",\"dateModified\":\"2024-08-12T12:06:06+00:00\",\"breadcrumb\":{\"@id\":\"https:\/\/kunmedierne.dk\/mors\/forpagter-ville-hjem-til-koebenhavn\/#breadcrumb\"},\"inLanguage\":\"da-DK\",\"potentialAction\":[{\"@type\":\"ReadAction\",\"target\":[\"https:\/\/kunmedierne.dk\/mors\/forpagter-ville-hjem-til-koebenhavn\/\"]}]},{\"@type\":\"ImageObject\",\"inLanguage\":\"da-DK\",\"@id\":\"https:\/\/kunmedierne.dk\/mors\/forpagter-ville-hjem-til-koebenhavn\/#primaryimage\",\"url\":\"https:\/\/kunmedierne.dk\/mors\/wp-content\/uploads\/2020\/01\/200121-almestad2.jpg\",\"contentUrl\":\"https:\/\/kunmedierne.dk\/mors\/wp-content\/uploads\/2020\/01\/200121-almestad2.jpg\",\"width\":770,\"height\":513,\"caption\":\"Martin Almdal-Bj\u00f8rnestad. Foto: David H\u00f8jmark\"},{\"@type\":\"BreadcrumbList\",\"@id\":\"https:\/\/kunmedierne.dk\/mors\/forpagter-ville-hjem-til-koebenhavn\/#breadcrumb\",\"itemListElement\":[{\"@type\":\"ListItem\",\"position\":1,\"name\":\"Hjem\",\"item\":\"https:\/\/kunmedierne.dk\/mors\/\"},{\"@type\":\"ListItem\",\"position\":2,\"name\":\"Forpagter ville hjem til K\u00f8benhavn\"}]},{\"@type\":\"WebSite\",\"@id\":\"https:\/\/kunmedierne.dk\/mors\/#website\",\"url\":\"https:\/\/kunmedierne.dk\/mors\/\",\"name\":\"Mors\",\"description\":\"et netmedie med journalistik om livet p\u00e5 Mors\",\"publisher\":{\"@id\":\"https:\/\/kunmedierne.dk\/mors\/#organization\"},\"potentialAction\":[{\"@type\":\"SearchAction\",\"target\":{\"@type\":\"EntryPoint\",\"urlTemplate\":\"https:\/\/kunmedierne.dk\/mors\/?s={search_term_string}\"},\"query-input\":{\"@type\":\"PropertyValueSpecification\",\"valueRequired\":true,\"valueName\":\"search_term_string\"}}],\"inLanguage\":\"da-DK\"},{\"@type\":\"Organization\",\"@id\":\"https:\/\/kunmedierne.dk\/mors\/#organization\",\"name\":\"Mors\",\"url\":\"https:\/\/kunmedierne.dk\/mors\/\",\"logo\":{\"@type\":\"ImageObject\",\"inLanguage\":\"da-DK\",\"@id\":\"https:\/\/kunmedierne.dk\/mors\/#\/schema\/logo\/image\/\",\"url\":\"https:\/\/kunmedierne.dk\/mors\/wp-content\/uploads\/2024\/08\/kunmors-logo.svg\",\"contentUrl\":\"https:\/\/kunmedierne.dk\/mors\/wp-content\/uploads\/2024\/08\/kunmors-logo.svg\",\"caption\":\"Mors\"},\"image\":{\"@id\":\"https:\/\/kunmedierne.dk\/mors\/#\/schema\/logo\/image\/\"}},{\"@type\":\"Person\",\"@id\":\"https:\/\/kunmedierne.dk\/mors\/#\/schema\/person\/5fe23251bf1d0abbcdc6f7896579d548\",\"name\":\"David H\u00f8jmark\",\"image\":{\"@type\":\"ImageObject\",\"inLanguage\":\"da-DK\",\"@id\":\"https:\/\/kunmedierne.dk\/mors\/#\/schema\/person\/image\/\",\"url\":\"https:\/\/secure.gravatar.com\/avatar\/4315d6fb9ef244d729989f5f90268eb08d5bf8a3d84402f595fa194bb35784fd?s=96&d=mm&r=g\",\"contentUrl\":\"https:\/\/secure.gravatar.com\/avatar\/4315d6fb9ef244d729989f5f90268eb08d5bf8a3d84402f595fa194bb35784fd?s=96&d=mm&r=g\",\"caption\":\"David H\u00f8jmark\"},\"sameAs\":[\"https:\/\/www.kunmedierne.dk\"],\"url\":\"https:\/\/kunmedierne.dk\/mors\/author\/david\/\"}]}<\/script>\n<!-- \/ Yoast SEO plugin. -->","yoast_head_json":{"title":"Forpagter ville hjem til K\u00f8benhavn - Mors","robots":{"index":"index","follow":"follow","max-snippet":"max-snippet:-1","max-image-preview":"max-image-preview:large","max-video-preview":"max-video-preview:-1"},"canonical":"https:\/\/kunmedierne.dk\/mors\/forpagter-ville-hjem-til-koebenhavn\/","og_locale":"da_DK","og_type":"article","og_title":"Forpagter ville hjem til K\u00f8benhavn - Mors","og_description":"HVIDBJERG: Det blev en kort forn\u00f8jelse p\u00e5 Mors for k\u00f8benhavneren i cafeteriet i Sydvestmors Kultur- og Fritidscenter. Martin Almdal-Bj\u00f8rnestad, der i begyndelsen af \u00e5ret og kort efter sin tiltr\u00e6delse som bestyrer ellers meldte sig tilfreds med begyndelsen p\u00e5 opholdet langt hjemmefra, er tilbage til hovedstaden. &#8220;B\u00e5de Martin og hans kone fik job i K\u00f8benhavn og [&hellip;]","og_url":"https:\/\/kunmedierne.dk\/mors\/forpagter-ville-hjem-til-koebenhavn\/","og_site_name":"Mors","article_published_time":"2020-05-17T19:29:56+00:00","article_modified_time":"2024-08-12T12:06:06+00:00","og_image":[{"width":770,"height":513,"url":"https:\/\/kunmedierne.dk\/mors\/wp-content\/uploads\/2020\/01\/200121-almestad2.jpg","type":"image\/jpeg"}],"author":"David H\u00f8jmark","twitter_card":"summary_large_image","twitter_misc":{"Skrevet af":"David H\u00f8jmark","Estimeret l\u00e6setid":"1 minut"},"schema":{"@context":"https:\/\/schema.org","@graph":[{"@type":"Article","@id":"https:\/\/kunmedierne.dk\/mors\/forpagter-ville-hjem-til-koebenhavn\/#article","isPartOf":{"@id":"https:\/\/kunmedierne.dk\/mors\/forpagter-ville-hjem-til-koebenhavn\/"},"author":{"name":"David H\u00f8jmark","@id":"https:\/\/kunmedierne.dk\/mors\/#\/schema\/person\/5fe23251bf1d0abbcdc6f7896579d548"},"headline":"Forpagter ville hjem til K\u00f8benhavn","datePublished":"2020-05-17T19:29:56+00:00","dateModified":"2024-08-12T12:06:06+00:00","mainEntityOfPage":{"@id":"https:\/\/kunmedierne.dk\/mors\/forpagter-ville-hjem-til-koebenhavn\/"},"wordCount":212,"commentCount":0,"publisher":{"@id":"https:\/\/kunmedierne.dk\/mors\/#organization"},"image":{"@id":"https:\/\/kunmedierne.dk\/mors\/forpagter-ville-hjem-til-koebenhavn\/#primaryimage"},"thumbnailUrl":"https:\/\/kunmedierne.dk\/mors\/wp-content\/uploads\/2020\/01\/200121-almestad2.jpg","articleSection":["Lokalt"],"inLanguage":"da-DK","potentialAction":[{"@type":"CommentAction","name":"Comment","target":["https:\/\/kunmedierne.dk\/mors\/forpagter-ville-hjem-til-koebenhavn\/#respond"]}]},{"@type":"WebPage","@id":"https:\/\/kunmedierne.dk\/mors\/forpagter-ville-hjem-til-koebenhavn\/","url":"https:\/\/kunmedierne.dk\/mors\/forpagter-ville-hjem-til-koebenhavn\/","name":"Forpagter ville hjem til K\u00f8benhavn - Mors","isPartOf":{"@id":"https:\/\/kunmedierne.dk\/mors\/#website"},"primaryImageOfPage":{"@id":"https:\/\/kunmedierne.dk\/mors\/forpagter-ville-hjem-til-koebenhavn\/#primaryimage"},"image":{"@id":"https:\/\/kunmedierne.dk\/mors\/forpagter-ville-hjem-til-koebenhavn\/#primaryimage"},"thumbnailUrl":"https:\/\/kunmedierne.dk\/mors\/wp-content\/uploads\/2020\/01\/200121-almestad2.jpg","datePublished":"2020-05-17T19:29:56+00:00","dateModified":"2024-08-12T12:06:06+00:00","breadcrumb":{"@id":"https:\/\/kunmedierne.dk\/mors\/forpagter-ville-hjem-til-koebenhavn\/#breadcrumb"},"inLanguage":"da-DK","potentialAction":[{"@type":"ReadAction","target":["https:\/\/kunmedierne.dk\/mors\/forpagter-ville-hjem-til-koebenhavn\/"]}]},{"@type":"ImageObject","inLanguage":"da-DK","@id":"https:\/\/kunmedierne.dk\/mors\/forpagter-ville-hjem-til-koebenhavn\/#primaryimage","url":"https:\/\/kunmedierne.dk\/mors\/wp-content\/uploads\/2020\/01\/200121-almestad2.jpg","contentUrl":"https:\/\/kunmedierne.dk\/mors\/wp-content\/uploads\/2020\/01\/200121-almestad2.jpg","width":770,"height":513,"caption":"Martin Almdal-Bj\u00f8rnestad. Foto: David H\u00f8jmark"},{"@type":"BreadcrumbList","@id":"https:\/\/kunmedierne.dk\/mors\/forpagter-ville-hjem-til-koebenhavn\/#breadcrumb","itemListElement":[{"@type":"ListItem","position":1,"name":"Hjem","item":"https:\/\/kunmedierne.dk\/mors\/"},{"@type":"ListItem","position":2,"name":"Forpagter ville hjem til K\u00f8benhavn"}]},{"@type":"WebSite","@id":"https:\/\/kunmedierne.dk\/mors\/#website","url":"https:\/\/kunmedierne.dk\/mors\/","name":"Mors","description":"et netmedie med journalistik om livet p\u00e5 Mors","publisher":{"@id":"https:\/\/kunmedierne.dk\/mors\/#organization"},"potentialAction":[{"@type":"SearchAction","target":{"@type":"EntryPoint","urlTemplate":"https:\/\/kunmedierne.dk\/mors\/?s={search_term_string}"},"query-input":{"@type":"PropertyValueSpecification","valueRequired":true,"valueName":"search_term_string"}}],"inLanguage":"da-DK"},{"@type":"Organization","@id":"https:\/\/kunmedierne.dk\/mors\/#organization","name":"Mors","url":"https:\/\/kunmedierne.dk\/mors\/","logo":{"@type":"ImageObject","inLanguage":"da-DK","@id":"https:\/\/kunmedierne.dk\/mors\/#\/schema\/logo\/image\/","url":"https:\/\/kunmedierne.dk\/mors\/wp-content\/uploads\/2024\/08\/kunmors-logo.svg","contentUrl":"https:\/\/kunmedierne.dk\/mors\/wp-content\/uploads\/2024\/08\/kunmors-logo.svg","caption":"Mors"},"image":{"@id":"https:\/\/kunmedierne.dk\/mors\/#\/schema\/logo\/image\/"}},{"@type":"Person","@id":"https:\/\/kunmedierne.dk\/mors\/#\/schema\/person\/5fe23251bf1d0abbcdc6f7896579d548","name":"David H\u00f8jmark","image":{"@type":"ImageObject","inLanguage":"da-DK","@id":"https:\/\/kunmedierne.dk\/mors\/#\/schema\/person\/image\/","url":"https:\/\/secure.gravatar.com\/avatar\/4315d6fb9ef244d729989f5f90268eb08d5bf8a3d84402f595fa194bb35784fd?s=96&d=mm&r=g","contentUrl":"https:\/\/secure.gravatar.com\/avatar\/4315d6fb9ef244d729989f5f90268eb08d5bf8a3d84402f595fa194bb35784fd?s=96&d=mm&r=g","caption":"David H\u00f8jmark"},"sameAs":["https:\/\/www.kunmedierne.dk"],"url":"https:\/\/kunmedierne.dk\/mors\/author\/david\/"}]}},"_links":{"self":[{"href":"https:\/\/kunmedierne.dk\/mors\/wp-json\/wp\/v2\/posts\/21956","targetHints":{"allow":["GET"]}}],"collection":[{"href":"https:\/\/kunmedierne.dk\/mors\/wp-json\/wp\/v2\/posts"}],"about":[{"href":"https:\/\/kunmedierne.dk\/mors\/wp-json\/wp\/v2\/types\/post"}],"author":[{"embeddable":true,"href":"https:\/\/kunmedierne.dk\/mors\/wp-json\/wp\/v2\/users\/8"}],"replies":[{"embeddable":true,"href":"https:\/\/kunmedierne.dk\/mors\/wp-json\/wp\/v2\/comments?post=21956"}],"version-history":[{"count":1,"href":"https:\/\/kunmedierne.dk\/mors\/wp-json\/wp\/v2\/posts\/21956\/revisions"}],"predecessor-version":[{"id":21957,"href":"https:\/\/kunmedierne.dk\/mors\/wp-json\/wp\/v2\/posts\/21956\/revisions\/21957"}],"wp:featuredmedia":[{"embeddable":true,"href":"https:\/\/kunmedierne.dk\/mors\/wp-json\/wp\/v2\/media\/3081"}],"wp:attachment":[{"href":"https:\/\/kunmedierne.dk\/mors\/wp-json\/wp\/v2\/media?parent=21956"}],"wp:term":[{"taxonomy":"category","embeddable":true,"href":"https:\/\/kunmedierne.dk\/mors\/wp-json\/wp\/v2\/categories?post=21956"},{"taxonomy":"post_tag","embeddable":true,"href":"https:\/\/kunmedierne.dk\/mors\/wp-json\/wp\/v2\/tags?post=21956"}],"curies":[{"name":"wp","href":"https:\/\/api.w.org\/{rel}","templated":true}]}}