{"id":21872,"date":"2020-05-17T12:47:14","date_gmt":"2020-05-17T10:47:14","guid":{"rendered":"https:\/\/kunmedierne.dk\/mors\/?p=21872"},"modified":"2024-08-12T14:06:06","modified_gmt":"2024-08-12T12:06:06","slug":"digitalt-borgermoede-om-dueholm","status":"publish","type":"post","link":"https:\/\/kunmedierne.dk\/mors\/digitalt-borgermoede-om-dueholm\/","title":{"rendered":"Digitalt borgerm\u00f8de om Dueholm"},"content":{"rendered":"<p><strong>NYK\u00d8BING<\/strong>: Den offentlige h\u00f8ring om Dueholmomr\u00e5det i Nyk\u00f8bing n\u00e6rmer sig sin afslutning, og den f\u00e5r et moderne og aldrig tidligere fors\u00f8gt forl\u00f8b med i sin slutfase.<\/p>\n<p>Efter vedtagelsen p\u00e5 kommunalbestyrelsens m\u00f8de i <a href=\"https:\/\/kunmedierne.dk\/mors\/henning-du-har-da-faaet-ny-skjorte-igen\/\" target=\"_blank\" rel=\"noopener noreferrer\">april<\/a> blev lokalplanen om Dueholmcentret sendt til otte ugers offentlig h\u00f8ring. Under normale omst\u00e6ndigheder ville der ogs\u00e5 v\u00e6re et borgerm\u00f8de, men p\u00e5 grund af coronakrisen har det ikke v\u00e6ret muligt.<\/p>\n<p>Derfor planl\u00e6gger Mors\u00f8 Kommune nu et digitalt borgerm\u00f8de, oplyser Meiner N\u00f8rgaard (DF), formand for udvalget for teknik og milj\u00f8.<\/p>\n<p>&#8220;Det er et fors\u00f8g, for det har vi aldrig pr\u00f8vet f\u00f8r. Men det er jo en meget stor plan, der h\u00e6nger sammen med en hel masse andre planer om Dueholmcentret,&#8221; siger han.<\/p>\n<p>Derfor skal borgerne h\u00f8res, hvilket de i princippet allerede er i gang med at blive, da alle frem til 1. juni kan komme med indvendinger til Mors\u00f8 Kommune.<\/p>\n<p>&#8220;Men vi har ogs\u00e5 lovet, at vi vil fors\u00f8ge at holde et borgerm\u00f8de, s\u00e5 vi kan oplyse, hvad de forskellige punkter indeb\u00e6rer. Alts\u00e5 vejf\u00f8ring, cykelsti, fortov, nye parkeringspladser og alle de ting. Og det vil vi s\u00e5 pr\u00f8ve at g\u00f8re digitalt,&#8221; siger Meiner N\u00f8rgaard.<\/p>\n<p>Han formoder, at det digitale borgerm\u00f8de kommer til at foreg\u00e5 s\u00e5dan, at borgerne kan logge p\u00e5 en bestemt web-adresse, hvor man s\u00e5 vil f\u00e5 en pr\u00e6sentation af selve planen og derefter have mulighed for at stille sp\u00f8rgsm\u00e5l online.<\/p>\n<p>En dato for h\u00f8ringen er dog ikke meldt ud endnu, men med 1. juni kun et par uger fremme skal det til at v\u00e6re snart.<\/p>\n<p>&#8220;Jeg vil tro, at det bliver meldt ud i starten af den kommende uge,&#8221; siger Meiner N\u00f8rgaard.<\/p>\n","protected":false},"excerpt":{"rendered":"<p>NYK\u00d8BING: Den offentlige h\u00f8ring om Dueholmomr\u00e5det i Nyk\u00f8bing n\u00e6rmer sig sin afslutning, og den f\u00e5r et moderne og aldrig tidligere fors\u00f8gt forl\u00f8b med i sin slutfase. Efter vedtagelsen p\u00e5 kommunalbestyrelsens m\u00f8de i april blev lokalplanen om Dueholmcentret sendt til otte ugers offentlig h\u00f8ring. Under normale omst\u00e6ndigheder ville der ogs\u00e5 v\u00e6re et borgerm\u00f8de, men p\u00e5 grund [&hellip;]<\/p>\n","protected":false},"author":8,"featured_media":13431,"comment_status":"open","ping_status":"open","sticky":false,"template":"","format":"standard","meta":{"_acf_changed":false,"footnotes":""},"categories":[51],"tags":[167],"class_list":["post-21872","post","type-post","status-publish","format-standard","has-post-thumbnail","hentry","category-lokalt","tag-politik"],"acf":[],"yoast_head":"<!-- This site is optimized with the Yoast SEO plugin v26.8 - https:\/\/yoast.com\/product\/yoast-seo-wordpress\/ -->\n<title>Digitalt borgerm\u00f8de om Dueholm - Mors<\/title>\n<meta name=\"robots\" content=\"index, follow, max-snippet:-1, max-image-preview:large, max-video-preview:-1\" \/>\n<link rel=\"canonical\" href=\"https:\/\/kunmedierne.dk\/mors\/digitalt-borgermoede-om-dueholm\/\" \/>\n<meta property=\"og:locale\" content=\"da_DK\" \/>\n<meta property=\"og:type\" content=\"article\" \/>\n<meta property=\"og:title\" content=\"Digitalt borgerm\u00f8de om Dueholm - Mors\" \/>\n<meta property=\"og:description\" content=\"NYK\u00d8BING: Den offentlige h\u00f8ring om Dueholmomr\u00e5det i Nyk\u00f8bing n\u00e6rmer sig sin afslutning, og den f\u00e5r et moderne og aldrig tidligere fors\u00f8gt forl\u00f8b med i sin slutfase. Efter vedtagelsen p\u00e5 kommunalbestyrelsens m\u00f8de i april blev lokalplanen om Dueholmcentret sendt til otte ugers offentlig h\u00f8ring. Under normale omst\u00e6ndigheder ville der ogs\u00e5 v\u00e6re et borgerm\u00f8de, men p\u00e5 grund [&hellip;]\" \/>\n<meta property=\"og:url\" content=\"https:\/\/kunmedierne.dk\/mors\/digitalt-borgermoede-om-dueholm\/\" \/>\n<meta property=\"og:site_name\" content=\"Mors\" \/>\n<meta property=\"article:published_time\" content=\"2020-05-17T10:47:14+00:00\" \/>\n<meta property=\"article:modified_time\" content=\"2024-08-12T12:06:06+00:00\" \/>\n<meta property=\"og:image\" content=\"https:\/\/kunmedierne.dk\/mors\/wp-content\/uploads\/2020\/03\/200311-mors\u00f8-kommune2.jpg\" \/>\n\t<meta property=\"og:image:width\" content=\"770\" \/>\n\t<meta property=\"og:image:height\" content=\"513\" \/>\n\t<meta property=\"og:image:type\" content=\"image\/jpeg\" \/>\n<meta name=\"author\" content=\"David H\u00f8jmark\" \/>\n<meta name=\"twitter:card\" content=\"summary_large_image\" \/>\n<meta name=\"twitter:label1\" content=\"Skrevet af\" \/>\n\t<meta name=\"twitter:data1\" content=\"David H\u00f8jmark\" \/>\n\t<meta name=\"twitter:label2\" content=\"Estimeret l\u00e6setid\" \/>\n\t<meta name=\"twitter:data2\" content=\"2 minutter\" \/>\n<script type=\"application\/ld+json\" class=\"yoast-schema-graph\">{\"@context\":\"https:\/\/schema.org\",\"@graph\":[{\"@type\":\"Article\",\"@id\":\"https:\/\/kunmedierne.dk\/mors\/digitalt-borgermoede-om-dueholm\/#article\",\"isPartOf\":{\"@id\":\"https:\/\/kunmedierne.dk\/mors\/digitalt-borgermoede-om-dueholm\/\"},\"author\":{\"name\":\"David H\u00f8jmark\",\"@id\":\"https:\/\/kunmedierne.dk\/mors\/#\/schema\/person\/5fe23251bf1d0abbcdc6f7896579d548\"},\"headline\":\"Digitalt borgerm\u00f8de om Dueholm\",\"datePublished\":\"2020-05-17T10:47:14+00:00\",\"dateModified\":\"2024-08-12T12:06:06+00:00\",\"mainEntityOfPage\":{\"@id\":\"https:\/\/kunmedierne.dk\/mors\/digitalt-borgermoede-om-dueholm\/\"},\"wordCount\":305,\"commentCount\":0,\"publisher\":{\"@id\":\"https:\/\/kunmedierne.dk\/mors\/#organization\"},\"image\":{\"@id\":\"https:\/\/kunmedierne.dk\/mors\/digitalt-borgermoede-om-dueholm\/#primaryimage\"},\"thumbnailUrl\":\"https:\/\/kunmedierne.dk\/mors\/wp-content\/uploads\/2020\/03\/200311-mors\u00f8-kommune2.jpg\",\"keywords\":[\"Politik\"],\"articleSection\":[\"Lokalt\"],\"inLanguage\":\"da-DK\",\"potentialAction\":[{\"@type\":\"CommentAction\",\"name\":\"Comment\",\"target\":[\"https:\/\/kunmedierne.dk\/mors\/digitalt-borgermoede-om-dueholm\/#respond\"]}]},{\"@type\":\"WebPage\",\"@id\":\"https:\/\/kunmedierne.dk\/mors\/digitalt-borgermoede-om-dueholm\/\",\"url\":\"https:\/\/kunmedierne.dk\/mors\/digitalt-borgermoede-om-dueholm\/\",\"name\":\"Digitalt borgerm\u00f8de om Dueholm - Mors\",\"isPartOf\":{\"@id\":\"https:\/\/kunmedierne.dk\/mors\/#website\"},\"primaryImageOfPage\":{\"@id\":\"https:\/\/kunmedierne.dk\/mors\/digitalt-borgermoede-om-dueholm\/#primaryimage\"},\"image\":{\"@id\":\"https:\/\/kunmedierne.dk\/mors\/digitalt-borgermoede-om-dueholm\/#primaryimage\"},\"thumbnailUrl\":\"https:\/\/kunmedierne.dk\/mors\/wp-content\/uploads\/2020\/03\/200311-mors\u00f8-kommune2.jpg\",\"datePublished\":\"2020-05-17T10:47:14+00:00\",\"dateModified\":\"2024-08-12T12:06:06+00:00\",\"breadcrumb\":{\"@id\":\"https:\/\/kunmedierne.dk\/mors\/digitalt-borgermoede-om-dueholm\/#breadcrumb\"},\"inLanguage\":\"da-DK\",\"potentialAction\":[{\"@type\":\"ReadAction\",\"target\":[\"https:\/\/kunmedierne.dk\/mors\/digitalt-borgermoede-om-dueholm\/\"]}]},{\"@type\":\"ImageObject\",\"inLanguage\":\"da-DK\",\"@id\":\"https:\/\/kunmedierne.dk\/mors\/digitalt-borgermoede-om-dueholm\/#primaryimage\",\"url\":\"https:\/\/kunmedierne.dk\/mors\/wp-content\/uploads\/2020\/03\/200311-mors\u00f8-kommune2.jpg\",\"contentUrl\":\"https:\/\/kunmedierne.dk\/mors\/wp-content\/uploads\/2020\/03\/200311-mors\u00f8-kommune2.jpg\",\"width\":770,\"height\":513,\"caption\":\"Logo: Mors\u00f8 Kommune\"},{\"@type\":\"BreadcrumbList\",\"@id\":\"https:\/\/kunmedierne.dk\/mors\/digitalt-borgermoede-om-dueholm\/#breadcrumb\",\"itemListElement\":[{\"@type\":\"ListItem\",\"position\":1,\"name\":\"Hjem\",\"item\":\"https:\/\/kunmedierne.dk\/mors\/\"},{\"@type\":\"ListItem\",\"position\":2,\"name\":\"Digitalt borgerm\u00f8de om Dueholm\"}]},{\"@type\":\"WebSite\",\"@id\":\"https:\/\/kunmedierne.dk\/mors\/#website\",\"url\":\"https:\/\/kunmedierne.dk\/mors\/\",\"name\":\"Mors\",\"description\":\"et netmedie med journalistik om livet p\u00e5 Mors\",\"publisher\":{\"@id\":\"https:\/\/kunmedierne.dk\/mors\/#organization\"},\"potentialAction\":[{\"@type\":\"SearchAction\",\"target\":{\"@type\":\"EntryPoint\",\"urlTemplate\":\"https:\/\/kunmedierne.dk\/mors\/?s={search_term_string}\"},\"query-input\":{\"@type\":\"PropertyValueSpecification\",\"valueRequired\":true,\"valueName\":\"search_term_string\"}}],\"inLanguage\":\"da-DK\"},{\"@type\":\"Organization\",\"@id\":\"https:\/\/kunmedierne.dk\/mors\/#organization\",\"name\":\"Mors\",\"url\":\"https:\/\/kunmedierne.dk\/mors\/\",\"logo\":{\"@type\":\"ImageObject\",\"inLanguage\":\"da-DK\",\"@id\":\"https:\/\/kunmedierne.dk\/mors\/#\/schema\/logo\/image\/\",\"url\":\"https:\/\/kunmedierne.dk\/mors\/wp-content\/uploads\/2024\/08\/kunmors-logo.svg\",\"contentUrl\":\"https:\/\/kunmedierne.dk\/mors\/wp-content\/uploads\/2024\/08\/kunmors-logo.svg\",\"caption\":\"Mors\"},\"image\":{\"@id\":\"https:\/\/kunmedierne.dk\/mors\/#\/schema\/logo\/image\/\"}},{\"@type\":\"Person\",\"@id\":\"https:\/\/kunmedierne.dk\/mors\/#\/schema\/person\/5fe23251bf1d0abbcdc6f7896579d548\",\"name\":\"David H\u00f8jmark\",\"image\":{\"@type\":\"ImageObject\",\"inLanguage\":\"da-DK\",\"@id\":\"https:\/\/kunmedierne.dk\/mors\/#\/schema\/person\/image\/\",\"url\":\"https:\/\/secure.gravatar.com\/avatar\/4315d6fb9ef244d729989f5f90268eb08d5bf8a3d84402f595fa194bb35784fd?s=96&d=mm&r=g\",\"contentUrl\":\"https:\/\/secure.gravatar.com\/avatar\/4315d6fb9ef244d729989f5f90268eb08d5bf8a3d84402f595fa194bb35784fd?s=96&d=mm&r=g\",\"caption\":\"David H\u00f8jmark\"},\"sameAs\":[\"https:\/\/www.kunmedierne.dk\"],\"url\":\"https:\/\/kunmedierne.dk\/mors\/author\/david\/\"}]}<\/script>\n<!-- \/ Yoast SEO plugin. -->","yoast_head_json":{"title":"Digitalt borgerm\u00f8de om Dueholm - Mors","robots":{"index":"index","follow":"follow","max-snippet":"max-snippet:-1","max-image-preview":"max-image-preview:large","max-video-preview":"max-video-preview:-1"},"canonical":"https:\/\/kunmedierne.dk\/mors\/digitalt-borgermoede-om-dueholm\/","og_locale":"da_DK","og_type":"article","og_title":"Digitalt borgerm\u00f8de om Dueholm - Mors","og_description":"NYK\u00d8BING: Den offentlige h\u00f8ring om Dueholmomr\u00e5det i Nyk\u00f8bing n\u00e6rmer sig sin afslutning, og den f\u00e5r et moderne og aldrig tidligere fors\u00f8gt forl\u00f8b med i sin slutfase. Efter vedtagelsen p\u00e5 kommunalbestyrelsens m\u00f8de i april blev lokalplanen om Dueholmcentret sendt til otte ugers offentlig h\u00f8ring. Under normale omst\u00e6ndigheder ville der ogs\u00e5 v\u00e6re et borgerm\u00f8de, men p\u00e5 grund [&hellip;]","og_url":"https:\/\/kunmedierne.dk\/mors\/digitalt-borgermoede-om-dueholm\/","og_site_name":"Mors","article_published_time":"2020-05-17T10:47:14+00:00","article_modified_time":"2024-08-12T12:06:06+00:00","og_image":[{"width":770,"height":513,"url":"https:\/\/kunmedierne.dk\/mors\/wp-content\/uploads\/2020\/03\/200311-mors\u00f8-kommune2.jpg","type":"image\/jpeg"}],"author":"David H\u00f8jmark","twitter_card":"summary_large_image","twitter_misc":{"Skrevet af":"David H\u00f8jmark","Estimeret l\u00e6setid":"2 minutter"},"schema":{"@context":"https:\/\/schema.org","@graph":[{"@type":"Article","@id":"https:\/\/kunmedierne.dk\/mors\/digitalt-borgermoede-om-dueholm\/#article","isPartOf":{"@id":"https:\/\/kunmedierne.dk\/mors\/digitalt-borgermoede-om-dueholm\/"},"author":{"name":"David H\u00f8jmark","@id":"https:\/\/kunmedierne.dk\/mors\/#\/schema\/person\/5fe23251bf1d0abbcdc6f7896579d548"},"headline":"Digitalt borgerm\u00f8de om Dueholm","datePublished":"2020-05-17T10:47:14+00:00","dateModified":"2024-08-12T12:06:06+00:00","mainEntityOfPage":{"@id":"https:\/\/kunmedierne.dk\/mors\/digitalt-borgermoede-om-dueholm\/"},"wordCount":305,"commentCount":0,"publisher":{"@id":"https:\/\/kunmedierne.dk\/mors\/#organization"},"image":{"@id":"https:\/\/kunmedierne.dk\/mors\/digitalt-borgermoede-om-dueholm\/#primaryimage"},"thumbnailUrl":"https:\/\/kunmedierne.dk\/mors\/wp-content\/uploads\/2020\/03\/200311-mors\u00f8-kommune2.jpg","keywords":["Politik"],"articleSection":["Lokalt"],"inLanguage":"da-DK","potentialAction":[{"@type":"CommentAction","name":"Comment","target":["https:\/\/kunmedierne.dk\/mors\/digitalt-borgermoede-om-dueholm\/#respond"]}]},{"@type":"WebPage","@id":"https:\/\/kunmedierne.dk\/mors\/digitalt-borgermoede-om-dueholm\/","url":"https:\/\/kunmedierne.dk\/mors\/digitalt-borgermoede-om-dueholm\/","name":"Digitalt borgerm\u00f8de om Dueholm - Mors","isPartOf":{"@id":"https:\/\/kunmedierne.dk\/mors\/#website"},"primaryImageOfPage":{"@id":"https:\/\/kunmedierne.dk\/mors\/digitalt-borgermoede-om-dueholm\/#primaryimage"},"image":{"@id":"https:\/\/kunmedierne.dk\/mors\/digitalt-borgermoede-om-dueholm\/#primaryimage"},"thumbnailUrl":"https:\/\/kunmedierne.dk\/mors\/wp-content\/uploads\/2020\/03\/200311-mors\u00f8-kommune2.jpg","datePublished":"2020-05-17T10:47:14+00:00","dateModified":"2024-08-12T12:06:06+00:00","breadcrumb":{"@id":"https:\/\/kunmedierne.dk\/mors\/digitalt-borgermoede-om-dueholm\/#breadcrumb"},"inLanguage":"da-DK","potentialAction":[{"@type":"ReadAction","target":["https:\/\/kunmedierne.dk\/mors\/digitalt-borgermoede-om-dueholm\/"]}]},{"@type":"ImageObject","inLanguage":"da-DK","@id":"https:\/\/kunmedierne.dk\/mors\/digitalt-borgermoede-om-dueholm\/#primaryimage","url":"https:\/\/kunmedierne.dk\/mors\/wp-content\/uploads\/2020\/03\/200311-mors\u00f8-kommune2.jpg","contentUrl":"https:\/\/kunmedierne.dk\/mors\/wp-content\/uploads\/2020\/03\/200311-mors\u00f8-kommune2.jpg","width":770,"height":513,"caption":"Logo: Mors\u00f8 Kommune"},{"@type":"BreadcrumbList","@id":"https:\/\/kunmedierne.dk\/mors\/digitalt-borgermoede-om-dueholm\/#breadcrumb","itemListElement":[{"@type":"ListItem","position":1,"name":"Hjem","item":"https:\/\/kunmedierne.dk\/mors\/"},{"@type":"ListItem","position":2,"name":"Digitalt borgerm\u00f8de om Dueholm"}]},{"@type":"WebSite","@id":"https:\/\/kunmedierne.dk\/mors\/#website","url":"https:\/\/kunmedierne.dk\/mors\/","name":"Mors","description":"et netmedie med journalistik om livet p\u00e5 Mors","publisher":{"@id":"https:\/\/kunmedierne.dk\/mors\/#organization"},"potentialAction":[{"@type":"SearchAction","target":{"@type":"EntryPoint","urlTemplate":"https:\/\/kunmedierne.dk\/mors\/?s={search_term_string}"},"query-input":{"@type":"PropertyValueSpecification","valueRequired":true,"valueName":"search_term_string"}}],"inLanguage":"da-DK"},{"@type":"Organization","@id":"https:\/\/kunmedierne.dk\/mors\/#organization","name":"Mors","url":"https:\/\/kunmedierne.dk\/mors\/","logo":{"@type":"ImageObject","inLanguage":"da-DK","@id":"https:\/\/kunmedierne.dk\/mors\/#\/schema\/logo\/image\/","url":"https:\/\/kunmedierne.dk\/mors\/wp-content\/uploads\/2024\/08\/kunmors-logo.svg","contentUrl":"https:\/\/kunmedierne.dk\/mors\/wp-content\/uploads\/2024\/08\/kunmors-logo.svg","caption":"Mors"},"image":{"@id":"https:\/\/kunmedierne.dk\/mors\/#\/schema\/logo\/image\/"}},{"@type":"Person","@id":"https:\/\/kunmedierne.dk\/mors\/#\/schema\/person\/5fe23251bf1d0abbcdc6f7896579d548","name":"David H\u00f8jmark","image":{"@type":"ImageObject","inLanguage":"da-DK","@id":"https:\/\/kunmedierne.dk\/mors\/#\/schema\/person\/image\/","url":"https:\/\/secure.gravatar.com\/avatar\/4315d6fb9ef244d729989f5f90268eb08d5bf8a3d84402f595fa194bb35784fd?s=96&d=mm&r=g","contentUrl":"https:\/\/secure.gravatar.com\/avatar\/4315d6fb9ef244d729989f5f90268eb08d5bf8a3d84402f595fa194bb35784fd?s=96&d=mm&r=g","caption":"David H\u00f8jmark"},"sameAs":["https:\/\/www.kunmedierne.dk"],"url":"https:\/\/kunmedierne.dk\/mors\/author\/david\/"}]}},"_links":{"self":[{"href":"https:\/\/kunmedierne.dk\/mors\/wp-json\/wp\/v2\/posts\/21872","targetHints":{"allow":["GET"]}}],"collection":[{"href":"https:\/\/kunmedierne.dk\/mors\/wp-json\/wp\/v2\/posts"}],"about":[{"href":"https:\/\/kunmedierne.dk\/mors\/wp-json\/wp\/v2\/types\/post"}],"author":[{"embeddable":true,"href":"https:\/\/kunmedierne.dk\/mors\/wp-json\/wp\/v2\/users\/8"}],"replies":[{"embeddable":true,"href":"https:\/\/kunmedierne.dk\/mors\/wp-json\/wp\/v2\/comments?post=21872"}],"version-history":[{"count":1,"href":"https:\/\/kunmedierne.dk\/mors\/wp-json\/wp\/v2\/posts\/21872\/revisions"}],"predecessor-version":[{"id":21887,"href":"https:\/\/kunmedierne.dk\/mors\/wp-json\/wp\/v2\/posts\/21872\/revisions\/21887"}],"wp:featuredmedia":[{"embeddable":true,"href":"https:\/\/kunmedierne.dk\/mors\/wp-json\/wp\/v2\/media\/13431"}],"wp:attachment":[{"href":"https:\/\/kunmedierne.dk\/mors\/wp-json\/wp\/v2\/media?parent=21872"}],"wp:term":[{"taxonomy":"category","embeddable":true,"href":"https:\/\/kunmedierne.dk\/mors\/wp-json\/wp\/v2\/categories?post=21872"},{"taxonomy":"post_tag","embeddable":true,"href":"https:\/\/kunmedierne.dk\/mors\/wp-json\/wp\/v2\/tags?post=21872"}],"curies":[{"name":"wp","href":"https:\/\/api.w.org\/{rel}","templated":true}]}}