{"id":21855,"date":"2020-05-16T17:31:33","date_gmt":"2020-05-16T15:31:33","guid":{"rendered":"https:\/\/kunmedierne.dk\/mors\/?p=21855"},"modified":"2024-08-12T14:06:06","modified_gmt":"2024-08-12T12:06:06","slug":"vi-skal-bevare-forbindelsen-til-thyboerne","status":"publish","type":"post","link":"https:\/\/kunmedierne.dk\/mors\/vi-skal-bevare-forbindelsen-til-thyboerne\/","title":{"rendered":"&#8211; Vi skal bevare forbindelsen til thyboerne"},"content":{"rendered":"<p><strong>MORS\/THY<\/strong>: &#8220;Det er vigtigt, at vi samarbejder. Det har vi k\u00e6mpet for i 20 \u00e5r.&#8221;<\/p>\n<p>Tove Thinggaard, bestyrelsesmedlem i foreningen Mad &amp; Kunst Thy-Mors, er om ikke klar til kamp, s\u00e5 i hvert fald parat til at forts\u00e6tte det arbejde, der handler om at binde tidligere rivaler sammen.<\/p>\n<p>For mange \u00e5r siden var det ut\u00e6nkeligt, at morsingboer og thyboer kunne k\u00e6mpe en f\u00e6lles kamp. Men den tidligere indehaver af Toves K\u00f8kken har selv v\u00e6ret med til nedbryde den indbyrdes rivalisering og skabt et samarbejde hen over Vilsundbroen. Det har blandt andet f\u00f8rt til foreningen Mad &amp; Kunst Thy-Mors, som hun selv er aktiv i, og som best\u00e5r af en r\u00e6kke sm\u00e5 tilbud til turister.<\/p>\n<p>Men nu er hun bet\u00e6nkelig over risikoen for, at de sm\u00e5 steder p\u00e5 Mors og i Thy bliver glemt i den store satsning med Destination Limfjorden &#8211; som turistm\u00e6ssigt tr\u00e6kker Mors l\u00e6ngere mod Salling end mod Thy.<\/p>\n<p>&#8220;Vi vil virkelig g\u00f8re meget for, at Mors og Thy finder mere og mere sammen. Det har taget mange \u00e5r at f\u00e5 det op at st\u00e5, og det er vigtigt, at vi holder ved, s\u00e5 vi ikke drukner i det andet,&#8221; siger Tove Thinggaard.<\/p>\n<p>&nbsp;<\/p>\n<p><strong>Forventer danske turister i \u00e5r<\/strong><\/p>\n<p>Hun var selv med til at starte foreningen op. Det var p\u00e5 bagkant af de s\u00e5kaldte Lokale Originaler, et EU-st\u00f8ttet projekt, der i sin tid skabte et netv\u00e6rk af f\u00f8devareproducenter fra Mors og Thy. Da det blev lukket ned, fortsatte indsatsen &#8211; blandt andet med en \u00e5rlig folder, der g\u00f8r opm\u00e6rksom p\u00e5 de lokale tilbud.<\/p>\n<div id=\"attachment_21856\" style=\"width: 234px\" class=\"wp-caption alignright\"><img loading=\"lazy\" decoding=\"async\" aria-describedby=\"caption-attachment-21856\" class=\"wp-image-21856 size-medium\" src=\"https:\/\/kunmedierne.dk\/mors\/wp-content\/uploads\/2020\/05\/mad-og-kunst-thy-mors-224x300.jpg\" alt=\"\" width=\"224\" height=\"300\" srcset=\"https:\/\/kunmedierne.dk\/mors\/wp-content\/uploads\/2020\/05\/mad-og-kunst-thy-mors-224x300.jpg 224w, https:\/\/kunmedierne.dk\/mors\/wp-content\/uploads\/2020\/05\/mad-og-kunst-thy-mors-768x1027.jpg 768w, https:\/\/kunmedierne.dk\/mors\/wp-content\/uploads\/2020\/05\/mad-og-kunst-thy-mors-766x1024.jpg 766w, https:\/\/kunmedierne.dk\/mors\/wp-content\/uploads\/2020\/05\/mad-og-kunst-thy-mors-600x803.jpg 600w, https:\/\/kunmedierne.dk\/mors\/wp-content\/uploads\/2020\/05\/mad-og-kunst-thy-mors.jpg 770w\" sizes=\"auto, (max-width: 224px) 100vw, 224px\" \/><p id=\"caption-attachment-21856\" class=\"wp-caption-text\">Folderen om de 31 lokale steder.<\/p><\/div>\n<p>2020-udgaven, der er trykt i cirka 3000 eksemplarer, er klar til udlevering nu. Den er lidt forsinket p\u00e5 grund af coronakrisen, men med en kort pr\u00e6sentation af i alt 31 lokale tilbud inden for mad og kunst &#8211; herimellem Jensens Genbrug i Dragstrup, hvor Tove Thinggaard selv deler ud af de sm\u00e5 tryksager.<\/p>\n<p>&#8220;Vi har alle sammen en dynge til at ligge, og n\u00e5r folk s\u00e5 kommer, giver vi dem en i h\u00e5nden &#8211; ogs\u00e5 selv om de ikke k\u00f8bet noget,&#8221; siger hun.<\/p>\n<p>Det g\u00f8r hun med en forventning om, at den kommende sommer p\u00e5 grund af coronakrisen byder p\u00e5 ekstraordin\u00e6rt mange danske turister, som meget gerne m\u00e5 f\u00e5 \u00f8je p\u00e5 de sm\u00e5 steder for mad og kunst i lokalomr\u00e5det.<\/p>\n<p>&#8220;Folk vil gerne ud og se noget i Danmark. K\u00f8benhavnerne finder ogs\u00e5 ud af, at man kan tage til Jylland. Men vi skal virkelig g\u00f8re opm\u00e6rksom p\u00e5 os selv, og det er det, vi fors\u00f8ger med det her,&#8221; siger hun.<\/p>\n<p>&nbsp;<\/p>\n<blockquote>\n<h3>FAKTA<\/h3>\n<p>Folderen &#8220;Mad &amp; Kunst Thy-Mors 2020&#8221; er et lille h\u00e6fte p\u00e5 en st\u00f8rrelse, s\u00e5 det kan v\u00e6re i en jakkelomme og tages med rundt i lokalomr\u00e5det for at se de sm\u00e5, lokale steder.<\/p>\n<p>&nbsp;<\/p>\n<p>Folderen bliver ikke hustandsomdelt eller lagt ud p\u00e5 internettet, men kan alene f\u00e5s ved at bes\u00f8ge et af de 31 steder.<\/p>\n<p>&nbsp;<\/p>\n<p>P\u00e5 Mors er det: <a href=\"https:\/\/www.facebook.com\/groups\/964851116922104\" target=\"_blank\" rel=\"noopener noreferrer\">N\u00e6ssundf\u00e6rgen<\/a>, <a href=\"https:\/\/www.facebook.com\/toveskoekken\" target=\"_blank\" rel=\"noopener noreferrer\">Jensens Genbrug<\/a>, <a href=\"https:\/\/event4u.dk\/shop\/frontpage.html\" target=\"_blank\" rel=\"noopener noreferrer\">Event4U<\/a>, <a href=\"https:\/\/www.facebook.com\/pages\/\u00d8st%20Vildsund%20Gl.%20F\u00e6rgekro\/173667972690792\/\" target=\"_blank\" rel=\"noopener noreferrer\">\u00d8st Vildsund F\u00e6rgekro<\/a>, <a href=\"https:\/\/www.facebook.com\/GaardBageriet\" target=\"_blank\" rel=\"noopener noreferrer\">Gaard Bageriet<\/a>, <a href=\"http:\/\/www.sindbjergvingaard.dk\/\" target=\"_blank\" rel=\"noopener noreferrer\">Sindbjerg Ving\u00e5rd<\/a>, <a href=\"http:\/\/www.annelis.dk\/\" target=\"_blank\" rel=\"noopener noreferrer\">Atelier Annelis<\/a>, <a href=\"https:\/\/www.facebook.com\/SmykBiks-CEPDesign-254260338114329\" target=\"_blank\" rel=\"noopener noreferrer\">Smyk-Biks<\/a>, <a href=\"https:\/\/www.facebook.com\/GraWoodDesign\" target=\"_blank\" rel=\"noopener noreferrer\">Grawood Design<\/a>, <a href=\"https:\/\/www.facebook.com\/Morsolie\" target=\"_blank\" rel=\"noopener noreferrer\">Mors\u00f8 Oliem\u00f8lle<\/a> og <a href=\"https:\/\/www.facebook.com\/kulturkobmanden\" target=\"_blank\" rel=\"noopener noreferrer\">Kulturk\u00f8bmanden<\/a>.<\/p><\/blockquote>\n","protected":false},"excerpt":{"rendered":"<p>MORS\/THY: &#8220;Det er vigtigt, at vi samarbejder. Det har vi k\u00e6mpet for i 20 \u00e5r.&#8221; Tove Thinggaard, bestyrelsesmedlem i foreningen Mad &amp; Kunst Thy-Mors, er om ikke klar til kamp, s\u00e5 i hvert fald parat til at forts\u00e6tte det arbejde, der handler om at binde tidligere rivaler sammen. For mange \u00e5r siden var det ut\u00e6nkeligt, [&hellip;]<\/p>\n","protected":false},"author":8,"featured_media":13955,"comment_status":"open","ping_status":"open","sticky":false,"template":"","format":"standard","meta":{"_acf_changed":false,"footnotes":""},"categories":[51],"tags":[171],"class_list":["post-21855","post","type-post","status-publish","format-standard","has-post-thumbnail","hentry","category-lokalt","tag-turisme"],"acf":[],"yoast_head":"<!-- This site is optimized with the Yoast SEO plugin v26.8 - https:\/\/yoast.com\/product\/yoast-seo-wordpress\/ -->\n<title>- Vi skal bevare forbindelsen til thyboerne - Mors<\/title>\n<meta name=\"robots\" content=\"index, follow, max-snippet:-1, max-image-preview:large, max-video-preview:-1\" \/>\n<link rel=\"canonical\" href=\"https:\/\/kunmedierne.dk\/mors\/vi-skal-bevare-forbindelsen-til-thyboerne\/\" \/>\n<meta property=\"og:locale\" content=\"da_DK\" \/>\n<meta property=\"og:type\" content=\"article\" \/>\n<meta property=\"og:title\" content=\"- Vi skal bevare forbindelsen til thyboerne - Mors\" \/>\n<meta property=\"og:description\" content=\"MORS\/THY: &#8220;Det er vigtigt, at vi samarbejder. Det har vi k\u00e6mpet for i 20 \u00e5r.&#8221; Tove Thinggaard, bestyrelsesmedlem i foreningen Mad &amp; Kunst Thy-Mors, er om ikke klar til kamp, s\u00e5 i hvert fald parat til at forts\u00e6tte det arbejde, der handler om at binde tidligere rivaler sammen. For mange \u00e5r siden var det ut\u00e6nkeligt, [&hellip;]\" \/>\n<meta property=\"og:url\" content=\"https:\/\/kunmedierne.dk\/mors\/vi-skal-bevare-forbindelsen-til-thyboerne\/\" \/>\n<meta property=\"og:site_name\" content=\"Mors\" \/>\n<meta property=\"article:published_time\" content=\"2020-05-16T15:31:33+00:00\" \/>\n<meta property=\"article:modified_time\" content=\"2024-08-12T12:06:06+00:00\" \/>\n<meta property=\"og:image\" content=\"https:\/\/kunmedierne.dk\/mors\/wp-content\/uploads\/2020\/03\/200102-n\u00e6ssundf\u00e6rgen-5-dh.jpg\" \/>\n\t<meta property=\"og:image:width\" content=\"770\" \/>\n\t<meta property=\"og:image:height\" content=\"513\" \/>\n\t<meta property=\"og:image:type\" content=\"image\/jpeg\" \/>\n<meta name=\"author\" content=\"David H\u00f8jmark\" \/>\n<meta name=\"twitter:card\" content=\"summary_large_image\" \/>\n<meta name=\"twitter:label1\" content=\"Skrevet af\" \/>\n\t<meta name=\"twitter:data1\" content=\"David H\u00f8jmark\" \/>\n\t<meta name=\"twitter:label2\" content=\"Estimeret l\u00e6setid\" \/>\n\t<meta name=\"twitter:data2\" content=\"3 minutter\" \/>\n<script type=\"application\/ld+json\" class=\"yoast-schema-graph\">{\"@context\":\"https:\/\/schema.org\",\"@graph\":[{\"@type\":\"Article\",\"@id\":\"https:\/\/kunmedierne.dk\/mors\/vi-skal-bevare-forbindelsen-til-thyboerne\/#article\",\"isPartOf\":{\"@id\":\"https:\/\/kunmedierne.dk\/mors\/vi-skal-bevare-forbindelsen-til-thyboerne\/\"},\"author\":{\"name\":\"David H\u00f8jmark\",\"@id\":\"https:\/\/kunmedierne.dk\/mors\/#\/schema\/person\/5fe23251bf1d0abbcdc6f7896579d548\"},\"headline\":\"&#8211; Vi skal bevare forbindelsen til thyboerne\",\"datePublished\":\"2020-05-16T15:31:33+00:00\",\"dateModified\":\"2024-08-12T12:06:06+00:00\",\"mainEntityOfPage\":{\"@id\":\"https:\/\/kunmedierne.dk\/mors\/vi-skal-bevare-forbindelsen-til-thyboerne\/\"},\"wordCount\":557,\"commentCount\":0,\"publisher\":{\"@id\":\"https:\/\/kunmedierne.dk\/mors\/#organization\"},\"image\":{\"@id\":\"https:\/\/kunmedierne.dk\/mors\/vi-skal-bevare-forbindelsen-til-thyboerne\/#primaryimage\"},\"thumbnailUrl\":\"https:\/\/kunmedierne.dk\/mors\/wp-content\/uploads\/2020\/03\/200102-n\u00e6ssundf\u00e6rgen-5-dh.jpg\",\"keywords\":[\"Turisme\"],\"articleSection\":[\"Lokalt\"],\"inLanguage\":\"da-DK\",\"potentialAction\":[{\"@type\":\"CommentAction\",\"name\":\"Comment\",\"target\":[\"https:\/\/kunmedierne.dk\/mors\/vi-skal-bevare-forbindelsen-til-thyboerne\/#respond\"]}]},{\"@type\":\"WebPage\",\"@id\":\"https:\/\/kunmedierne.dk\/mors\/vi-skal-bevare-forbindelsen-til-thyboerne\/\",\"url\":\"https:\/\/kunmedierne.dk\/mors\/vi-skal-bevare-forbindelsen-til-thyboerne\/\",\"name\":\"- Vi skal bevare forbindelsen til thyboerne - Mors\",\"isPartOf\":{\"@id\":\"https:\/\/kunmedierne.dk\/mors\/#website\"},\"primaryImageOfPage\":{\"@id\":\"https:\/\/kunmedierne.dk\/mors\/vi-skal-bevare-forbindelsen-til-thyboerne\/#primaryimage\"},\"image\":{\"@id\":\"https:\/\/kunmedierne.dk\/mors\/vi-skal-bevare-forbindelsen-til-thyboerne\/#primaryimage\"},\"thumbnailUrl\":\"https:\/\/kunmedierne.dk\/mors\/wp-content\/uploads\/2020\/03\/200102-n\u00e6ssundf\u00e6rgen-5-dh.jpg\",\"datePublished\":\"2020-05-16T15:31:33+00:00\",\"dateModified\":\"2024-08-12T12:06:06+00:00\",\"breadcrumb\":{\"@id\":\"https:\/\/kunmedierne.dk\/mors\/vi-skal-bevare-forbindelsen-til-thyboerne\/#breadcrumb\"},\"inLanguage\":\"da-DK\",\"potentialAction\":[{\"@type\":\"ReadAction\",\"target\":[\"https:\/\/kunmedierne.dk\/mors\/vi-skal-bevare-forbindelsen-til-thyboerne\/\"]}]},{\"@type\":\"ImageObject\",\"inLanguage\":\"da-DK\",\"@id\":\"https:\/\/kunmedierne.dk\/mors\/vi-skal-bevare-forbindelsen-til-thyboerne\/#primaryimage\",\"url\":\"https:\/\/kunmedierne.dk\/mors\/wp-content\/uploads\/2020\/03\/200102-n\u00e6ssundf\u00e6rgen-5-dh.jpg\",\"contentUrl\":\"https:\/\/kunmedierne.dk\/mors\/wp-content\/uploads\/2020\/03\/200102-n\u00e6ssundf\u00e6rgen-5-dh.jpg\",\"width\":770,\"height\":513,\"caption\":\"N\u00e6ssundf\u00e6rgen binder Mors og Thy sammen. Det samme g\u00f8r 30 andre steder i f\u00e6lles forening.\"},{\"@type\":\"BreadcrumbList\",\"@id\":\"https:\/\/kunmedierne.dk\/mors\/vi-skal-bevare-forbindelsen-til-thyboerne\/#breadcrumb\",\"itemListElement\":[{\"@type\":\"ListItem\",\"position\":1,\"name\":\"Hjem\",\"item\":\"https:\/\/kunmedierne.dk\/mors\/\"},{\"@type\":\"ListItem\",\"position\":2,\"name\":\"&#8211; Vi skal bevare forbindelsen til thyboerne\"}]},{\"@type\":\"WebSite\",\"@id\":\"https:\/\/kunmedierne.dk\/mors\/#website\",\"url\":\"https:\/\/kunmedierne.dk\/mors\/\",\"name\":\"Mors\",\"description\":\"et netmedie med journalistik om livet p\u00e5 Mors\",\"publisher\":{\"@id\":\"https:\/\/kunmedierne.dk\/mors\/#organization\"},\"potentialAction\":[{\"@type\":\"SearchAction\",\"target\":{\"@type\":\"EntryPoint\",\"urlTemplate\":\"https:\/\/kunmedierne.dk\/mors\/?s={search_term_string}\"},\"query-input\":{\"@type\":\"PropertyValueSpecification\",\"valueRequired\":true,\"valueName\":\"search_term_string\"}}],\"inLanguage\":\"da-DK\"},{\"@type\":\"Organization\",\"@id\":\"https:\/\/kunmedierne.dk\/mors\/#organization\",\"name\":\"Mors\",\"url\":\"https:\/\/kunmedierne.dk\/mors\/\",\"logo\":{\"@type\":\"ImageObject\",\"inLanguage\":\"da-DK\",\"@id\":\"https:\/\/kunmedierne.dk\/mors\/#\/schema\/logo\/image\/\",\"url\":\"https:\/\/kunmedierne.dk\/mors\/wp-content\/uploads\/2024\/08\/kunmors-logo.svg\",\"contentUrl\":\"https:\/\/kunmedierne.dk\/mors\/wp-content\/uploads\/2024\/08\/kunmors-logo.svg\",\"caption\":\"Mors\"},\"image\":{\"@id\":\"https:\/\/kunmedierne.dk\/mors\/#\/schema\/logo\/image\/\"}},{\"@type\":\"Person\",\"@id\":\"https:\/\/kunmedierne.dk\/mors\/#\/schema\/person\/5fe23251bf1d0abbcdc6f7896579d548\",\"name\":\"David H\u00f8jmark\",\"image\":{\"@type\":\"ImageObject\",\"inLanguage\":\"da-DK\",\"@id\":\"https:\/\/kunmedierne.dk\/mors\/#\/schema\/person\/image\/\",\"url\":\"https:\/\/secure.gravatar.com\/avatar\/4315d6fb9ef244d729989f5f90268eb08d5bf8a3d84402f595fa194bb35784fd?s=96&d=mm&r=g\",\"contentUrl\":\"https:\/\/secure.gravatar.com\/avatar\/4315d6fb9ef244d729989f5f90268eb08d5bf8a3d84402f595fa194bb35784fd?s=96&d=mm&r=g\",\"caption\":\"David H\u00f8jmark\"},\"sameAs\":[\"https:\/\/www.kunmedierne.dk\"],\"url\":\"https:\/\/kunmedierne.dk\/mors\/author\/david\/\"}]}<\/script>\n<!-- \/ Yoast SEO plugin. -->","yoast_head_json":{"title":"- Vi skal bevare forbindelsen til thyboerne - Mors","robots":{"index":"index","follow":"follow","max-snippet":"max-snippet:-1","max-image-preview":"max-image-preview:large","max-video-preview":"max-video-preview:-1"},"canonical":"https:\/\/kunmedierne.dk\/mors\/vi-skal-bevare-forbindelsen-til-thyboerne\/","og_locale":"da_DK","og_type":"article","og_title":"- Vi skal bevare forbindelsen til thyboerne - Mors","og_description":"MORS\/THY: &#8220;Det er vigtigt, at vi samarbejder. Det har vi k\u00e6mpet for i 20 \u00e5r.&#8221; Tove Thinggaard, bestyrelsesmedlem i foreningen Mad &amp; Kunst Thy-Mors, er om ikke klar til kamp, s\u00e5 i hvert fald parat til at forts\u00e6tte det arbejde, der handler om at binde tidligere rivaler sammen. For mange \u00e5r siden var det ut\u00e6nkeligt, [&hellip;]","og_url":"https:\/\/kunmedierne.dk\/mors\/vi-skal-bevare-forbindelsen-til-thyboerne\/","og_site_name":"Mors","article_published_time":"2020-05-16T15:31:33+00:00","article_modified_time":"2024-08-12T12:06:06+00:00","og_image":[{"width":770,"height":513,"url":"https:\/\/kunmedierne.dk\/mors\/wp-content\/uploads\/2020\/03\/200102-n\u00e6ssundf\u00e6rgen-5-dh.jpg","type":"image\/jpeg"}],"author":"David H\u00f8jmark","twitter_card":"summary_large_image","twitter_misc":{"Skrevet af":"David H\u00f8jmark","Estimeret l\u00e6setid":"3 minutter"},"schema":{"@context":"https:\/\/schema.org","@graph":[{"@type":"Article","@id":"https:\/\/kunmedierne.dk\/mors\/vi-skal-bevare-forbindelsen-til-thyboerne\/#article","isPartOf":{"@id":"https:\/\/kunmedierne.dk\/mors\/vi-skal-bevare-forbindelsen-til-thyboerne\/"},"author":{"name":"David H\u00f8jmark","@id":"https:\/\/kunmedierne.dk\/mors\/#\/schema\/person\/5fe23251bf1d0abbcdc6f7896579d548"},"headline":"&#8211; Vi skal bevare forbindelsen til thyboerne","datePublished":"2020-05-16T15:31:33+00:00","dateModified":"2024-08-12T12:06:06+00:00","mainEntityOfPage":{"@id":"https:\/\/kunmedierne.dk\/mors\/vi-skal-bevare-forbindelsen-til-thyboerne\/"},"wordCount":557,"commentCount":0,"publisher":{"@id":"https:\/\/kunmedierne.dk\/mors\/#organization"},"image":{"@id":"https:\/\/kunmedierne.dk\/mors\/vi-skal-bevare-forbindelsen-til-thyboerne\/#primaryimage"},"thumbnailUrl":"https:\/\/kunmedierne.dk\/mors\/wp-content\/uploads\/2020\/03\/200102-n\u00e6ssundf\u00e6rgen-5-dh.jpg","keywords":["Turisme"],"articleSection":["Lokalt"],"inLanguage":"da-DK","potentialAction":[{"@type":"CommentAction","name":"Comment","target":["https:\/\/kunmedierne.dk\/mors\/vi-skal-bevare-forbindelsen-til-thyboerne\/#respond"]}]},{"@type":"WebPage","@id":"https:\/\/kunmedierne.dk\/mors\/vi-skal-bevare-forbindelsen-til-thyboerne\/","url":"https:\/\/kunmedierne.dk\/mors\/vi-skal-bevare-forbindelsen-til-thyboerne\/","name":"- Vi skal bevare forbindelsen til thyboerne - Mors","isPartOf":{"@id":"https:\/\/kunmedierne.dk\/mors\/#website"},"primaryImageOfPage":{"@id":"https:\/\/kunmedierne.dk\/mors\/vi-skal-bevare-forbindelsen-til-thyboerne\/#primaryimage"},"image":{"@id":"https:\/\/kunmedierne.dk\/mors\/vi-skal-bevare-forbindelsen-til-thyboerne\/#primaryimage"},"thumbnailUrl":"https:\/\/kunmedierne.dk\/mors\/wp-content\/uploads\/2020\/03\/200102-n\u00e6ssundf\u00e6rgen-5-dh.jpg","datePublished":"2020-05-16T15:31:33+00:00","dateModified":"2024-08-12T12:06:06+00:00","breadcrumb":{"@id":"https:\/\/kunmedierne.dk\/mors\/vi-skal-bevare-forbindelsen-til-thyboerne\/#breadcrumb"},"inLanguage":"da-DK","potentialAction":[{"@type":"ReadAction","target":["https:\/\/kunmedierne.dk\/mors\/vi-skal-bevare-forbindelsen-til-thyboerne\/"]}]},{"@type":"ImageObject","inLanguage":"da-DK","@id":"https:\/\/kunmedierne.dk\/mors\/vi-skal-bevare-forbindelsen-til-thyboerne\/#primaryimage","url":"https:\/\/kunmedierne.dk\/mors\/wp-content\/uploads\/2020\/03\/200102-n\u00e6ssundf\u00e6rgen-5-dh.jpg","contentUrl":"https:\/\/kunmedierne.dk\/mors\/wp-content\/uploads\/2020\/03\/200102-n\u00e6ssundf\u00e6rgen-5-dh.jpg","width":770,"height":513,"caption":"N\u00e6ssundf\u00e6rgen binder Mors og Thy sammen. Det samme g\u00f8r 30 andre steder i f\u00e6lles forening."},{"@type":"BreadcrumbList","@id":"https:\/\/kunmedierne.dk\/mors\/vi-skal-bevare-forbindelsen-til-thyboerne\/#breadcrumb","itemListElement":[{"@type":"ListItem","position":1,"name":"Hjem","item":"https:\/\/kunmedierne.dk\/mors\/"},{"@type":"ListItem","position":2,"name":"&#8211; Vi skal bevare forbindelsen til thyboerne"}]},{"@type":"WebSite","@id":"https:\/\/kunmedierne.dk\/mors\/#website","url":"https:\/\/kunmedierne.dk\/mors\/","name":"Mors","description":"et netmedie med journalistik om livet p\u00e5 Mors","publisher":{"@id":"https:\/\/kunmedierne.dk\/mors\/#organization"},"potentialAction":[{"@type":"SearchAction","target":{"@type":"EntryPoint","urlTemplate":"https:\/\/kunmedierne.dk\/mors\/?s={search_term_string}"},"query-input":{"@type":"PropertyValueSpecification","valueRequired":true,"valueName":"search_term_string"}}],"inLanguage":"da-DK"},{"@type":"Organization","@id":"https:\/\/kunmedierne.dk\/mors\/#organization","name":"Mors","url":"https:\/\/kunmedierne.dk\/mors\/","logo":{"@type":"ImageObject","inLanguage":"da-DK","@id":"https:\/\/kunmedierne.dk\/mors\/#\/schema\/logo\/image\/","url":"https:\/\/kunmedierne.dk\/mors\/wp-content\/uploads\/2024\/08\/kunmors-logo.svg","contentUrl":"https:\/\/kunmedierne.dk\/mors\/wp-content\/uploads\/2024\/08\/kunmors-logo.svg","caption":"Mors"},"image":{"@id":"https:\/\/kunmedierne.dk\/mors\/#\/schema\/logo\/image\/"}},{"@type":"Person","@id":"https:\/\/kunmedierne.dk\/mors\/#\/schema\/person\/5fe23251bf1d0abbcdc6f7896579d548","name":"David H\u00f8jmark","image":{"@type":"ImageObject","inLanguage":"da-DK","@id":"https:\/\/kunmedierne.dk\/mors\/#\/schema\/person\/image\/","url":"https:\/\/secure.gravatar.com\/avatar\/4315d6fb9ef244d729989f5f90268eb08d5bf8a3d84402f595fa194bb35784fd?s=96&d=mm&r=g","contentUrl":"https:\/\/secure.gravatar.com\/avatar\/4315d6fb9ef244d729989f5f90268eb08d5bf8a3d84402f595fa194bb35784fd?s=96&d=mm&r=g","caption":"David H\u00f8jmark"},"sameAs":["https:\/\/www.kunmedierne.dk"],"url":"https:\/\/kunmedierne.dk\/mors\/author\/david\/"}]}},"_links":{"self":[{"href":"https:\/\/kunmedierne.dk\/mors\/wp-json\/wp\/v2\/posts\/21855","targetHints":{"allow":["GET"]}}],"collection":[{"href":"https:\/\/kunmedierne.dk\/mors\/wp-json\/wp\/v2\/posts"}],"about":[{"href":"https:\/\/kunmedierne.dk\/mors\/wp-json\/wp\/v2\/types\/post"}],"author":[{"embeddable":true,"href":"https:\/\/kunmedierne.dk\/mors\/wp-json\/wp\/v2\/users\/8"}],"replies":[{"embeddable":true,"href":"https:\/\/kunmedierne.dk\/mors\/wp-json\/wp\/v2\/comments?post=21855"}],"version-history":[{"count":3,"href":"https:\/\/kunmedierne.dk\/mors\/wp-json\/wp\/v2\/posts\/21855\/revisions"}],"predecessor-version":[{"id":81634,"href":"https:\/\/kunmedierne.dk\/mors\/wp-json\/wp\/v2\/posts\/21855\/revisions\/81634"}],"wp:featuredmedia":[{"embeddable":true,"href":"https:\/\/kunmedierne.dk\/mors\/wp-json\/wp\/v2\/media\/13955"}],"wp:attachment":[{"href":"https:\/\/kunmedierne.dk\/mors\/wp-json\/wp\/v2\/media?parent=21855"}],"wp:term":[{"taxonomy":"category","embeddable":true,"href":"https:\/\/kunmedierne.dk\/mors\/wp-json\/wp\/v2\/categories?post=21855"},{"taxonomy":"post_tag","embeddable":true,"href":"https:\/\/kunmedierne.dk\/mors\/wp-json\/wp\/v2\/tags?post=21855"}],"curies":[{"name":"wp","href":"https:\/\/api.w.org\/{rel}","templated":true}]}}