{"id":21762,"date":"2020-05-15T18:45:07","date_gmt":"2020-05-15T16:45:07","guid":{"rendered":"https:\/\/kunmedierne.dk\/mors\/?p=21762"},"modified":"2024-08-12T14:06:07","modified_gmt":"2024-08-12T12:06:07","slug":"aldrig-foer-saa-mange-med-akutlaegehelikopter-paa-mors","status":"publish","type":"post","link":"https:\/\/kunmedierne.dk\/mors\/aldrig-foer-saa-mange-med-akutlaegehelikopter-paa-mors\/","title":{"rendered":"Aldrig f\u00f8r s\u00e5 mange med akutl\u00e6gehelikopter p\u00e5 Mors"},"content":{"rendered":"<p><strong>MORS<\/strong>: 2019 blev \u00e5ret med hidtil flest missioner med akutl\u00e6gehelikopter p\u00e5 Mors. Det viser den \u00e5rlige rapport fra Den Landsd\u00e6kkende Akutl\u00e6gehelikopterordning, som blev udgivet i dag.<\/p>\n<p>If\u00f8lge rapporten var der sidste \u00e5r 165 tilf\u00e6lde, hvor en akutl\u00e6gehelikopter landede p\u00e5 Mors. Det var seks flere end \u00e5ret f\u00f8r og hele 40 flere end i 2017. I 2016, da de f\u00f8rste kommunale tal blev registreret, var der 145 tilf\u00e6lde med en akutl\u00e6gehelikopter, der fl\u00f8j til Mors.<\/p>\n<p>Ikke overraskende er Mors\u00f8 Kommune blandt de kommuner med flest missioner fra akutl\u00e6gehelikoptere. Det er nemlig i de vestjyske kommuner og p\u00e5 \u00f8-kommunerne syd for Sj\u00e6lland, hvor der er l\u00e6ngst til de store hospitaler, at akutl\u00e6gehelikoptere kommer ofte i brug. Ud af landets 98 kommuner topper s\u00e5ledes Thisted Kommune med 282 skadesteder efterfulgt af Ringk\u00f8bing-Skjern Kommune med 183 og Mors\u00f8 Kommune med 165.<\/p>\n<p>Siden akutl\u00e6gehelikopterordningen begyndte i 2014 har der p\u00e5 landspl\u00e6n v\u00e6ret fl\u00f8jet 17.484 gange.<\/p>\n<p>&nbsp;<\/p>\n","protected":false},"excerpt":{"rendered":"<p>MORS: 2019 blev \u00e5ret med hidtil flest missioner med akutl\u00e6gehelikopter p\u00e5 Mors. Det viser den \u00e5rlige rapport fra Den Landsd\u00e6kkende Akutl\u00e6gehelikopterordning, som blev udgivet i dag. If\u00f8lge rapporten var der sidste \u00e5r 165 tilf\u00e6lde, hvor en akutl\u00e6gehelikopter landede p\u00e5 Mors. Det var seks flere end \u00e5ret f\u00f8r og hele 40 flere end i 2017. I [&hellip;]<\/p>\n","protected":false},"author":8,"featured_media":21770,"comment_status":"open","ping_status":"open","sticky":false,"template":"","format":"standard","meta":{"_acf_changed":false,"footnotes":""},"categories":[51],"tags":[],"class_list":["post-21762","post","type-post","status-publish","format-standard","has-post-thumbnail","hentry","category-lokalt"],"acf":[],"yoast_head":"<!-- This site is optimized with the Yoast SEO plugin v26.8 - https:\/\/yoast.com\/product\/yoast-seo-wordpress\/ -->\n<title>Aldrig f\u00f8r s\u00e5 mange med akutl\u00e6gehelikopter p\u00e5 Mors - Mors<\/title>\n<meta name=\"robots\" content=\"index, follow, max-snippet:-1, max-image-preview:large, max-video-preview:-1\" \/>\n<link rel=\"canonical\" href=\"https:\/\/kunmedierne.dk\/mors\/aldrig-foer-saa-mange-med-akutlaegehelikopter-paa-mors\/\" \/>\n<meta property=\"og:locale\" content=\"da_DK\" \/>\n<meta property=\"og:type\" content=\"article\" \/>\n<meta property=\"og:title\" content=\"Aldrig f\u00f8r s\u00e5 mange med akutl\u00e6gehelikopter p\u00e5 Mors - Mors\" \/>\n<meta property=\"og:description\" content=\"MORS: 2019 blev \u00e5ret med hidtil flest missioner med akutl\u00e6gehelikopter p\u00e5 Mors. Det viser den \u00e5rlige rapport fra Den Landsd\u00e6kkende Akutl\u00e6gehelikopterordning, som blev udgivet i dag. If\u00f8lge rapporten var der sidste \u00e5r 165 tilf\u00e6lde, hvor en akutl\u00e6gehelikopter landede p\u00e5 Mors. Det var seks flere end \u00e5ret f\u00f8r og hele 40 flere end i 2017. I [&hellip;]\" \/>\n<meta property=\"og:url\" content=\"https:\/\/kunmedierne.dk\/mors\/aldrig-foer-saa-mange-med-akutlaegehelikopter-paa-mors\/\" \/>\n<meta property=\"og:site_name\" content=\"Mors\" \/>\n<meta property=\"article:published_time\" content=\"2020-05-15T16:45:07+00:00\" \/>\n<meta property=\"article:modified_time\" content=\"2024-08-12T12:06:07+00:00\" \/>\n<meta property=\"og:image\" content=\"https:\/\/kunmedierne.dk\/mors\/wp-content\/uploads\/2020\/05\/Helikopter.jpg\" \/>\n\t<meta property=\"og:image:width\" content=\"770\" \/>\n\t<meta property=\"og:image:height\" content=\"513\" \/>\n\t<meta property=\"og:image:type\" content=\"image\/jpeg\" \/>\n<meta name=\"author\" content=\"David H\u00f8jmark\" \/>\n<meta name=\"twitter:card\" content=\"summary_large_image\" \/>\n<meta name=\"twitter:label1\" content=\"Skrevet af\" \/>\n\t<meta name=\"twitter:data1\" content=\"David H\u00f8jmark\" \/>\n\t<meta name=\"twitter:label2\" content=\"Estimeret l\u00e6setid\" \/>\n\t<meta name=\"twitter:data2\" content=\"1 minut\" \/>\n<script type=\"application\/ld+json\" class=\"yoast-schema-graph\">{\"@context\":\"https:\/\/schema.org\",\"@graph\":[{\"@type\":\"Article\",\"@id\":\"https:\/\/kunmedierne.dk\/mors\/aldrig-foer-saa-mange-med-akutlaegehelikopter-paa-mors\/#article\",\"isPartOf\":{\"@id\":\"https:\/\/kunmedierne.dk\/mors\/aldrig-foer-saa-mange-med-akutlaegehelikopter-paa-mors\/\"},\"author\":{\"name\":\"David H\u00f8jmark\",\"@id\":\"https:\/\/kunmedierne.dk\/mors\/#\/schema\/person\/5fe23251bf1d0abbcdc6f7896579d548\"},\"headline\":\"Aldrig f\u00f8r s\u00e5 mange med akutl\u00e6gehelikopter p\u00e5 Mors\",\"datePublished\":\"2020-05-15T16:45:07+00:00\",\"dateModified\":\"2024-08-12T12:06:07+00:00\",\"mainEntityOfPage\":{\"@id\":\"https:\/\/kunmedierne.dk\/mors\/aldrig-foer-saa-mange-med-akutlaegehelikopter-paa-mors\/\"},\"wordCount\":170,\"commentCount\":0,\"publisher\":{\"@id\":\"https:\/\/kunmedierne.dk\/mors\/#organization\"},\"image\":{\"@id\":\"https:\/\/kunmedierne.dk\/mors\/aldrig-foer-saa-mange-med-akutlaegehelikopter-paa-mors\/#primaryimage\"},\"thumbnailUrl\":\"https:\/\/kunmedierne.dk\/mors\/wp-content\/uploads\/2020\/05\/Helikopter.jpg\",\"articleSection\":[\"Lokalt\"],\"inLanguage\":\"da-DK\",\"potentialAction\":[{\"@type\":\"CommentAction\",\"name\":\"Comment\",\"target\":[\"https:\/\/kunmedierne.dk\/mors\/aldrig-foer-saa-mange-med-akutlaegehelikopter-paa-mors\/#respond\"]}]},{\"@type\":\"WebPage\",\"@id\":\"https:\/\/kunmedierne.dk\/mors\/aldrig-foer-saa-mange-med-akutlaegehelikopter-paa-mors\/\",\"url\":\"https:\/\/kunmedierne.dk\/mors\/aldrig-foer-saa-mange-med-akutlaegehelikopter-paa-mors\/\",\"name\":\"Aldrig f\u00f8r s\u00e5 mange med akutl\u00e6gehelikopter p\u00e5 Mors - Mors\",\"isPartOf\":{\"@id\":\"https:\/\/kunmedierne.dk\/mors\/#website\"},\"primaryImageOfPage\":{\"@id\":\"https:\/\/kunmedierne.dk\/mors\/aldrig-foer-saa-mange-med-akutlaegehelikopter-paa-mors\/#primaryimage\"},\"image\":{\"@id\":\"https:\/\/kunmedierne.dk\/mors\/aldrig-foer-saa-mange-med-akutlaegehelikopter-paa-mors\/#primaryimage\"},\"thumbnailUrl\":\"https:\/\/kunmedierne.dk\/mors\/wp-content\/uploads\/2020\/05\/Helikopter.jpg\",\"datePublished\":\"2020-05-15T16:45:07+00:00\",\"dateModified\":\"2024-08-12T12:06:07+00:00\",\"breadcrumb\":{\"@id\":\"https:\/\/kunmedierne.dk\/mors\/aldrig-foer-saa-mange-med-akutlaegehelikopter-paa-mors\/#breadcrumb\"},\"inLanguage\":\"da-DK\",\"potentialAction\":[{\"@type\":\"ReadAction\",\"target\":[\"https:\/\/kunmedierne.dk\/mors\/aldrig-foer-saa-mange-med-akutlaegehelikopter-paa-mors\/\"]}]},{\"@type\":\"ImageObject\",\"inLanguage\":\"da-DK\",\"@id\":\"https:\/\/kunmedierne.dk\/mors\/aldrig-foer-saa-mange-med-akutlaegehelikopter-paa-mors\/#primaryimage\",\"url\":\"https:\/\/kunmedierne.dk\/mors\/wp-content\/uploads\/2020\/05\/Helikopter.jpg\",\"contentUrl\":\"https:\/\/kunmedierne.dk\/mors\/wp-content\/uploads\/2020\/05\/Helikopter.jpg\",\"width\":770,\"height\":513,\"caption\":\"Arkivfoto: Lene Pedersen, Region Nordjylland.\"},{\"@type\":\"BreadcrumbList\",\"@id\":\"https:\/\/kunmedierne.dk\/mors\/aldrig-foer-saa-mange-med-akutlaegehelikopter-paa-mors\/#breadcrumb\",\"itemListElement\":[{\"@type\":\"ListItem\",\"position\":1,\"name\":\"Hjem\",\"item\":\"https:\/\/kunmedierne.dk\/mors\/\"},{\"@type\":\"ListItem\",\"position\":2,\"name\":\"Aldrig f\u00f8r s\u00e5 mange med akutl\u00e6gehelikopter p\u00e5 Mors\"}]},{\"@type\":\"WebSite\",\"@id\":\"https:\/\/kunmedierne.dk\/mors\/#website\",\"url\":\"https:\/\/kunmedierne.dk\/mors\/\",\"name\":\"Mors\",\"description\":\"et netmedie med journalistik om livet p\u00e5 Mors\",\"publisher\":{\"@id\":\"https:\/\/kunmedierne.dk\/mors\/#organization\"},\"potentialAction\":[{\"@type\":\"SearchAction\",\"target\":{\"@type\":\"EntryPoint\",\"urlTemplate\":\"https:\/\/kunmedierne.dk\/mors\/?s={search_term_string}\"},\"query-input\":{\"@type\":\"PropertyValueSpecification\",\"valueRequired\":true,\"valueName\":\"search_term_string\"}}],\"inLanguage\":\"da-DK\"},{\"@type\":\"Organization\",\"@id\":\"https:\/\/kunmedierne.dk\/mors\/#organization\",\"name\":\"Mors\",\"url\":\"https:\/\/kunmedierne.dk\/mors\/\",\"logo\":{\"@type\":\"ImageObject\",\"inLanguage\":\"da-DK\",\"@id\":\"https:\/\/kunmedierne.dk\/mors\/#\/schema\/logo\/image\/\",\"url\":\"https:\/\/kunmedierne.dk\/mors\/wp-content\/uploads\/2024\/08\/kunmors-logo.svg\",\"contentUrl\":\"https:\/\/kunmedierne.dk\/mors\/wp-content\/uploads\/2024\/08\/kunmors-logo.svg\",\"caption\":\"Mors\"},\"image\":{\"@id\":\"https:\/\/kunmedierne.dk\/mors\/#\/schema\/logo\/image\/\"}},{\"@type\":\"Person\",\"@id\":\"https:\/\/kunmedierne.dk\/mors\/#\/schema\/person\/5fe23251bf1d0abbcdc6f7896579d548\",\"name\":\"David H\u00f8jmark\",\"image\":{\"@type\":\"ImageObject\",\"inLanguage\":\"da-DK\",\"@id\":\"https:\/\/kunmedierne.dk\/mors\/#\/schema\/person\/image\/\",\"url\":\"https:\/\/secure.gravatar.com\/avatar\/4315d6fb9ef244d729989f5f90268eb08d5bf8a3d84402f595fa194bb35784fd?s=96&d=mm&r=g\",\"contentUrl\":\"https:\/\/secure.gravatar.com\/avatar\/4315d6fb9ef244d729989f5f90268eb08d5bf8a3d84402f595fa194bb35784fd?s=96&d=mm&r=g\",\"caption\":\"David H\u00f8jmark\"},\"sameAs\":[\"https:\/\/www.kunmedierne.dk\"],\"url\":\"https:\/\/kunmedierne.dk\/mors\/author\/david\/\"}]}<\/script>\n<!-- \/ Yoast SEO plugin. -->","yoast_head_json":{"title":"Aldrig f\u00f8r s\u00e5 mange med akutl\u00e6gehelikopter p\u00e5 Mors - Mors","robots":{"index":"index","follow":"follow","max-snippet":"max-snippet:-1","max-image-preview":"max-image-preview:large","max-video-preview":"max-video-preview:-1"},"canonical":"https:\/\/kunmedierne.dk\/mors\/aldrig-foer-saa-mange-med-akutlaegehelikopter-paa-mors\/","og_locale":"da_DK","og_type":"article","og_title":"Aldrig f\u00f8r s\u00e5 mange med akutl\u00e6gehelikopter p\u00e5 Mors - Mors","og_description":"MORS: 2019 blev \u00e5ret med hidtil flest missioner med akutl\u00e6gehelikopter p\u00e5 Mors. Det viser den \u00e5rlige rapport fra Den Landsd\u00e6kkende Akutl\u00e6gehelikopterordning, som blev udgivet i dag. If\u00f8lge rapporten var der sidste \u00e5r 165 tilf\u00e6lde, hvor en akutl\u00e6gehelikopter landede p\u00e5 Mors. Det var seks flere end \u00e5ret f\u00f8r og hele 40 flere end i 2017. I [&hellip;]","og_url":"https:\/\/kunmedierne.dk\/mors\/aldrig-foer-saa-mange-med-akutlaegehelikopter-paa-mors\/","og_site_name":"Mors","article_published_time":"2020-05-15T16:45:07+00:00","article_modified_time":"2024-08-12T12:06:07+00:00","og_image":[{"width":770,"height":513,"url":"https:\/\/kunmedierne.dk\/mors\/wp-content\/uploads\/2020\/05\/Helikopter.jpg","type":"image\/jpeg"}],"author":"David H\u00f8jmark","twitter_card":"summary_large_image","twitter_misc":{"Skrevet af":"David H\u00f8jmark","Estimeret l\u00e6setid":"1 minut"},"schema":{"@context":"https:\/\/schema.org","@graph":[{"@type":"Article","@id":"https:\/\/kunmedierne.dk\/mors\/aldrig-foer-saa-mange-med-akutlaegehelikopter-paa-mors\/#article","isPartOf":{"@id":"https:\/\/kunmedierne.dk\/mors\/aldrig-foer-saa-mange-med-akutlaegehelikopter-paa-mors\/"},"author":{"name":"David H\u00f8jmark","@id":"https:\/\/kunmedierne.dk\/mors\/#\/schema\/person\/5fe23251bf1d0abbcdc6f7896579d548"},"headline":"Aldrig f\u00f8r s\u00e5 mange med akutl\u00e6gehelikopter p\u00e5 Mors","datePublished":"2020-05-15T16:45:07+00:00","dateModified":"2024-08-12T12:06:07+00:00","mainEntityOfPage":{"@id":"https:\/\/kunmedierne.dk\/mors\/aldrig-foer-saa-mange-med-akutlaegehelikopter-paa-mors\/"},"wordCount":170,"commentCount":0,"publisher":{"@id":"https:\/\/kunmedierne.dk\/mors\/#organization"},"image":{"@id":"https:\/\/kunmedierne.dk\/mors\/aldrig-foer-saa-mange-med-akutlaegehelikopter-paa-mors\/#primaryimage"},"thumbnailUrl":"https:\/\/kunmedierne.dk\/mors\/wp-content\/uploads\/2020\/05\/Helikopter.jpg","articleSection":["Lokalt"],"inLanguage":"da-DK","potentialAction":[{"@type":"CommentAction","name":"Comment","target":["https:\/\/kunmedierne.dk\/mors\/aldrig-foer-saa-mange-med-akutlaegehelikopter-paa-mors\/#respond"]}]},{"@type":"WebPage","@id":"https:\/\/kunmedierne.dk\/mors\/aldrig-foer-saa-mange-med-akutlaegehelikopter-paa-mors\/","url":"https:\/\/kunmedierne.dk\/mors\/aldrig-foer-saa-mange-med-akutlaegehelikopter-paa-mors\/","name":"Aldrig f\u00f8r s\u00e5 mange med akutl\u00e6gehelikopter p\u00e5 Mors - Mors","isPartOf":{"@id":"https:\/\/kunmedierne.dk\/mors\/#website"},"primaryImageOfPage":{"@id":"https:\/\/kunmedierne.dk\/mors\/aldrig-foer-saa-mange-med-akutlaegehelikopter-paa-mors\/#primaryimage"},"image":{"@id":"https:\/\/kunmedierne.dk\/mors\/aldrig-foer-saa-mange-med-akutlaegehelikopter-paa-mors\/#primaryimage"},"thumbnailUrl":"https:\/\/kunmedierne.dk\/mors\/wp-content\/uploads\/2020\/05\/Helikopter.jpg","datePublished":"2020-05-15T16:45:07+00:00","dateModified":"2024-08-12T12:06:07+00:00","breadcrumb":{"@id":"https:\/\/kunmedierne.dk\/mors\/aldrig-foer-saa-mange-med-akutlaegehelikopter-paa-mors\/#breadcrumb"},"inLanguage":"da-DK","potentialAction":[{"@type":"ReadAction","target":["https:\/\/kunmedierne.dk\/mors\/aldrig-foer-saa-mange-med-akutlaegehelikopter-paa-mors\/"]}]},{"@type":"ImageObject","inLanguage":"da-DK","@id":"https:\/\/kunmedierne.dk\/mors\/aldrig-foer-saa-mange-med-akutlaegehelikopter-paa-mors\/#primaryimage","url":"https:\/\/kunmedierne.dk\/mors\/wp-content\/uploads\/2020\/05\/Helikopter.jpg","contentUrl":"https:\/\/kunmedierne.dk\/mors\/wp-content\/uploads\/2020\/05\/Helikopter.jpg","width":770,"height":513,"caption":"Arkivfoto: Lene Pedersen, Region Nordjylland."},{"@type":"BreadcrumbList","@id":"https:\/\/kunmedierne.dk\/mors\/aldrig-foer-saa-mange-med-akutlaegehelikopter-paa-mors\/#breadcrumb","itemListElement":[{"@type":"ListItem","position":1,"name":"Hjem","item":"https:\/\/kunmedierne.dk\/mors\/"},{"@type":"ListItem","position":2,"name":"Aldrig f\u00f8r s\u00e5 mange med akutl\u00e6gehelikopter p\u00e5 Mors"}]},{"@type":"WebSite","@id":"https:\/\/kunmedierne.dk\/mors\/#website","url":"https:\/\/kunmedierne.dk\/mors\/","name":"Mors","description":"et netmedie med journalistik om livet p\u00e5 Mors","publisher":{"@id":"https:\/\/kunmedierne.dk\/mors\/#organization"},"potentialAction":[{"@type":"SearchAction","target":{"@type":"EntryPoint","urlTemplate":"https:\/\/kunmedierne.dk\/mors\/?s={search_term_string}"},"query-input":{"@type":"PropertyValueSpecification","valueRequired":true,"valueName":"search_term_string"}}],"inLanguage":"da-DK"},{"@type":"Organization","@id":"https:\/\/kunmedierne.dk\/mors\/#organization","name":"Mors","url":"https:\/\/kunmedierne.dk\/mors\/","logo":{"@type":"ImageObject","inLanguage":"da-DK","@id":"https:\/\/kunmedierne.dk\/mors\/#\/schema\/logo\/image\/","url":"https:\/\/kunmedierne.dk\/mors\/wp-content\/uploads\/2024\/08\/kunmors-logo.svg","contentUrl":"https:\/\/kunmedierne.dk\/mors\/wp-content\/uploads\/2024\/08\/kunmors-logo.svg","caption":"Mors"},"image":{"@id":"https:\/\/kunmedierne.dk\/mors\/#\/schema\/logo\/image\/"}},{"@type":"Person","@id":"https:\/\/kunmedierne.dk\/mors\/#\/schema\/person\/5fe23251bf1d0abbcdc6f7896579d548","name":"David H\u00f8jmark","image":{"@type":"ImageObject","inLanguage":"da-DK","@id":"https:\/\/kunmedierne.dk\/mors\/#\/schema\/person\/image\/","url":"https:\/\/secure.gravatar.com\/avatar\/4315d6fb9ef244d729989f5f90268eb08d5bf8a3d84402f595fa194bb35784fd?s=96&d=mm&r=g","contentUrl":"https:\/\/secure.gravatar.com\/avatar\/4315d6fb9ef244d729989f5f90268eb08d5bf8a3d84402f595fa194bb35784fd?s=96&d=mm&r=g","caption":"David H\u00f8jmark"},"sameAs":["https:\/\/www.kunmedierne.dk"],"url":"https:\/\/kunmedierne.dk\/mors\/author\/david\/"}]}},"_links":{"self":[{"href":"https:\/\/kunmedierne.dk\/mors\/wp-json\/wp\/v2\/posts\/21762","targetHints":{"allow":["GET"]}}],"collection":[{"href":"https:\/\/kunmedierne.dk\/mors\/wp-json\/wp\/v2\/posts"}],"about":[{"href":"https:\/\/kunmedierne.dk\/mors\/wp-json\/wp\/v2\/types\/post"}],"author":[{"embeddable":true,"href":"https:\/\/kunmedierne.dk\/mors\/wp-json\/wp\/v2\/users\/8"}],"replies":[{"embeddable":true,"href":"https:\/\/kunmedierne.dk\/mors\/wp-json\/wp\/v2\/comments?post=21762"}],"version-history":[{"count":1,"href":"https:\/\/kunmedierne.dk\/mors\/wp-json\/wp\/v2\/posts\/21762\/revisions"}],"predecessor-version":[{"id":21771,"href":"https:\/\/kunmedierne.dk\/mors\/wp-json\/wp\/v2\/posts\/21762\/revisions\/21771"}],"wp:featuredmedia":[{"embeddable":true,"href":"https:\/\/kunmedierne.dk\/mors\/wp-json\/wp\/v2\/media\/21770"}],"wp:attachment":[{"href":"https:\/\/kunmedierne.dk\/mors\/wp-json\/wp\/v2\/media?parent=21762"}],"wp:term":[{"taxonomy":"category","embeddable":true,"href":"https:\/\/kunmedierne.dk\/mors\/wp-json\/wp\/v2\/categories?post=21762"},{"taxonomy":"post_tag","embeddable":true,"href":"https:\/\/kunmedierne.dk\/mors\/wp-json\/wp\/v2\/tags?post=21762"}],"curies":[{"name":"wp","href":"https:\/\/api.w.org\/{rel}","templated":true}]}}