{"id":21720,"date":"2020-05-15T12:33:12","date_gmt":"2020-05-15T10:33:12","guid":{"rendered":"https:\/\/kunmedierne.dk\/mors\/?p=21720"},"modified":"2024-08-12T14:06:07","modified_gmt":"2024-08-12T12:06:07","slug":"en-fuldtraeffer-paa-tre-hjul","status":"publish","type":"post","link":"https:\/\/kunmedierne.dk\/mors\/en-fuldtraeffer-paa-tre-hjul\/","title":{"rendered":"En fuldtr\u00e6ffer p\u00e5 tre hjul"},"content":{"rendered":"<p><strong>NYK\u00d8BING<\/strong>: Hum\u00f8ret er n\u00e6sten altid h\u00f8jt i Bof\u00e6llesskabet Smallegade, men i disse dage er det n\u00e6rmest himmelh\u00f8jt.<\/p>\n<p>Efter lang tids venen er en helt s\u00e6rlig cykel nemlig ankommet. En cykel p\u00e5 tre hjul med plads til to passagerer, s\u00e5 de i forvejen glade beboere nemmere kan komme ud og se sig omkring.<\/p>\n<div id=\"attachment_21723\" style=\"width: 310px\" class=\"wp-caption alignright\"><img loading=\"lazy\" decoding=\"async\" aria-describedby=\"caption-attachment-21723\" class=\"size-medium wp-image-21723\" src=\"https:\/\/kunmedierne.dk\/mors\/wp-content\/uploads\/2020\/05\/200516-smallegade-jens-300x200.jpg\" alt=\"\" width=\"300\" height=\"200\" srcset=\"https:\/\/kunmedierne.dk\/mors\/wp-content\/uploads\/2020\/05\/200516-smallegade-jens-300x200.jpg 300w, https:\/\/kunmedierne.dk\/mors\/wp-content\/uploads\/2020\/05\/200516-smallegade-jens-768x512.jpg 768w, https:\/\/kunmedierne.dk\/mors\/wp-content\/uploads\/2020\/05\/200516-smallegade-jens-360x240.jpg 360w, https:\/\/kunmedierne.dk\/mors\/wp-content\/uploads\/2020\/05\/200516-smallegade-jens-600x400.jpg 600w, https:\/\/kunmedierne.dk\/mors\/wp-content\/uploads\/2020\/05\/200516-smallegade-jens.jpg 770w\" sizes=\"auto, (max-width: 300px) 100vw, 300px\" \/><p id=\"caption-attachment-21723\" class=\"wp-caption-text\">Jens Kj\u00e6r Lauridsen har allerede v\u00e6ret en tur p\u00e5 HC \u00d8rstedsvej.<\/p><\/div>\n<p>&#8220;Hvis det skal v\u00e6re, s\u00e5 kan jeg godt cykle med dig, Mia!&#8221; lyder det derfor insisterende fra Jens Kj\u00e6r Lauridsen, da KunMors fredag formiddag er forbi for at se p\u00e5 det transportmiddel, der allerede har v\u00e6ret vidt omkring.<\/p>\n<p>Jens fort\u00e6ller begejstret, at han allerede har v\u00e6ret en tur p\u00e5 H.C. \u00d8rstedsvej &#8211; vel at m\u00e6rke en tur p\u00e5 mere end tre kilometer og det samme retur.<\/p>\n<p>&#8220;Skal jeg tage cykelhjelm p\u00e5?&#8221; forts\u00e6tter han, men m\u00e5 sluk\u00f8ret konstatere, at det denne gang er en anden, der skal demonstrere vidunderet.<\/p>\n<p>&nbsp;<\/p>\n<p><strong>Mental og fysisk motion<\/strong><\/p>\n<p>S\u00e5 lidt efter trasker Simon Agerbo Madsen ind for at skifte fra sandaler til mere praktisk fodt\u00f8j. Og s\u00e5 kan han og ergoterapeuten Mia Buskov tage en demonstrationstur p\u00e5 den cykel, der er mere end et praktisk redskab.<\/p>\n<div id=\"attachment_21724\" style=\"width: 310px\" class=\"wp-caption alignright\"><img loading=\"lazy\" decoding=\"async\" aria-describedby=\"caption-attachment-21724\" class=\"size-medium wp-image-21724\" src=\"https:\/\/kunmedierne.dk\/mors\/wp-content\/uploads\/2020\/05\/200516-smallegade-simon-300x200.jpg\" alt=\"\" width=\"300\" height=\"200\" srcset=\"https:\/\/kunmedierne.dk\/mors\/wp-content\/uploads\/2020\/05\/200516-smallegade-simon-300x200.jpg 300w, https:\/\/kunmedierne.dk\/mors\/wp-content\/uploads\/2020\/05\/200516-smallegade-simon-768x512.jpg 768w, https:\/\/kunmedierne.dk\/mors\/wp-content\/uploads\/2020\/05\/200516-smallegade-simon-360x240.jpg 360w, https:\/\/kunmedierne.dk\/mors\/wp-content\/uploads\/2020\/05\/200516-smallegade-simon-600x400.jpg 600w, https:\/\/kunmedierne.dk\/mors\/wp-content\/uploads\/2020\/05\/200516-smallegade-simon.jpg 770w\" sizes=\"auto, (max-width: 300px) 100vw, 300px\" \/><p id=\"caption-attachment-21724\" class=\"wp-caption-text\">Simon Agerbo Madsen er omhyggelig med at sp\u00e6nde cykelhjelmen rigtigt inden k\u00f8returen.<\/p><\/div>\n<p>&#8220;Det er mere sk\u00e5nsomt end alt muligt andet. Og s\u00e5 er det en fed mulighed for, at alle kan komme ud og f\u00e5 lidt frihed,&#8221; forklarer Mia, der rent fagligt selvf\u00f8lgelig ogs\u00e5 l\u00e6gger v\u00e6gt p\u00e5 den sundhedsm\u00e6ssige effekt.<\/p>\n<p>For dels er der den mentale sundhed ved at blive mere mobil, dels er der motionen i at trampe i pedalerne &#8211; ogs\u00e5 selv om et batteri hj\u00e6lper til med hestekr\u00e6fter, n\u00e5r det er n\u00f8dvendigt.<\/p>\n<p>&nbsp;<\/p>\n<p><strong>En cykel for alle<\/strong><\/p>\n<p>Cyklen har kostet 60.000 kroner og er kommet til Nyk\u00f8bing med stor hj\u00e6lp fra Simons mor, Lene Madsen. For et \u00e5r siden s\u00f8gte hun de f\u00f8rste 20.000 kroner hjem fra B\u00f8rnehj\u00e6lpsdagen Nyk\u00f8bing, og siden har Tryg Fonden spyttet yderligere 40.000 kroner i.<\/p>\n<p>Egentlig kunne man have f\u00e5et en billigere model, men m\u00e5de Lene og de ansatte p\u00e5 bof\u00e6llesskabet lagde v\u00e6gt p\u00e5, at cyklen skulle indrettes, s\u00e5 alle beboere har mulighed for at komme i den. Og den frihed, som Mia l\u00e6gger v\u00e6gt p\u00e5, bliver ogs\u00e5 betonet af Lene.<\/p>\n<p>&#8220;Nu kan de komme til nogle andre ting end bare en kilometer eller to i n\u00e6rheden. Det er godt med motionen, og s\u00e5 er det rigtig godt at f\u00e5 nogle oplevelser. Det er jo p\u00e5 en anden m\u00e5de, end n\u00e5r man g\u00e5r, for der kommer man ikke s\u00e5 langt,&#8221; siger hun.<\/p>\n<p>&nbsp;<\/p>\n<p><strong>Imponerende mange kilometer<\/strong><\/p>\n<p>Og man kan roligt sl\u00e5 fast, at det er blevet til mere end en kilometer eller to. Da Mia tjekker tript\u00e6lleren og finder ud af, at cyklen siden sin ankomst onsdag har k\u00f8rt 23,4 kilometer, lyder det imponeret fra Simon:<\/p>\n<p>&#8220;Hold da op&#8230; P\u00e5 to dage?&#8221;<\/p>\n<p>Endnu mere imponeret, og m\u00e5ske ogs\u00e5 en smule stolt, bliver han, da han f\u00e5r at vide, at topfarten indtil nu har v\u00e6ret 25,7 km\/timen. For som han omg\u00e5ende sl\u00e5r fast:<\/p>\n<p>&#8220;Det er fandeme hurtigt!&#8221;<\/p>\n<div id=\"attachment_21725\" style=\"width: 780px\" class=\"wp-caption alignright\"><img loading=\"lazy\" decoding=\"async\" aria-describedby=\"caption-attachment-21725\" class=\"wp-image-21725 size-full\" src=\"https:\/\/kunmedierne.dk\/mors\/wp-content\/uploads\/2020\/05\/200516-smallegade-simon-mia.jpg\" alt=\"\" width=\"770\" height=\"513\" srcset=\"https:\/\/kunmedierne.dk\/mors\/wp-content\/uploads\/2020\/05\/200516-smallegade-simon-mia.jpg 770w, https:\/\/kunmedierne.dk\/mors\/wp-content\/uploads\/2020\/05\/200516-smallegade-simon-mia-300x200.jpg 300w, https:\/\/kunmedierne.dk\/mors\/wp-content\/uploads\/2020\/05\/200516-smallegade-simon-mia-768x512.jpg 768w, https:\/\/kunmedierne.dk\/mors\/wp-content\/uploads\/2020\/05\/200516-smallegade-simon-mia-360x240.jpg 360w, https:\/\/kunmedierne.dk\/mors\/wp-content\/uploads\/2020\/05\/200516-smallegade-simon-mia-600x400.jpg 600w\" sizes=\"auto, (max-width: 770px) 100vw, 770px\" \/><p id=\"caption-attachment-21725\" class=\"wp-caption-text\">Efter k\u00f8returen er der tid til en snak om alt det gode ved cyklen.<\/p><\/div>\n","protected":false},"excerpt":{"rendered":"<p>NYK\u00d8BING: Hum\u00f8ret er n\u00e6sten altid h\u00f8jt i Bof\u00e6llesskabet Smallegade, men i disse dage er det n\u00e6rmest himmelh\u00f8jt. Efter lang tids venen er en helt s\u00e6rlig cykel nemlig ankommet. En cykel p\u00e5 tre hjul med plads til to passagerer, s\u00e5 de i forvejen glade beboere nemmere kan komme ud og se sig omkring. &#8220;Hvis det skal [&hellip;]<\/p>\n","protected":false},"author":8,"featured_media":21722,"comment_status":"open","ping_status":"open","sticky":false,"template":"","format":"standard","meta":{"_acf_changed":false,"footnotes":""},"categories":[51],"tags":[],"class_list":["post-21720","post","type-post","status-publish","format-standard","has-post-thumbnail","hentry","category-lokalt"],"acf":[],"yoast_head":"<!-- This site is optimized with the Yoast SEO plugin v26.8 - https:\/\/yoast.com\/product\/yoast-seo-wordpress\/ -->\n<title>En fuldtr\u00e6ffer p\u00e5 tre hjul - Mors<\/title>\n<meta name=\"robots\" content=\"index, follow, max-snippet:-1, max-image-preview:large, max-video-preview:-1\" \/>\n<link rel=\"canonical\" href=\"https:\/\/kunmedierne.dk\/mors\/en-fuldtraeffer-paa-tre-hjul\/\" \/>\n<meta property=\"og:locale\" content=\"da_DK\" \/>\n<meta property=\"og:type\" content=\"article\" \/>\n<meta property=\"og:title\" content=\"En fuldtr\u00e6ffer p\u00e5 tre hjul - Mors\" \/>\n<meta property=\"og:description\" content=\"NYK\u00d8BING: Hum\u00f8ret er n\u00e6sten altid h\u00f8jt i Bof\u00e6llesskabet Smallegade, men i disse dage er det n\u00e6rmest himmelh\u00f8jt. Efter lang tids venen er en helt s\u00e6rlig cykel nemlig ankommet. En cykel p\u00e5 tre hjul med plads til to passagerer, s\u00e5 de i forvejen glade beboere nemmere kan komme ud og se sig omkring. &#8220;Hvis det skal [&hellip;]\" \/>\n<meta property=\"og:url\" content=\"https:\/\/kunmedierne.dk\/mors\/en-fuldtraeffer-paa-tre-hjul\/\" \/>\n<meta property=\"og:site_name\" content=\"Mors\" \/>\n<meta property=\"article:published_time\" content=\"2020-05-15T10:33:12+00:00\" \/>\n<meta property=\"article:modified_time\" content=\"2024-08-12T12:06:07+00:00\" \/>\n<meta property=\"og:image\" content=\"https:\/\/kunmedierne.dk\/mors\/wp-content\/uploads\/2020\/05\/200516-smallegade-simon2b.jpg\" \/>\n\t<meta property=\"og:image:width\" content=\"770\" \/>\n\t<meta property=\"og:image:height\" content=\"513\" \/>\n\t<meta property=\"og:image:type\" content=\"image\/jpeg\" \/>\n<meta name=\"author\" content=\"David H\u00f8jmark\" \/>\n<meta name=\"twitter:card\" content=\"summary_large_image\" \/>\n<meta name=\"twitter:label1\" content=\"Skrevet af\" \/>\n\t<meta name=\"twitter:data1\" content=\"David H\u00f8jmark\" \/>\n\t<meta name=\"twitter:label2\" content=\"Estimeret l\u00e6setid\" \/>\n\t<meta name=\"twitter:data2\" content=\"3 minutter\" \/>\n<script type=\"application\/ld+json\" class=\"yoast-schema-graph\">{\"@context\":\"https:\/\/schema.org\",\"@graph\":[{\"@type\":\"Article\",\"@id\":\"https:\/\/kunmedierne.dk\/mors\/en-fuldtraeffer-paa-tre-hjul\/#article\",\"isPartOf\":{\"@id\":\"https:\/\/kunmedierne.dk\/mors\/en-fuldtraeffer-paa-tre-hjul\/\"},\"author\":{\"name\":\"David H\u00f8jmark\",\"@id\":\"https:\/\/kunmedierne.dk\/mors\/#\/schema\/person\/5fe23251bf1d0abbcdc6f7896579d548\"},\"headline\":\"En fuldtr\u00e6ffer p\u00e5 tre hjul\",\"datePublished\":\"2020-05-15T10:33:12+00:00\",\"dateModified\":\"2024-08-12T12:06:07+00:00\",\"mainEntityOfPage\":{\"@id\":\"https:\/\/kunmedierne.dk\/mors\/en-fuldtraeffer-paa-tre-hjul\/\"},\"wordCount\":600,\"commentCount\":0,\"publisher\":{\"@id\":\"https:\/\/kunmedierne.dk\/mors\/#organization\"},\"image\":{\"@id\":\"https:\/\/kunmedierne.dk\/mors\/en-fuldtraeffer-paa-tre-hjul\/#primaryimage\"},\"thumbnailUrl\":\"https:\/\/kunmedierne.dk\/mors\/wp-content\/uploads\/2020\/05\/200516-smallegade-simon2b.jpg\",\"articleSection\":[\"Lokalt\"],\"inLanguage\":\"da-DK\",\"potentialAction\":[{\"@type\":\"CommentAction\",\"name\":\"Comment\",\"target\":[\"https:\/\/kunmedierne.dk\/mors\/en-fuldtraeffer-paa-tre-hjul\/#respond\"]}]},{\"@type\":\"WebPage\",\"@id\":\"https:\/\/kunmedierne.dk\/mors\/en-fuldtraeffer-paa-tre-hjul\/\",\"url\":\"https:\/\/kunmedierne.dk\/mors\/en-fuldtraeffer-paa-tre-hjul\/\",\"name\":\"En fuldtr\u00e6ffer p\u00e5 tre hjul - Mors\",\"isPartOf\":{\"@id\":\"https:\/\/kunmedierne.dk\/mors\/#website\"},\"primaryImageOfPage\":{\"@id\":\"https:\/\/kunmedierne.dk\/mors\/en-fuldtraeffer-paa-tre-hjul\/#primaryimage\"},\"image\":{\"@id\":\"https:\/\/kunmedierne.dk\/mors\/en-fuldtraeffer-paa-tre-hjul\/#primaryimage\"},\"thumbnailUrl\":\"https:\/\/kunmedierne.dk\/mors\/wp-content\/uploads\/2020\/05\/200516-smallegade-simon2b.jpg\",\"datePublished\":\"2020-05-15T10:33:12+00:00\",\"dateModified\":\"2024-08-12T12:06:07+00:00\",\"breadcrumb\":{\"@id\":\"https:\/\/kunmedierne.dk\/mors\/en-fuldtraeffer-paa-tre-hjul\/#breadcrumb\"},\"inLanguage\":\"da-DK\",\"potentialAction\":[{\"@type\":\"ReadAction\",\"target\":[\"https:\/\/kunmedierne.dk\/mors\/en-fuldtraeffer-paa-tre-hjul\/\"]}]},{\"@type\":\"ImageObject\",\"inLanguage\":\"da-DK\",\"@id\":\"https:\/\/kunmedierne.dk\/mors\/en-fuldtraeffer-paa-tre-hjul\/#primaryimage\",\"url\":\"https:\/\/kunmedierne.dk\/mors\/wp-content\/uploads\/2020\/05\/200516-smallegade-simon2b.jpg\",\"contentUrl\":\"https:\/\/kunmedierne.dk\/mors\/wp-content\/uploads\/2020\/05\/200516-smallegade-simon2b.jpg\",\"width\":770,\"height\":513,\"caption\":\"Simon Agerbo Madsen og Mia Buskov i demonstration p\u00e5 Smallegade. Foto: David H\u00f8jmark\"},{\"@type\":\"BreadcrumbList\",\"@id\":\"https:\/\/kunmedierne.dk\/mors\/en-fuldtraeffer-paa-tre-hjul\/#breadcrumb\",\"itemListElement\":[{\"@type\":\"ListItem\",\"position\":1,\"name\":\"Hjem\",\"item\":\"https:\/\/kunmedierne.dk\/mors\/\"},{\"@type\":\"ListItem\",\"position\":2,\"name\":\"En fuldtr\u00e6ffer p\u00e5 tre hjul\"}]},{\"@type\":\"WebSite\",\"@id\":\"https:\/\/kunmedierne.dk\/mors\/#website\",\"url\":\"https:\/\/kunmedierne.dk\/mors\/\",\"name\":\"Mors\",\"description\":\"et netmedie med journalistik om livet p\u00e5 Mors\",\"publisher\":{\"@id\":\"https:\/\/kunmedierne.dk\/mors\/#organization\"},\"potentialAction\":[{\"@type\":\"SearchAction\",\"target\":{\"@type\":\"EntryPoint\",\"urlTemplate\":\"https:\/\/kunmedierne.dk\/mors\/?s={search_term_string}\"},\"query-input\":{\"@type\":\"PropertyValueSpecification\",\"valueRequired\":true,\"valueName\":\"search_term_string\"}}],\"inLanguage\":\"da-DK\"},{\"@type\":\"Organization\",\"@id\":\"https:\/\/kunmedierne.dk\/mors\/#organization\",\"name\":\"Mors\",\"url\":\"https:\/\/kunmedierne.dk\/mors\/\",\"logo\":{\"@type\":\"ImageObject\",\"inLanguage\":\"da-DK\",\"@id\":\"https:\/\/kunmedierne.dk\/mors\/#\/schema\/logo\/image\/\",\"url\":\"https:\/\/kunmedierne.dk\/mors\/wp-content\/uploads\/2024\/08\/kunmors-logo.svg\",\"contentUrl\":\"https:\/\/kunmedierne.dk\/mors\/wp-content\/uploads\/2024\/08\/kunmors-logo.svg\",\"caption\":\"Mors\"},\"image\":{\"@id\":\"https:\/\/kunmedierne.dk\/mors\/#\/schema\/logo\/image\/\"}},{\"@type\":\"Person\",\"@id\":\"https:\/\/kunmedierne.dk\/mors\/#\/schema\/person\/5fe23251bf1d0abbcdc6f7896579d548\",\"name\":\"David H\u00f8jmark\",\"image\":{\"@type\":\"ImageObject\",\"inLanguage\":\"da-DK\",\"@id\":\"https:\/\/kunmedierne.dk\/mors\/#\/schema\/person\/image\/\",\"url\":\"https:\/\/secure.gravatar.com\/avatar\/4315d6fb9ef244d729989f5f90268eb08d5bf8a3d84402f595fa194bb35784fd?s=96&d=mm&r=g\",\"contentUrl\":\"https:\/\/secure.gravatar.com\/avatar\/4315d6fb9ef244d729989f5f90268eb08d5bf8a3d84402f595fa194bb35784fd?s=96&d=mm&r=g\",\"caption\":\"David H\u00f8jmark\"},\"sameAs\":[\"https:\/\/www.kunmedierne.dk\"],\"url\":\"https:\/\/kunmedierne.dk\/mors\/author\/david\/\"}]}<\/script>\n<!-- \/ Yoast SEO plugin. -->","yoast_head_json":{"title":"En fuldtr\u00e6ffer p\u00e5 tre hjul - Mors","robots":{"index":"index","follow":"follow","max-snippet":"max-snippet:-1","max-image-preview":"max-image-preview:large","max-video-preview":"max-video-preview:-1"},"canonical":"https:\/\/kunmedierne.dk\/mors\/en-fuldtraeffer-paa-tre-hjul\/","og_locale":"da_DK","og_type":"article","og_title":"En fuldtr\u00e6ffer p\u00e5 tre hjul - Mors","og_description":"NYK\u00d8BING: Hum\u00f8ret er n\u00e6sten altid h\u00f8jt i Bof\u00e6llesskabet Smallegade, men i disse dage er det n\u00e6rmest himmelh\u00f8jt. Efter lang tids venen er en helt s\u00e6rlig cykel nemlig ankommet. En cykel p\u00e5 tre hjul med plads til to passagerer, s\u00e5 de i forvejen glade beboere nemmere kan komme ud og se sig omkring. &#8220;Hvis det skal [&hellip;]","og_url":"https:\/\/kunmedierne.dk\/mors\/en-fuldtraeffer-paa-tre-hjul\/","og_site_name":"Mors","article_published_time":"2020-05-15T10:33:12+00:00","article_modified_time":"2024-08-12T12:06:07+00:00","og_image":[{"width":770,"height":513,"url":"https:\/\/kunmedierne.dk\/mors\/wp-content\/uploads\/2020\/05\/200516-smallegade-simon2b.jpg","type":"image\/jpeg"}],"author":"David H\u00f8jmark","twitter_card":"summary_large_image","twitter_misc":{"Skrevet af":"David H\u00f8jmark","Estimeret l\u00e6setid":"3 minutter"},"schema":{"@context":"https:\/\/schema.org","@graph":[{"@type":"Article","@id":"https:\/\/kunmedierne.dk\/mors\/en-fuldtraeffer-paa-tre-hjul\/#article","isPartOf":{"@id":"https:\/\/kunmedierne.dk\/mors\/en-fuldtraeffer-paa-tre-hjul\/"},"author":{"name":"David H\u00f8jmark","@id":"https:\/\/kunmedierne.dk\/mors\/#\/schema\/person\/5fe23251bf1d0abbcdc6f7896579d548"},"headline":"En fuldtr\u00e6ffer p\u00e5 tre hjul","datePublished":"2020-05-15T10:33:12+00:00","dateModified":"2024-08-12T12:06:07+00:00","mainEntityOfPage":{"@id":"https:\/\/kunmedierne.dk\/mors\/en-fuldtraeffer-paa-tre-hjul\/"},"wordCount":600,"commentCount":0,"publisher":{"@id":"https:\/\/kunmedierne.dk\/mors\/#organization"},"image":{"@id":"https:\/\/kunmedierne.dk\/mors\/en-fuldtraeffer-paa-tre-hjul\/#primaryimage"},"thumbnailUrl":"https:\/\/kunmedierne.dk\/mors\/wp-content\/uploads\/2020\/05\/200516-smallegade-simon2b.jpg","articleSection":["Lokalt"],"inLanguage":"da-DK","potentialAction":[{"@type":"CommentAction","name":"Comment","target":["https:\/\/kunmedierne.dk\/mors\/en-fuldtraeffer-paa-tre-hjul\/#respond"]}]},{"@type":"WebPage","@id":"https:\/\/kunmedierne.dk\/mors\/en-fuldtraeffer-paa-tre-hjul\/","url":"https:\/\/kunmedierne.dk\/mors\/en-fuldtraeffer-paa-tre-hjul\/","name":"En fuldtr\u00e6ffer p\u00e5 tre hjul - Mors","isPartOf":{"@id":"https:\/\/kunmedierne.dk\/mors\/#website"},"primaryImageOfPage":{"@id":"https:\/\/kunmedierne.dk\/mors\/en-fuldtraeffer-paa-tre-hjul\/#primaryimage"},"image":{"@id":"https:\/\/kunmedierne.dk\/mors\/en-fuldtraeffer-paa-tre-hjul\/#primaryimage"},"thumbnailUrl":"https:\/\/kunmedierne.dk\/mors\/wp-content\/uploads\/2020\/05\/200516-smallegade-simon2b.jpg","datePublished":"2020-05-15T10:33:12+00:00","dateModified":"2024-08-12T12:06:07+00:00","breadcrumb":{"@id":"https:\/\/kunmedierne.dk\/mors\/en-fuldtraeffer-paa-tre-hjul\/#breadcrumb"},"inLanguage":"da-DK","potentialAction":[{"@type":"ReadAction","target":["https:\/\/kunmedierne.dk\/mors\/en-fuldtraeffer-paa-tre-hjul\/"]}]},{"@type":"ImageObject","inLanguage":"da-DK","@id":"https:\/\/kunmedierne.dk\/mors\/en-fuldtraeffer-paa-tre-hjul\/#primaryimage","url":"https:\/\/kunmedierne.dk\/mors\/wp-content\/uploads\/2020\/05\/200516-smallegade-simon2b.jpg","contentUrl":"https:\/\/kunmedierne.dk\/mors\/wp-content\/uploads\/2020\/05\/200516-smallegade-simon2b.jpg","width":770,"height":513,"caption":"Simon Agerbo Madsen og Mia Buskov i demonstration p\u00e5 Smallegade. Foto: David H\u00f8jmark"},{"@type":"BreadcrumbList","@id":"https:\/\/kunmedierne.dk\/mors\/en-fuldtraeffer-paa-tre-hjul\/#breadcrumb","itemListElement":[{"@type":"ListItem","position":1,"name":"Hjem","item":"https:\/\/kunmedierne.dk\/mors\/"},{"@type":"ListItem","position":2,"name":"En fuldtr\u00e6ffer p\u00e5 tre hjul"}]},{"@type":"WebSite","@id":"https:\/\/kunmedierne.dk\/mors\/#website","url":"https:\/\/kunmedierne.dk\/mors\/","name":"Mors","description":"et netmedie med journalistik om livet p\u00e5 Mors","publisher":{"@id":"https:\/\/kunmedierne.dk\/mors\/#organization"},"potentialAction":[{"@type":"SearchAction","target":{"@type":"EntryPoint","urlTemplate":"https:\/\/kunmedierne.dk\/mors\/?s={search_term_string}"},"query-input":{"@type":"PropertyValueSpecification","valueRequired":true,"valueName":"search_term_string"}}],"inLanguage":"da-DK"},{"@type":"Organization","@id":"https:\/\/kunmedierne.dk\/mors\/#organization","name":"Mors","url":"https:\/\/kunmedierne.dk\/mors\/","logo":{"@type":"ImageObject","inLanguage":"da-DK","@id":"https:\/\/kunmedierne.dk\/mors\/#\/schema\/logo\/image\/","url":"https:\/\/kunmedierne.dk\/mors\/wp-content\/uploads\/2024\/08\/kunmors-logo.svg","contentUrl":"https:\/\/kunmedierne.dk\/mors\/wp-content\/uploads\/2024\/08\/kunmors-logo.svg","caption":"Mors"},"image":{"@id":"https:\/\/kunmedierne.dk\/mors\/#\/schema\/logo\/image\/"}},{"@type":"Person","@id":"https:\/\/kunmedierne.dk\/mors\/#\/schema\/person\/5fe23251bf1d0abbcdc6f7896579d548","name":"David H\u00f8jmark","image":{"@type":"ImageObject","inLanguage":"da-DK","@id":"https:\/\/kunmedierne.dk\/mors\/#\/schema\/person\/image\/","url":"https:\/\/secure.gravatar.com\/avatar\/4315d6fb9ef244d729989f5f90268eb08d5bf8a3d84402f595fa194bb35784fd?s=96&d=mm&r=g","contentUrl":"https:\/\/secure.gravatar.com\/avatar\/4315d6fb9ef244d729989f5f90268eb08d5bf8a3d84402f595fa194bb35784fd?s=96&d=mm&r=g","caption":"David H\u00f8jmark"},"sameAs":["https:\/\/www.kunmedierne.dk"],"url":"https:\/\/kunmedierne.dk\/mors\/author\/david\/"}]}},"_links":{"self":[{"href":"https:\/\/kunmedierne.dk\/mors\/wp-json\/wp\/v2\/posts\/21720","targetHints":{"allow":["GET"]}}],"collection":[{"href":"https:\/\/kunmedierne.dk\/mors\/wp-json\/wp\/v2\/posts"}],"about":[{"href":"https:\/\/kunmedierne.dk\/mors\/wp-json\/wp\/v2\/types\/post"}],"author":[{"embeddable":true,"href":"https:\/\/kunmedierne.dk\/mors\/wp-json\/wp\/v2\/users\/8"}],"replies":[{"embeddable":true,"href":"https:\/\/kunmedierne.dk\/mors\/wp-json\/wp\/v2\/comments?post=21720"}],"version-history":[{"count":3,"href":"https:\/\/kunmedierne.dk\/mors\/wp-json\/wp\/v2\/posts\/21720\/revisions"}],"predecessor-version":[{"id":21728,"href":"https:\/\/kunmedierne.dk\/mors\/wp-json\/wp\/v2\/posts\/21720\/revisions\/21728"}],"wp:featuredmedia":[{"embeddable":true,"href":"https:\/\/kunmedierne.dk\/mors\/wp-json\/wp\/v2\/media\/21722"}],"wp:attachment":[{"href":"https:\/\/kunmedierne.dk\/mors\/wp-json\/wp\/v2\/media?parent=21720"}],"wp:term":[{"taxonomy":"category","embeddable":true,"href":"https:\/\/kunmedierne.dk\/mors\/wp-json\/wp\/v2\/categories?post=21720"},{"taxonomy":"post_tag","embeddable":true,"href":"https:\/\/kunmedierne.dk\/mors\/wp-json\/wp\/v2\/tags?post=21720"}],"curies":[{"name":"wp","href":"https:\/\/api.w.org\/{rel}","templated":true}]}}