{"id":21529,"date":"2020-05-13T12:51:58","date_gmt":"2020-05-13T10:51:58","guid":{"rendered":"https:\/\/kunmedierne.dk\/mors\/?p=21529"},"modified":"2024-08-12T14:06:07","modified_gmt":"2024-08-12T12:06:07","slug":"jesperhus-aabner-senere-uden-to-vigtige-attraktioner","status":"publish","type":"post","link":"https:\/\/kunmedierne.dk\/mors\/jesperhus-aabner-senere-uden-to-vigtige-attraktioner\/","title":{"rendered":"Jesperhus \u00e5bner senere &#8211; uden to vigtige attraktioner"},"content":{"rendered":"<p><strong>LEGIND<\/strong>: Situationen er g\u00e5et fra et stort rod til overblik &#8211; men stadig med udsigt til en h\u00f8js\u00e6son uden to af de mest popul\u00e6re attraktioner.<\/p>\n<p>Det er vilk\u00e5rene for Jesperhus, som i dag har meldt ud, at \u00e5bningen af s\u00e6sonen igen er udskudt. Nu til 8. juni, n\u00e5r forlystelsesparker, zoologiske haver og botaniske haver igen m\u00e5 sl\u00e5 d\u00f8rene op i den gradvise gen\u00e5bning af Danmark.<\/p>\n<p>I <a href=\"https:\/\/kunmedierne.dk\/mors\/jesperhus-det-hele-er-et-kaempe-rod\/\" target=\"_blank\" rel=\"noopener noreferrer\">fredags<\/a> gav Peter Overgaard, direkt\u00f8r i Jesperhus, p\u00e5 KunMors udtryk for store frustrationer over usikkerheden &#8211; og ikke mindst over, at det ikke s\u00e5 ud til at blive muligt at \u00e5bne Hugos Badeland samt Zik og Zaks Abeland.<\/p>\n<p><span style=\"display: inline !important; float: none; background-color: #ffffff; color: #444444; font-family: 'Open Sans',Arial,Helvetica,sans-serif; font-size: 16px; font-style: normal; font-variant: normal; font-weight: normal; letter-spacing: normal; line-height: 26px; orphans: 2; text-align: left; text-decoration: none; text-indent: 0px; text-transform: none; visibility: visible; -webkit-text-stroke-width: 0px; white-space: normal; word-spacing: 0px;\">\u201cDet er med i fase 4, og det er f\u00f8rst til august. Det er der, den bliver dramatisk for os,\u201d sagde Peter Overgaard, som nu har f\u00e5et klarhed.\u00a0<\/span><\/p>\n<p>For det bliver nemlig f\u00f8rst senere, at Jesperhus kan \u00e5bne de to n\u00e6vnte tilbud, og derfor har man haft de kreative hjerner i sving for at finde p\u00e5 nye tiltag.<\/p>\n<p>Det oplyser man om i sit opslag p\u00e5 Facebook, hvor det blandt andet fremg\u00e5r, at Jesperhus planl\u00e6gger en parade, hvor Hugo og vennerne k\u00f8rer rundt p\u00e5 pladsen, en samlebog med Jesperhus-klisterm\u00e6rker og\u00a0sjove opgaver rundt pa\u030a pladsen, halmballe-labyrinter, hoppeborge, skattejagter og massevis af andre udend\u00f8rs aktiviteter &#8211; foruden en stor velkomstpakke med gaver til hele familien samt 2020-badges og kasketter som tak for opbakningen i 2020.<\/p>\n<p>Jesperhus, der oprindeligt skulle have \u00e5bnet s\u00e6sonen i marts, har for l\u00e6ngst meldt ud, at s\u00e6sonen er forl\u00e6nget i den anden ende, s\u00e5 der nu ogs\u00e5 bliver aktiviteter i efter\u00e5ret.<\/p>\n<p>https:\/\/www.facebook.com\/jesperhus\/posts\/10159765140261102<\/p>\n","protected":false},"excerpt":{"rendered":"<p>LEGIND: Situationen er g\u00e5et fra et stort rod til overblik &#8211; men stadig med udsigt til en h\u00f8js\u00e6son uden to af de mest popul\u00e6re attraktioner. Det er vilk\u00e5rene for Jesperhus, som i dag har meldt ud, at \u00e5bningen af s\u00e6sonen igen er udskudt. Nu til 8. juni, n\u00e5r forlystelsesparker, zoologiske haver og botaniske haver igen [&hellip;]<\/p>\n","protected":false},"author":8,"featured_media":19222,"comment_status":"open","ping_status":"open","sticky":false,"template":"","format":"standard","meta":{"_acf_changed":false,"footnotes":""},"categories":[51],"tags":[171],"class_list":["post-21529","post","type-post","status-publish","format-standard","has-post-thumbnail","hentry","category-lokalt","tag-turisme"],"acf":[],"yoast_head":"<!-- This site is optimized with the Yoast SEO plugin v26.8 - https:\/\/yoast.com\/product\/yoast-seo-wordpress\/ -->\n<title>Jesperhus \u00e5bner senere - uden to vigtige attraktioner - Mors<\/title>\n<meta name=\"robots\" content=\"index, follow, max-snippet:-1, max-image-preview:large, max-video-preview:-1\" \/>\n<link rel=\"canonical\" href=\"https:\/\/kunmedierne.dk\/mors\/jesperhus-aabner-senere-uden-to-vigtige-attraktioner\/\" \/>\n<meta property=\"og:locale\" content=\"da_DK\" \/>\n<meta property=\"og:type\" content=\"article\" \/>\n<meta property=\"og:title\" content=\"Jesperhus \u00e5bner senere - uden to vigtige attraktioner - Mors\" \/>\n<meta property=\"og:description\" content=\"LEGIND: Situationen er g\u00e5et fra et stort rod til overblik &#8211; men stadig med udsigt til en h\u00f8js\u00e6son uden to af de mest popul\u00e6re attraktioner. Det er vilk\u00e5rene for Jesperhus, som i dag har meldt ud, at \u00e5bningen af s\u00e6sonen igen er udskudt. Nu til 8. juni, n\u00e5r forlystelsesparker, zoologiske haver og botaniske haver igen [&hellip;]\" \/>\n<meta property=\"og:url\" content=\"https:\/\/kunmedierne.dk\/mors\/jesperhus-aabner-senere-uden-to-vigtige-attraktioner\/\" \/>\n<meta property=\"og:site_name\" content=\"Mors\" \/>\n<meta property=\"article:published_time\" content=\"2020-05-13T10:51:58+00:00\" \/>\n<meta property=\"article:modified_time\" content=\"2024-08-12T12:06:07+00:00\" \/>\n<meta property=\"og:image\" content=\"https:\/\/kunmedierne.dk\/mors\/wp-content\/uploads\/2020\/04\/200427-jesperhus.jpg\" \/>\n\t<meta property=\"og:image:width\" content=\"770\" \/>\n\t<meta property=\"og:image:height\" content=\"513\" \/>\n\t<meta property=\"og:image:type\" content=\"image\/jpeg\" \/>\n<meta name=\"author\" content=\"David H\u00f8jmark\" \/>\n<meta name=\"twitter:card\" content=\"summary_large_image\" \/>\n<meta name=\"twitter:label1\" content=\"Skrevet af\" \/>\n\t<meta name=\"twitter:data1\" content=\"David H\u00f8jmark\" \/>\n\t<meta name=\"twitter:label2\" content=\"Estimeret l\u00e6setid\" \/>\n\t<meta name=\"twitter:data2\" content=\"1 minut\" \/>\n<script type=\"application\/ld+json\" class=\"yoast-schema-graph\">{\"@context\":\"https:\/\/schema.org\",\"@graph\":[{\"@type\":\"Article\",\"@id\":\"https:\/\/kunmedierne.dk\/mors\/jesperhus-aabner-senere-uden-to-vigtige-attraktioner\/#article\",\"isPartOf\":{\"@id\":\"https:\/\/kunmedierne.dk\/mors\/jesperhus-aabner-senere-uden-to-vigtige-attraktioner\/\"},\"author\":{\"name\":\"David H\u00f8jmark\",\"@id\":\"https:\/\/kunmedierne.dk\/mors\/#\/schema\/person\/5fe23251bf1d0abbcdc6f7896579d548\"},\"headline\":\"Jesperhus \u00e5bner senere &#8211; uden to vigtige attraktioner\",\"datePublished\":\"2020-05-13T10:51:58+00:00\",\"dateModified\":\"2024-08-12T12:06:07+00:00\",\"mainEntityOfPage\":{\"@id\":\"https:\/\/kunmedierne.dk\/mors\/jesperhus-aabner-senere-uden-to-vigtige-attraktioner\/\"},\"wordCount\":293,\"commentCount\":0,\"publisher\":{\"@id\":\"https:\/\/kunmedierne.dk\/mors\/#organization\"},\"image\":{\"@id\":\"https:\/\/kunmedierne.dk\/mors\/jesperhus-aabner-senere-uden-to-vigtige-attraktioner\/#primaryimage\"},\"thumbnailUrl\":\"https:\/\/kunmedierne.dk\/mors\/wp-content\/uploads\/2020\/04\/200427-jesperhus.jpg\",\"keywords\":[\"Turisme\"],\"articleSection\":[\"Lokalt\"],\"inLanguage\":\"da-DK\",\"potentialAction\":[{\"@type\":\"CommentAction\",\"name\":\"Comment\",\"target\":[\"https:\/\/kunmedierne.dk\/mors\/jesperhus-aabner-senere-uden-to-vigtige-attraktioner\/#respond\"]}]},{\"@type\":\"WebPage\",\"@id\":\"https:\/\/kunmedierne.dk\/mors\/jesperhus-aabner-senere-uden-to-vigtige-attraktioner\/\",\"url\":\"https:\/\/kunmedierne.dk\/mors\/jesperhus-aabner-senere-uden-to-vigtige-attraktioner\/\",\"name\":\"Jesperhus \u00e5bner senere - uden to vigtige attraktioner - Mors\",\"isPartOf\":{\"@id\":\"https:\/\/kunmedierne.dk\/mors\/#website\"},\"primaryImageOfPage\":{\"@id\":\"https:\/\/kunmedierne.dk\/mors\/jesperhus-aabner-senere-uden-to-vigtige-attraktioner\/#primaryimage\"},\"image\":{\"@id\":\"https:\/\/kunmedierne.dk\/mors\/jesperhus-aabner-senere-uden-to-vigtige-attraktioner\/#primaryimage\"},\"thumbnailUrl\":\"https:\/\/kunmedierne.dk\/mors\/wp-content\/uploads\/2020\/04\/200427-jesperhus.jpg\",\"datePublished\":\"2020-05-13T10:51:58+00:00\",\"dateModified\":\"2024-08-12T12:06:07+00:00\",\"breadcrumb\":{\"@id\":\"https:\/\/kunmedierne.dk\/mors\/jesperhus-aabner-senere-uden-to-vigtige-attraktioner\/#breadcrumb\"},\"inLanguage\":\"da-DK\",\"potentialAction\":[{\"@type\":\"ReadAction\",\"target\":[\"https:\/\/kunmedierne.dk\/mors\/jesperhus-aabner-senere-uden-to-vigtige-attraktioner\/\"]}]},{\"@type\":\"ImageObject\",\"inLanguage\":\"da-DK\",\"@id\":\"https:\/\/kunmedierne.dk\/mors\/jesperhus-aabner-senere-uden-to-vigtige-attraktioner\/#primaryimage\",\"url\":\"https:\/\/kunmedierne.dk\/mors\/wp-content\/uploads\/2020\/04\/200427-jesperhus.jpg\",\"contentUrl\":\"https:\/\/kunmedierne.dk\/mors\/wp-content\/uploads\/2020\/04\/200427-jesperhus.jpg\",\"width\":770,\"height\":513,\"caption\":\"Foto: Jesperhus.\"},{\"@type\":\"BreadcrumbList\",\"@id\":\"https:\/\/kunmedierne.dk\/mors\/jesperhus-aabner-senere-uden-to-vigtige-attraktioner\/#breadcrumb\",\"itemListElement\":[{\"@type\":\"ListItem\",\"position\":1,\"name\":\"Hjem\",\"item\":\"https:\/\/kunmedierne.dk\/mors\/\"},{\"@type\":\"ListItem\",\"position\":2,\"name\":\"Jesperhus \u00e5bner senere &#8211; uden to vigtige attraktioner\"}]},{\"@type\":\"WebSite\",\"@id\":\"https:\/\/kunmedierne.dk\/mors\/#website\",\"url\":\"https:\/\/kunmedierne.dk\/mors\/\",\"name\":\"Mors\",\"description\":\"et netmedie med journalistik om livet p\u00e5 Mors\",\"publisher\":{\"@id\":\"https:\/\/kunmedierne.dk\/mors\/#organization\"},\"potentialAction\":[{\"@type\":\"SearchAction\",\"target\":{\"@type\":\"EntryPoint\",\"urlTemplate\":\"https:\/\/kunmedierne.dk\/mors\/?s={search_term_string}\"},\"query-input\":{\"@type\":\"PropertyValueSpecification\",\"valueRequired\":true,\"valueName\":\"search_term_string\"}}],\"inLanguage\":\"da-DK\"},{\"@type\":\"Organization\",\"@id\":\"https:\/\/kunmedierne.dk\/mors\/#organization\",\"name\":\"Mors\",\"url\":\"https:\/\/kunmedierne.dk\/mors\/\",\"logo\":{\"@type\":\"ImageObject\",\"inLanguage\":\"da-DK\",\"@id\":\"https:\/\/kunmedierne.dk\/mors\/#\/schema\/logo\/image\/\",\"url\":\"https:\/\/kunmedierne.dk\/mors\/wp-content\/uploads\/2024\/08\/kunmors-logo.svg\",\"contentUrl\":\"https:\/\/kunmedierne.dk\/mors\/wp-content\/uploads\/2024\/08\/kunmors-logo.svg\",\"caption\":\"Mors\"},\"image\":{\"@id\":\"https:\/\/kunmedierne.dk\/mors\/#\/schema\/logo\/image\/\"}},{\"@type\":\"Person\",\"@id\":\"https:\/\/kunmedierne.dk\/mors\/#\/schema\/person\/5fe23251bf1d0abbcdc6f7896579d548\",\"name\":\"David H\u00f8jmark\",\"image\":{\"@type\":\"ImageObject\",\"inLanguage\":\"da-DK\",\"@id\":\"https:\/\/kunmedierne.dk\/mors\/#\/schema\/person\/image\/\",\"url\":\"https:\/\/secure.gravatar.com\/avatar\/4315d6fb9ef244d729989f5f90268eb08d5bf8a3d84402f595fa194bb35784fd?s=96&d=mm&r=g\",\"contentUrl\":\"https:\/\/secure.gravatar.com\/avatar\/4315d6fb9ef244d729989f5f90268eb08d5bf8a3d84402f595fa194bb35784fd?s=96&d=mm&r=g\",\"caption\":\"David H\u00f8jmark\"},\"sameAs\":[\"https:\/\/www.kunmedierne.dk\"],\"url\":\"https:\/\/kunmedierne.dk\/mors\/author\/david\/\"}]}<\/script>\n<!-- \/ Yoast SEO plugin. -->","yoast_head_json":{"title":"Jesperhus \u00e5bner senere - uden to vigtige attraktioner - Mors","robots":{"index":"index","follow":"follow","max-snippet":"max-snippet:-1","max-image-preview":"max-image-preview:large","max-video-preview":"max-video-preview:-1"},"canonical":"https:\/\/kunmedierne.dk\/mors\/jesperhus-aabner-senere-uden-to-vigtige-attraktioner\/","og_locale":"da_DK","og_type":"article","og_title":"Jesperhus \u00e5bner senere - uden to vigtige attraktioner - Mors","og_description":"LEGIND: Situationen er g\u00e5et fra et stort rod til overblik &#8211; men stadig med udsigt til en h\u00f8js\u00e6son uden to af de mest popul\u00e6re attraktioner. Det er vilk\u00e5rene for Jesperhus, som i dag har meldt ud, at \u00e5bningen af s\u00e6sonen igen er udskudt. Nu til 8. juni, n\u00e5r forlystelsesparker, zoologiske haver og botaniske haver igen [&hellip;]","og_url":"https:\/\/kunmedierne.dk\/mors\/jesperhus-aabner-senere-uden-to-vigtige-attraktioner\/","og_site_name":"Mors","article_published_time":"2020-05-13T10:51:58+00:00","article_modified_time":"2024-08-12T12:06:07+00:00","og_image":[{"width":770,"height":513,"url":"https:\/\/kunmedierne.dk\/mors\/wp-content\/uploads\/2020\/04\/200427-jesperhus.jpg","type":"image\/jpeg"}],"author":"David H\u00f8jmark","twitter_card":"summary_large_image","twitter_misc":{"Skrevet af":"David H\u00f8jmark","Estimeret l\u00e6setid":"1 minut"},"schema":{"@context":"https:\/\/schema.org","@graph":[{"@type":"Article","@id":"https:\/\/kunmedierne.dk\/mors\/jesperhus-aabner-senere-uden-to-vigtige-attraktioner\/#article","isPartOf":{"@id":"https:\/\/kunmedierne.dk\/mors\/jesperhus-aabner-senere-uden-to-vigtige-attraktioner\/"},"author":{"name":"David H\u00f8jmark","@id":"https:\/\/kunmedierne.dk\/mors\/#\/schema\/person\/5fe23251bf1d0abbcdc6f7896579d548"},"headline":"Jesperhus \u00e5bner senere &#8211; uden to vigtige attraktioner","datePublished":"2020-05-13T10:51:58+00:00","dateModified":"2024-08-12T12:06:07+00:00","mainEntityOfPage":{"@id":"https:\/\/kunmedierne.dk\/mors\/jesperhus-aabner-senere-uden-to-vigtige-attraktioner\/"},"wordCount":293,"commentCount":0,"publisher":{"@id":"https:\/\/kunmedierne.dk\/mors\/#organization"},"image":{"@id":"https:\/\/kunmedierne.dk\/mors\/jesperhus-aabner-senere-uden-to-vigtige-attraktioner\/#primaryimage"},"thumbnailUrl":"https:\/\/kunmedierne.dk\/mors\/wp-content\/uploads\/2020\/04\/200427-jesperhus.jpg","keywords":["Turisme"],"articleSection":["Lokalt"],"inLanguage":"da-DK","potentialAction":[{"@type":"CommentAction","name":"Comment","target":["https:\/\/kunmedierne.dk\/mors\/jesperhus-aabner-senere-uden-to-vigtige-attraktioner\/#respond"]}]},{"@type":"WebPage","@id":"https:\/\/kunmedierne.dk\/mors\/jesperhus-aabner-senere-uden-to-vigtige-attraktioner\/","url":"https:\/\/kunmedierne.dk\/mors\/jesperhus-aabner-senere-uden-to-vigtige-attraktioner\/","name":"Jesperhus \u00e5bner senere - uden to vigtige attraktioner - Mors","isPartOf":{"@id":"https:\/\/kunmedierne.dk\/mors\/#website"},"primaryImageOfPage":{"@id":"https:\/\/kunmedierne.dk\/mors\/jesperhus-aabner-senere-uden-to-vigtige-attraktioner\/#primaryimage"},"image":{"@id":"https:\/\/kunmedierne.dk\/mors\/jesperhus-aabner-senere-uden-to-vigtige-attraktioner\/#primaryimage"},"thumbnailUrl":"https:\/\/kunmedierne.dk\/mors\/wp-content\/uploads\/2020\/04\/200427-jesperhus.jpg","datePublished":"2020-05-13T10:51:58+00:00","dateModified":"2024-08-12T12:06:07+00:00","breadcrumb":{"@id":"https:\/\/kunmedierne.dk\/mors\/jesperhus-aabner-senere-uden-to-vigtige-attraktioner\/#breadcrumb"},"inLanguage":"da-DK","potentialAction":[{"@type":"ReadAction","target":["https:\/\/kunmedierne.dk\/mors\/jesperhus-aabner-senere-uden-to-vigtige-attraktioner\/"]}]},{"@type":"ImageObject","inLanguage":"da-DK","@id":"https:\/\/kunmedierne.dk\/mors\/jesperhus-aabner-senere-uden-to-vigtige-attraktioner\/#primaryimage","url":"https:\/\/kunmedierne.dk\/mors\/wp-content\/uploads\/2020\/04\/200427-jesperhus.jpg","contentUrl":"https:\/\/kunmedierne.dk\/mors\/wp-content\/uploads\/2020\/04\/200427-jesperhus.jpg","width":770,"height":513,"caption":"Foto: Jesperhus."},{"@type":"BreadcrumbList","@id":"https:\/\/kunmedierne.dk\/mors\/jesperhus-aabner-senere-uden-to-vigtige-attraktioner\/#breadcrumb","itemListElement":[{"@type":"ListItem","position":1,"name":"Hjem","item":"https:\/\/kunmedierne.dk\/mors\/"},{"@type":"ListItem","position":2,"name":"Jesperhus \u00e5bner senere &#8211; uden to vigtige attraktioner"}]},{"@type":"WebSite","@id":"https:\/\/kunmedierne.dk\/mors\/#website","url":"https:\/\/kunmedierne.dk\/mors\/","name":"Mors","description":"et netmedie med journalistik om livet p\u00e5 Mors","publisher":{"@id":"https:\/\/kunmedierne.dk\/mors\/#organization"},"potentialAction":[{"@type":"SearchAction","target":{"@type":"EntryPoint","urlTemplate":"https:\/\/kunmedierne.dk\/mors\/?s={search_term_string}"},"query-input":{"@type":"PropertyValueSpecification","valueRequired":true,"valueName":"search_term_string"}}],"inLanguage":"da-DK"},{"@type":"Organization","@id":"https:\/\/kunmedierne.dk\/mors\/#organization","name":"Mors","url":"https:\/\/kunmedierne.dk\/mors\/","logo":{"@type":"ImageObject","inLanguage":"da-DK","@id":"https:\/\/kunmedierne.dk\/mors\/#\/schema\/logo\/image\/","url":"https:\/\/kunmedierne.dk\/mors\/wp-content\/uploads\/2024\/08\/kunmors-logo.svg","contentUrl":"https:\/\/kunmedierne.dk\/mors\/wp-content\/uploads\/2024\/08\/kunmors-logo.svg","caption":"Mors"},"image":{"@id":"https:\/\/kunmedierne.dk\/mors\/#\/schema\/logo\/image\/"}},{"@type":"Person","@id":"https:\/\/kunmedierne.dk\/mors\/#\/schema\/person\/5fe23251bf1d0abbcdc6f7896579d548","name":"David H\u00f8jmark","image":{"@type":"ImageObject","inLanguage":"da-DK","@id":"https:\/\/kunmedierne.dk\/mors\/#\/schema\/person\/image\/","url":"https:\/\/secure.gravatar.com\/avatar\/4315d6fb9ef244d729989f5f90268eb08d5bf8a3d84402f595fa194bb35784fd?s=96&d=mm&r=g","contentUrl":"https:\/\/secure.gravatar.com\/avatar\/4315d6fb9ef244d729989f5f90268eb08d5bf8a3d84402f595fa194bb35784fd?s=96&d=mm&r=g","caption":"David H\u00f8jmark"},"sameAs":["https:\/\/www.kunmedierne.dk"],"url":"https:\/\/kunmedierne.dk\/mors\/author\/david\/"}]}},"_links":{"self":[{"href":"https:\/\/kunmedierne.dk\/mors\/wp-json\/wp\/v2\/posts\/21529","targetHints":{"allow":["GET"]}}],"collection":[{"href":"https:\/\/kunmedierne.dk\/mors\/wp-json\/wp\/v2\/posts"}],"about":[{"href":"https:\/\/kunmedierne.dk\/mors\/wp-json\/wp\/v2\/types\/post"}],"author":[{"embeddable":true,"href":"https:\/\/kunmedierne.dk\/mors\/wp-json\/wp\/v2\/users\/8"}],"replies":[{"embeddable":true,"href":"https:\/\/kunmedierne.dk\/mors\/wp-json\/wp\/v2\/comments?post=21529"}],"version-history":[{"count":1,"href":"https:\/\/kunmedierne.dk\/mors\/wp-json\/wp\/v2\/posts\/21529\/revisions"}],"predecessor-version":[{"id":21539,"href":"https:\/\/kunmedierne.dk\/mors\/wp-json\/wp\/v2\/posts\/21529\/revisions\/21539"}],"wp:featuredmedia":[{"embeddable":true,"href":"https:\/\/kunmedierne.dk\/mors\/wp-json\/wp\/v2\/media\/19222"}],"wp:attachment":[{"href":"https:\/\/kunmedierne.dk\/mors\/wp-json\/wp\/v2\/media?parent=21529"}],"wp:term":[{"taxonomy":"category","embeddable":true,"href":"https:\/\/kunmedierne.dk\/mors\/wp-json\/wp\/v2\/categories?post=21529"},{"taxonomy":"post_tag","embeddable":true,"href":"https:\/\/kunmedierne.dk\/mors\/wp-json\/wp\/v2\/tags?post=21529"}],"curies":[{"name":"wp","href":"https:\/\/api.w.org\/{rel}","templated":true}]}}