{"id":21314,"date":"2020-05-11T21:42:56","date_gmt":"2020-05-11T19:42:56","guid":{"rendered":"https:\/\/kunmedierne.dk\/mors\/?p=21314"},"modified":"2024-08-12T14:06:08","modified_gmt":"2024-08-12T12:06:08","slug":"styregruppe-formand-paa-med-ja-hatten","status":"publish","type":"post","link":"https:\/\/kunmedierne.dk\/mors\/styregruppe-formand-paa-med-ja-hatten\/","title":{"rendered":"Styregruppe-formand: &#8211; P\u00e5 med ja-hatten"},"content":{"rendered":"<p><b><span style=\"font-family: 'Arial',sans-serif; color: #444444;\">NYK\u00d8BING<\/span><\/b><span style=\"font-family: 'Arial',sans-serif; color: #444444;\">: Det kan godt lade sig g\u00f8re for mange foreninger at arbejde sammen under samme tag. Det vurderer Klaus Hvidtfeldt Larsen (V) i et svar til Peter Appels skepsis om netop det. <\/span><\/p>\n<p><span style=\"font-family: 'Arial',sans-serif; color: #444444;\">I en artikel p\u00e5 KunMors <a href=\"https:\/\/kunmedierne.dk\/mors\/idemanden-bag-et-soesportscenter-i-nykoebing-tror-ikke-paa-det-nye-projekt\/\" target=\"_blank\" rel=\"noopener noreferrer\">mandag aften<\/a> giver id\u00e9manden bag de 14 \u00e5r gamle tanker om et s\u00f8sportscenter i Nyk\u00f8bing udtryk for stor skepsis i forhold til projektets nuv\u00e6rende form, der har sl\u00e5et s\u00f8sportscentret sammen med Oplevelsescenter for \u00d8stersturisme. Men den skepsis bliver ikke delt af Klaus H. Larsen, der af \u00f8konomiudvalget i Mors\u00f8 Kommune er udvalgt til projektets politiske styregruppe.<\/span><\/p>\n<p><span style=\"font-family: 'Arial',sans-serif; color: #444444;\">&#8220;Det bliver selvf\u00f8lgelig en udfordring, n\u00e5r man skal samle flere foreninger under samme tag. Og det er ogs\u00e5 det interessante i det. Men det er ogs\u00e5 det, der i tiden er n\u00f8dvendigt. Vi ser det jo mange andre steder, hvor foreningerne samler sig,\u201d siger han og n\u00e6vner Mors\u00f8 Multipark som et eksempel p\u00e5, at det kan lade sig g\u00f8re for forskellige foreninger at samarbejde p\u00e5 samme adresse.<\/span><\/p>\n<p><span style=\"font-family: 'Arial',sans-serif; color: #444444;\">&#8220;Det kan godt v\u00e6re, at de forskellige typer sejlsportsfolk ikke kan sammen, men det er vi simpelthen n\u00f8dt til at pr\u00f8ve at se, om ikke vi kan f\u00e5 til at fungere. Det skal selvf\u00f8lgelig v\u00e6re s\u00e5dan, at man kan bruge det til det, man skal, men vi er n\u00f8dt til ogs\u00e5 at indg\u00e5 nogle kompromisser for, at det kan lykkes,&#8221; siger Klaus H. Larsen som ogs\u00e5 n\u00e6vner Limfjordsteatret som et eksempel p\u00e5, at man kan samarbejde med dagplejere og andre og stadig drive et professionelt teater.<\/span><\/p>\n<p><span style=\"font-family: 'Arial',sans-serif; color: #444444;\">Samtidig opfordrer han Peter Appel og andre med specialviden p\u00e5 de forskellige omr\u00e5der til at byde ind med deres input. <\/span><\/p>\n<p><span style=\"font-family: 'Arial',sans-serif; color: #444444;\">&#8220;Jeg har den fordel, at jeg er ny i det her og har ikke v\u00e6ret blandet ind i projekterne tidligere. Men jeg kunne godt t\u00e6nke mig, at han (Peter Appel, red.) b\u00f8d ind. Det blev ikke til noget for 14 \u00e5r siden, men nu har vi f\u00e5et nogle penge, s\u00e5 det faktisk kan blive til noget. Nu er det ikke bare dr\u00f8mme, vi har muligheden,&#8221; siger Klaus H. Larsen.<\/span><\/p>\n<p><span style=\"font-family: 'Arial',sans-serif; color: #444444;\">\u00a0<\/span><\/p>\n<p><b><span style=\"font-family: 'Arial',sans-serif; color: #444444;\">Hjemmeside er lige om hj\u00f8rnet<\/span><\/b><\/p>\n<p><span style=\"font-family: 'Arial',sans-serif; color: #444444;\">Siden kommunalbestyrelsens vedtagelse af sammenl\u00e6gningen mellem projekterne for s\u00f8sport og \u00f8stersturisme har artikler i Nordjyske Stiftstidende citeret Jens Kjerulf Petersen, direkt\u00f8r for Dansk Skaldyrscenter, og Keld Kortegaard, talsmand for de lokale s\u00f8sportsforeninger, for utilfredshed med, at Mors\u00f8 Kommune ikke har informeret tilstr\u00e6kkeligt om planerne.<\/span><\/p>\n<p><span style=\"font-family: 'Arial',sans-serif; color: #444444;\">I forhold til det p\u00e5peger Klaus H. Larsen, at en hjemmeside om projektet er p\u00e5 vej og t\u00e6t p\u00e5 at v\u00e6re f\u00e6rdig &#8211; og at den i sig selv er et udtryk for stor vilje til b\u00e5de at informere og at tage imod input.<\/span><\/p>\n<p><span style=\"font-family: 'Arial',sans-serif; color: #444444;\">\u201dS\u00e5 kan man f\u00f8lge med i projektet og komme i kontakt med de folk, der sidder med omkring det, og s\u00e5 vi giver folk mulighed for at byde ind. For jeg har ikke en masse erfaring med s\u00f8sport eller oplevelsescenter, men jeg har simpelthen bare energien til at f\u00e5 det her projekt til at lykkes,\u201d siger han.<\/span><\/p>\n<p><span style=\"font-family: 'Arial',sans-serif; color: #444444;\">P\u00e5 samme m\u00e5de afkr\u00e6fter han opfattelsen af, at det allerede er besluttet, hvor det ambiti\u00f8se projekt skal placeres rent fysisk.<\/span><\/p>\n<p><span style=\"font-family: 'Arial',sans-serif; color: #444444;\">&#8220;Der er overhovedet ikke taget beslutning om, hvor det skal ligge. Og det er jo, fordi der er s\u00e5 mange ubekendte endnu,&#8221; siger han og l\u00e6gger op til at f\u00e5 eksperter og folk med rette erfaring indover beslutningen.<\/span><\/p>\n<p><span style=\"font-family: 'Arial',sans-serif; color: #444444;\">&#8220;Det nytter jo ikke, at man laver et s\u00f8sportscenter, og det s\u00e5 viser sig, at man ikke kan s\u00e6tte kanoer og kajakker i vandet, fordi der er noget, vi ikke har taget h\u00f8jde for,\u201d siger Klaus H. Larsen.<\/span><\/p>\n<p><span style=\"font-family: 'Arial',sans-serif; color: #444444;\">\u201dJeg kunne godt t\u00e6nke mig, at vi pr\u00f8ver at lade v\u00e6re med at s\u00e6tte begr\u00e6nsninger &#8211; at vi ser muligheder. Og det er ogs\u00e5 i forhold til at finde et sted, hvor vi kan placere os. Vi skal s\u00f8rge for ikke at bure os inde, s\u00e5 vi l\u00e5ser os selv, hvis der p\u00e5 et tidspunkt kommer en Fase 2. N\u00e5r det viser sig, at det bliver en k\u00e6mpe succes, og man er n\u00f8dt til at udvide det for at bygge mere p\u00e5, er det jo lidt tr\u00e6ls, hvis vi har sat os i en situation, hvor vi ikke kan det,&#8221; siger han.<\/span><\/p>\n<p><span style=\"font-family: 'Arial',sans-serif; color: #444444;\">\u00a0<\/span><span style=\"font-family: 'Arial',sans-serif; color: #444444;\">\u00a0<\/span><\/p>\n<p><b><span style=\"font-family: 'Arial',sans-serif; color: #444444;\">Lige s\u00e5 spektakul\u00e6rt som Limfjordsteatret<\/span><\/b><\/p>\n<p><span style=\"font-family: 'Arial',sans-serif; color: #444444;\">Klaus H. Larsen \u00e6rgrer sig over, at projektet s\u00e5 kort tid efter vedtagelsen i kommunalbestyrelsen allerede har m\u00f8dt kritik.<\/span><\/p>\n<p><span style=\"font-family: 'Arial',sans-serif; color: #444444;\">\u201dDet er fair nok, at nogle er lidt skeptiske, men jeg vil godt nok gerne have, at man pr\u00f8ver at tage ja-hatten p\u00e5 og vil v\u00e6re med til for hele Mors og for Limfjorden at f\u00e5 det l\u00f8ftet op p\u00e5 et niveau, som kan v\u00e6re med til at underst\u00f8tte turisme, iv\u00e6rks\u00e6tteri og det erhverv, vi har allerede med muslinger og \u00f8sters,&#8221; siger han og beskriver projektet som en slags kulturhus, der skal rumme meget og samtidig blive \u201dlige s\u00e5 spektakul\u00e6rt som Limfjordsteatret.\u201d<\/span><\/p>\n<p><span style=\"font-family: 'Arial',sans-serif; color: #444444;\">\u201dDet er m\u00e5let. Det her skal v\u00e6re noget, der kan samle hele Mors. Det skal v\u00e6re et vartegn i Nyk\u00f8bing og samle hele Limfjorden omkring oplevelsescentret,\u201d siger Klaus H. Larsen.<\/span><\/p>\n<p><span style=\"font-family: 'Arial',sans-serif; color: #444444;\">Og s\u00e5 gentager han, at Peter Appel, der i sin tid f\u00f8dte id\u00e9en om et s\u00f8sportscenter, er mere end velkommen til at byde ind med sine input.<\/span><\/p>\n<p><span style=\"font-family: 'Arial',sans-serif; color: #444444;\">\u00a0&#8220;Peter vil v\u00e6re guld v\u00e6rd for s\u00e5dan et projekt, fordi han sidder med viden om nogle ting,\u201d siger Klaus H. Larsen.<\/span><\/p>\n","protected":false},"excerpt":{"rendered":"<p>NYK\u00d8BING: Det kan godt lade sig g\u00f8re for mange foreninger at arbejde sammen under samme tag. Det vurderer Klaus Hvidtfeldt Larsen (V) i et svar til Peter Appels skepsis om netop det. I en artikel p\u00e5 KunMors mandag aften giver id\u00e9manden bag de 14 \u00e5r gamle tanker om et s\u00f8sportscenter i Nyk\u00f8bing udtryk for stor [&hellip;]<\/p>\n","protected":false},"author":8,"featured_media":21315,"comment_status":"open","ping_status":"open","sticky":false,"template":"","format":"standard","meta":{"_acf_changed":false,"footnotes":""},"categories":[51],"tags":[],"class_list":["post-21314","post","type-post","status-publish","format-standard","has-post-thumbnail","hentry","category-lokalt"],"acf":[],"yoast_head":"<!-- This site is optimized with the Yoast SEO plugin v26.8 - https:\/\/yoast.com\/product\/yoast-seo-wordpress\/ -->\n<title>Styregruppe-formand: - P\u00e5 med ja-hatten - Mors<\/title>\n<meta name=\"robots\" content=\"index, follow, max-snippet:-1, max-image-preview:large, max-video-preview:-1\" \/>\n<link rel=\"canonical\" href=\"https:\/\/kunmedierne.dk\/mors\/styregruppe-formand-paa-med-ja-hatten\/\" \/>\n<meta property=\"og:locale\" content=\"da_DK\" \/>\n<meta property=\"og:type\" content=\"article\" \/>\n<meta property=\"og:title\" content=\"Styregruppe-formand: - P\u00e5 med ja-hatten - Mors\" \/>\n<meta property=\"og:description\" content=\"NYK\u00d8BING: Det kan godt lade sig g\u00f8re for mange foreninger at arbejde sammen under samme tag. Det vurderer Klaus Hvidtfeldt Larsen (V) i et svar til Peter Appels skepsis om netop det. I en artikel p\u00e5 KunMors mandag aften giver id\u00e9manden bag de 14 \u00e5r gamle tanker om et s\u00f8sportscenter i Nyk\u00f8bing udtryk for stor [&hellip;]\" \/>\n<meta property=\"og:url\" content=\"https:\/\/kunmedierne.dk\/mors\/styregruppe-formand-paa-med-ja-hatten\/\" \/>\n<meta property=\"og:site_name\" content=\"Mors\" \/>\n<meta property=\"article:published_time\" content=\"2020-05-11T19:42:56+00:00\" \/>\n<meta property=\"article:modified_time\" content=\"2024-08-12T12:06:08+00:00\" \/>\n<meta property=\"og:image\" content=\"https:\/\/kunmedierne.dk\/mors\/wp-content\/uploads\/2020\/05\/0-debat-klaus-hvidtfeldt-larsen-V.jpg\" \/>\n\t<meta property=\"og:image:width\" content=\"770\" \/>\n\t<meta property=\"og:image:height\" content=\"513\" \/>\n\t<meta property=\"og:image:type\" content=\"image\/jpeg\" \/>\n<meta name=\"author\" content=\"David H\u00f8jmark\" \/>\n<meta name=\"twitter:card\" content=\"summary_large_image\" \/>\n<meta name=\"twitter:label1\" content=\"Skrevet af\" \/>\n\t<meta name=\"twitter:data1\" content=\"David H\u00f8jmark\" \/>\n\t<meta name=\"twitter:label2\" content=\"Estimeret l\u00e6setid\" \/>\n\t<meta name=\"twitter:data2\" content=\"5 minutter\" \/>\n<script type=\"application\/ld+json\" class=\"yoast-schema-graph\">{\"@context\":\"https:\/\/schema.org\",\"@graph\":[{\"@type\":\"Article\",\"@id\":\"https:\/\/kunmedierne.dk\/mors\/styregruppe-formand-paa-med-ja-hatten\/#article\",\"isPartOf\":{\"@id\":\"https:\/\/kunmedierne.dk\/mors\/styregruppe-formand-paa-med-ja-hatten\/\"},\"author\":{\"name\":\"David H\u00f8jmark\",\"@id\":\"https:\/\/kunmedierne.dk\/mors\/#\/schema\/person\/5fe23251bf1d0abbcdc6f7896579d548\"},\"headline\":\"Styregruppe-formand: &#8211; P\u00e5 med ja-hatten\",\"datePublished\":\"2020-05-11T19:42:56+00:00\",\"dateModified\":\"2024-08-12T12:06:08+00:00\",\"mainEntityOfPage\":{\"@id\":\"https:\/\/kunmedierne.dk\/mors\/styregruppe-formand-paa-med-ja-hatten\/\"},\"wordCount\":947,\"commentCount\":0,\"publisher\":{\"@id\":\"https:\/\/kunmedierne.dk\/mors\/#organization\"},\"image\":{\"@id\":\"https:\/\/kunmedierne.dk\/mors\/styregruppe-formand-paa-med-ja-hatten\/#primaryimage\"},\"thumbnailUrl\":\"https:\/\/kunmedierne.dk\/mors\/wp-content\/uploads\/2020\/05\/0-debat-klaus-hvidtfeldt-larsen-V.jpg\",\"articleSection\":[\"Lokalt\"],\"inLanguage\":\"da-DK\",\"potentialAction\":[{\"@type\":\"CommentAction\",\"name\":\"Comment\",\"target\":[\"https:\/\/kunmedierne.dk\/mors\/styregruppe-formand-paa-med-ja-hatten\/#respond\"]}]},{\"@type\":\"WebPage\",\"@id\":\"https:\/\/kunmedierne.dk\/mors\/styregruppe-formand-paa-med-ja-hatten\/\",\"url\":\"https:\/\/kunmedierne.dk\/mors\/styregruppe-formand-paa-med-ja-hatten\/\",\"name\":\"Styregruppe-formand: - P\u00e5 med ja-hatten - Mors\",\"isPartOf\":{\"@id\":\"https:\/\/kunmedierne.dk\/mors\/#website\"},\"primaryImageOfPage\":{\"@id\":\"https:\/\/kunmedierne.dk\/mors\/styregruppe-formand-paa-med-ja-hatten\/#primaryimage\"},\"image\":{\"@id\":\"https:\/\/kunmedierne.dk\/mors\/styregruppe-formand-paa-med-ja-hatten\/#primaryimage\"},\"thumbnailUrl\":\"https:\/\/kunmedierne.dk\/mors\/wp-content\/uploads\/2020\/05\/0-debat-klaus-hvidtfeldt-larsen-V.jpg\",\"datePublished\":\"2020-05-11T19:42:56+00:00\",\"dateModified\":\"2024-08-12T12:06:08+00:00\",\"breadcrumb\":{\"@id\":\"https:\/\/kunmedierne.dk\/mors\/styregruppe-formand-paa-med-ja-hatten\/#breadcrumb\"},\"inLanguage\":\"da-DK\",\"potentialAction\":[{\"@type\":\"ReadAction\",\"target\":[\"https:\/\/kunmedierne.dk\/mors\/styregruppe-formand-paa-med-ja-hatten\/\"]}]},{\"@type\":\"ImageObject\",\"inLanguage\":\"da-DK\",\"@id\":\"https:\/\/kunmedierne.dk\/mors\/styregruppe-formand-paa-med-ja-hatten\/#primaryimage\",\"url\":\"https:\/\/kunmedierne.dk\/mors\/wp-content\/uploads\/2020\/05\/0-debat-klaus-hvidtfeldt-larsen-V.jpg\",\"contentUrl\":\"https:\/\/kunmedierne.dk\/mors\/wp-content\/uploads\/2020\/05\/0-debat-klaus-hvidtfeldt-larsen-V.jpg\",\"width\":770,\"height\":513,\"caption\":\"Klaus Hvidtfeldt Larsen (V). Foto: Per Bech\/Mors\u00f8 Kommune.\"},{\"@type\":\"BreadcrumbList\",\"@id\":\"https:\/\/kunmedierne.dk\/mors\/styregruppe-formand-paa-med-ja-hatten\/#breadcrumb\",\"itemListElement\":[{\"@type\":\"ListItem\",\"position\":1,\"name\":\"Hjem\",\"item\":\"https:\/\/kunmedierne.dk\/mors\/\"},{\"@type\":\"ListItem\",\"position\":2,\"name\":\"Styregruppe-formand: &#8211; P\u00e5 med ja-hatten\"}]},{\"@type\":\"WebSite\",\"@id\":\"https:\/\/kunmedierne.dk\/mors\/#website\",\"url\":\"https:\/\/kunmedierne.dk\/mors\/\",\"name\":\"Mors\",\"description\":\"et netmedie med journalistik om livet p\u00e5 Mors\",\"publisher\":{\"@id\":\"https:\/\/kunmedierne.dk\/mors\/#organization\"},\"potentialAction\":[{\"@type\":\"SearchAction\",\"target\":{\"@type\":\"EntryPoint\",\"urlTemplate\":\"https:\/\/kunmedierne.dk\/mors\/?s={search_term_string}\"},\"query-input\":{\"@type\":\"PropertyValueSpecification\",\"valueRequired\":true,\"valueName\":\"search_term_string\"}}],\"inLanguage\":\"da-DK\"},{\"@type\":\"Organization\",\"@id\":\"https:\/\/kunmedierne.dk\/mors\/#organization\",\"name\":\"Mors\",\"url\":\"https:\/\/kunmedierne.dk\/mors\/\",\"logo\":{\"@type\":\"ImageObject\",\"inLanguage\":\"da-DK\",\"@id\":\"https:\/\/kunmedierne.dk\/mors\/#\/schema\/logo\/image\/\",\"url\":\"https:\/\/kunmedierne.dk\/mors\/wp-content\/uploads\/2024\/08\/kunmors-logo.svg\",\"contentUrl\":\"https:\/\/kunmedierne.dk\/mors\/wp-content\/uploads\/2024\/08\/kunmors-logo.svg\",\"caption\":\"Mors\"},\"image\":{\"@id\":\"https:\/\/kunmedierne.dk\/mors\/#\/schema\/logo\/image\/\"}},{\"@type\":\"Person\",\"@id\":\"https:\/\/kunmedierne.dk\/mors\/#\/schema\/person\/5fe23251bf1d0abbcdc6f7896579d548\",\"name\":\"David H\u00f8jmark\",\"image\":{\"@type\":\"ImageObject\",\"inLanguage\":\"da-DK\",\"@id\":\"https:\/\/kunmedierne.dk\/mors\/#\/schema\/person\/image\/\",\"url\":\"https:\/\/secure.gravatar.com\/avatar\/4315d6fb9ef244d729989f5f90268eb08d5bf8a3d84402f595fa194bb35784fd?s=96&d=mm&r=g\",\"contentUrl\":\"https:\/\/secure.gravatar.com\/avatar\/4315d6fb9ef244d729989f5f90268eb08d5bf8a3d84402f595fa194bb35784fd?s=96&d=mm&r=g\",\"caption\":\"David H\u00f8jmark\"},\"sameAs\":[\"https:\/\/www.kunmedierne.dk\"],\"url\":\"https:\/\/kunmedierne.dk\/mors\/author\/david\/\"}]}<\/script>\n<!-- \/ Yoast SEO plugin. -->","yoast_head_json":{"title":"Styregruppe-formand: - P\u00e5 med ja-hatten - Mors","robots":{"index":"index","follow":"follow","max-snippet":"max-snippet:-1","max-image-preview":"max-image-preview:large","max-video-preview":"max-video-preview:-1"},"canonical":"https:\/\/kunmedierne.dk\/mors\/styregruppe-formand-paa-med-ja-hatten\/","og_locale":"da_DK","og_type":"article","og_title":"Styregruppe-formand: - P\u00e5 med ja-hatten - Mors","og_description":"NYK\u00d8BING: Det kan godt lade sig g\u00f8re for mange foreninger at arbejde sammen under samme tag. Det vurderer Klaus Hvidtfeldt Larsen (V) i et svar til Peter Appels skepsis om netop det. I en artikel p\u00e5 KunMors mandag aften giver id\u00e9manden bag de 14 \u00e5r gamle tanker om et s\u00f8sportscenter i Nyk\u00f8bing udtryk for stor [&hellip;]","og_url":"https:\/\/kunmedierne.dk\/mors\/styregruppe-formand-paa-med-ja-hatten\/","og_site_name":"Mors","article_published_time":"2020-05-11T19:42:56+00:00","article_modified_time":"2024-08-12T12:06:08+00:00","og_image":[{"width":770,"height":513,"url":"https:\/\/kunmedierne.dk\/mors\/wp-content\/uploads\/2020\/05\/0-debat-klaus-hvidtfeldt-larsen-V.jpg","type":"image\/jpeg"}],"author":"David H\u00f8jmark","twitter_card":"summary_large_image","twitter_misc":{"Skrevet af":"David H\u00f8jmark","Estimeret l\u00e6setid":"5 minutter"},"schema":{"@context":"https:\/\/schema.org","@graph":[{"@type":"Article","@id":"https:\/\/kunmedierne.dk\/mors\/styregruppe-formand-paa-med-ja-hatten\/#article","isPartOf":{"@id":"https:\/\/kunmedierne.dk\/mors\/styregruppe-formand-paa-med-ja-hatten\/"},"author":{"name":"David H\u00f8jmark","@id":"https:\/\/kunmedierne.dk\/mors\/#\/schema\/person\/5fe23251bf1d0abbcdc6f7896579d548"},"headline":"Styregruppe-formand: &#8211; P\u00e5 med ja-hatten","datePublished":"2020-05-11T19:42:56+00:00","dateModified":"2024-08-12T12:06:08+00:00","mainEntityOfPage":{"@id":"https:\/\/kunmedierne.dk\/mors\/styregruppe-formand-paa-med-ja-hatten\/"},"wordCount":947,"commentCount":0,"publisher":{"@id":"https:\/\/kunmedierne.dk\/mors\/#organization"},"image":{"@id":"https:\/\/kunmedierne.dk\/mors\/styregruppe-formand-paa-med-ja-hatten\/#primaryimage"},"thumbnailUrl":"https:\/\/kunmedierne.dk\/mors\/wp-content\/uploads\/2020\/05\/0-debat-klaus-hvidtfeldt-larsen-V.jpg","articleSection":["Lokalt"],"inLanguage":"da-DK","potentialAction":[{"@type":"CommentAction","name":"Comment","target":["https:\/\/kunmedierne.dk\/mors\/styregruppe-formand-paa-med-ja-hatten\/#respond"]}]},{"@type":"WebPage","@id":"https:\/\/kunmedierne.dk\/mors\/styregruppe-formand-paa-med-ja-hatten\/","url":"https:\/\/kunmedierne.dk\/mors\/styregruppe-formand-paa-med-ja-hatten\/","name":"Styregruppe-formand: - P\u00e5 med ja-hatten - Mors","isPartOf":{"@id":"https:\/\/kunmedierne.dk\/mors\/#website"},"primaryImageOfPage":{"@id":"https:\/\/kunmedierne.dk\/mors\/styregruppe-formand-paa-med-ja-hatten\/#primaryimage"},"image":{"@id":"https:\/\/kunmedierne.dk\/mors\/styregruppe-formand-paa-med-ja-hatten\/#primaryimage"},"thumbnailUrl":"https:\/\/kunmedierne.dk\/mors\/wp-content\/uploads\/2020\/05\/0-debat-klaus-hvidtfeldt-larsen-V.jpg","datePublished":"2020-05-11T19:42:56+00:00","dateModified":"2024-08-12T12:06:08+00:00","breadcrumb":{"@id":"https:\/\/kunmedierne.dk\/mors\/styregruppe-formand-paa-med-ja-hatten\/#breadcrumb"},"inLanguage":"da-DK","potentialAction":[{"@type":"ReadAction","target":["https:\/\/kunmedierne.dk\/mors\/styregruppe-formand-paa-med-ja-hatten\/"]}]},{"@type":"ImageObject","inLanguage":"da-DK","@id":"https:\/\/kunmedierne.dk\/mors\/styregruppe-formand-paa-med-ja-hatten\/#primaryimage","url":"https:\/\/kunmedierne.dk\/mors\/wp-content\/uploads\/2020\/05\/0-debat-klaus-hvidtfeldt-larsen-V.jpg","contentUrl":"https:\/\/kunmedierne.dk\/mors\/wp-content\/uploads\/2020\/05\/0-debat-klaus-hvidtfeldt-larsen-V.jpg","width":770,"height":513,"caption":"Klaus Hvidtfeldt Larsen (V). Foto: Per Bech\/Mors\u00f8 Kommune."},{"@type":"BreadcrumbList","@id":"https:\/\/kunmedierne.dk\/mors\/styregruppe-formand-paa-med-ja-hatten\/#breadcrumb","itemListElement":[{"@type":"ListItem","position":1,"name":"Hjem","item":"https:\/\/kunmedierne.dk\/mors\/"},{"@type":"ListItem","position":2,"name":"Styregruppe-formand: &#8211; P\u00e5 med ja-hatten"}]},{"@type":"WebSite","@id":"https:\/\/kunmedierne.dk\/mors\/#website","url":"https:\/\/kunmedierne.dk\/mors\/","name":"Mors","description":"et netmedie med journalistik om livet p\u00e5 Mors","publisher":{"@id":"https:\/\/kunmedierne.dk\/mors\/#organization"},"potentialAction":[{"@type":"SearchAction","target":{"@type":"EntryPoint","urlTemplate":"https:\/\/kunmedierne.dk\/mors\/?s={search_term_string}"},"query-input":{"@type":"PropertyValueSpecification","valueRequired":true,"valueName":"search_term_string"}}],"inLanguage":"da-DK"},{"@type":"Organization","@id":"https:\/\/kunmedierne.dk\/mors\/#organization","name":"Mors","url":"https:\/\/kunmedierne.dk\/mors\/","logo":{"@type":"ImageObject","inLanguage":"da-DK","@id":"https:\/\/kunmedierne.dk\/mors\/#\/schema\/logo\/image\/","url":"https:\/\/kunmedierne.dk\/mors\/wp-content\/uploads\/2024\/08\/kunmors-logo.svg","contentUrl":"https:\/\/kunmedierne.dk\/mors\/wp-content\/uploads\/2024\/08\/kunmors-logo.svg","caption":"Mors"},"image":{"@id":"https:\/\/kunmedierne.dk\/mors\/#\/schema\/logo\/image\/"}},{"@type":"Person","@id":"https:\/\/kunmedierne.dk\/mors\/#\/schema\/person\/5fe23251bf1d0abbcdc6f7896579d548","name":"David H\u00f8jmark","image":{"@type":"ImageObject","inLanguage":"da-DK","@id":"https:\/\/kunmedierne.dk\/mors\/#\/schema\/person\/image\/","url":"https:\/\/secure.gravatar.com\/avatar\/4315d6fb9ef244d729989f5f90268eb08d5bf8a3d84402f595fa194bb35784fd?s=96&d=mm&r=g","contentUrl":"https:\/\/secure.gravatar.com\/avatar\/4315d6fb9ef244d729989f5f90268eb08d5bf8a3d84402f595fa194bb35784fd?s=96&d=mm&r=g","caption":"David H\u00f8jmark"},"sameAs":["https:\/\/www.kunmedierne.dk"],"url":"https:\/\/kunmedierne.dk\/mors\/author\/david\/"}]}},"_links":{"self":[{"href":"https:\/\/kunmedierne.dk\/mors\/wp-json\/wp\/v2\/posts\/21314","targetHints":{"allow":["GET"]}}],"collection":[{"href":"https:\/\/kunmedierne.dk\/mors\/wp-json\/wp\/v2\/posts"}],"about":[{"href":"https:\/\/kunmedierne.dk\/mors\/wp-json\/wp\/v2\/types\/post"}],"author":[{"embeddable":true,"href":"https:\/\/kunmedierne.dk\/mors\/wp-json\/wp\/v2\/users\/8"}],"replies":[{"embeddable":true,"href":"https:\/\/kunmedierne.dk\/mors\/wp-json\/wp\/v2\/comments?post=21314"}],"version-history":[{"count":6,"href":"https:\/\/kunmedierne.dk\/mors\/wp-json\/wp\/v2\/posts\/21314\/revisions"}],"predecessor-version":[{"id":21321,"href":"https:\/\/kunmedierne.dk\/mors\/wp-json\/wp\/v2\/posts\/21314\/revisions\/21321"}],"wp:featuredmedia":[{"embeddable":true,"href":"https:\/\/kunmedierne.dk\/mors\/wp-json\/wp\/v2\/media\/21315"}],"wp:attachment":[{"href":"https:\/\/kunmedierne.dk\/mors\/wp-json\/wp\/v2\/media?parent=21314"}],"wp:term":[{"taxonomy":"category","embeddable":true,"href":"https:\/\/kunmedierne.dk\/mors\/wp-json\/wp\/v2\/categories?post=21314"},{"taxonomy":"post_tag","embeddable":true,"href":"https:\/\/kunmedierne.dk\/mors\/wp-json\/wp\/v2\/tags?post=21314"}],"curies":[{"name":"wp","href":"https:\/\/api.w.org\/{rel}","templated":true}]}}