{"id":21275,"date":"2020-05-11T15:10:31","date_gmt":"2020-05-11T13:10:31","guid":{"rendered":"https:\/\/kunmedierne.dk\/mors\/?p=21275"},"modified":"2024-08-12T14:06:08","modified_gmt":"2024-08-12T12:06:08","slug":"aabing-af-kirkerne-kan-byde-paa-gudstjenester-uden-salmesang","status":"publish","type":"post","link":"https:\/\/kunmedierne.dk\/mors\/aabing-af-kirkerne-kan-byde-paa-gudstjenester-uden-salmesang\/","title":{"rendered":"\u00c5bning af kirkerne kan byde p\u00e5 gudstjenester uden salmesang"},"content":{"rendered":"<p><strong>T\u00d8DS\u00d8<\/strong>: Den gradvise \u00e5bning af samfundet byder ogs\u00e5 p\u00e5 \u00e5bning af kirkerne. Det bliver fra 18. maj &#8211; ugen med Kristi himmelfartsdag. Men hvordan gudstjenesterne helt pr\u00e6cist skal foreg\u00e5, er indtil videre et \u00e5bent sp\u00f8rgsm\u00e5l.<\/p>\n<p>Det m\u00e6rker blandt mange andre Joan Amalie Holck. Hun er sognepr\u00e6st i T\u00f8ds\u00f8-Alsted-S\u00f8nder Dr\u00e5by Pastorat og gl\u00e6der sig til igen at m\u00f8de sine sogneb\u00f8rn til gudstjenester.<\/p>\n<p>&#8220;Jeg har haft de f\u00f8rste kirkelige handlinger. Det var en begravelse og en d\u00e5b &#8211; begge selvf\u00f8lgelig med begr\u00e6nset deltagelse. Og nu venter vi s\u00e5 p\u00e5 gr\u00f8nt lys til den f\u00f8rste gudstjeneste,&#8221; siger hun og tilf\u00f8jer:<\/p>\n<p>&#8220;Vi vil jo rigtig gerne have, at det skal v\u00e6re en festgudstjeneste for at vise, at kirken er klar. Men det bliver sv\u00e6rt.&#8221;<\/p>\n<p>&nbsp;<\/p>\n<p><strong>M\u00e5ske ingen salmesang<\/strong><\/p>\n<p>N\u00e5r det g\u00f8r det, skyldes det formodningerne om de retningslinjer, gudstjenesterne kommer til at foreg\u00e5 under. De er stadig uklare.<\/p>\n<p>&#8220;Jeg vil gerne se noget mere konkret, inden jeg \u00e5bner noget op. Og jeg vil gerne have nogle retningslinjer. Det synes jeg, at jeg savner,&#8221; siger Joan Amalie Holck.<\/p>\n<p>De forel\u00f8bige formodninger er, at antallet af deltagere i gudstjenester bliver begr\u00e6nset, og if\u00f8lge <a href=\"https:\/\/www.kirke.dk\/nyheder\/kirker-aabner-inden-kristi-himmelfartsdag-men-retningslinjer-er-endnu-ikke-aftalt\" target=\"_blank\" rel=\"noopener noreferrer\">Kirke.dk<\/a> kan det ogs\u00e5 vise sig, at gudstjenesterne bliver helt uden salmesang.<\/p>\n<p>Det skyldes risikoen for smittespredning, fordi ud\u00e5nding er kraftigere under sang. Derfor kan det vise sig, at kun pr\u00e6sten m\u00e5 tale under gudstjenesten.<\/p>\n<p>&#8220;Jeg ved ikke, om man skal sidde musestille, men man skal i hvert fald ikke give sig i kast med ekstreme aktiviteter s\u00e5som salmesang,&#8221; lyder det fra Joan Amalie Holck, som understreger, at hun udtaler sig med alle forbehold, da hun som n\u00e6vnt endnu ikke har f\u00e5et retningslinjer.<\/p>\n<p>Hun har til geng\u00e6ld erfaring i gudstjeneste uden salmesang.<\/p>\n<p>&#8220;Jeg har oplevet det f\u00f8r. Da jeg l\u00e6ste, var jeg p\u00e5 retr\u00e6te p\u00e5 et ortodokst kloster i England. Og der kan jeg ikke huske, at vi sang,&#8221; siger hun og afviser p\u00e5 den m\u00e5de, at det vil v\u00e6re umuligt at gennemf\u00f8re en gudstjeneste uden salmesang.<\/p>\n<p>&#8220;Men det vil v\u00e6re meget, meget m\u00e6rkeligt. Det bliver absolut en alternativ gudstjeneste,&#8221; siger hun.<\/p>\n<p>&nbsp;<\/p>\n<p><strong>Borebiller i T\u00f8ds\u00f8 Kirke<\/strong><\/p>\n<p>Joan Amalie Holck forventer at holde sin f\u00f8rste gudstjeneste efter udbruddet af coronakrisen i S\u00f8nder Dr\u00e5by Kirke p\u00e5 Kristi himmelfartsdag torsdag 21. maj.<\/p>\n<p>Derefter kommer ogs\u00e5 kirkerne i Alsted og T\u00f8ds\u00f8 i brug, og med den sidste er der tale om et l\u00e6nge ventet comeback efter en pause, der str\u00e6kker sig l\u00e6ngere tilbage end til coronakrisens begyndelse.<\/p>\n<p>&#8220;Den har v\u00e6ret lukket i over et halvt \u00e5r &#8211; siden september. Og s\u00e5 trak det ud, fordi der var flere skader end f\u00f8rst antaget,&#8221; siger Joan Amalie Holck om de borebiller, der har f\u00f8rt til et omfattende renoveringsarbejde.<\/p>\n<p class=\"paragraph\">Men nu er ogs\u00e5 T\u00f8ds\u00f8 Kirke klar til gudstjenester. S\u00e5 er sp\u00f8rgsm\u00e5let bare, hvordan nadver og de andre ritualer, og ikke mindst salmesangen, kommer til at foreg\u00e5.<\/p>\n<p>Det venter Joan Amalie Holck og hendes mange kollegaer med sp\u00e6nding et svar p\u00e5.<\/p>\n","protected":false},"excerpt":{"rendered":"<p>T\u00d8DS\u00d8: Den gradvise \u00e5bning af samfundet byder ogs\u00e5 p\u00e5 \u00e5bning af kirkerne. Det bliver fra 18. maj &#8211; ugen med Kristi himmelfartsdag. Men hvordan gudstjenesterne helt pr\u00e6cist skal foreg\u00e5, er indtil videre et \u00e5bent sp\u00f8rgsm\u00e5l. Det m\u00e6rker blandt mange andre Joan Amalie Holck. Hun er sognepr\u00e6st i T\u00f8ds\u00f8-Alsted-S\u00f8nder Dr\u00e5by Pastorat og gl\u00e6der sig til igen [&hellip;]<\/p>\n","protected":false},"author":8,"featured_media":18445,"comment_status":"open","ping_status":"open","sticky":false,"template":"","format":"standard","meta":{"_acf_changed":false,"footnotes":""},"categories":[51],"tags":[161],"class_list":["post-21275","post","type-post","status-publish","format-standard","has-post-thumbnail","hentry","category-lokalt","tag-kirker"],"acf":[],"yoast_head":"<!-- This site is optimized with the Yoast SEO plugin v26.8 - https:\/\/yoast.com\/product\/yoast-seo-wordpress\/ -->\n<title>\u00c5bning af kirkerne kan byde p\u00e5 gudstjenester uden salmesang - Mors<\/title>\n<meta name=\"robots\" content=\"index, follow, max-snippet:-1, max-image-preview:large, max-video-preview:-1\" \/>\n<link rel=\"canonical\" href=\"https:\/\/kunmedierne.dk\/mors\/aabing-af-kirkerne-kan-byde-paa-gudstjenester-uden-salmesang\/\" \/>\n<meta property=\"og:locale\" content=\"da_DK\" \/>\n<meta property=\"og:type\" content=\"article\" \/>\n<meta property=\"og:title\" content=\"\u00c5bning af kirkerne kan byde p\u00e5 gudstjenester uden salmesang - Mors\" \/>\n<meta property=\"og:description\" content=\"T\u00d8DS\u00d8: Den gradvise \u00e5bning af samfundet byder ogs\u00e5 p\u00e5 \u00e5bning af kirkerne. Det bliver fra 18. maj &#8211; ugen med Kristi himmelfartsdag. Men hvordan gudstjenesterne helt pr\u00e6cist skal foreg\u00e5, er indtil videre et \u00e5bent sp\u00f8rgsm\u00e5l. Det m\u00e6rker blandt mange andre Joan Amalie Holck. Hun er sognepr\u00e6st i T\u00f8ds\u00f8-Alsted-S\u00f8nder Dr\u00e5by Pastorat og gl\u00e6der sig til igen [&hellip;]\" \/>\n<meta property=\"og:url\" content=\"https:\/\/kunmedierne.dk\/mors\/aabing-af-kirkerne-kan-byde-paa-gudstjenester-uden-salmesang\/\" \/>\n<meta property=\"og:site_name\" content=\"Mors\" \/>\n<meta property=\"article:published_time\" content=\"2020-05-11T13:10:31+00:00\" \/>\n<meta property=\"article:modified_time\" content=\"2024-08-12T12:06:08+00:00\" \/>\n<meta property=\"og:image\" content=\"https:\/\/kunmedierne.dk\/mors\/wp-content\/uploads\/2020\/04\/t\u00f8ds\u00f81.jpg\" \/>\n\t<meta property=\"og:image:width\" content=\"770\" \/>\n\t<meta property=\"og:image:height\" content=\"514\" \/>\n\t<meta property=\"og:image:type\" content=\"image\/jpeg\" \/>\n<meta name=\"author\" content=\"David H\u00f8jmark\" \/>\n<meta name=\"twitter:card\" content=\"summary_large_image\" \/>\n<meta name=\"twitter:label1\" content=\"Skrevet af\" \/>\n\t<meta name=\"twitter:data1\" content=\"David H\u00f8jmark\" \/>\n\t<meta name=\"twitter:label2\" content=\"Estimeret l\u00e6setid\" \/>\n\t<meta name=\"twitter:data2\" content=\"3 minutter\" \/>\n<script type=\"application\/ld+json\" class=\"yoast-schema-graph\">{\"@context\":\"https:\/\/schema.org\",\"@graph\":[{\"@type\":\"Article\",\"@id\":\"https:\/\/kunmedierne.dk\/mors\/aabing-af-kirkerne-kan-byde-paa-gudstjenester-uden-salmesang\/#article\",\"isPartOf\":{\"@id\":\"https:\/\/kunmedierne.dk\/mors\/aabing-af-kirkerne-kan-byde-paa-gudstjenester-uden-salmesang\/\"},\"author\":{\"name\":\"David H\u00f8jmark\",\"@id\":\"https:\/\/kunmedierne.dk\/mors\/#\/schema\/person\/5fe23251bf1d0abbcdc6f7896579d548\"},\"headline\":\"\u00c5bning af kirkerne kan byde p\u00e5 gudstjenester uden salmesang\",\"datePublished\":\"2020-05-11T13:10:31+00:00\",\"dateModified\":\"2024-08-12T12:06:08+00:00\",\"mainEntityOfPage\":{\"@id\":\"https:\/\/kunmedierne.dk\/mors\/aabing-af-kirkerne-kan-byde-paa-gudstjenester-uden-salmesang\/\"},\"wordCount\":546,\"commentCount\":0,\"publisher\":{\"@id\":\"https:\/\/kunmedierne.dk\/mors\/#organization\"},\"image\":{\"@id\":\"https:\/\/kunmedierne.dk\/mors\/aabing-af-kirkerne-kan-byde-paa-gudstjenester-uden-salmesang\/#primaryimage\"},\"thumbnailUrl\":\"https:\/\/kunmedierne.dk\/mors\/wp-content\/uploads\/2020\/04\/t\u00f8ds\u00f81.jpg\",\"keywords\":[\"Kirkestof\"],\"articleSection\":[\"Lokalt\"],\"inLanguage\":\"da-DK\",\"potentialAction\":[{\"@type\":\"CommentAction\",\"name\":\"Comment\",\"target\":[\"https:\/\/kunmedierne.dk\/mors\/aabing-af-kirkerne-kan-byde-paa-gudstjenester-uden-salmesang\/#respond\"]}]},{\"@type\":\"WebPage\",\"@id\":\"https:\/\/kunmedierne.dk\/mors\/aabing-af-kirkerne-kan-byde-paa-gudstjenester-uden-salmesang\/\",\"url\":\"https:\/\/kunmedierne.dk\/mors\/aabing-af-kirkerne-kan-byde-paa-gudstjenester-uden-salmesang\/\",\"name\":\"\u00c5bning af kirkerne kan byde p\u00e5 gudstjenester uden salmesang - Mors\",\"isPartOf\":{\"@id\":\"https:\/\/kunmedierne.dk\/mors\/#website\"},\"primaryImageOfPage\":{\"@id\":\"https:\/\/kunmedierne.dk\/mors\/aabing-af-kirkerne-kan-byde-paa-gudstjenester-uden-salmesang\/#primaryimage\"},\"image\":{\"@id\":\"https:\/\/kunmedierne.dk\/mors\/aabing-af-kirkerne-kan-byde-paa-gudstjenester-uden-salmesang\/#primaryimage\"},\"thumbnailUrl\":\"https:\/\/kunmedierne.dk\/mors\/wp-content\/uploads\/2020\/04\/t\u00f8ds\u00f81.jpg\",\"datePublished\":\"2020-05-11T13:10:31+00:00\",\"dateModified\":\"2024-08-12T12:06:08+00:00\",\"breadcrumb\":{\"@id\":\"https:\/\/kunmedierne.dk\/mors\/aabing-af-kirkerne-kan-byde-paa-gudstjenester-uden-salmesang\/#breadcrumb\"},\"inLanguage\":\"da-DK\",\"potentialAction\":[{\"@type\":\"ReadAction\",\"target\":[\"https:\/\/kunmedierne.dk\/mors\/aabing-af-kirkerne-kan-byde-paa-gudstjenester-uden-salmesang\/\"]}]},{\"@type\":\"ImageObject\",\"inLanguage\":\"da-DK\",\"@id\":\"https:\/\/kunmedierne.dk\/mors\/aabing-af-kirkerne-kan-byde-paa-gudstjenester-uden-salmesang\/#primaryimage\",\"url\":\"https:\/\/kunmedierne.dk\/mors\/wp-content\/uploads\/2020\/04\/t\u00f8ds\u00f81.jpg\",\"contentUrl\":\"https:\/\/kunmedierne.dk\/mors\/wp-content\/uploads\/2020\/04\/t\u00f8ds\u00f81.jpg\",\"width\":770,\"height\":514,\"caption\":\"T\u00f8ds\u00f8 Kirke. Foto: Niels Clemmensen\/Aalborg Stift\"},{\"@type\":\"BreadcrumbList\",\"@id\":\"https:\/\/kunmedierne.dk\/mors\/aabing-af-kirkerne-kan-byde-paa-gudstjenester-uden-salmesang\/#breadcrumb\",\"itemListElement\":[{\"@type\":\"ListItem\",\"position\":1,\"name\":\"Hjem\",\"item\":\"https:\/\/kunmedierne.dk\/mors\/\"},{\"@type\":\"ListItem\",\"position\":2,\"name\":\"\u00c5bning af kirkerne kan byde p\u00e5 gudstjenester uden salmesang\"}]},{\"@type\":\"WebSite\",\"@id\":\"https:\/\/kunmedierne.dk\/mors\/#website\",\"url\":\"https:\/\/kunmedierne.dk\/mors\/\",\"name\":\"Mors\",\"description\":\"et netmedie med journalistik om livet p\u00e5 Mors\",\"publisher\":{\"@id\":\"https:\/\/kunmedierne.dk\/mors\/#organization\"},\"potentialAction\":[{\"@type\":\"SearchAction\",\"target\":{\"@type\":\"EntryPoint\",\"urlTemplate\":\"https:\/\/kunmedierne.dk\/mors\/?s={search_term_string}\"},\"query-input\":{\"@type\":\"PropertyValueSpecification\",\"valueRequired\":true,\"valueName\":\"search_term_string\"}}],\"inLanguage\":\"da-DK\"},{\"@type\":\"Organization\",\"@id\":\"https:\/\/kunmedierne.dk\/mors\/#organization\",\"name\":\"Mors\",\"url\":\"https:\/\/kunmedierne.dk\/mors\/\",\"logo\":{\"@type\":\"ImageObject\",\"inLanguage\":\"da-DK\",\"@id\":\"https:\/\/kunmedierne.dk\/mors\/#\/schema\/logo\/image\/\",\"url\":\"https:\/\/kunmedierne.dk\/mors\/wp-content\/uploads\/2024\/08\/kunmors-logo.svg\",\"contentUrl\":\"https:\/\/kunmedierne.dk\/mors\/wp-content\/uploads\/2024\/08\/kunmors-logo.svg\",\"caption\":\"Mors\"},\"image\":{\"@id\":\"https:\/\/kunmedierne.dk\/mors\/#\/schema\/logo\/image\/\"}},{\"@type\":\"Person\",\"@id\":\"https:\/\/kunmedierne.dk\/mors\/#\/schema\/person\/5fe23251bf1d0abbcdc6f7896579d548\",\"name\":\"David H\u00f8jmark\",\"image\":{\"@type\":\"ImageObject\",\"inLanguage\":\"da-DK\",\"@id\":\"https:\/\/kunmedierne.dk\/mors\/#\/schema\/person\/image\/\",\"url\":\"https:\/\/secure.gravatar.com\/avatar\/4315d6fb9ef244d729989f5f90268eb08d5bf8a3d84402f595fa194bb35784fd?s=96&d=mm&r=g\",\"contentUrl\":\"https:\/\/secure.gravatar.com\/avatar\/4315d6fb9ef244d729989f5f90268eb08d5bf8a3d84402f595fa194bb35784fd?s=96&d=mm&r=g\",\"caption\":\"David H\u00f8jmark\"},\"sameAs\":[\"https:\/\/www.kunmedierne.dk\"],\"url\":\"https:\/\/kunmedierne.dk\/mors\/author\/david\/\"}]}<\/script>\n<!-- \/ Yoast SEO plugin. -->","yoast_head_json":{"title":"\u00c5bning af kirkerne kan byde p\u00e5 gudstjenester uden salmesang - Mors","robots":{"index":"index","follow":"follow","max-snippet":"max-snippet:-1","max-image-preview":"max-image-preview:large","max-video-preview":"max-video-preview:-1"},"canonical":"https:\/\/kunmedierne.dk\/mors\/aabing-af-kirkerne-kan-byde-paa-gudstjenester-uden-salmesang\/","og_locale":"da_DK","og_type":"article","og_title":"\u00c5bning af kirkerne kan byde p\u00e5 gudstjenester uden salmesang - Mors","og_description":"T\u00d8DS\u00d8: Den gradvise \u00e5bning af samfundet byder ogs\u00e5 p\u00e5 \u00e5bning af kirkerne. Det bliver fra 18. maj &#8211; ugen med Kristi himmelfartsdag. Men hvordan gudstjenesterne helt pr\u00e6cist skal foreg\u00e5, er indtil videre et \u00e5bent sp\u00f8rgsm\u00e5l. Det m\u00e6rker blandt mange andre Joan Amalie Holck. Hun er sognepr\u00e6st i T\u00f8ds\u00f8-Alsted-S\u00f8nder Dr\u00e5by Pastorat og gl\u00e6der sig til igen [&hellip;]","og_url":"https:\/\/kunmedierne.dk\/mors\/aabing-af-kirkerne-kan-byde-paa-gudstjenester-uden-salmesang\/","og_site_name":"Mors","article_published_time":"2020-05-11T13:10:31+00:00","article_modified_time":"2024-08-12T12:06:08+00:00","og_image":[{"width":770,"height":514,"url":"https:\/\/kunmedierne.dk\/mors\/wp-content\/uploads\/2020\/04\/t\u00f8ds\u00f81.jpg","type":"image\/jpeg"}],"author":"David H\u00f8jmark","twitter_card":"summary_large_image","twitter_misc":{"Skrevet af":"David H\u00f8jmark","Estimeret l\u00e6setid":"3 minutter"},"schema":{"@context":"https:\/\/schema.org","@graph":[{"@type":"Article","@id":"https:\/\/kunmedierne.dk\/mors\/aabing-af-kirkerne-kan-byde-paa-gudstjenester-uden-salmesang\/#article","isPartOf":{"@id":"https:\/\/kunmedierne.dk\/mors\/aabing-af-kirkerne-kan-byde-paa-gudstjenester-uden-salmesang\/"},"author":{"name":"David H\u00f8jmark","@id":"https:\/\/kunmedierne.dk\/mors\/#\/schema\/person\/5fe23251bf1d0abbcdc6f7896579d548"},"headline":"\u00c5bning af kirkerne kan byde p\u00e5 gudstjenester uden salmesang","datePublished":"2020-05-11T13:10:31+00:00","dateModified":"2024-08-12T12:06:08+00:00","mainEntityOfPage":{"@id":"https:\/\/kunmedierne.dk\/mors\/aabing-af-kirkerne-kan-byde-paa-gudstjenester-uden-salmesang\/"},"wordCount":546,"commentCount":0,"publisher":{"@id":"https:\/\/kunmedierne.dk\/mors\/#organization"},"image":{"@id":"https:\/\/kunmedierne.dk\/mors\/aabing-af-kirkerne-kan-byde-paa-gudstjenester-uden-salmesang\/#primaryimage"},"thumbnailUrl":"https:\/\/kunmedierne.dk\/mors\/wp-content\/uploads\/2020\/04\/t\u00f8ds\u00f81.jpg","keywords":["Kirkestof"],"articleSection":["Lokalt"],"inLanguage":"da-DK","potentialAction":[{"@type":"CommentAction","name":"Comment","target":["https:\/\/kunmedierne.dk\/mors\/aabing-af-kirkerne-kan-byde-paa-gudstjenester-uden-salmesang\/#respond"]}]},{"@type":"WebPage","@id":"https:\/\/kunmedierne.dk\/mors\/aabing-af-kirkerne-kan-byde-paa-gudstjenester-uden-salmesang\/","url":"https:\/\/kunmedierne.dk\/mors\/aabing-af-kirkerne-kan-byde-paa-gudstjenester-uden-salmesang\/","name":"\u00c5bning af kirkerne kan byde p\u00e5 gudstjenester uden salmesang - Mors","isPartOf":{"@id":"https:\/\/kunmedierne.dk\/mors\/#website"},"primaryImageOfPage":{"@id":"https:\/\/kunmedierne.dk\/mors\/aabing-af-kirkerne-kan-byde-paa-gudstjenester-uden-salmesang\/#primaryimage"},"image":{"@id":"https:\/\/kunmedierne.dk\/mors\/aabing-af-kirkerne-kan-byde-paa-gudstjenester-uden-salmesang\/#primaryimage"},"thumbnailUrl":"https:\/\/kunmedierne.dk\/mors\/wp-content\/uploads\/2020\/04\/t\u00f8ds\u00f81.jpg","datePublished":"2020-05-11T13:10:31+00:00","dateModified":"2024-08-12T12:06:08+00:00","breadcrumb":{"@id":"https:\/\/kunmedierne.dk\/mors\/aabing-af-kirkerne-kan-byde-paa-gudstjenester-uden-salmesang\/#breadcrumb"},"inLanguage":"da-DK","potentialAction":[{"@type":"ReadAction","target":["https:\/\/kunmedierne.dk\/mors\/aabing-af-kirkerne-kan-byde-paa-gudstjenester-uden-salmesang\/"]}]},{"@type":"ImageObject","inLanguage":"da-DK","@id":"https:\/\/kunmedierne.dk\/mors\/aabing-af-kirkerne-kan-byde-paa-gudstjenester-uden-salmesang\/#primaryimage","url":"https:\/\/kunmedierne.dk\/mors\/wp-content\/uploads\/2020\/04\/t\u00f8ds\u00f81.jpg","contentUrl":"https:\/\/kunmedierne.dk\/mors\/wp-content\/uploads\/2020\/04\/t\u00f8ds\u00f81.jpg","width":770,"height":514,"caption":"T\u00f8ds\u00f8 Kirke. Foto: Niels Clemmensen\/Aalborg Stift"},{"@type":"BreadcrumbList","@id":"https:\/\/kunmedierne.dk\/mors\/aabing-af-kirkerne-kan-byde-paa-gudstjenester-uden-salmesang\/#breadcrumb","itemListElement":[{"@type":"ListItem","position":1,"name":"Hjem","item":"https:\/\/kunmedierne.dk\/mors\/"},{"@type":"ListItem","position":2,"name":"\u00c5bning af kirkerne kan byde p\u00e5 gudstjenester uden salmesang"}]},{"@type":"WebSite","@id":"https:\/\/kunmedierne.dk\/mors\/#website","url":"https:\/\/kunmedierne.dk\/mors\/","name":"Mors","description":"et netmedie med journalistik om livet p\u00e5 Mors","publisher":{"@id":"https:\/\/kunmedierne.dk\/mors\/#organization"},"potentialAction":[{"@type":"SearchAction","target":{"@type":"EntryPoint","urlTemplate":"https:\/\/kunmedierne.dk\/mors\/?s={search_term_string}"},"query-input":{"@type":"PropertyValueSpecification","valueRequired":true,"valueName":"search_term_string"}}],"inLanguage":"da-DK"},{"@type":"Organization","@id":"https:\/\/kunmedierne.dk\/mors\/#organization","name":"Mors","url":"https:\/\/kunmedierne.dk\/mors\/","logo":{"@type":"ImageObject","inLanguage":"da-DK","@id":"https:\/\/kunmedierne.dk\/mors\/#\/schema\/logo\/image\/","url":"https:\/\/kunmedierne.dk\/mors\/wp-content\/uploads\/2024\/08\/kunmors-logo.svg","contentUrl":"https:\/\/kunmedierne.dk\/mors\/wp-content\/uploads\/2024\/08\/kunmors-logo.svg","caption":"Mors"},"image":{"@id":"https:\/\/kunmedierne.dk\/mors\/#\/schema\/logo\/image\/"}},{"@type":"Person","@id":"https:\/\/kunmedierne.dk\/mors\/#\/schema\/person\/5fe23251bf1d0abbcdc6f7896579d548","name":"David H\u00f8jmark","image":{"@type":"ImageObject","inLanguage":"da-DK","@id":"https:\/\/kunmedierne.dk\/mors\/#\/schema\/person\/image\/","url":"https:\/\/secure.gravatar.com\/avatar\/4315d6fb9ef244d729989f5f90268eb08d5bf8a3d84402f595fa194bb35784fd?s=96&d=mm&r=g","contentUrl":"https:\/\/secure.gravatar.com\/avatar\/4315d6fb9ef244d729989f5f90268eb08d5bf8a3d84402f595fa194bb35784fd?s=96&d=mm&r=g","caption":"David H\u00f8jmark"},"sameAs":["https:\/\/www.kunmedierne.dk"],"url":"https:\/\/kunmedierne.dk\/mors\/author\/david\/"}]}},"_links":{"self":[{"href":"https:\/\/kunmedierne.dk\/mors\/wp-json\/wp\/v2\/posts\/21275","targetHints":{"allow":["GET"]}}],"collection":[{"href":"https:\/\/kunmedierne.dk\/mors\/wp-json\/wp\/v2\/posts"}],"about":[{"href":"https:\/\/kunmedierne.dk\/mors\/wp-json\/wp\/v2\/types\/post"}],"author":[{"embeddable":true,"href":"https:\/\/kunmedierne.dk\/mors\/wp-json\/wp\/v2\/users\/8"}],"replies":[{"embeddable":true,"href":"https:\/\/kunmedierne.dk\/mors\/wp-json\/wp\/v2\/comments?post=21275"}],"version-history":[{"count":4,"href":"https:\/\/kunmedierne.dk\/mors\/wp-json\/wp\/v2\/posts\/21275\/revisions"}],"predecessor-version":[{"id":21279,"href":"https:\/\/kunmedierne.dk\/mors\/wp-json\/wp\/v2\/posts\/21275\/revisions\/21279"}],"wp:featuredmedia":[{"embeddable":true,"href":"https:\/\/kunmedierne.dk\/mors\/wp-json\/wp\/v2\/media\/18445"}],"wp:attachment":[{"href":"https:\/\/kunmedierne.dk\/mors\/wp-json\/wp\/v2\/media?parent=21275"}],"wp:term":[{"taxonomy":"category","embeddable":true,"href":"https:\/\/kunmedierne.dk\/mors\/wp-json\/wp\/v2\/categories?post=21275"},{"taxonomy":"post_tag","embeddable":true,"href":"https:\/\/kunmedierne.dk\/mors\/wp-json\/wp\/v2\/tags?post=21275"}],"curies":[{"name":"wp","href":"https:\/\/api.w.org\/{rel}","templated":true}]}}