{"id":20964,"date":"2020-05-08T14:56:40","date_gmt":"2020-05-08T12:56:40","guid":{"rendered":"https:\/\/kunmedierne.dk\/mors\/?p=20964"},"modified":"2024-08-12T14:06:08","modified_gmt":"2024-08-12T12:06:08","slug":"jesperhus-det-hele-er-et-kaempe-rod","status":"publish","type":"post","link":"https:\/\/kunmedierne.dk\/mors\/jesperhus-det-hele-er-et-kaempe-rod\/","title":{"rendered":"Jesperhus: &#8211; Det hele er et k\u00e6mpe rod"},"content":{"rendered":"<p><strong>LEGIND<\/strong>: De var n\u00e6sten p\u00e5 vej op p\u00e5 bordene for at danse af gl\u00e6de. Men Jesperhus Feriepark og de mange folk omkring \u00f8ens st\u00f8rste tr\u00e6kplaster er nu et helt andet sted p\u00e5 hum\u00f8rskalaen.<\/p>\n<p>&#8220;Det er tr\u00e6ls, det m\u00e5 man sige,&#8221; siger Peter Overgaard, direkt\u00f8r i Jesperhus, efter at have f\u00e5et mere overblik over konsekvenserne af den fase i \u00e5bningen af samfundet, som statsminister Mette Frederiksen meddelte torsdag aften.<\/p>\n<p>Og s\u00e5 er &#8216;overblik&#8217; faktisk et helt forkert ord at bruge, for sagen er n\u00e6rmere, at der hersker stor forvirring om, hvad Jesperhus m\u00e5 g\u00f8re &#8211; og hvorn\u00e5r.<\/p>\n<p>&#8220;Vi fors\u00f8ger at f\u00e5 status over, hvad vi forventer, at vi m\u00e5. Og s\u00e5 er vi n\u00f8dt til i n\u00e6ste uge at f\u00e5 noget mere afklaring fra myndighederne,&#8221; siger Peter Overgaard og henviser til et opslag p\u00e5 ferieparkens Facebook-side, der g\u00f8r denne status: &#8216;Det hele er et k\u00e6mpe rod. Vi kan godt forsta\u030a hvis I er forvirrede, for det er vi ogs\u00e5. Myndighederne har endnu ikke alle svarene. Is\u00e6r ikke for os, som er en hybrid af 15-20 forskellige ting.&#8217;<\/p>\n<p>&nbsp;<\/p>\n<p><b>Risiko for badeland og abeland <\/b><\/p>\n<p><b><\/b>Det er nemlig sagen for Jesperhus Feriepark, der i mods\u00e6tning til andre af landets store forlystelser har vidt forskellige tilbud: Fra blomsterpark og zoo til golf, minigolf, campingplads, restauranter, 4D-biograf og mountainbike &#8211; for bare at n\u00e6vne et udpluk.<\/p>\n<p>Og s\u00e5 er der de meget popul\u00e6re nyskabelser: Hugos badeland og Zik og Zaks abeland. De alene er grunden til, at de f\u00f8rn\u00e6vnte borde ikke blev betr\u00e5dt af dansende f\u00f8dder.<\/p>\n<p>&#8220;Vi har s\u00e5 mange uafklarede punkter. Det ser ud til, at vi ikke kan \u00e5bne vandland. Det er med i fase 4, og det er f\u00f8rst til august. Det er der, den bliver dramatisk for os,&#8221; siger Peter Overgaard og resumerer reaktionen, efterh\u00e5nden som oplysningerne blev ford\u00f8jet.<\/p>\n<p>&#8220;F\u00f8rst t\u00e6nkte vi: &#8216;Okay, fint nok, inden juni kan vi \u00e5bne det hele.&#8217; Det kunne vi leve med &#8211; b\u00e5de park, camping og alting. Med sikkerhed og restriktioner om antal personer og s\u00e5dan noget. Der har vi jo i forvejen lavet sikkerhedsplaner for, hvordan vi kan styre det med antal personer og afstand. Men bomben er, hvis vi ikke kan \u00e5bne det, der er vores seneste to \u00e5rs nyheder, Hugos badeland og Zik og Zaks abeland, f\u00f8r til august. Det er godt nok tr\u00e6ls,&#8221; siger han.<\/p>\n<p>&nbsp;<\/p>\n<p><strong>Fuldst\u00e6ndig grotesk<\/strong><\/p>\n<p>Peter Overgaard sl\u00e5r samtidig koldt vand i blodet og finder h\u00e5b i, at to af ferieparkens helt store aktiver m\u00e5ske stadig kan komme i spil. Men hvis det ikke sker, vil det kunne m\u00e6rkes. Ogs\u00e5 p\u00e5 forst\u00e5elsen over myndighedernes valg.<\/p>\n<div id=\"attachment_20966\" style=\"width: 310px\" class=\"wp-caption alignright\"><img loading=\"lazy\" decoding=\"async\" aria-describedby=\"caption-attachment-20966\" class=\"wp-image-20966 size-medium\" src=\"https:\/\/kunmedierne.dk\/mors\/wp-content\/uploads\/2020\/05\/jesperhus6-300x200.jpg\" alt=\"\" width=\"300\" height=\"200\" srcset=\"https:\/\/kunmedierne.dk\/mors\/wp-content\/uploads\/2020\/05\/jesperhus6-300x200.jpg 300w, https:\/\/kunmedierne.dk\/mors\/wp-content\/uploads\/2020\/05\/jesperhus6-768x512.jpg 768w, https:\/\/kunmedierne.dk\/mors\/wp-content\/uploads\/2020\/05\/jesperhus6-360x240.jpg 360w, https:\/\/kunmedierne.dk\/mors\/wp-content\/uploads\/2020\/05\/jesperhus6-600x400.jpg 600w, https:\/\/kunmedierne.dk\/mors\/wp-content\/uploads\/2020\/05\/jesperhus6.jpg 770w\" sizes=\"auto, (max-width: 300px) 100vw, 300px\" \/><p id=\"caption-attachment-20966\" class=\"wp-caption-text\">Hugos badeland kan v\u00e6re lukket land helt frem til august. Foto: David H\u00f8jmark<\/p><\/div>\n<p>&#8220;Det er jo ikke sikkert, at det ender s\u00e5dan, men det er godt nok en stor del af vores oplevelsespark for dem, der bor her. Selvf\u00f8lgelig har vi mange andre ting, og vores show- og underholdningsafdeling skal nok finde p\u00e5 noget nyt. Men alts\u00e5, pr\u00f8v at t\u00e6nke p\u00e5 Lalandia, hvis de ikke m\u00e5 \u00e5bne deres vandland. Det er jo alt det indend\u00f8rs, der ikke m\u00e5 \u00e5bne, og det er fuldst\u00e6ndig grotesk, n\u00e5r man m\u00e5 g\u00e5 rundt i Bilka eller Ikea &#8211; og s\u00e5 m\u00e5 du ikke \u00e5bne et vandland,&#8221; siger han.<\/p>\n<p>&#8220;Vi kunne forst\u00e5 det, hvis man lavede en begr\u00e6nsning med 100 ad gangen og afstand og alt s\u00e5dan nogen nogle ting,&#8221; siger Peter Overgaard.<\/p>\n<p>&nbsp;<\/p>\n<p><strong>Mister mange millioner<\/strong><\/p>\n<p>Hvor stort et bel\u00f8b, Jesperhus st\u00e5r til at tabe, hvis de to forlystelser forbliver lukkede til langt hen i s\u00e6sonen, har han ikke overblik over endnu.<\/p>\n<p>&#8220;Vi har heldigvis haft s\u00e5 mange gode \u00e5r, at det ikke er noget, vi g\u00e5r konkurs p\u00e5. Det er et vigtigt signal at sende. Men vi kan jo miste alle de penge, vi har tjent i to-tre \u00e5r, og som vi har investeret igen og haft planer om at investere endnu mere for. Vi har en ret god plan for de n\u00e6ste \u00e5r, men alt s\u00e5dan noget bliver jo sat i st\u00e5. Vi mister mange millioner, men hvor mange det er, ved vi ikke,&#8221; siger han.<\/p>\n<p>Samtidig h\u00e5ber han p\u00e5 muligheden for at \u00e5bne det udend\u00f8rs vandland sammen med de andre ting, Jesperhus p\u00e5 trods af en decimeret s\u00e6son trods alt kan tilbyde. Men alt sammen, understreger Peter Overgaard, er med forbehold for, hvad myndighederne siger.<\/p>\n<p><em>&#8220;Skulle de have gjort det p\u00e5 en anden m\u00e5de?&#8221;<\/em><\/p>\n<p>&#8220;Det er sv\u00e6rt at kloge i, for det er jo ikke en nem opgave. Men det virker m\u00e6rkeligt, at man godt m\u00e5 v\u00e6re rigtig mange mennesker i et shoppingcenter, og s\u00e5 m\u00e5 man ikke v\u00e6re i et legeland og et vandland. Det virker godt nok m\u00e6rkeligt,&#8221; siger Jesperhus-direkt\u00f8ren.<\/p>\n<p>&nbsp;<\/p>\n<p><strong>Sp\u00e6ndende udfordringer forude<\/strong><\/p>\n<p>Han forventer, at der nu vil lyde et ramaskrig &#8211; blandt andet fra Lalandia og andre, der m\u00e5 se s\u00e6sonen trukket v\u00e6k under f\u00f8dderne p\u00e5 sig.<\/p>\n<p>&#8220;Og s\u00e5 h\u00e5ber vi, at der kommer noget fornuft i tingene, for det er godt nok m\u00e6rkeligt,&#8221; siger han.<\/p>\n<p>Samtidig s\u00e6tter han sin lid til, at Jesperhus kan hente noget af det tabte hjem p\u00e5 en s\u00e6son, der er forl\u00e6nget helt frem til jul &#8211; med halloween i hele oktober og jule-weekender i november og december.<\/p>\n<p>Og hen over sommeren vil Jesperhus ogs\u00e5 tilbyde sine g\u00e6ster s\u00e5 meget som muligt.<\/p>\n<p>&#8220;Vi skal nok udvikle og v\u00e6re s\u00e5 kreative, som vi overhovedet m\u00e5,&#8221; siger Peter Overgaard.<\/p>\n<p><em>&#8220;Men der vil jo stadig v\u00e6re begr\u00e6nsninger?&#8221;<\/em><\/p>\n<p>&#8220;Ja, det er jo der, den ligger. Vi skal nok finde p\u00e5 en masse, men det bliver ud fra, hvad vi m\u00e5. S\u00e5 der er en masse sp\u00e6ndende udfordringer i de kommende uger p\u00e5, hvordan vi f\u00e5r det strikket sammen i forhold til lovgivningen,&#8221; siger han.<\/p>\n<p>&nbsp;<\/p>\n<p><strong>En l\u00f8ftet arm kom ned<\/strong><\/p>\n<p>Midt i frustrationerne over uvished for s\u00e6sonen understreger han flere gange, at Jesperhus er glad for at kunne \u00e5bne til h\u00f8js\u00e6sonen. Og at man nok skal klare sig igennem udfordringerne &#8211; ogs\u00e5 med en barsk s\u00e6son, som der nu er udsigt til.<\/p>\n<p>&#8220;Det er jeg ikke bange for, men selvf\u00f8lgelig kommer det til at koste,&#8221; siger han og skitserer forvandlingen p\u00e5 hum\u00f8ret undervejs i meldingerne om n\u00e6ste fase i \u00e5bningen af samfundet.<\/p>\n<p>&#8220;Der var \u00e9n l\u00f8ftet arm i starten, da de sagde 9. juni &#8211; og vi sagde: &#8216;Okay, bare vi kan \u00e5bne parken inden h\u00f8js\u00e6sonen, er vi egentlig glade.&#8217; Men da vi s\u00e5 lige pludselig ikke kunne \u00e5bne vandland og abeland, kom de godt nok ned igen.&#8221;<\/p>\n<p>&#8220;Nu g\u00f8r vi s\u00e5 alt for at f\u00e5 dem op igen ved at finde p\u00e5 kreative l\u00f8sninger,&#8221; siger Peter Overgaard.<\/p>\n<p>https:\/\/www.facebook.com\/jesperhus\/posts\/10159743024481102<\/p>\n","protected":false},"excerpt":{"rendered":"<p>LEGIND: De var n\u00e6sten p\u00e5 vej op p\u00e5 bordene for at danse af gl\u00e6de. Men Jesperhus Feriepark og de mange folk omkring \u00f8ens st\u00f8rste tr\u00e6kplaster er nu et helt andet sted p\u00e5 hum\u00f8rskalaen. &#8220;Det er tr\u00e6ls, det m\u00e5 man sige,&#8221; siger Peter Overgaard, direkt\u00f8r i Jesperhus, efter at have f\u00e5et mere overblik over konsekvenserne af [&hellip;]<\/p>\n","protected":false},"author":8,"featured_media":20965,"comment_status":"open","ping_status":"open","sticky":false,"template":"","format":"standard","meta":{"_acf_changed":false,"footnotes":""},"categories":[51],"tags":[171],"class_list":["post-20964","post","type-post","status-publish","format-standard","has-post-thumbnail","hentry","category-lokalt","tag-turisme"],"acf":[],"yoast_head":"<!-- This site is optimized with the Yoast SEO plugin v26.8 - https:\/\/yoast.com\/product\/yoast-seo-wordpress\/ -->\n<title>Jesperhus: - Det hele er et k\u00e6mpe rod - Mors<\/title>\n<meta name=\"robots\" content=\"index, follow, max-snippet:-1, max-image-preview:large, max-video-preview:-1\" \/>\n<link rel=\"canonical\" href=\"https:\/\/kunmedierne.dk\/mors\/jesperhus-det-hele-er-et-kaempe-rod\/\" \/>\n<meta property=\"og:locale\" content=\"da_DK\" \/>\n<meta property=\"og:type\" content=\"article\" \/>\n<meta property=\"og:title\" content=\"Jesperhus: - Det hele er et k\u00e6mpe rod - Mors\" \/>\n<meta property=\"og:description\" content=\"LEGIND: De var n\u00e6sten p\u00e5 vej op p\u00e5 bordene for at danse af gl\u00e6de. Men Jesperhus Feriepark og de mange folk omkring \u00f8ens st\u00f8rste tr\u00e6kplaster er nu et helt andet sted p\u00e5 hum\u00f8rskalaen. &#8220;Det er tr\u00e6ls, det m\u00e5 man sige,&#8221; siger Peter Overgaard, direkt\u00f8r i Jesperhus, efter at have f\u00e5et mere overblik over konsekvenserne af [&hellip;]\" \/>\n<meta property=\"og:url\" content=\"https:\/\/kunmedierne.dk\/mors\/jesperhus-det-hele-er-et-kaempe-rod\/\" \/>\n<meta property=\"og:site_name\" content=\"Mors\" \/>\n<meta property=\"article:published_time\" content=\"2020-05-08T12:56:40+00:00\" \/>\n<meta property=\"article:modified_time\" content=\"2024-08-12T12:06:08+00:00\" \/>\n<meta property=\"og:image\" content=\"https:\/\/kunmedierne.dk\/mors\/wp-content\/uploads\/2020\/05\/jesperhus1.jpg\" \/>\n\t<meta property=\"og:image:width\" content=\"770\" \/>\n\t<meta property=\"og:image:height\" content=\"513\" \/>\n\t<meta property=\"og:image:type\" content=\"image\/jpeg\" \/>\n<meta name=\"author\" content=\"David H\u00f8jmark\" \/>\n<meta name=\"twitter:card\" content=\"summary_large_image\" \/>\n<meta name=\"twitter:label1\" content=\"Skrevet af\" \/>\n\t<meta name=\"twitter:data1\" content=\"David H\u00f8jmark\" \/>\n\t<meta name=\"twitter:label2\" content=\"Estimeret l\u00e6setid\" \/>\n\t<meta name=\"twitter:data2\" content=\"6 minutter\" \/>\n<script type=\"application\/ld+json\" class=\"yoast-schema-graph\">{\"@context\":\"https:\/\/schema.org\",\"@graph\":[{\"@type\":\"Article\",\"@id\":\"https:\/\/kunmedierne.dk\/mors\/jesperhus-det-hele-er-et-kaempe-rod\/#article\",\"isPartOf\":{\"@id\":\"https:\/\/kunmedierne.dk\/mors\/jesperhus-det-hele-er-et-kaempe-rod\/\"},\"author\":{\"name\":\"David H\u00f8jmark\",\"@id\":\"https:\/\/kunmedierne.dk\/mors\/#\/schema\/person\/5fe23251bf1d0abbcdc6f7896579d548\"},\"headline\":\"Jesperhus: &#8211; Det hele er et k\u00e6mpe rod\",\"datePublished\":\"2020-05-08T12:56:40+00:00\",\"dateModified\":\"2024-08-12T12:06:08+00:00\",\"mainEntityOfPage\":{\"@id\":\"https:\/\/kunmedierne.dk\/mors\/jesperhus-det-hele-er-et-kaempe-rod\/\"},\"wordCount\":1193,\"commentCount\":0,\"publisher\":{\"@id\":\"https:\/\/kunmedierne.dk\/mors\/#organization\"},\"image\":{\"@id\":\"https:\/\/kunmedierne.dk\/mors\/jesperhus-det-hele-er-et-kaempe-rod\/#primaryimage\"},\"thumbnailUrl\":\"https:\/\/kunmedierne.dk\/mors\/wp-content\/uploads\/2020\/05\/jesperhus1.jpg\",\"keywords\":[\"Turisme\"],\"articleSection\":[\"Lokalt\"],\"inLanguage\":\"da-DK\",\"potentialAction\":[{\"@type\":\"CommentAction\",\"name\":\"Comment\",\"target\":[\"https:\/\/kunmedierne.dk\/mors\/jesperhus-det-hele-er-et-kaempe-rod\/#respond\"]}]},{\"@type\":\"WebPage\",\"@id\":\"https:\/\/kunmedierne.dk\/mors\/jesperhus-det-hele-er-et-kaempe-rod\/\",\"url\":\"https:\/\/kunmedierne.dk\/mors\/jesperhus-det-hele-er-et-kaempe-rod\/\",\"name\":\"Jesperhus: - Det hele er et k\u00e6mpe rod - Mors\",\"isPartOf\":{\"@id\":\"https:\/\/kunmedierne.dk\/mors\/#website\"},\"primaryImageOfPage\":{\"@id\":\"https:\/\/kunmedierne.dk\/mors\/jesperhus-det-hele-er-et-kaempe-rod\/#primaryimage\"},\"image\":{\"@id\":\"https:\/\/kunmedierne.dk\/mors\/jesperhus-det-hele-er-et-kaempe-rod\/#primaryimage\"},\"thumbnailUrl\":\"https:\/\/kunmedierne.dk\/mors\/wp-content\/uploads\/2020\/05\/jesperhus1.jpg\",\"datePublished\":\"2020-05-08T12:56:40+00:00\",\"dateModified\":\"2024-08-12T12:06:08+00:00\",\"breadcrumb\":{\"@id\":\"https:\/\/kunmedierne.dk\/mors\/jesperhus-det-hele-er-et-kaempe-rod\/#breadcrumb\"},\"inLanguage\":\"da-DK\",\"potentialAction\":[{\"@type\":\"ReadAction\",\"target\":[\"https:\/\/kunmedierne.dk\/mors\/jesperhus-det-hele-er-et-kaempe-rod\/\"]}]},{\"@type\":\"ImageObject\",\"inLanguage\":\"da-DK\",\"@id\":\"https:\/\/kunmedierne.dk\/mors\/jesperhus-det-hele-er-et-kaempe-rod\/#primaryimage\",\"url\":\"https:\/\/kunmedierne.dk\/mors\/wp-content\/uploads\/2020\/05\/jesperhus1.jpg\",\"contentUrl\":\"https:\/\/kunmedierne.dk\/mors\/wp-content\/uploads\/2020\/05\/jesperhus1.jpg\",\"width\":770,\"height\":513,\"caption\":\"S\u00e6sonen kan g\u00e5 begge veje for Jesperhus, som lige nu frygter for to af de helt store aktiver. Foto: David H\u00f8jmark\"},{\"@type\":\"BreadcrumbList\",\"@id\":\"https:\/\/kunmedierne.dk\/mors\/jesperhus-det-hele-er-et-kaempe-rod\/#breadcrumb\",\"itemListElement\":[{\"@type\":\"ListItem\",\"position\":1,\"name\":\"Hjem\",\"item\":\"https:\/\/kunmedierne.dk\/mors\/\"},{\"@type\":\"ListItem\",\"position\":2,\"name\":\"Jesperhus: &#8211; Det hele er et k\u00e6mpe rod\"}]},{\"@type\":\"WebSite\",\"@id\":\"https:\/\/kunmedierne.dk\/mors\/#website\",\"url\":\"https:\/\/kunmedierne.dk\/mors\/\",\"name\":\"Mors\",\"description\":\"et netmedie med journalistik om livet p\u00e5 Mors\",\"publisher\":{\"@id\":\"https:\/\/kunmedierne.dk\/mors\/#organization\"},\"potentialAction\":[{\"@type\":\"SearchAction\",\"target\":{\"@type\":\"EntryPoint\",\"urlTemplate\":\"https:\/\/kunmedierne.dk\/mors\/?s={search_term_string}\"},\"query-input\":{\"@type\":\"PropertyValueSpecification\",\"valueRequired\":true,\"valueName\":\"search_term_string\"}}],\"inLanguage\":\"da-DK\"},{\"@type\":\"Organization\",\"@id\":\"https:\/\/kunmedierne.dk\/mors\/#organization\",\"name\":\"Mors\",\"url\":\"https:\/\/kunmedierne.dk\/mors\/\",\"logo\":{\"@type\":\"ImageObject\",\"inLanguage\":\"da-DK\",\"@id\":\"https:\/\/kunmedierne.dk\/mors\/#\/schema\/logo\/image\/\",\"url\":\"https:\/\/kunmedierne.dk\/mors\/wp-content\/uploads\/2024\/08\/kunmors-logo.svg\",\"contentUrl\":\"https:\/\/kunmedierne.dk\/mors\/wp-content\/uploads\/2024\/08\/kunmors-logo.svg\",\"caption\":\"Mors\"},\"image\":{\"@id\":\"https:\/\/kunmedierne.dk\/mors\/#\/schema\/logo\/image\/\"}},{\"@type\":\"Person\",\"@id\":\"https:\/\/kunmedierne.dk\/mors\/#\/schema\/person\/5fe23251bf1d0abbcdc6f7896579d548\",\"name\":\"David H\u00f8jmark\",\"image\":{\"@type\":\"ImageObject\",\"inLanguage\":\"da-DK\",\"@id\":\"https:\/\/kunmedierne.dk\/mors\/#\/schema\/person\/image\/\",\"url\":\"https:\/\/secure.gravatar.com\/avatar\/4315d6fb9ef244d729989f5f90268eb08d5bf8a3d84402f595fa194bb35784fd?s=96&d=mm&r=g\",\"contentUrl\":\"https:\/\/secure.gravatar.com\/avatar\/4315d6fb9ef244d729989f5f90268eb08d5bf8a3d84402f595fa194bb35784fd?s=96&d=mm&r=g\",\"caption\":\"David H\u00f8jmark\"},\"sameAs\":[\"https:\/\/www.kunmedierne.dk\"],\"url\":\"https:\/\/kunmedierne.dk\/mors\/author\/david\/\"}]}<\/script>\n<!-- \/ Yoast SEO plugin. -->","yoast_head_json":{"title":"Jesperhus: - Det hele er et k\u00e6mpe rod - Mors","robots":{"index":"index","follow":"follow","max-snippet":"max-snippet:-1","max-image-preview":"max-image-preview:large","max-video-preview":"max-video-preview:-1"},"canonical":"https:\/\/kunmedierne.dk\/mors\/jesperhus-det-hele-er-et-kaempe-rod\/","og_locale":"da_DK","og_type":"article","og_title":"Jesperhus: - Det hele er et k\u00e6mpe rod - Mors","og_description":"LEGIND: De var n\u00e6sten p\u00e5 vej op p\u00e5 bordene for at danse af gl\u00e6de. Men Jesperhus Feriepark og de mange folk omkring \u00f8ens st\u00f8rste tr\u00e6kplaster er nu et helt andet sted p\u00e5 hum\u00f8rskalaen. &#8220;Det er tr\u00e6ls, det m\u00e5 man sige,&#8221; siger Peter Overgaard, direkt\u00f8r i Jesperhus, efter at have f\u00e5et mere overblik over konsekvenserne af [&hellip;]","og_url":"https:\/\/kunmedierne.dk\/mors\/jesperhus-det-hele-er-et-kaempe-rod\/","og_site_name":"Mors","article_published_time":"2020-05-08T12:56:40+00:00","article_modified_time":"2024-08-12T12:06:08+00:00","og_image":[{"width":770,"height":513,"url":"https:\/\/kunmedierne.dk\/mors\/wp-content\/uploads\/2020\/05\/jesperhus1.jpg","type":"image\/jpeg"}],"author":"David H\u00f8jmark","twitter_card":"summary_large_image","twitter_misc":{"Skrevet af":"David H\u00f8jmark","Estimeret l\u00e6setid":"6 minutter"},"schema":{"@context":"https:\/\/schema.org","@graph":[{"@type":"Article","@id":"https:\/\/kunmedierne.dk\/mors\/jesperhus-det-hele-er-et-kaempe-rod\/#article","isPartOf":{"@id":"https:\/\/kunmedierne.dk\/mors\/jesperhus-det-hele-er-et-kaempe-rod\/"},"author":{"name":"David H\u00f8jmark","@id":"https:\/\/kunmedierne.dk\/mors\/#\/schema\/person\/5fe23251bf1d0abbcdc6f7896579d548"},"headline":"Jesperhus: &#8211; Det hele er et k\u00e6mpe rod","datePublished":"2020-05-08T12:56:40+00:00","dateModified":"2024-08-12T12:06:08+00:00","mainEntityOfPage":{"@id":"https:\/\/kunmedierne.dk\/mors\/jesperhus-det-hele-er-et-kaempe-rod\/"},"wordCount":1193,"commentCount":0,"publisher":{"@id":"https:\/\/kunmedierne.dk\/mors\/#organization"},"image":{"@id":"https:\/\/kunmedierne.dk\/mors\/jesperhus-det-hele-er-et-kaempe-rod\/#primaryimage"},"thumbnailUrl":"https:\/\/kunmedierne.dk\/mors\/wp-content\/uploads\/2020\/05\/jesperhus1.jpg","keywords":["Turisme"],"articleSection":["Lokalt"],"inLanguage":"da-DK","potentialAction":[{"@type":"CommentAction","name":"Comment","target":["https:\/\/kunmedierne.dk\/mors\/jesperhus-det-hele-er-et-kaempe-rod\/#respond"]}]},{"@type":"WebPage","@id":"https:\/\/kunmedierne.dk\/mors\/jesperhus-det-hele-er-et-kaempe-rod\/","url":"https:\/\/kunmedierne.dk\/mors\/jesperhus-det-hele-er-et-kaempe-rod\/","name":"Jesperhus: - Det hele er et k\u00e6mpe rod - Mors","isPartOf":{"@id":"https:\/\/kunmedierne.dk\/mors\/#website"},"primaryImageOfPage":{"@id":"https:\/\/kunmedierne.dk\/mors\/jesperhus-det-hele-er-et-kaempe-rod\/#primaryimage"},"image":{"@id":"https:\/\/kunmedierne.dk\/mors\/jesperhus-det-hele-er-et-kaempe-rod\/#primaryimage"},"thumbnailUrl":"https:\/\/kunmedierne.dk\/mors\/wp-content\/uploads\/2020\/05\/jesperhus1.jpg","datePublished":"2020-05-08T12:56:40+00:00","dateModified":"2024-08-12T12:06:08+00:00","breadcrumb":{"@id":"https:\/\/kunmedierne.dk\/mors\/jesperhus-det-hele-er-et-kaempe-rod\/#breadcrumb"},"inLanguage":"da-DK","potentialAction":[{"@type":"ReadAction","target":["https:\/\/kunmedierne.dk\/mors\/jesperhus-det-hele-er-et-kaempe-rod\/"]}]},{"@type":"ImageObject","inLanguage":"da-DK","@id":"https:\/\/kunmedierne.dk\/mors\/jesperhus-det-hele-er-et-kaempe-rod\/#primaryimage","url":"https:\/\/kunmedierne.dk\/mors\/wp-content\/uploads\/2020\/05\/jesperhus1.jpg","contentUrl":"https:\/\/kunmedierne.dk\/mors\/wp-content\/uploads\/2020\/05\/jesperhus1.jpg","width":770,"height":513,"caption":"S\u00e6sonen kan g\u00e5 begge veje for Jesperhus, som lige nu frygter for to af de helt store aktiver. Foto: David H\u00f8jmark"},{"@type":"BreadcrumbList","@id":"https:\/\/kunmedierne.dk\/mors\/jesperhus-det-hele-er-et-kaempe-rod\/#breadcrumb","itemListElement":[{"@type":"ListItem","position":1,"name":"Hjem","item":"https:\/\/kunmedierne.dk\/mors\/"},{"@type":"ListItem","position":2,"name":"Jesperhus: &#8211; Det hele er et k\u00e6mpe rod"}]},{"@type":"WebSite","@id":"https:\/\/kunmedierne.dk\/mors\/#website","url":"https:\/\/kunmedierne.dk\/mors\/","name":"Mors","description":"et netmedie med journalistik om livet p\u00e5 Mors","publisher":{"@id":"https:\/\/kunmedierne.dk\/mors\/#organization"},"potentialAction":[{"@type":"SearchAction","target":{"@type":"EntryPoint","urlTemplate":"https:\/\/kunmedierne.dk\/mors\/?s={search_term_string}"},"query-input":{"@type":"PropertyValueSpecification","valueRequired":true,"valueName":"search_term_string"}}],"inLanguage":"da-DK"},{"@type":"Organization","@id":"https:\/\/kunmedierne.dk\/mors\/#organization","name":"Mors","url":"https:\/\/kunmedierne.dk\/mors\/","logo":{"@type":"ImageObject","inLanguage":"da-DK","@id":"https:\/\/kunmedierne.dk\/mors\/#\/schema\/logo\/image\/","url":"https:\/\/kunmedierne.dk\/mors\/wp-content\/uploads\/2024\/08\/kunmors-logo.svg","contentUrl":"https:\/\/kunmedierne.dk\/mors\/wp-content\/uploads\/2024\/08\/kunmors-logo.svg","caption":"Mors"},"image":{"@id":"https:\/\/kunmedierne.dk\/mors\/#\/schema\/logo\/image\/"}},{"@type":"Person","@id":"https:\/\/kunmedierne.dk\/mors\/#\/schema\/person\/5fe23251bf1d0abbcdc6f7896579d548","name":"David H\u00f8jmark","image":{"@type":"ImageObject","inLanguage":"da-DK","@id":"https:\/\/kunmedierne.dk\/mors\/#\/schema\/person\/image\/","url":"https:\/\/secure.gravatar.com\/avatar\/4315d6fb9ef244d729989f5f90268eb08d5bf8a3d84402f595fa194bb35784fd?s=96&d=mm&r=g","contentUrl":"https:\/\/secure.gravatar.com\/avatar\/4315d6fb9ef244d729989f5f90268eb08d5bf8a3d84402f595fa194bb35784fd?s=96&d=mm&r=g","caption":"David H\u00f8jmark"},"sameAs":["https:\/\/www.kunmedierne.dk"],"url":"https:\/\/kunmedierne.dk\/mors\/author\/david\/"}]}},"_links":{"self":[{"href":"https:\/\/kunmedierne.dk\/mors\/wp-json\/wp\/v2\/posts\/20964","targetHints":{"allow":["GET"]}}],"collection":[{"href":"https:\/\/kunmedierne.dk\/mors\/wp-json\/wp\/v2\/posts"}],"about":[{"href":"https:\/\/kunmedierne.dk\/mors\/wp-json\/wp\/v2\/types\/post"}],"author":[{"embeddable":true,"href":"https:\/\/kunmedierne.dk\/mors\/wp-json\/wp\/v2\/users\/8"}],"replies":[{"embeddable":true,"href":"https:\/\/kunmedierne.dk\/mors\/wp-json\/wp\/v2\/comments?post=20964"}],"version-history":[{"count":4,"href":"https:\/\/kunmedierne.dk\/mors\/wp-json\/wp\/v2\/posts\/20964\/revisions"}],"predecessor-version":[{"id":20973,"href":"https:\/\/kunmedierne.dk\/mors\/wp-json\/wp\/v2\/posts\/20964\/revisions\/20973"}],"wp:featuredmedia":[{"embeddable":true,"href":"https:\/\/kunmedierne.dk\/mors\/wp-json\/wp\/v2\/media\/20965"}],"wp:attachment":[{"href":"https:\/\/kunmedierne.dk\/mors\/wp-json\/wp\/v2\/media?parent=20964"}],"wp:term":[{"taxonomy":"category","embeddable":true,"href":"https:\/\/kunmedierne.dk\/mors\/wp-json\/wp\/v2\/categories?post=20964"},{"taxonomy":"post_tag","embeddable":true,"href":"https:\/\/kunmedierne.dk\/mors\/wp-json\/wp\/v2\/tags?post=20964"}],"curies":[{"name":"wp","href":"https:\/\/api.w.org\/{rel}","templated":true}]}}