{"id":20788,"date":"2020-05-07T08:13:33","date_gmt":"2020-05-07T06:13:33","guid":{"rendered":"https:\/\/kunmedierne.dk\/mors\/?p=20788"},"modified":"2024-08-12T14:06:09","modified_gmt":"2024-08-12T12:06:09","slug":"jesperhus-til-aeldrecentre-kom-og-pluk-af-vores-tulipaner","status":"publish","type":"post","link":"https:\/\/kunmedierne.dk\/mors\/jesperhus-til-aeldrecentre-kom-og-pluk-af-vores-tulipaner\/","title":{"rendered":"Jesperhus til \u00e6ldrecentre: Kom og pluk af vores tulipaner"},"content":{"rendered":"<p><strong>LEGIND<\/strong>: &#8220;Det er \u00e6rgerligt, at der ikke kommer nogen og ser de tulipaner i weekenden.&#8221;<\/p>\n<p>S\u00e5dan lyder det fra Karsten Overgaard, chefgartner i Jesperhus, i et videoklip opsl\u00e5et<\/p>\n<p>p\u00e5 Facebook-siden for <a href=\"https:\/\/www.facebook.com\/jesperhus\/?eid=ARB77zCmQ3Dkn5Ru2GRrywvAbm_oT7vFb_Ma6WVdElhbQFl6brgEmBYTu9DMa7HGxtkLVZTBPcmlf3Z6\" target=\"_blank\" rel=\"noopener noreferrer\">Jesperhus Feriepark<\/a>.<\/p>\n<p>Anledningen er, at den lokale turistattraktion lige nu blomstrer med et v\u00e6ld af tulipaner, som p\u00e5 grund af coronakrisen ikke kan ses af g\u00e6ster. Derfor har Jesperhus besluttet at lade blomsterne komme ud p\u00e5 \u00f8en og gl\u00e6de nogle af dem, der har mest brug for dem.<\/p>\n<p>Hele torsdag er det s\u00e5ledes muligt for plejecentre at sende en medarbejder ind for at plukke tulipaner og tage med hjem til f\u00e6llesrum eller andre steder, beboerne kan nyde godt af dem.<\/p>\n<p>&#8220;Vi vil gerne give den gestus til dem, der har det sv\u00e6rt p\u00e5 plejehjem og \u00e6ldrecentre,&#8221; siger Karsten Overgaard, som tilf\u00f8jer, at der p\u00e5 grund af n\u00f8dvendigheden af at holde afstand kun bliver lukket en person ind ad gangen.<\/p>\n<p>Han oplyser desuden, at man skal huske at tage saks og spand med, og s\u00e5 kan man indtil klokken 16 tage en bid af det farvestr\u00e5lende blomsterhav med tilbage til de \u00e6ldre.<\/p>\n<p><em>Opdatering klokken 19.39: Jesperhus meddeler p\u00e5 sin Facebook-side, at ordningen med at plukke tulipaner er udvidet til ogs\u00e5 at g\u00e6lde fredag &#8211; og at man m\u00e5 plukke \u00e9n buket til alle \u00e6ldre og\/eller svage borgere.<\/em><\/p>\n","protected":false},"excerpt":{"rendered":"<p>LEGIND: &#8220;Det er \u00e6rgerligt, at der ikke kommer nogen og ser de tulipaner i weekenden.&#8221; S\u00e5dan lyder det fra Karsten Overgaard, chefgartner i Jesperhus, i et videoklip opsl\u00e5et p\u00e5 Facebook-siden for Jesperhus Feriepark. Anledningen er, at den lokale turistattraktion lige nu blomstrer med et v\u00e6ld af tulipaner, som p\u00e5 grund af coronakrisen ikke kan ses [&hellip;]<\/p>\n","protected":false},"author":8,"featured_media":20789,"comment_status":"open","ping_status":"open","sticky":false,"template":"","format":"standard","meta":{"_acf_changed":false,"footnotes":""},"categories":[51],"tags":[],"class_list":["post-20788","post","type-post","status-publish","format-standard","has-post-thumbnail","hentry","category-lokalt"],"acf":[],"yoast_head":"<!-- This site is optimized with the Yoast SEO plugin v26.8 - https:\/\/yoast.com\/product\/yoast-seo-wordpress\/ -->\n<title>Jesperhus til \u00e6ldrecentre: Kom og pluk af vores tulipaner - Mors<\/title>\n<meta name=\"robots\" content=\"index, follow, max-snippet:-1, max-image-preview:large, max-video-preview:-1\" \/>\n<link rel=\"canonical\" href=\"https:\/\/kunmedierne.dk\/mors\/jesperhus-til-aeldrecentre-kom-og-pluk-af-vores-tulipaner\/\" \/>\n<meta property=\"og:locale\" content=\"da_DK\" \/>\n<meta property=\"og:type\" content=\"article\" \/>\n<meta property=\"og:title\" content=\"Jesperhus til \u00e6ldrecentre: Kom og pluk af vores tulipaner - Mors\" \/>\n<meta property=\"og:description\" content=\"LEGIND: &#8220;Det er \u00e6rgerligt, at der ikke kommer nogen og ser de tulipaner i weekenden.&#8221; S\u00e5dan lyder det fra Karsten Overgaard, chefgartner i Jesperhus, i et videoklip opsl\u00e5et p\u00e5 Facebook-siden for Jesperhus Feriepark. Anledningen er, at den lokale turistattraktion lige nu blomstrer med et v\u00e6ld af tulipaner, som p\u00e5 grund af coronakrisen ikke kan ses [&hellip;]\" \/>\n<meta property=\"og:url\" content=\"https:\/\/kunmedierne.dk\/mors\/jesperhus-til-aeldrecentre-kom-og-pluk-af-vores-tulipaner\/\" \/>\n<meta property=\"og:site_name\" content=\"Mors\" \/>\n<meta property=\"article:published_time\" content=\"2020-05-07T06:13:33+00:00\" \/>\n<meta property=\"article:modified_time\" content=\"2024-08-12T12:06:09+00:00\" \/>\n<meta property=\"og:image\" content=\"https:\/\/kunmedierne.dk\/mors\/wp-content\/uploads\/2020\/05\/jesperhus.jpg\" \/>\n\t<meta property=\"og:image:width\" content=\"770\" \/>\n\t<meta property=\"og:image:height\" content=\"513\" \/>\n\t<meta property=\"og:image:type\" content=\"image\/jpeg\" \/>\n<meta name=\"author\" content=\"David H\u00f8jmark\" \/>\n<meta name=\"twitter:card\" content=\"summary_large_image\" \/>\n<meta name=\"twitter:label1\" content=\"Skrevet af\" \/>\n\t<meta name=\"twitter:data1\" content=\"David H\u00f8jmark\" \/>\n\t<meta name=\"twitter:label2\" content=\"Estimeret l\u00e6setid\" \/>\n\t<meta name=\"twitter:data2\" content=\"1 minut\" \/>\n<script type=\"application\/ld+json\" class=\"yoast-schema-graph\">{\"@context\":\"https:\/\/schema.org\",\"@graph\":[{\"@type\":\"Article\",\"@id\":\"https:\/\/kunmedierne.dk\/mors\/jesperhus-til-aeldrecentre-kom-og-pluk-af-vores-tulipaner\/#article\",\"isPartOf\":{\"@id\":\"https:\/\/kunmedierne.dk\/mors\/jesperhus-til-aeldrecentre-kom-og-pluk-af-vores-tulipaner\/\"},\"author\":{\"name\":\"David H\u00f8jmark\",\"@id\":\"https:\/\/kunmedierne.dk\/mors\/#\/schema\/person\/5fe23251bf1d0abbcdc6f7896579d548\"},\"headline\":\"Jesperhus til \u00e6ldrecentre: Kom og pluk af vores tulipaner\",\"datePublished\":\"2020-05-07T06:13:33+00:00\",\"dateModified\":\"2024-08-12T12:06:09+00:00\",\"mainEntityOfPage\":{\"@id\":\"https:\/\/kunmedierne.dk\/mors\/jesperhus-til-aeldrecentre-kom-og-pluk-af-vores-tulipaner\/\"},\"wordCount\":237,\"commentCount\":0,\"publisher\":{\"@id\":\"https:\/\/kunmedierne.dk\/mors\/#organization\"},\"image\":{\"@id\":\"https:\/\/kunmedierne.dk\/mors\/jesperhus-til-aeldrecentre-kom-og-pluk-af-vores-tulipaner\/#primaryimage\"},\"thumbnailUrl\":\"https:\/\/kunmedierne.dk\/mors\/wp-content\/uploads\/2020\/05\/jesperhus.jpg\",\"articleSection\":[\"Lokalt\"],\"inLanguage\":\"da-DK\",\"potentialAction\":[{\"@type\":\"CommentAction\",\"name\":\"Comment\",\"target\":[\"https:\/\/kunmedierne.dk\/mors\/jesperhus-til-aeldrecentre-kom-og-pluk-af-vores-tulipaner\/#respond\"]}]},{\"@type\":\"WebPage\",\"@id\":\"https:\/\/kunmedierne.dk\/mors\/jesperhus-til-aeldrecentre-kom-og-pluk-af-vores-tulipaner\/\",\"url\":\"https:\/\/kunmedierne.dk\/mors\/jesperhus-til-aeldrecentre-kom-og-pluk-af-vores-tulipaner\/\",\"name\":\"Jesperhus til \u00e6ldrecentre: Kom og pluk af vores tulipaner - Mors\",\"isPartOf\":{\"@id\":\"https:\/\/kunmedierne.dk\/mors\/#website\"},\"primaryImageOfPage\":{\"@id\":\"https:\/\/kunmedierne.dk\/mors\/jesperhus-til-aeldrecentre-kom-og-pluk-af-vores-tulipaner\/#primaryimage\"},\"image\":{\"@id\":\"https:\/\/kunmedierne.dk\/mors\/jesperhus-til-aeldrecentre-kom-og-pluk-af-vores-tulipaner\/#primaryimage\"},\"thumbnailUrl\":\"https:\/\/kunmedierne.dk\/mors\/wp-content\/uploads\/2020\/05\/jesperhus.jpg\",\"datePublished\":\"2020-05-07T06:13:33+00:00\",\"dateModified\":\"2024-08-12T12:06:09+00:00\",\"breadcrumb\":{\"@id\":\"https:\/\/kunmedierne.dk\/mors\/jesperhus-til-aeldrecentre-kom-og-pluk-af-vores-tulipaner\/#breadcrumb\"},\"inLanguage\":\"da-DK\",\"potentialAction\":[{\"@type\":\"ReadAction\",\"target\":[\"https:\/\/kunmedierne.dk\/mors\/jesperhus-til-aeldrecentre-kom-og-pluk-af-vores-tulipaner\/\"]}]},{\"@type\":\"ImageObject\",\"inLanguage\":\"da-DK\",\"@id\":\"https:\/\/kunmedierne.dk\/mors\/jesperhus-til-aeldrecentre-kom-og-pluk-af-vores-tulipaner\/#primaryimage\",\"url\":\"https:\/\/kunmedierne.dk\/mors\/wp-content\/uploads\/2020\/05\/jesperhus.jpg\",\"contentUrl\":\"https:\/\/kunmedierne.dk\/mors\/wp-content\/uploads\/2020\/05\/jesperhus.jpg\",\"width\":770,\"height\":513,\"caption\":\"Karsten Overgaard p\u00e5 screendump af Jesperhus-videoen.\"},{\"@type\":\"BreadcrumbList\",\"@id\":\"https:\/\/kunmedierne.dk\/mors\/jesperhus-til-aeldrecentre-kom-og-pluk-af-vores-tulipaner\/#breadcrumb\",\"itemListElement\":[{\"@type\":\"ListItem\",\"position\":1,\"name\":\"Hjem\",\"item\":\"https:\/\/kunmedierne.dk\/mors\/\"},{\"@type\":\"ListItem\",\"position\":2,\"name\":\"Jesperhus til \u00e6ldrecentre: Kom og pluk af vores tulipaner\"}]},{\"@type\":\"WebSite\",\"@id\":\"https:\/\/kunmedierne.dk\/mors\/#website\",\"url\":\"https:\/\/kunmedierne.dk\/mors\/\",\"name\":\"Mors\",\"description\":\"et netmedie med journalistik om livet p\u00e5 Mors\",\"publisher\":{\"@id\":\"https:\/\/kunmedierne.dk\/mors\/#organization\"},\"potentialAction\":[{\"@type\":\"SearchAction\",\"target\":{\"@type\":\"EntryPoint\",\"urlTemplate\":\"https:\/\/kunmedierne.dk\/mors\/?s={search_term_string}\"},\"query-input\":{\"@type\":\"PropertyValueSpecification\",\"valueRequired\":true,\"valueName\":\"search_term_string\"}}],\"inLanguage\":\"da-DK\"},{\"@type\":\"Organization\",\"@id\":\"https:\/\/kunmedierne.dk\/mors\/#organization\",\"name\":\"Mors\",\"url\":\"https:\/\/kunmedierne.dk\/mors\/\",\"logo\":{\"@type\":\"ImageObject\",\"inLanguage\":\"da-DK\",\"@id\":\"https:\/\/kunmedierne.dk\/mors\/#\/schema\/logo\/image\/\",\"url\":\"https:\/\/kunmedierne.dk\/mors\/wp-content\/uploads\/2024\/08\/kunmors-logo.svg\",\"contentUrl\":\"https:\/\/kunmedierne.dk\/mors\/wp-content\/uploads\/2024\/08\/kunmors-logo.svg\",\"caption\":\"Mors\"},\"image\":{\"@id\":\"https:\/\/kunmedierne.dk\/mors\/#\/schema\/logo\/image\/\"}},{\"@type\":\"Person\",\"@id\":\"https:\/\/kunmedierne.dk\/mors\/#\/schema\/person\/5fe23251bf1d0abbcdc6f7896579d548\",\"name\":\"David H\u00f8jmark\",\"image\":{\"@type\":\"ImageObject\",\"inLanguage\":\"da-DK\",\"@id\":\"https:\/\/kunmedierne.dk\/mors\/#\/schema\/person\/image\/\",\"url\":\"https:\/\/secure.gravatar.com\/avatar\/4315d6fb9ef244d729989f5f90268eb08d5bf8a3d84402f595fa194bb35784fd?s=96&d=mm&r=g\",\"contentUrl\":\"https:\/\/secure.gravatar.com\/avatar\/4315d6fb9ef244d729989f5f90268eb08d5bf8a3d84402f595fa194bb35784fd?s=96&d=mm&r=g\",\"caption\":\"David H\u00f8jmark\"},\"sameAs\":[\"https:\/\/www.kunmedierne.dk\"],\"url\":\"https:\/\/kunmedierne.dk\/mors\/author\/david\/\"}]}<\/script>\n<!-- \/ Yoast SEO plugin. -->","yoast_head_json":{"title":"Jesperhus til \u00e6ldrecentre: Kom og pluk af vores tulipaner - Mors","robots":{"index":"index","follow":"follow","max-snippet":"max-snippet:-1","max-image-preview":"max-image-preview:large","max-video-preview":"max-video-preview:-1"},"canonical":"https:\/\/kunmedierne.dk\/mors\/jesperhus-til-aeldrecentre-kom-og-pluk-af-vores-tulipaner\/","og_locale":"da_DK","og_type":"article","og_title":"Jesperhus til \u00e6ldrecentre: Kom og pluk af vores tulipaner - Mors","og_description":"LEGIND: &#8220;Det er \u00e6rgerligt, at der ikke kommer nogen og ser de tulipaner i weekenden.&#8221; S\u00e5dan lyder det fra Karsten Overgaard, chefgartner i Jesperhus, i et videoklip opsl\u00e5et p\u00e5 Facebook-siden for Jesperhus Feriepark. Anledningen er, at den lokale turistattraktion lige nu blomstrer med et v\u00e6ld af tulipaner, som p\u00e5 grund af coronakrisen ikke kan ses [&hellip;]","og_url":"https:\/\/kunmedierne.dk\/mors\/jesperhus-til-aeldrecentre-kom-og-pluk-af-vores-tulipaner\/","og_site_name":"Mors","article_published_time":"2020-05-07T06:13:33+00:00","article_modified_time":"2024-08-12T12:06:09+00:00","og_image":[{"width":770,"height":513,"url":"https:\/\/kunmedierne.dk\/mors\/wp-content\/uploads\/2020\/05\/jesperhus.jpg","type":"image\/jpeg"}],"author":"David H\u00f8jmark","twitter_card":"summary_large_image","twitter_misc":{"Skrevet af":"David H\u00f8jmark","Estimeret l\u00e6setid":"1 minut"},"schema":{"@context":"https:\/\/schema.org","@graph":[{"@type":"Article","@id":"https:\/\/kunmedierne.dk\/mors\/jesperhus-til-aeldrecentre-kom-og-pluk-af-vores-tulipaner\/#article","isPartOf":{"@id":"https:\/\/kunmedierne.dk\/mors\/jesperhus-til-aeldrecentre-kom-og-pluk-af-vores-tulipaner\/"},"author":{"name":"David H\u00f8jmark","@id":"https:\/\/kunmedierne.dk\/mors\/#\/schema\/person\/5fe23251bf1d0abbcdc6f7896579d548"},"headline":"Jesperhus til \u00e6ldrecentre: Kom og pluk af vores tulipaner","datePublished":"2020-05-07T06:13:33+00:00","dateModified":"2024-08-12T12:06:09+00:00","mainEntityOfPage":{"@id":"https:\/\/kunmedierne.dk\/mors\/jesperhus-til-aeldrecentre-kom-og-pluk-af-vores-tulipaner\/"},"wordCount":237,"commentCount":0,"publisher":{"@id":"https:\/\/kunmedierne.dk\/mors\/#organization"},"image":{"@id":"https:\/\/kunmedierne.dk\/mors\/jesperhus-til-aeldrecentre-kom-og-pluk-af-vores-tulipaner\/#primaryimage"},"thumbnailUrl":"https:\/\/kunmedierne.dk\/mors\/wp-content\/uploads\/2020\/05\/jesperhus.jpg","articleSection":["Lokalt"],"inLanguage":"da-DK","potentialAction":[{"@type":"CommentAction","name":"Comment","target":["https:\/\/kunmedierne.dk\/mors\/jesperhus-til-aeldrecentre-kom-og-pluk-af-vores-tulipaner\/#respond"]}]},{"@type":"WebPage","@id":"https:\/\/kunmedierne.dk\/mors\/jesperhus-til-aeldrecentre-kom-og-pluk-af-vores-tulipaner\/","url":"https:\/\/kunmedierne.dk\/mors\/jesperhus-til-aeldrecentre-kom-og-pluk-af-vores-tulipaner\/","name":"Jesperhus til \u00e6ldrecentre: Kom og pluk af vores tulipaner - Mors","isPartOf":{"@id":"https:\/\/kunmedierne.dk\/mors\/#website"},"primaryImageOfPage":{"@id":"https:\/\/kunmedierne.dk\/mors\/jesperhus-til-aeldrecentre-kom-og-pluk-af-vores-tulipaner\/#primaryimage"},"image":{"@id":"https:\/\/kunmedierne.dk\/mors\/jesperhus-til-aeldrecentre-kom-og-pluk-af-vores-tulipaner\/#primaryimage"},"thumbnailUrl":"https:\/\/kunmedierne.dk\/mors\/wp-content\/uploads\/2020\/05\/jesperhus.jpg","datePublished":"2020-05-07T06:13:33+00:00","dateModified":"2024-08-12T12:06:09+00:00","breadcrumb":{"@id":"https:\/\/kunmedierne.dk\/mors\/jesperhus-til-aeldrecentre-kom-og-pluk-af-vores-tulipaner\/#breadcrumb"},"inLanguage":"da-DK","potentialAction":[{"@type":"ReadAction","target":["https:\/\/kunmedierne.dk\/mors\/jesperhus-til-aeldrecentre-kom-og-pluk-af-vores-tulipaner\/"]}]},{"@type":"ImageObject","inLanguage":"da-DK","@id":"https:\/\/kunmedierne.dk\/mors\/jesperhus-til-aeldrecentre-kom-og-pluk-af-vores-tulipaner\/#primaryimage","url":"https:\/\/kunmedierne.dk\/mors\/wp-content\/uploads\/2020\/05\/jesperhus.jpg","contentUrl":"https:\/\/kunmedierne.dk\/mors\/wp-content\/uploads\/2020\/05\/jesperhus.jpg","width":770,"height":513,"caption":"Karsten Overgaard p\u00e5 screendump af Jesperhus-videoen."},{"@type":"BreadcrumbList","@id":"https:\/\/kunmedierne.dk\/mors\/jesperhus-til-aeldrecentre-kom-og-pluk-af-vores-tulipaner\/#breadcrumb","itemListElement":[{"@type":"ListItem","position":1,"name":"Hjem","item":"https:\/\/kunmedierne.dk\/mors\/"},{"@type":"ListItem","position":2,"name":"Jesperhus til \u00e6ldrecentre: Kom og pluk af vores tulipaner"}]},{"@type":"WebSite","@id":"https:\/\/kunmedierne.dk\/mors\/#website","url":"https:\/\/kunmedierne.dk\/mors\/","name":"Mors","description":"et netmedie med journalistik om livet p\u00e5 Mors","publisher":{"@id":"https:\/\/kunmedierne.dk\/mors\/#organization"},"potentialAction":[{"@type":"SearchAction","target":{"@type":"EntryPoint","urlTemplate":"https:\/\/kunmedierne.dk\/mors\/?s={search_term_string}"},"query-input":{"@type":"PropertyValueSpecification","valueRequired":true,"valueName":"search_term_string"}}],"inLanguage":"da-DK"},{"@type":"Organization","@id":"https:\/\/kunmedierne.dk\/mors\/#organization","name":"Mors","url":"https:\/\/kunmedierne.dk\/mors\/","logo":{"@type":"ImageObject","inLanguage":"da-DK","@id":"https:\/\/kunmedierne.dk\/mors\/#\/schema\/logo\/image\/","url":"https:\/\/kunmedierne.dk\/mors\/wp-content\/uploads\/2024\/08\/kunmors-logo.svg","contentUrl":"https:\/\/kunmedierne.dk\/mors\/wp-content\/uploads\/2024\/08\/kunmors-logo.svg","caption":"Mors"},"image":{"@id":"https:\/\/kunmedierne.dk\/mors\/#\/schema\/logo\/image\/"}},{"@type":"Person","@id":"https:\/\/kunmedierne.dk\/mors\/#\/schema\/person\/5fe23251bf1d0abbcdc6f7896579d548","name":"David H\u00f8jmark","image":{"@type":"ImageObject","inLanguage":"da-DK","@id":"https:\/\/kunmedierne.dk\/mors\/#\/schema\/person\/image\/","url":"https:\/\/secure.gravatar.com\/avatar\/4315d6fb9ef244d729989f5f90268eb08d5bf8a3d84402f595fa194bb35784fd?s=96&d=mm&r=g","contentUrl":"https:\/\/secure.gravatar.com\/avatar\/4315d6fb9ef244d729989f5f90268eb08d5bf8a3d84402f595fa194bb35784fd?s=96&d=mm&r=g","caption":"David H\u00f8jmark"},"sameAs":["https:\/\/www.kunmedierne.dk"],"url":"https:\/\/kunmedierne.dk\/mors\/author\/david\/"}]}},"_links":{"self":[{"href":"https:\/\/kunmedierne.dk\/mors\/wp-json\/wp\/v2\/posts\/20788","targetHints":{"allow":["GET"]}}],"collection":[{"href":"https:\/\/kunmedierne.dk\/mors\/wp-json\/wp\/v2\/posts"}],"about":[{"href":"https:\/\/kunmedierne.dk\/mors\/wp-json\/wp\/v2\/types\/post"}],"author":[{"embeddable":true,"href":"https:\/\/kunmedierne.dk\/mors\/wp-json\/wp\/v2\/users\/8"}],"replies":[{"embeddable":true,"href":"https:\/\/kunmedierne.dk\/mors\/wp-json\/wp\/v2\/comments?post=20788"}],"version-history":[{"count":3,"href":"https:\/\/kunmedierne.dk\/mors\/wp-json\/wp\/v2\/posts\/20788\/revisions"}],"predecessor-version":[{"id":20885,"href":"https:\/\/kunmedierne.dk\/mors\/wp-json\/wp\/v2\/posts\/20788\/revisions\/20885"}],"wp:featuredmedia":[{"embeddable":true,"href":"https:\/\/kunmedierne.dk\/mors\/wp-json\/wp\/v2\/media\/20789"}],"wp:attachment":[{"href":"https:\/\/kunmedierne.dk\/mors\/wp-json\/wp\/v2\/media?parent=20788"}],"wp:term":[{"taxonomy":"category","embeddable":true,"href":"https:\/\/kunmedierne.dk\/mors\/wp-json\/wp\/v2\/categories?post=20788"},{"taxonomy":"post_tag","embeddable":true,"href":"https:\/\/kunmedierne.dk\/mors\/wp-json\/wp\/v2\/tags?post=20788"}],"curies":[{"name":"wp","href":"https:\/\/api.w.org\/{rel}","templated":true}]}}