{"id":20649,"date":"2020-05-06T16:36:11","date_gmt":"2020-05-06T14:36:11","guid":{"rendered":"https:\/\/kunmedierne.dk\/mors\/?p=20649"},"modified":"2024-08-12T14:06:09","modified_gmt":"2024-08-12T12:06:09","slug":"10-blev-evakueret-under-onsdagens-storbrand","status":"publish","type":"post","link":"https:\/\/kunmedierne.dk\/mors\/10-blev-evakueret-under-onsdagens-storbrand\/","title":{"rendered":"10 blev evakueret under onsdagens storbrand"},"content":{"rendered":"<p><strong>NYK\u00d8BING<\/strong>: I alt 10 morsingboer m\u00e5tte evakueres under onsdagens brand i Nyk\u00f8bing.<\/p>\n<p>Det oplyser Midt- og Vestjyllands Politi, der kan g\u00f8re en forel\u00f8big status, som udover antallet af evakuerede fort\u00e6ller om fire personer, der blev k\u00f8rt p\u00e5 sygehuset til observation for r\u00f8gforgiftning &#8211; og om seks lejligheder, der st\u00e5r tilbage med r\u00f8gskader. Dem, der var i bygningen, hvor branden opstod, er helt v\u00e6k.<\/p>\n<p>Onsdag eftermiddag er Nordjyllands Beredskab stadig p\u00e5 stedet, hvorfra indsatsleder Nicolai Kanstrup melder om en del efterslukning, fordi bygningens konstruktion g\u00f8r det muligt for ilden at overleve flere steder.<\/p>\n<p>&#8220;Det er godt og grundigt blandet sammen derinde og ryger fra forskellige brandlommer. S\u00e5 det er dem, vi fors\u00f8ger at f\u00e5 taget ud med kran, s\u00e5 vi kan f\u00e5 slukket elementerne,&#8221; siger han, men vurderer dog, at beredskabet bliver f\u00e6rdig til at k\u00f8re derfra i dag.<\/p>\n<p>&#8220;Vi overdrager til skadeservice, n\u00e5r vi er f\u00e6rdige med at slukke ild, og s\u00e5 har de et st\u00f8rre oprydningsarbejde. Men jeg forventer, at brandv\u00e6snet bliver f\u00e6rdigt i dag,&#8221; siger han.<\/p>\n<p>Tidligere p\u00e5 dagen fik KunMors meldinger om, at brandv\u00e6snet var l\u00e6nge om at f\u00e5 en stige p\u00e5 plads under slukningen af branden.<\/p>\n<p>Det bekr\u00e6fter Nicolai Kanstrup, som forklarer, at det skyldtes begr\u00e6nset plads og ledninger mellem bygningerne i g\u00e5gaden.<\/p>\n<p>&#8220;Der er udfordringer p\u00e5 pladsen i g\u00e5gaden, og omme bagved, hvor vi ogs\u00e5 gerne ville ind, er der endnu mindre plads,&#8221; siger han, men oplyser, at udfordringerne f\u00f8rst skete, efter at alle var evakueret, og at ingen derfor kom i fare af den grund.<\/p>\n","protected":false},"excerpt":{"rendered":"<p>NYK\u00d8BING: I alt 10 morsingboer m\u00e5tte evakueres under onsdagens brand i Nyk\u00f8bing. Det oplyser Midt- og Vestjyllands Politi, der kan g\u00f8re en forel\u00f8big status, som udover antallet af evakuerede fort\u00e6ller om fire personer, der blev k\u00f8rt p\u00e5 sygehuset til observation for r\u00f8gforgiftning &#8211; og om seks lejligheder, der st\u00e5r tilbage med r\u00f8gskader. Dem, der var [&hellip;]<\/p>\n","protected":false},"author":8,"featured_media":20627,"comment_status":"open","ping_status":"open","sticky":false,"template":"","format":"standard","meta":{"_acf_changed":false,"footnotes":""},"categories":[54,51],"tags":[],"class_list":["post-20649","post","type-post","status-publish","format-standard","has-post-thumbnail","hentry","category-54","category-lokalt"],"acf":[],"yoast_head":"<!-- This site is optimized with the Yoast SEO plugin v26.8 - https:\/\/yoast.com\/product\/yoast-seo-wordpress\/ -->\n<title>10 blev evakueret under onsdagens storbrand - Mors<\/title>\n<meta name=\"robots\" content=\"index, follow, max-snippet:-1, max-image-preview:large, max-video-preview:-1\" \/>\n<link rel=\"canonical\" href=\"https:\/\/kunmedierne.dk\/mors\/10-blev-evakueret-under-onsdagens-storbrand\/\" \/>\n<meta property=\"og:locale\" content=\"da_DK\" \/>\n<meta property=\"og:type\" content=\"article\" \/>\n<meta property=\"og:title\" content=\"10 blev evakueret under onsdagens storbrand - Mors\" \/>\n<meta property=\"og:description\" content=\"NYK\u00d8BING: I alt 10 morsingboer m\u00e5tte evakueres under onsdagens brand i Nyk\u00f8bing. Det oplyser Midt- og Vestjyllands Politi, der kan g\u00f8re en forel\u00f8big status, som udover antallet af evakuerede fort\u00e6ller om fire personer, der blev k\u00f8rt p\u00e5 sygehuset til observation for r\u00f8gforgiftning &#8211; og om seks lejligheder, der st\u00e5r tilbage med r\u00f8gskader. Dem, der var [&hellip;]\" \/>\n<meta property=\"og:url\" content=\"https:\/\/kunmedierne.dk\/mors\/10-blev-evakueret-under-onsdagens-storbrand\/\" \/>\n<meta property=\"og:site_name\" content=\"Mors\" \/>\n<meta property=\"article:published_time\" content=\"2020-05-06T14:36:11+00:00\" \/>\n<meta property=\"article:modified_time\" content=\"2024-08-12T12:06:09+00:00\" \/>\n<meta property=\"og:image\" content=\"https:\/\/kunmedierne.dk\/mors\/wp-content\/uploads\/2020\/05\/brand10.jpg\" \/>\n\t<meta property=\"og:image:width\" content=\"770\" \/>\n\t<meta property=\"og:image:height\" content=\"513\" \/>\n\t<meta property=\"og:image:type\" content=\"image\/jpeg\" \/>\n<meta name=\"author\" content=\"David H\u00f8jmark\" \/>\n<meta name=\"twitter:card\" content=\"summary_large_image\" \/>\n<meta name=\"twitter:label1\" content=\"Skrevet af\" \/>\n\t<meta name=\"twitter:data1\" content=\"David H\u00f8jmark\" \/>\n\t<meta name=\"twitter:label2\" content=\"Estimeret l\u00e6setid\" \/>\n\t<meta name=\"twitter:data2\" content=\"1 minut\" \/>\n<script type=\"application\/ld+json\" class=\"yoast-schema-graph\">{\"@context\":\"https:\/\/schema.org\",\"@graph\":[{\"@type\":\"Article\",\"@id\":\"https:\/\/kunmedierne.dk\/mors\/10-blev-evakueret-under-onsdagens-storbrand\/#article\",\"isPartOf\":{\"@id\":\"https:\/\/kunmedierne.dk\/mors\/10-blev-evakueret-under-onsdagens-storbrand\/\"},\"author\":{\"name\":\"David H\u00f8jmark\",\"@id\":\"https:\/\/kunmedierne.dk\/mors\/#\/schema\/person\/5fe23251bf1d0abbcdc6f7896579d548\"},\"headline\":\"10 blev evakueret under onsdagens storbrand\",\"datePublished\":\"2020-05-06T14:36:11+00:00\",\"dateModified\":\"2024-08-12T12:06:09+00:00\",\"mainEntityOfPage\":{\"@id\":\"https:\/\/kunmedierne.dk\/mors\/10-blev-evakueret-under-onsdagens-storbrand\/\"},\"wordCount\":282,\"commentCount\":0,\"publisher\":{\"@id\":\"https:\/\/kunmedierne.dk\/mors\/#organization\"},\"image\":{\"@id\":\"https:\/\/kunmedierne.dk\/mors\/10-blev-evakueret-under-onsdagens-storbrand\/#primaryimage\"},\"thumbnailUrl\":\"https:\/\/kunmedierne.dk\/mors\/wp-content\/uploads\/2020\/05\/brand10.jpg\",\"articleSection\":[\"112\",\"Lokalt\"],\"inLanguage\":\"da-DK\",\"potentialAction\":[{\"@type\":\"CommentAction\",\"name\":\"Comment\",\"target\":[\"https:\/\/kunmedierne.dk\/mors\/10-blev-evakueret-under-onsdagens-storbrand\/#respond\"]}]},{\"@type\":\"WebPage\",\"@id\":\"https:\/\/kunmedierne.dk\/mors\/10-blev-evakueret-under-onsdagens-storbrand\/\",\"url\":\"https:\/\/kunmedierne.dk\/mors\/10-blev-evakueret-under-onsdagens-storbrand\/\",\"name\":\"10 blev evakueret under onsdagens storbrand - Mors\",\"isPartOf\":{\"@id\":\"https:\/\/kunmedierne.dk\/mors\/#website\"},\"primaryImageOfPage\":{\"@id\":\"https:\/\/kunmedierne.dk\/mors\/10-blev-evakueret-under-onsdagens-storbrand\/#primaryimage\"},\"image\":{\"@id\":\"https:\/\/kunmedierne.dk\/mors\/10-blev-evakueret-under-onsdagens-storbrand\/#primaryimage\"},\"thumbnailUrl\":\"https:\/\/kunmedierne.dk\/mors\/wp-content\/uploads\/2020\/05\/brand10.jpg\",\"datePublished\":\"2020-05-06T14:36:11+00:00\",\"dateModified\":\"2024-08-12T12:06:09+00:00\",\"breadcrumb\":{\"@id\":\"https:\/\/kunmedierne.dk\/mors\/10-blev-evakueret-under-onsdagens-storbrand\/#breadcrumb\"},\"inLanguage\":\"da-DK\",\"potentialAction\":[{\"@type\":\"ReadAction\",\"target\":[\"https:\/\/kunmedierne.dk\/mors\/10-blev-evakueret-under-onsdagens-storbrand\/\"]}]},{\"@type\":\"ImageObject\",\"inLanguage\":\"da-DK\",\"@id\":\"https:\/\/kunmedierne.dk\/mors\/10-blev-evakueret-under-onsdagens-storbrand\/#primaryimage\",\"url\":\"https:\/\/kunmedierne.dk\/mors\/wp-content\/uploads\/2020\/05\/brand10.jpg\",\"contentUrl\":\"https:\/\/kunmedierne.dk\/mors\/wp-content\/uploads\/2020\/05\/brand10.jpg\",\"width\":770,\"height\":513},{\"@type\":\"BreadcrumbList\",\"@id\":\"https:\/\/kunmedierne.dk\/mors\/10-blev-evakueret-under-onsdagens-storbrand\/#breadcrumb\",\"itemListElement\":[{\"@type\":\"ListItem\",\"position\":1,\"name\":\"Hjem\",\"item\":\"https:\/\/kunmedierne.dk\/mors\/\"},{\"@type\":\"ListItem\",\"position\":2,\"name\":\"10 blev evakueret under onsdagens storbrand\"}]},{\"@type\":\"WebSite\",\"@id\":\"https:\/\/kunmedierne.dk\/mors\/#website\",\"url\":\"https:\/\/kunmedierne.dk\/mors\/\",\"name\":\"Mors\",\"description\":\"et netmedie med journalistik om livet p\u00e5 Mors\",\"publisher\":{\"@id\":\"https:\/\/kunmedierne.dk\/mors\/#organization\"},\"potentialAction\":[{\"@type\":\"SearchAction\",\"target\":{\"@type\":\"EntryPoint\",\"urlTemplate\":\"https:\/\/kunmedierne.dk\/mors\/?s={search_term_string}\"},\"query-input\":{\"@type\":\"PropertyValueSpecification\",\"valueRequired\":true,\"valueName\":\"search_term_string\"}}],\"inLanguage\":\"da-DK\"},{\"@type\":\"Organization\",\"@id\":\"https:\/\/kunmedierne.dk\/mors\/#organization\",\"name\":\"Mors\",\"url\":\"https:\/\/kunmedierne.dk\/mors\/\",\"logo\":{\"@type\":\"ImageObject\",\"inLanguage\":\"da-DK\",\"@id\":\"https:\/\/kunmedierne.dk\/mors\/#\/schema\/logo\/image\/\",\"url\":\"https:\/\/kunmedierne.dk\/mors\/wp-content\/uploads\/2024\/08\/kunmors-logo.svg\",\"contentUrl\":\"https:\/\/kunmedierne.dk\/mors\/wp-content\/uploads\/2024\/08\/kunmors-logo.svg\",\"caption\":\"Mors\"},\"image\":{\"@id\":\"https:\/\/kunmedierne.dk\/mors\/#\/schema\/logo\/image\/\"}},{\"@type\":\"Person\",\"@id\":\"https:\/\/kunmedierne.dk\/mors\/#\/schema\/person\/5fe23251bf1d0abbcdc6f7896579d548\",\"name\":\"David H\u00f8jmark\",\"image\":{\"@type\":\"ImageObject\",\"inLanguage\":\"da-DK\",\"@id\":\"https:\/\/kunmedierne.dk\/mors\/#\/schema\/person\/image\/\",\"url\":\"https:\/\/secure.gravatar.com\/avatar\/4315d6fb9ef244d729989f5f90268eb08d5bf8a3d84402f595fa194bb35784fd?s=96&d=mm&r=g\",\"contentUrl\":\"https:\/\/secure.gravatar.com\/avatar\/4315d6fb9ef244d729989f5f90268eb08d5bf8a3d84402f595fa194bb35784fd?s=96&d=mm&r=g\",\"caption\":\"David H\u00f8jmark\"},\"sameAs\":[\"https:\/\/www.kunmedierne.dk\"],\"url\":\"https:\/\/kunmedierne.dk\/mors\/author\/david\/\"}]}<\/script>\n<!-- \/ Yoast SEO plugin. -->","yoast_head_json":{"title":"10 blev evakueret under onsdagens storbrand - Mors","robots":{"index":"index","follow":"follow","max-snippet":"max-snippet:-1","max-image-preview":"max-image-preview:large","max-video-preview":"max-video-preview:-1"},"canonical":"https:\/\/kunmedierne.dk\/mors\/10-blev-evakueret-under-onsdagens-storbrand\/","og_locale":"da_DK","og_type":"article","og_title":"10 blev evakueret under onsdagens storbrand - Mors","og_description":"NYK\u00d8BING: I alt 10 morsingboer m\u00e5tte evakueres under onsdagens brand i Nyk\u00f8bing. Det oplyser Midt- og Vestjyllands Politi, der kan g\u00f8re en forel\u00f8big status, som udover antallet af evakuerede fort\u00e6ller om fire personer, der blev k\u00f8rt p\u00e5 sygehuset til observation for r\u00f8gforgiftning &#8211; og om seks lejligheder, der st\u00e5r tilbage med r\u00f8gskader. Dem, der var [&hellip;]","og_url":"https:\/\/kunmedierne.dk\/mors\/10-blev-evakueret-under-onsdagens-storbrand\/","og_site_name":"Mors","article_published_time":"2020-05-06T14:36:11+00:00","article_modified_time":"2024-08-12T12:06:09+00:00","og_image":[{"width":770,"height":513,"url":"https:\/\/kunmedierne.dk\/mors\/wp-content\/uploads\/2020\/05\/brand10.jpg","type":"image\/jpeg"}],"author":"David H\u00f8jmark","twitter_card":"summary_large_image","twitter_misc":{"Skrevet af":"David H\u00f8jmark","Estimeret l\u00e6setid":"1 minut"},"schema":{"@context":"https:\/\/schema.org","@graph":[{"@type":"Article","@id":"https:\/\/kunmedierne.dk\/mors\/10-blev-evakueret-under-onsdagens-storbrand\/#article","isPartOf":{"@id":"https:\/\/kunmedierne.dk\/mors\/10-blev-evakueret-under-onsdagens-storbrand\/"},"author":{"name":"David H\u00f8jmark","@id":"https:\/\/kunmedierne.dk\/mors\/#\/schema\/person\/5fe23251bf1d0abbcdc6f7896579d548"},"headline":"10 blev evakueret under onsdagens storbrand","datePublished":"2020-05-06T14:36:11+00:00","dateModified":"2024-08-12T12:06:09+00:00","mainEntityOfPage":{"@id":"https:\/\/kunmedierne.dk\/mors\/10-blev-evakueret-under-onsdagens-storbrand\/"},"wordCount":282,"commentCount":0,"publisher":{"@id":"https:\/\/kunmedierne.dk\/mors\/#organization"},"image":{"@id":"https:\/\/kunmedierne.dk\/mors\/10-blev-evakueret-under-onsdagens-storbrand\/#primaryimage"},"thumbnailUrl":"https:\/\/kunmedierne.dk\/mors\/wp-content\/uploads\/2020\/05\/brand10.jpg","articleSection":["112","Lokalt"],"inLanguage":"da-DK","potentialAction":[{"@type":"CommentAction","name":"Comment","target":["https:\/\/kunmedierne.dk\/mors\/10-blev-evakueret-under-onsdagens-storbrand\/#respond"]}]},{"@type":"WebPage","@id":"https:\/\/kunmedierne.dk\/mors\/10-blev-evakueret-under-onsdagens-storbrand\/","url":"https:\/\/kunmedierne.dk\/mors\/10-blev-evakueret-under-onsdagens-storbrand\/","name":"10 blev evakueret under onsdagens storbrand - Mors","isPartOf":{"@id":"https:\/\/kunmedierne.dk\/mors\/#website"},"primaryImageOfPage":{"@id":"https:\/\/kunmedierne.dk\/mors\/10-blev-evakueret-under-onsdagens-storbrand\/#primaryimage"},"image":{"@id":"https:\/\/kunmedierne.dk\/mors\/10-blev-evakueret-under-onsdagens-storbrand\/#primaryimage"},"thumbnailUrl":"https:\/\/kunmedierne.dk\/mors\/wp-content\/uploads\/2020\/05\/brand10.jpg","datePublished":"2020-05-06T14:36:11+00:00","dateModified":"2024-08-12T12:06:09+00:00","breadcrumb":{"@id":"https:\/\/kunmedierne.dk\/mors\/10-blev-evakueret-under-onsdagens-storbrand\/#breadcrumb"},"inLanguage":"da-DK","potentialAction":[{"@type":"ReadAction","target":["https:\/\/kunmedierne.dk\/mors\/10-blev-evakueret-under-onsdagens-storbrand\/"]}]},{"@type":"ImageObject","inLanguage":"da-DK","@id":"https:\/\/kunmedierne.dk\/mors\/10-blev-evakueret-under-onsdagens-storbrand\/#primaryimage","url":"https:\/\/kunmedierne.dk\/mors\/wp-content\/uploads\/2020\/05\/brand10.jpg","contentUrl":"https:\/\/kunmedierne.dk\/mors\/wp-content\/uploads\/2020\/05\/brand10.jpg","width":770,"height":513},{"@type":"BreadcrumbList","@id":"https:\/\/kunmedierne.dk\/mors\/10-blev-evakueret-under-onsdagens-storbrand\/#breadcrumb","itemListElement":[{"@type":"ListItem","position":1,"name":"Hjem","item":"https:\/\/kunmedierne.dk\/mors\/"},{"@type":"ListItem","position":2,"name":"10 blev evakueret under onsdagens storbrand"}]},{"@type":"WebSite","@id":"https:\/\/kunmedierne.dk\/mors\/#website","url":"https:\/\/kunmedierne.dk\/mors\/","name":"Mors","description":"et netmedie med journalistik om livet p\u00e5 Mors","publisher":{"@id":"https:\/\/kunmedierne.dk\/mors\/#organization"},"potentialAction":[{"@type":"SearchAction","target":{"@type":"EntryPoint","urlTemplate":"https:\/\/kunmedierne.dk\/mors\/?s={search_term_string}"},"query-input":{"@type":"PropertyValueSpecification","valueRequired":true,"valueName":"search_term_string"}}],"inLanguage":"da-DK"},{"@type":"Organization","@id":"https:\/\/kunmedierne.dk\/mors\/#organization","name":"Mors","url":"https:\/\/kunmedierne.dk\/mors\/","logo":{"@type":"ImageObject","inLanguage":"da-DK","@id":"https:\/\/kunmedierne.dk\/mors\/#\/schema\/logo\/image\/","url":"https:\/\/kunmedierne.dk\/mors\/wp-content\/uploads\/2024\/08\/kunmors-logo.svg","contentUrl":"https:\/\/kunmedierne.dk\/mors\/wp-content\/uploads\/2024\/08\/kunmors-logo.svg","caption":"Mors"},"image":{"@id":"https:\/\/kunmedierne.dk\/mors\/#\/schema\/logo\/image\/"}},{"@type":"Person","@id":"https:\/\/kunmedierne.dk\/mors\/#\/schema\/person\/5fe23251bf1d0abbcdc6f7896579d548","name":"David H\u00f8jmark","image":{"@type":"ImageObject","inLanguage":"da-DK","@id":"https:\/\/kunmedierne.dk\/mors\/#\/schema\/person\/image\/","url":"https:\/\/secure.gravatar.com\/avatar\/4315d6fb9ef244d729989f5f90268eb08d5bf8a3d84402f595fa194bb35784fd?s=96&d=mm&r=g","contentUrl":"https:\/\/secure.gravatar.com\/avatar\/4315d6fb9ef244d729989f5f90268eb08d5bf8a3d84402f595fa194bb35784fd?s=96&d=mm&r=g","caption":"David H\u00f8jmark"},"sameAs":["https:\/\/www.kunmedierne.dk"],"url":"https:\/\/kunmedierne.dk\/mors\/author\/david\/"}]}},"_links":{"self":[{"href":"https:\/\/kunmedierne.dk\/mors\/wp-json\/wp\/v2\/posts\/20649","targetHints":{"allow":["GET"]}}],"collection":[{"href":"https:\/\/kunmedierne.dk\/mors\/wp-json\/wp\/v2\/posts"}],"about":[{"href":"https:\/\/kunmedierne.dk\/mors\/wp-json\/wp\/v2\/types\/post"}],"author":[{"embeddable":true,"href":"https:\/\/kunmedierne.dk\/mors\/wp-json\/wp\/v2\/users\/8"}],"replies":[{"embeddable":true,"href":"https:\/\/kunmedierne.dk\/mors\/wp-json\/wp\/v2\/comments?post=20649"}],"version-history":[{"count":1,"href":"https:\/\/kunmedierne.dk\/mors\/wp-json\/wp\/v2\/posts\/20649\/revisions"}],"predecessor-version":[{"id":20666,"href":"https:\/\/kunmedierne.dk\/mors\/wp-json\/wp\/v2\/posts\/20649\/revisions\/20666"}],"wp:featuredmedia":[{"embeddable":true,"href":"https:\/\/kunmedierne.dk\/mors\/wp-json\/wp\/v2\/media\/20627"}],"wp:attachment":[{"href":"https:\/\/kunmedierne.dk\/mors\/wp-json\/wp\/v2\/media?parent=20649"}],"wp:term":[{"taxonomy":"category","embeddable":true,"href":"https:\/\/kunmedierne.dk\/mors\/wp-json\/wp\/v2\/categories?post=20649"},{"taxonomy":"post_tag","embeddable":true,"href":"https:\/\/kunmedierne.dk\/mors\/wp-json\/wp\/v2\/tags?post=20649"}],"curies":[{"name":"wp","href":"https:\/\/api.w.org\/{rel}","templated":true}]}}