{"id":20631,"date":"2020-05-06T14:21:48","date_gmt":"2020-05-06T12:21:48","guid":{"rendered":"https:\/\/kunmedierne.dk\/mors\/?p=20631"},"modified":"2024-08-12T14:06:09","modified_gmt":"2024-08-12T12:06:09","slug":"udlejer-otte-lejligheder-beroert-to-er-helt-vaek","status":"publish","type":"post","link":"https:\/\/kunmedierne.dk\/mors\/udlejer-otte-lejligheder-beroert-to-er-helt-vaek\/","title":{"rendered":"Udlejer: Otte lejligheder ber\u00f8rt &#8211; to er helt v\u00e6k"},"content":{"rendered":"<p><strong>NYK\u00d8BING<\/strong>: Branden i Nyk\u00f8bing onsdag formiddag har ber\u00f8rt ganske mange mennesker. Udover butikkerne i bygningen, der nu er kollapset, var der to lejligheder i samme bygning. Og i bygningerne ved siden af blev i alt seks lejligheder ramt af r\u00f8g- og vandskader.<\/p>\n<p>S\u00e5dan lyder den forel\u00f8bige vurdering fra Martin Sixh\u00f8j, der sammen med sin far Erik Sixh\u00f8j ejer bygningerne, som butikker og beboere har lejet.<\/p>\n<p>&#8220;I bygningen, der er br\u00e6ndt ned, var der to lejligheder. Og jeg t\u00e6nker, at der skal noget skadeservice p\u00e5 i de andre,&#8221; siger Martin Sixh\u00f8j, som blev kaldt til stedet, da Martin Holmgaard Pedersen, indehaver af Salon Hair umiddelbart over for den br\u00e6ndende bygning, ringede til ham lidt over klokken ni.<\/p>\n<p>Martin Sixh\u00f8j h\u00e5ber nu, at alle involverede er sluppet fysisk godt fra den chokerende oplevelse, og han hj\u00e6lper gerne til med at genhuse nogle af de beboere, der enten helt eller delvist har mistet deres lejlighed.<\/p>\n<p>&#8220;Jeg har to lejligheder, der kan stilles til r\u00e5dighed,&#8221; siger han.<\/p>\n","protected":false},"excerpt":{"rendered":"<p>NYK\u00d8BING: Branden i Nyk\u00f8bing onsdag formiddag har ber\u00f8rt ganske mange mennesker. Udover butikkerne i bygningen, der nu er kollapset, var der to lejligheder i samme bygning. Og i bygningerne ved siden af blev i alt seks lejligheder ramt af r\u00f8g- og vandskader. S\u00e5dan lyder den forel\u00f8bige vurdering fra Martin Sixh\u00f8j, der sammen med sin far [&hellip;]<\/p>\n","protected":false},"author":8,"featured_media":20626,"comment_status":"open","ping_status":"open","sticky":false,"template":"","format":"standard","meta":{"_acf_changed":false,"footnotes":""},"categories":[51],"tags":[],"class_list":["post-20631","post","type-post","status-publish","format-standard","has-post-thumbnail","hentry","category-lokalt"],"acf":[],"yoast_head":"<!-- This site is optimized with the Yoast SEO plugin v26.8 - https:\/\/yoast.com\/product\/yoast-seo-wordpress\/ -->\n<title>Udlejer: Otte lejligheder ber\u00f8rt - to er helt v\u00e6k - Mors<\/title>\n<meta name=\"robots\" content=\"index, follow, max-snippet:-1, max-image-preview:large, max-video-preview:-1\" \/>\n<link rel=\"canonical\" href=\"https:\/\/kunmedierne.dk\/mors\/udlejer-otte-lejligheder-beroert-to-er-helt-vaek\/\" \/>\n<meta property=\"og:locale\" content=\"da_DK\" \/>\n<meta property=\"og:type\" content=\"article\" \/>\n<meta property=\"og:title\" content=\"Udlejer: Otte lejligheder ber\u00f8rt - to er helt v\u00e6k - Mors\" \/>\n<meta property=\"og:description\" content=\"NYK\u00d8BING: Branden i Nyk\u00f8bing onsdag formiddag har ber\u00f8rt ganske mange mennesker. Udover butikkerne i bygningen, der nu er kollapset, var der to lejligheder i samme bygning. Og i bygningerne ved siden af blev i alt seks lejligheder ramt af r\u00f8g- og vandskader. S\u00e5dan lyder den forel\u00f8bige vurdering fra Martin Sixh\u00f8j, der sammen med sin far [&hellip;]\" \/>\n<meta property=\"og:url\" content=\"https:\/\/kunmedierne.dk\/mors\/udlejer-otte-lejligheder-beroert-to-er-helt-vaek\/\" \/>\n<meta property=\"og:site_name\" content=\"Mors\" \/>\n<meta property=\"article:published_time\" content=\"2020-05-06T12:21:48+00:00\" \/>\n<meta property=\"article:modified_time\" content=\"2024-08-12T12:06:09+00:00\" \/>\n<meta property=\"og:image\" content=\"https:\/\/kunmedierne.dk\/mors\/wp-content\/uploads\/2020\/05\/brand9.jpg\" \/>\n\t<meta property=\"og:image:width\" content=\"770\" \/>\n\t<meta property=\"og:image:height\" content=\"513\" \/>\n\t<meta property=\"og:image:type\" content=\"image\/jpeg\" \/>\n<meta name=\"author\" content=\"David H\u00f8jmark\" \/>\n<meta name=\"twitter:card\" content=\"summary_large_image\" \/>\n<meta name=\"twitter:label1\" content=\"Skrevet af\" \/>\n\t<meta name=\"twitter:data1\" content=\"David H\u00f8jmark\" \/>\n\t<meta name=\"twitter:label2\" content=\"Estimeret l\u00e6setid\" \/>\n\t<meta name=\"twitter:data2\" content=\"1 minut\" \/>\n<script type=\"application\/ld+json\" class=\"yoast-schema-graph\">{\"@context\":\"https:\/\/schema.org\",\"@graph\":[{\"@type\":\"Article\",\"@id\":\"https:\/\/kunmedierne.dk\/mors\/udlejer-otte-lejligheder-beroert-to-er-helt-vaek\/#article\",\"isPartOf\":{\"@id\":\"https:\/\/kunmedierne.dk\/mors\/udlejer-otte-lejligheder-beroert-to-er-helt-vaek\/\"},\"author\":{\"name\":\"David H\u00f8jmark\",\"@id\":\"https:\/\/kunmedierne.dk\/mors\/#\/schema\/person\/5fe23251bf1d0abbcdc6f7896579d548\"},\"headline\":\"Udlejer: Otte lejligheder ber\u00f8rt &#8211; to er helt v\u00e6k\",\"datePublished\":\"2020-05-06T12:21:48+00:00\",\"dateModified\":\"2024-08-12T12:06:09+00:00\",\"mainEntityOfPage\":{\"@id\":\"https:\/\/kunmedierne.dk\/mors\/udlejer-otte-lejligheder-beroert-to-er-helt-vaek\/\"},\"wordCount\":190,\"commentCount\":0,\"publisher\":{\"@id\":\"https:\/\/kunmedierne.dk\/mors\/#organization\"},\"image\":{\"@id\":\"https:\/\/kunmedierne.dk\/mors\/udlejer-otte-lejligheder-beroert-to-er-helt-vaek\/#primaryimage\"},\"thumbnailUrl\":\"https:\/\/kunmedierne.dk\/mors\/wp-content\/uploads\/2020\/05\/brand9.jpg\",\"articleSection\":[\"Lokalt\"],\"inLanguage\":\"da-DK\",\"potentialAction\":[{\"@type\":\"CommentAction\",\"name\":\"Comment\",\"target\":[\"https:\/\/kunmedierne.dk\/mors\/udlejer-otte-lejligheder-beroert-to-er-helt-vaek\/#respond\"]}]},{\"@type\":\"WebPage\",\"@id\":\"https:\/\/kunmedierne.dk\/mors\/udlejer-otte-lejligheder-beroert-to-er-helt-vaek\/\",\"url\":\"https:\/\/kunmedierne.dk\/mors\/udlejer-otte-lejligheder-beroert-to-er-helt-vaek\/\",\"name\":\"Udlejer: Otte lejligheder ber\u00f8rt - to er helt v\u00e6k - Mors\",\"isPartOf\":{\"@id\":\"https:\/\/kunmedierne.dk\/mors\/#website\"},\"primaryImageOfPage\":{\"@id\":\"https:\/\/kunmedierne.dk\/mors\/udlejer-otte-lejligheder-beroert-to-er-helt-vaek\/#primaryimage\"},\"image\":{\"@id\":\"https:\/\/kunmedierne.dk\/mors\/udlejer-otte-lejligheder-beroert-to-er-helt-vaek\/#primaryimage\"},\"thumbnailUrl\":\"https:\/\/kunmedierne.dk\/mors\/wp-content\/uploads\/2020\/05\/brand9.jpg\",\"datePublished\":\"2020-05-06T12:21:48+00:00\",\"dateModified\":\"2024-08-12T12:06:09+00:00\",\"breadcrumb\":{\"@id\":\"https:\/\/kunmedierne.dk\/mors\/udlejer-otte-lejligheder-beroert-to-er-helt-vaek\/#breadcrumb\"},\"inLanguage\":\"da-DK\",\"potentialAction\":[{\"@type\":\"ReadAction\",\"target\":[\"https:\/\/kunmedierne.dk\/mors\/udlejer-otte-lejligheder-beroert-to-er-helt-vaek\/\"]}]},{\"@type\":\"ImageObject\",\"inLanguage\":\"da-DK\",\"@id\":\"https:\/\/kunmedierne.dk\/mors\/udlejer-otte-lejligheder-beroert-to-er-helt-vaek\/#primaryimage\",\"url\":\"https:\/\/kunmedierne.dk\/mors\/wp-content\/uploads\/2020\/05\/brand9.jpg\",\"contentUrl\":\"https:\/\/kunmedierne.dk\/mors\/wp-content\/uploads\/2020\/05\/brand9.jpg\",\"width\":770,\"height\":513,\"caption\":\"Foto: David H\u00f8jmark.\"},{\"@type\":\"BreadcrumbList\",\"@id\":\"https:\/\/kunmedierne.dk\/mors\/udlejer-otte-lejligheder-beroert-to-er-helt-vaek\/#breadcrumb\",\"itemListElement\":[{\"@type\":\"ListItem\",\"position\":1,\"name\":\"Hjem\",\"item\":\"https:\/\/kunmedierne.dk\/mors\/\"},{\"@type\":\"ListItem\",\"position\":2,\"name\":\"Udlejer: Otte lejligheder ber\u00f8rt &#8211; to er helt v\u00e6k\"}]},{\"@type\":\"WebSite\",\"@id\":\"https:\/\/kunmedierne.dk\/mors\/#website\",\"url\":\"https:\/\/kunmedierne.dk\/mors\/\",\"name\":\"Mors\",\"description\":\"et netmedie med journalistik om livet p\u00e5 Mors\",\"publisher\":{\"@id\":\"https:\/\/kunmedierne.dk\/mors\/#organization\"},\"potentialAction\":[{\"@type\":\"SearchAction\",\"target\":{\"@type\":\"EntryPoint\",\"urlTemplate\":\"https:\/\/kunmedierne.dk\/mors\/?s={search_term_string}\"},\"query-input\":{\"@type\":\"PropertyValueSpecification\",\"valueRequired\":true,\"valueName\":\"search_term_string\"}}],\"inLanguage\":\"da-DK\"},{\"@type\":\"Organization\",\"@id\":\"https:\/\/kunmedierne.dk\/mors\/#organization\",\"name\":\"Mors\",\"url\":\"https:\/\/kunmedierne.dk\/mors\/\",\"logo\":{\"@type\":\"ImageObject\",\"inLanguage\":\"da-DK\",\"@id\":\"https:\/\/kunmedierne.dk\/mors\/#\/schema\/logo\/image\/\",\"url\":\"https:\/\/kunmedierne.dk\/mors\/wp-content\/uploads\/2024\/08\/kunmors-logo.svg\",\"contentUrl\":\"https:\/\/kunmedierne.dk\/mors\/wp-content\/uploads\/2024\/08\/kunmors-logo.svg\",\"caption\":\"Mors\"},\"image\":{\"@id\":\"https:\/\/kunmedierne.dk\/mors\/#\/schema\/logo\/image\/\"}},{\"@type\":\"Person\",\"@id\":\"https:\/\/kunmedierne.dk\/mors\/#\/schema\/person\/5fe23251bf1d0abbcdc6f7896579d548\",\"name\":\"David H\u00f8jmark\",\"image\":{\"@type\":\"ImageObject\",\"inLanguage\":\"da-DK\",\"@id\":\"https:\/\/kunmedierne.dk\/mors\/#\/schema\/person\/image\/\",\"url\":\"https:\/\/secure.gravatar.com\/avatar\/4315d6fb9ef244d729989f5f90268eb08d5bf8a3d84402f595fa194bb35784fd?s=96&d=mm&r=g\",\"contentUrl\":\"https:\/\/secure.gravatar.com\/avatar\/4315d6fb9ef244d729989f5f90268eb08d5bf8a3d84402f595fa194bb35784fd?s=96&d=mm&r=g\",\"caption\":\"David H\u00f8jmark\"},\"sameAs\":[\"https:\/\/www.kunmedierne.dk\"],\"url\":\"https:\/\/kunmedierne.dk\/mors\/author\/david\/\"}]}<\/script>\n<!-- \/ Yoast SEO plugin. -->","yoast_head_json":{"title":"Udlejer: Otte lejligheder ber\u00f8rt - to er helt v\u00e6k - Mors","robots":{"index":"index","follow":"follow","max-snippet":"max-snippet:-1","max-image-preview":"max-image-preview:large","max-video-preview":"max-video-preview:-1"},"canonical":"https:\/\/kunmedierne.dk\/mors\/udlejer-otte-lejligheder-beroert-to-er-helt-vaek\/","og_locale":"da_DK","og_type":"article","og_title":"Udlejer: Otte lejligheder ber\u00f8rt - to er helt v\u00e6k - Mors","og_description":"NYK\u00d8BING: Branden i Nyk\u00f8bing onsdag formiddag har ber\u00f8rt ganske mange mennesker. Udover butikkerne i bygningen, der nu er kollapset, var der to lejligheder i samme bygning. Og i bygningerne ved siden af blev i alt seks lejligheder ramt af r\u00f8g- og vandskader. S\u00e5dan lyder den forel\u00f8bige vurdering fra Martin Sixh\u00f8j, der sammen med sin far [&hellip;]","og_url":"https:\/\/kunmedierne.dk\/mors\/udlejer-otte-lejligheder-beroert-to-er-helt-vaek\/","og_site_name":"Mors","article_published_time":"2020-05-06T12:21:48+00:00","article_modified_time":"2024-08-12T12:06:09+00:00","og_image":[{"width":770,"height":513,"url":"https:\/\/kunmedierne.dk\/mors\/wp-content\/uploads\/2020\/05\/brand9.jpg","type":"image\/jpeg"}],"author":"David H\u00f8jmark","twitter_card":"summary_large_image","twitter_misc":{"Skrevet af":"David H\u00f8jmark","Estimeret l\u00e6setid":"1 minut"},"schema":{"@context":"https:\/\/schema.org","@graph":[{"@type":"Article","@id":"https:\/\/kunmedierne.dk\/mors\/udlejer-otte-lejligheder-beroert-to-er-helt-vaek\/#article","isPartOf":{"@id":"https:\/\/kunmedierne.dk\/mors\/udlejer-otte-lejligheder-beroert-to-er-helt-vaek\/"},"author":{"name":"David H\u00f8jmark","@id":"https:\/\/kunmedierne.dk\/mors\/#\/schema\/person\/5fe23251bf1d0abbcdc6f7896579d548"},"headline":"Udlejer: Otte lejligheder ber\u00f8rt &#8211; to er helt v\u00e6k","datePublished":"2020-05-06T12:21:48+00:00","dateModified":"2024-08-12T12:06:09+00:00","mainEntityOfPage":{"@id":"https:\/\/kunmedierne.dk\/mors\/udlejer-otte-lejligheder-beroert-to-er-helt-vaek\/"},"wordCount":190,"commentCount":0,"publisher":{"@id":"https:\/\/kunmedierne.dk\/mors\/#organization"},"image":{"@id":"https:\/\/kunmedierne.dk\/mors\/udlejer-otte-lejligheder-beroert-to-er-helt-vaek\/#primaryimage"},"thumbnailUrl":"https:\/\/kunmedierne.dk\/mors\/wp-content\/uploads\/2020\/05\/brand9.jpg","articleSection":["Lokalt"],"inLanguage":"da-DK","potentialAction":[{"@type":"CommentAction","name":"Comment","target":["https:\/\/kunmedierne.dk\/mors\/udlejer-otte-lejligheder-beroert-to-er-helt-vaek\/#respond"]}]},{"@type":"WebPage","@id":"https:\/\/kunmedierne.dk\/mors\/udlejer-otte-lejligheder-beroert-to-er-helt-vaek\/","url":"https:\/\/kunmedierne.dk\/mors\/udlejer-otte-lejligheder-beroert-to-er-helt-vaek\/","name":"Udlejer: Otte lejligheder ber\u00f8rt - to er helt v\u00e6k - Mors","isPartOf":{"@id":"https:\/\/kunmedierne.dk\/mors\/#website"},"primaryImageOfPage":{"@id":"https:\/\/kunmedierne.dk\/mors\/udlejer-otte-lejligheder-beroert-to-er-helt-vaek\/#primaryimage"},"image":{"@id":"https:\/\/kunmedierne.dk\/mors\/udlejer-otte-lejligheder-beroert-to-er-helt-vaek\/#primaryimage"},"thumbnailUrl":"https:\/\/kunmedierne.dk\/mors\/wp-content\/uploads\/2020\/05\/brand9.jpg","datePublished":"2020-05-06T12:21:48+00:00","dateModified":"2024-08-12T12:06:09+00:00","breadcrumb":{"@id":"https:\/\/kunmedierne.dk\/mors\/udlejer-otte-lejligheder-beroert-to-er-helt-vaek\/#breadcrumb"},"inLanguage":"da-DK","potentialAction":[{"@type":"ReadAction","target":["https:\/\/kunmedierne.dk\/mors\/udlejer-otte-lejligheder-beroert-to-er-helt-vaek\/"]}]},{"@type":"ImageObject","inLanguage":"da-DK","@id":"https:\/\/kunmedierne.dk\/mors\/udlejer-otte-lejligheder-beroert-to-er-helt-vaek\/#primaryimage","url":"https:\/\/kunmedierne.dk\/mors\/wp-content\/uploads\/2020\/05\/brand9.jpg","contentUrl":"https:\/\/kunmedierne.dk\/mors\/wp-content\/uploads\/2020\/05\/brand9.jpg","width":770,"height":513,"caption":"Foto: David H\u00f8jmark."},{"@type":"BreadcrumbList","@id":"https:\/\/kunmedierne.dk\/mors\/udlejer-otte-lejligheder-beroert-to-er-helt-vaek\/#breadcrumb","itemListElement":[{"@type":"ListItem","position":1,"name":"Hjem","item":"https:\/\/kunmedierne.dk\/mors\/"},{"@type":"ListItem","position":2,"name":"Udlejer: Otte lejligheder ber\u00f8rt &#8211; to er helt v\u00e6k"}]},{"@type":"WebSite","@id":"https:\/\/kunmedierne.dk\/mors\/#website","url":"https:\/\/kunmedierne.dk\/mors\/","name":"Mors","description":"et netmedie med journalistik om livet p\u00e5 Mors","publisher":{"@id":"https:\/\/kunmedierne.dk\/mors\/#organization"},"potentialAction":[{"@type":"SearchAction","target":{"@type":"EntryPoint","urlTemplate":"https:\/\/kunmedierne.dk\/mors\/?s={search_term_string}"},"query-input":{"@type":"PropertyValueSpecification","valueRequired":true,"valueName":"search_term_string"}}],"inLanguage":"da-DK"},{"@type":"Organization","@id":"https:\/\/kunmedierne.dk\/mors\/#organization","name":"Mors","url":"https:\/\/kunmedierne.dk\/mors\/","logo":{"@type":"ImageObject","inLanguage":"da-DK","@id":"https:\/\/kunmedierne.dk\/mors\/#\/schema\/logo\/image\/","url":"https:\/\/kunmedierne.dk\/mors\/wp-content\/uploads\/2024\/08\/kunmors-logo.svg","contentUrl":"https:\/\/kunmedierne.dk\/mors\/wp-content\/uploads\/2024\/08\/kunmors-logo.svg","caption":"Mors"},"image":{"@id":"https:\/\/kunmedierne.dk\/mors\/#\/schema\/logo\/image\/"}},{"@type":"Person","@id":"https:\/\/kunmedierne.dk\/mors\/#\/schema\/person\/5fe23251bf1d0abbcdc6f7896579d548","name":"David H\u00f8jmark","image":{"@type":"ImageObject","inLanguage":"da-DK","@id":"https:\/\/kunmedierne.dk\/mors\/#\/schema\/person\/image\/","url":"https:\/\/secure.gravatar.com\/avatar\/4315d6fb9ef244d729989f5f90268eb08d5bf8a3d84402f595fa194bb35784fd?s=96&d=mm&r=g","contentUrl":"https:\/\/secure.gravatar.com\/avatar\/4315d6fb9ef244d729989f5f90268eb08d5bf8a3d84402f595fa194bb35784fd?s=96&d=mm&r=g","caption":"David H\u00f8jmark"},"sameAs":["https:\/\/www.kunmedierne.dk"],"url":"https:\/\/kunmedierne.dk\/mors\/author\/david\/"}]}},"_links":{"self":[{"href":"https:\/\/kunmedierne.dk\/mors\/wp-json\/wp\/v2\/posts\/20631","targetHints":{"allow":["GET"]}}],"collection":[{"href":"https:\/\/kunmedierne.dk\/mors\/wp-json\/wp\/v2\/posts"}],"about":[{"href":"https:\/\/kunmedierne.dk\/mors\/wp-json\/wp\/v2\/types\/post"}],"author":[{"embeddable":true,"href":"https:\/\/kunmedierne.dk\/mors\/wp-json\/wp\/v2\/users\/8"}],"replies":[{"embeddable":true,"href":"https:\/\/kunmedierne.dk\/mors\/wp-json\/wp\/v2\/comments?post=20631"}],"version-history":[{"count":1,"href":"https:\/\/kunmedierne.dk\/mors\/wp-json\/wp\/v2\/posts\/20631\/revisions"}],"predecessor-version":[{"id":20632,"href":"https:\/\/kunmedierne.dk\/mors\/wp-json\/wp\/v2\/posts\/20631\/revisions\/20632"}],"wp:featuredmedia":[{"embeddable":true,"href":"https:\/\/kunmedierne.dk\/mors\/wp-json\/wp\/v2\/media\/20626"}],"wp:attachment":[{"href":"https:\/\/kunmedierne.dk\/mors\/wp-json\/wp\/v2\/media?parent=20631"}],"wp:term":[{"taxonomy":"category","embeddable":true,"href":"https:\/\/kunmedierne.dk\/mors\/wp-json\/wp\/v2\/categories?post=20631"},{"taxonomy":"post_tag","embeddable":true,"href":"https:\/\/kunmedierne.dk\/mors\/wp-json\/wp\/v2\/tags?post=20631"}],"curies":[{"name":"wp","href":"https:\/\/api.w.org\/{rel}","templated":true}]}}