{"id":20523,"date":"2020-05-05T19:46:21","date_gmt":"2020-05-05T17:46:21","guid":{"rendered":"https:\/\/kunmedierne.dk\/mors\/?p=20523"},"modified":"2024-08-12T14:06:09","modified_gmt":"2024-08-12T12:06:09","slug":"flere-lag-millioner-i-2021","status":"publish","type":"post","link":"https:\/\/kunmedierne.dk\/mors\/flere-lag-millioner-i-2021\/","title":{"rendered":"Flere LAG-millioner i 2021"},"content":{"rendered":"<p><strong>MORS<\/strong>: Lokale iv\u00e6rks\u00e6ttere kan gl\u00e6de sig. Ogs\u00e5 til n\u00e6ste \u00e5r bliver der mulighed for at s\u00f8ge \u00f8konomisk LAG-st\u00f8tte til deres projekter.<\/p>\n<p>Det meddelte Erhvervsministeriet mandag, hvor det kom frem, at regeringen har besluttet at prioritere 93 millioner kroner til de s\u00e5kaldt lokale aktionsgrupper (LAG-grupper, red.) i 2021.<\/p>\n<p>LAG-midlerne, der ellers var berammet til perioden 2014-2020, bliver dermed udvidet, s\u00e5 eksempel LAG Thy-Mors, der st\u00e5r for uddeling af den lokale st\u00f8tte, f\u00e5r mulighed for ogs\u00e5 at g\u00f8re det i 2021.<\/p>\n<p>If\u00f8lge erhvervsminister Simon Kollerup (S) er midlerne til LAG-grupperne vigtige for udviklingen i Danmarks landdistrikter.<\/p>\n<p>&#8220;De skaber liv og aktivitet og er med til at fastholde arbejdspladser overalt i landet. Det er en vigtig prioritet for regeringen at skabe et sammenh\u00e6ngende Danmark, og her spiller LAG-midlerne en stor rolle,\u201d siger han.<\/p>\n<p>Med udmeldingen om 2021 h\u00e5ber erhvervsministeren desuden, at overgangen til den kommende EU-programperiode bliver s\u00e5 smidig som mulig.<\/p>\n<p>\u201dDet er meget vigtigt for mig, at de lokale aktionsgrupper f\u00e5r at vide, hvor mange penge, der er at g\u00f8re godt med til lokale projekter til n\u00e6ste \u00e5r. For vi m\u00e5 ikke bremse virkelysten ude i landdistrikterne. Vi har l\u00f8bende brug for ideerne fra ildsj\u00e6lene og de lokale drivkr\u00e6fter. Det er de lokale aktionsgrupper, der bedst kender de konkrete behov i deres nabolag, og derfor ved de ogs\u00e5, hvor og hvordan der skal s\u00e6ttes ind,\u201d siger Simon Kollerup.<\/p>\n<p>Den nuv\u00e6rende LAG-indsats er en del af det danske Landdistriktsprogram, der officielt udl\u00f8ber i 2020.<\/p>\n<p>Der er aktuelt forhandlinger i EU om rammerne for den nye programperiode 2021-2027. Disse n\u00e5r dog ikke at blive f\u00e6rdige, s\u00e5 man kan starte op allerede i 2021.<\/p>\n<p>Derfor har EU-Kommissionen besluttet, at 2021 kan v\u00e6re et overgangs\u00e5r, hvor reglerne for den nuv\u00e6rende periode stadig g\u00e6lder.<\/p>\n<blockquote>\n<h3>FAKTA<\/h3>\n<p>I den nuv\u00e6rende danske LAG-indsats er der i alt 26 lokale aktionsgrupper p\u00e5 tv\u00e6rs af landet, som tilsammen d\u00e6kker over 56 kommuner og 27 sm\u00e5\u00f8er.<\/p>\n<p>&nbsp;<\/p>\n<p>De lokale aktionsgrupper (LAG) giver tilskud til projekter, der kan skabe v\u00e6kst og udvikling i landdistrikterne. Aktionsgrupperne prioriterer midlerne p\u00e5 baggrund af deres egen lokale udviklingsstrategi.<\/p><\/blockquote>\n","protected":false},"excerpt":{"rendered":"<p>MORS: Lokale iv\u00e6rks\u00e6ttere kan gl\u00e6de sig. Ogs\u00e5 til n\u00e6ste \u00e5r bliver der mulighed for at s\u00f8ge \u00f8konomisk LAG-st\u00f8tte til deres projekter. Det meddelte Erhvervsministeriet mandag, hvor det kom frem, at regeringen har besluttet at prioritere 93 millioner kroner til de s\u00e5kaldt lokale aktionsgrupper (LAG-grupper, red.) i 2021. LAG-midlerne, der ellers var berammet til perioden 2014-2020, [&hellip;]<\/p>\n","protected":false},"author":8,"featured_media":11802,"comment_status":"open","ping_status":"open","sticky":false,"template":"","format":"standard","meta":{"_acf_changed":false,"footnotes":""},"categories":[51],"tags":[159],"class_list":["post-20523","post","type-post","status-publish","format-standard","has-post-thumbnail","hentry","category-lokalt","tag-erhverv"],"acf":[],"yoast_head":"<!-- This site is optimized with the Yoast SEO plugin v26.8 - https:\/\/yoast.com\/product\/yoast-seo-wordpress\/ -->\n<title>Flere LAG-millioner i 2021 - Mors<\/title>\n<meta name=\"robots\" content=\"index, follow, max-snippet:-1, max-image-preview:large, max-video-preview:-1\" \/>\n<link rel=\"canonical\" href=\"https:\/\/kunmedierne.dk\/mors\/flere-lag-millioner-i-2021\/\" \/>\n<meta property=\"og:locale\" content=\"da_DK\" \/>\n<meta property=\"og:type\" content=\"article\" \/>\n<meta property=\"og:title\" content=\"Flere LAG-millioner i 2021 - Mors\" \/>\n<meta property=\"og:description\" content=\"MORS: Lokale iv\u00e6rks\u00e6ttere kan gl\u00e6de sig. Ogs\u00e5 til n\u00e6ste \u00e5r bliver der mulighed for at s\u00f8ge \u00f8konomisk LAG-st\u00f8tte til deres projekter. Det meddelte Erhvervsministeriet mandag, hvor det kom frem, at regeringen har besluttet at prioritere 93 millioner kroner til de s\u00e5kaldt lokale aktionsgrupper (LAG-grupper, red.) i 2021. LAG-midlerne, der ellers var berammet til perioden 2014-2020, [&hellip;]\" \/>\n<meta property=\"og:url\" content=\"https:\/\/kunmedierne.dk\/mors\/flere-lag-millioner-i-2021\/\" \/>\n<meta property=\"og:site_name\" content=\"Mors\" \/>\n<meta property=\"article:published_time\" content=\"2020-05-05T17:46:21+00:00\" \/>\n<meta property=\"article:modified_time\" content=\"2024-08-12T12:06:09+00:00\" \/>\n<meta property=\"og:image\" content=\"https:\/\/kunmedierne.dk\/mors\/wp-content\/uploads\/2020\/03\/200211-lilletorv2.jpg\" \/>\n\t<meta property=\"og:image:width\" content=\"770\" \/>\n\t<meta property=\"og:image:height\" content=\"513\" \/>\n\t<meta property=\"og:image:type\" content=\"image\/jpeg\" \/>\n<meta name=\"author\" content=\"David H\u00f8jmark\" \/>\n<meta name=\"twitter:card\" content=\"summary_large_image\" \/>\n<meta name=\"twitter:label1\" content=\"Skrevet af\" \/>\n\t<meta name=\"twitter:data1\" content=\"David H\u00f8jmark\" \/>\n\t<meta name=\"twitter:label2\" content=\"Estimeret l\u00e6setid\" \/>\n\t<meta name=\"twitter:data2\" content=\"2 minutter\" \/>\n<script type=\"application\/ld+json\" class=\"yoast-schema-graph\">{\"@context\":\"https:\/\/schema.org\",\"@graph\":[{\"@type\":\"Article\",\"@id\":\"https:\/\/kunmedierne.dk\/mors\/flere-lag-millioner-i-2021\/#article\",\"isPartOf\":{\"@id\":\"https:\/\/kunmedierne.dk\/mors\/flere-lag-millioner-i-2021\/\"},\"author\":{\"name\":\"David H\u00f8jmark\",\"@id\":\"https:\/\/kunmedierne.dk\/mors\/#\/schema\/person\/5fe23251bf1d0abbcdc6f7896579d548\"},\"headline\":\"Flere LAG-millioner i 2021\",\"datePublished\":\"2020-05-05T17:46:21+00:00\",\"dateModified\":\"2024-08-12T12:06:09+00:00\",\"mainEntityOfPage\":{\"@id\":\"https:\/\/kunmedierne.dk\/mors\/flere-lag-millioner-i-2021\/\"},\"wordCount\":367,\"commentCount\":0,\"publisher\":{\"@id\":\"https:\/\/kunmedierne.dk\/mors\/#organization\"},\"image\":{\"@id\":\"https:\/\/kunmedierne.dk\/mors\/flere-lag-millioner-i-2021\/#primaryimage\"},\"thumbnailUrl\":\"https:\/\/kunmedierne.dk\/mors\/wp-content\/uploads\/2020\/03\/200211-lilletorv2.jpg\",\"keywords\":[\"Erhverv\"],\"articleSection\":[\"Lokalt\"],\"inLanguage\":\"da-DK\",\"potentialAction\":[{\"@type\":\"CommentAction\",\"name\":\"Comment\",\"target\":[\"https:\/\/kunmedierne.dk\/mors\/flere-lag-millioner-i-2021\/#respond\"]}]},{\"@type\":\"WebPage\",\"@id\":\"https:\/\/kunmedierne.dk\/mors\/flere-lag-millioner-i-2021\/\",\"url\":\"https:\/\/kunmedierne.dk\/mors\/flere-lag-millioner-i-2021\/\",\"name\":\"Flere LAG-millioner i 2021 - Mors\",\"isPartOf\":{\"@id\":\"https:\/\/kunmedierne.dk\/mors\/#website\"},\"primaryImageOfPage\":{\"@id\":\"https:\/\/kunmedierne.dk\/mors\/flere-lag-millioner-i-2021\/#primaryimage\"},\"image\":{\"@id\":\"https:\/\/kunmedierne.dk\/mors\/flere-lag-millioner-i-2021\/#primaryimage\"},\"thumbnailUrl\":\"https:\/\/kunmedierne.dk\/mors\/wp-content\/uploads\/2020\/03\/200211-lilletorv2.jpg\",\"datePublished\":\"2020-05-05T17:46:21+00:00\",\"dateModified\":\"2024-08-12T12:06:09+00:00\",\"breadcrumb\":{\"@id\":\"https:\/\/kunmedierne.dk\/mors\/flere-lag-millioner-i-2021\/#breadcrumb\"},\"inLanguage\":\"da-DK\",\"potentialAction\":[{\"@type\":\"ReadAction\",\"target\":[\"https:\/\/kunmedierne.dk\/mors\/flere-lag-millioner-i-2021\/\"]}]},{\"@type\":\"ImageObject\",\"inLanguage\":\"da-DK\",\"@id\":\"https:\/\/kunmedierne.dk\/mors\/flere-lag-millioner-i-2021\/#primaryimage\",\"url\":\"https:\/\/kunmedierne.dk\/mors\/wp-content\/uploads\/2020\/03\/200211-lilletorv2.jpg\",\"contentUrl\":\"https:\/\/kunmedierne.dk\/mors\/wp-content\/uploads\/2020\/03\/200211-lilletorv2.jpg\",\"width\":770,\"height\":513,\"caption\":\"No. 1, kommende caf\u00e9\/bistro i lokalerne her, er blandt projekterne, der har f\u00e5et st\u00f8tte af LAG Thy-Mors. Foto: David H\u00f8jmark.\"},{\"@type\":\"BreadcrumbList\",\"@id\":\"https:\/\/kunmedierne.dk\/mors\/flere-lag-millioner-i-2021\/#breadcrumb\",\"itemListElement\":[{\"@type\":\"ListItem\",\"position\":1,\"name\":\"Hjem\",\"item\":\"https:\/\/kunmedierne.dk\/mors\/\"},{\"@type\":\"ListItem\",\"position\":2,\"name\":\"Flere LAG-millioner i 2021\"}]},{\"@type\":\"WebSite\",\"@id\":\"https:\/\/kunmedierne.dk\/mors\/#website\",\"url\":\"https:\/\/kunmedierne.dk\/mors\/\",\"name\":\"Mors\",\"description\":\"et netmedie med journalistik om livet p\u00e5 Mors\",\"publisher\":{\"@id\":\"https:\/\/kunmedierne.dk\/mors\/#organization\"},\"potentialAction\":[{\"@type\":\"SearchAction\",\"target\":{\"@type\":\"EntryPoint\",\"urlTemplate\":\"https:\/\/kunmedierne.dk\/mors\/?s={search_term_string}\"},\"query-input\":{\"@type\":\"PropertyValueSpecification\",\"valueRequired\":true,\"valueName\":\"search_term_string\"}}],\"inLanguage\":\"da-DK\"},{\"@type\":\"Organization\",\"@id\":\"https:\/\/kunmedierne.dk\/mors\/#organization\",\"name\":\"Mors\",\"url\":\"https:\/\/kunmedierne.dk\/mors\/\",\"logo\":{\"@type\":\"ImageObject\",\"inLanguage\":\"da-DK\",\"@id\":\"https:\/\/kunmedierne.dk\/mors\/#\/schema\/logo\/image\/\",\"url\":\"https:\/\/kunmedierne.dk\/mors\/wp-content\/uploads\/2024\/08\/kunmors-logo.svg\",\"contentUrl\":\"https:\/\/kunmedierne.dk\/mors\/wp-content\/uploads\/2024\/08\/kunmors-logo.svg\",\"caption\":\"Mors\"},\"image\":{\"@id\":\"https:\/\/kunmedierne.dk\/mors\/#\/schema\/logo\/image\/\"}},{\"@type\":\"Person\",\"@id\":\"https:\/\/kunmedierne.dk\/mors\/#\/schema\/person\/5fe23251bf1d0abbcdc6f7896579d548\",\"name\":\"David H\u00f8jmark\",\"image\":{\"@type\":\"ImageObject\",\"inLanguage\":\"da-DK\",\"@id\":\"https:\/\/kunmedierne.dk\/mors\/#\/schema\/person\/image\/\",\"url\":\"https:\/\/secure.gravatar.com\/avatar\/4315d6fb9ef244d729989f5f90268eb08d5bf8a3d84402f595fa194bb35784fd?s=96&d=mm&r=g\",\"contentUrl\":\"https:\/\/secure.gravatar.com\/avatar\/4315d6fb9ef244d729989f5f90268eb08d5bf8a3d84402f595fa194bb35784fd?s=96&d=mm&r=g\",\"caption\":\"David H\u00f8jmark\"},\"sameAs\":[\"https:\/\/www.kunmedierne.dk\"],\"url\":\"https:\/\/kunmedierne.dk\/mors\/author\/david\/\"}]}<\/script>\n<!-- \/ Yoast SEO plugin. -->","yoast_head_json":{"title":"Flere LAG-millioner i 2021 - Mors","robots":{"index":"index","follow":"follow","max-snippet":"max-snippet:-1","max-image-preview":"max-image-preview:large","max-video-preview":"max-video-preview:-1"},"canonical":"https:\/\/kunmedierne.dk\/mors\/flere-lag-millioner-i-2021\/","og_locale":"da_DK","og_type":"article","og_title":"Flere LAG-millioner i 2021 - Mors","og_description":"MORS: Lokale iv\u00e6rks\u00e6ttere kan gl\u00e6de sig. Ogs\u00e5 til n\u00e6ste \u00e5r bliver der mulighed for at s\u00f8ge \u00f8konomisk LAG-st\u00f8tte til deres projekter. Det meddelte Erhvervsministeriet mandag, hvor det kom frem, at regeringen har besluttet at prioritere 93 millioner kroner til de s\u00e5kaldt lokale aktionsgrupper (LAG-grupper, red.) i 2021. LAG-midlerne, der ellers var berammet til perioden 2014-2020, [&hellip;]","og_url":"https:\/\/kunmedierne.dk\/mors\/flere-lag-millioner-i-2021\/","og_site_name":"Mors","article_published_time":"2020-05-05T17:46:21+00:00","article_modified_time":"2024-08-12T12:06:09+00:00","og_image":[{"width":770,"height":513,"url":"https:\/\/kunmedierne.dk\/mors\/wp-content\/uploads\/2020\/03\/200211-lilletorv2.jpg","type":"image\/jpeg"}],"author":"David H\u00f8jmark","twitter_card":"summary_large_image","twitter_misc":{"Skrevet af":"David H\u00f8jmark","Estimeret l\u00e6setid":"2 minutter"},"schema":{"@context":"https:\/\/schema.org","@graph":[{"@type":"Article","@id":"https:\/\/kunmedierne.dk\/mors\/flere-lag-millioner-i-2021\/#article","isPartOf":{"@id":"https:\/\/kunmedierne.dk\/mors\/flere-lag-millioner-i-2021\/"},"author":{"name":"David H\u00f8jmark","@id":"https:\/\/kunmedierne.dk\/mors\/#\/schema\/person\/5fe23251bf1d0abbcdc6f7896579d548"},"headline":"Flere LAG-millioner i 2021","datePublished":"2020-05-05T17:46:21+00:00","dateModified":"2024-08-12T12:06:09+00:00","mainEntityOfPage":{"@id":"https:\/\/kunmedierne.dk\/mors\/flere-lag-millioner-i-2021\/"},"wordCount":367,"commentCount":0,"publisher":{"@id":"https:\/\/kunmedierne.dk\/mors\/#organization"},"image":{"@id":"https:\/\/kunmedierne.dk\/mors\/flere-lag-millioner-i-2021\/#primaryimage"},"thumbnailUrl":"https:\/\/kunmedierne.dk\/mors\/wp-content\/uploads\/2020\/03\/200211-lilletorv2.jpg","keywords":["Erhverv"],"articleSection":["Lokalt"],"inLanguage":"da-DK","potentialAction":[{"@type":"CommentAction","name":"Comment","target":["https:\/\/kunmedierne.dk\/mors\/flere-lag-millioner-i-2021\/#respond"]}]},{"@type":"WebPage","@id":"https:\/\/kunmedierne.dk\/mors\/flere-lag-millioner-i-2021\/","url":"https:\/\/kunmedierne.dk\/mors\/flere-lag-millioner-i-2021\/","name":"Flere LAG-millioner i 2021 - Mors","isPartOf":{"@id":"https:\/\/kunmedierne.dk\/mors\/#website"},"primaryImageOfPage":{"@id":"https:\/\/kunmedierne.dk\/mors\/flere-lag-millioner-i-2021\/#primaryimage"},"image":{"@id":"https:\/\/kunmedierne.dk\/mors\/flere-lag-millioner-i-2021\/#primaryimage"},"thumbnailUrl":"https:\/\/kunmedierne.dk\/mors\/wp-content\/uploads\/2020\/03\/200211-lilletorv2.jpg","datePublished":"2020-05-05T17:46:21+00:00","dateModified":"2024-08-12T12:06:09+00:00","breadcrumb":{"@id":"https:\/\/kunmedierne.dk\/mors\/flere-lag-millioner-i-2021\/#breadcrumb"},"inLanguage":"da-DK","potentialAction":[{"@type":"ReadAction","target":["https:\/\/kunmedierne.dk\/mors\/flere-lag-millioner-i-2021\/"]}]},{"@type":"ImageObject","inLanguage":"da-DK","@id":"https:\/\/kunmedierne.dk\/mors\/flere-lag-millioner-i-2021\/#primaryimage","url":"https:\/\/kunmedierne.dk\/mors\/wp-content\/uploads\/2020\/03\/200211-lilletorv2.jpg","contentUrl":"https:\/\/kunmedierne.dk\/mors\/wp-content\/uploads\/2020\/03\/200211-lilletorv2.jpg","width":770,"height":513,"caption":"No. 1, kommende caf\u00e9\/bistro i lokalerne her, er blandt projekterne, der har f\u00e5et st\u00f8tte af LAG Thy-Mors. Foto: David H\u00f8jmark."},{"@type":"BreadcrumbList","@id":"https:\/\/kunmedierne.dk\/mors\/flere-lag-millioner-i-2021\/#breadcrumb","itemListElement":[{"@type":"ListItem","position":1,"name":"Hjem","item":"https:\/\/kunmedierne.dk\/mors\/"},{"@type":"ListItem","position":2,"name":"Flere LAG-millioner i 2021"}]},{"@type":"WebSite","@id":"https:\/\/kunmedierne.dk\/mors\/#website","url":"https:\/\/kunmedierne.dk\/mors\/","name":"Mors","description":"et netmedie med journalistik om livet p\u00e5 Mors","publisher":{"@id":"https:\/\/kunmedierne.dk\/mors\/#organization"},"potentialAction":[{"@type":"SearchAction","target":{"@type":"EntryPoint","urlTemplate":"https:\/\/kunmedierne.dk\/mors\/?s={search_term_string}"},"query-input":{"@type":"PropertyValueSpecification","valueRequired":true,"valueName":"search_term_string"}}],"inLanguage":"da-DK"},{"@type":"Organization","@id":"https:\/\/kunmedierne.dk\/mors\/#organization","name":"Mors","url":"https:\/\/kunmedierne.dk\/mors\/","logo":{"@type":"ImageObject","inLanguage":"da-DK","@id":"https:\/\/kunmedierne.dk\/mors\/#\/schema\/logo\/image\/","url":"https:\/\/kunmedierne.dk\/mors\/wp-content\/uploads\/2024\/08\/kunmors-logo.svg","contentUrl":"https:\/\/kunmedierne.dk\/mors\/wp-content\/uploads\/2024\/08\/kunmors-logo.svg","caption":"Mors"},"image":{"@id":"https:\/\/kunmedierne.dk\/mors\/#\/schema\/logo\/image\/"}},{"@type":"Person","@id":"https:\/\/kunmedierne.dk\/mors\/#\/schema\/person\/5fe23251bf1d0abbcdc6f7896579d548","name":"David H\u00f8jmark","image":{"@type":"ImageObject","inLanguage":"da-DK","@id":"https:\/\/kunmedierne.dk\/mors\/#\/schema\/person\/image\/","url":"https:\/\/secure.gravatar.com\/avatar\/4315d6fb9ef244d729989f5f90268eb08d5bf8a3d84402f595fa194bb35784fd?s=96&d=mm&r=g","contentUrl":"https:\/\/secure.gravatar.com\/avatar\/4315d6fb9ef244d729989f5f90268eb08d5bf8a3d84402f595fa194bb35784fd?s=96&d=mm&r=g","caption":"David H\u00f8jmark"},"sameAs":["https:\/\/www.kunmedierne.dk"],"url":"https:\/\/kunmedierne.dk\/mors\/author\/david\/"}]}},"_links":{"self":[{"href":"https:\/\/kunmedierne.dk\/mors\/wp-json\/wp\/v2\/posts\/20523","targetHints":{"allow":["GET"]}}],"collection":[{"href":"https:\/\/kunmedierne.dk\/mors\/wp-json\/wp\/v2\/posts"}],"about":[{"href":"https:\/\/kunmedierne.dk\/mors\/wp-json\/wp\/v2\/types\/post"}],"author":[{"embeddable":true,"href":"https:\/\/kunmedierne.dk\/mors\/wp-json\/wp\/v2\/users\/8"}],"replies":[{"embeddable":true,"href":"https:\/\/kunmedierne.dk\/mors\/wp-json\/wp\/v2\/comments?post=20523"}],"version-history":[{"count":2,"href":"https:\/\/kunmedierne.dk\/mors\/wp-json\/wp\/v2\/posts\/20523\/revisions"}],"predecessor-version":[{"id":20525,"href":"https:\/\/kunmedierne.dk\/mors\/wp-json\/wp\/v2\/posts\/20523\/revisions\/20525"}],"wp:featuredmedia":[{"embeddable":true,"href":"https:\/\/kunmedierne.dk\/mors\/wp-json\/wp\/v2\/media\/11802"}],"wp:attachment":[{"href":"https:\/\/kunmedierne.dk\/mors\/wp-json\/wp\/v2\/media?parent=20523"}],"wp:term":[{"taxonomy":"category","embeddable":true,"href":"https:\/\/kunmedierne.dk\/mors\/wp-json\/wp\/v2\/categories?post=20523"},{"taxonomy":"post_tag","embeddable":true,"href":"https:\/\/kunmedierne.dk\/mors\/wp-json\/wp\/v2\/tags?post=20523"}],"curies":[{"name":"wp","href":"https:\/\/api.w.org\/{rel}","templated":true}]}}