{"id":20507,"date":"2020-05-05T18:01:55","date_gmt":"2020-05-05T16:01:55","guid":{"rendered":"https:\/\/kunmedierne.dk\/mors\/?p=20507"},"modified":"2024-08-12T14:06:09","modified_gmt":"2024-08-12T12:06:09","slug":"havneformand-mere-sikker-flydemolerne-driver-ingen-steder-hen-med-de-kaeder","status":"publish","type":"post","link":"https:\/\/kunmedierne.dk\/mors\/havneformand-mere-sikker-flydemolerne-driver-ingen-steder-hen-med-de-kaeder\/","title":{"rendered":"Havneformand mere sikker: Flydemolerne driver ingen steder hen med de k\u00e6der"},"content":{"rendered":"<p><strong>SUNDBY<\/strong>: 2020 har indtil nu v\u00e6ret et barsk \u00e5r for alle &#8211; og ikke mindst for havnen i Sundby Mors.<\/p>\n<p>I februar, endnu f\u00f8r coronavirus overtog det globale mediebillede, rettede det lokale fokus sig imod lystb\u00e5dehavnen, da <a href=\"https:\/\/kunmedierne.dk\/mors\/flydemoler-rev-sig-loes-paa-havnen-i-sundby\/\" target=\"_blank\" rel=\"noopener noreferrer\">et stormvejr<\/a> for\u00e5rsagede l\u00f8srevne flydemoler, der med mange tons v\u00e6gt bag sig truede med at smadre l\u00f8s p\u00e5 alt, de kom i n\u00e6rheden af.<\/p>\n<p>Helt s\u00e5 slemt gik <a href=\"https:\/\/kunmedierne.dk\/mors\/vi-har-undgaaet-katastrofen\/\" target=\"_blank\" rel=\"noopener noreferrer\">det heldigvis ikke<\/a>, men senere samme m\u00e5ned var der igen d\u00e5rligt nyt at berette fra Sundby, da en ellers bevaringsv\u00e6rdig kutter blev forvandlet til et <a href=\"https:\/\/kunmedierne.dk\/mors\/bevaringsvaerdig-kutter-under-vand\/\" target=\"_blank\" rel=\"noopener noreferrer\">trist syn<\/a> for havnen.<\/p>\n<p>Men nu bliver taget fat og l\u00f8st problemer. De 2,2 millioner kroner, Mors\u00f8 Kommune kan se frem til at bekoste p\u00e5 at udbedre skaderne, har nu f\u00e5et ben at g\u00e5 p\u00e5.<\/p>\n<p>&#8220;De tre elementer er kommet i vandet. Og s\u00e5 er de 24 store klodser, der skal holde elementerne p\u00e5 bunden, sat ned i havnen. I morgen kommer de s\u00e5 med en kran, der kan l\u00f8fte dem,&#8221; lyder det fra en meget tilfreds Peter Hougaard, formand for havnen i Sundby.<\/p>\n<p>De tre flydebroer, der hver vejer 6,4 tons, er s\u00e5ledes nu p\u00e5 vandet og kan se frem til at blive fastgjort med meget tunge k\u00e6der. En fjerde flydebro er p\u00e5 vej fra Finland og forventes fremme i l\u00f8bet af et par uger.<\/p>\n<p>&#8220;De siger 10 dage, og jeg h\u00e5ber jo, at det er rigtigt. Det er i hvert fald bestilt og p\u00e5 vej,&#8221; siger Peter Hougaard.<\/p>\n<p>&nbsp;<\/p>\n<p><strong>Kutteren har gjort havnen kendt<\/strong><\/p>\n<p>Han melder ogs\u00e5 om en del oprydning forude. Dels skal jerns\u00f8jler sk\u00e6res ned og fjernes, og dels skal den forliste kutter bjerges.<\/p>\n<p>&#8220;N\u00e5r kranen kommer igen, ryger kutteren v\u00e6k ved samme lejlighed,&#8221; siger Peter Hougaard forventningsfuldt.<\/p>\n<p><em>&#8220;Den har vel ogs\u00e5 v\u00e6ret tr\u00e6ls at se p\u00e5?&#8221;<\/em><\/p>\n<div id=\"attachment_8166\" style=\"width: 310px\" class=\"wp-caption alignright\"><img loading=\"lazy\" decoding=\"async\" aria-describedby=\"caption-attachment-8166\" class=\"wp-image-8166 size-medium\" src=\"https:\/\/kunmedierne.dk\/mors\/wp-content\/uploads\/2020\/02\/200217-kutter-300x200.jpg\" alt=\"\" width=\"300\" height=\"200\" srcset=\"https:\/\/kunmedierne.dk\/mors\/wp-content\/uploads\/2020\/02\/200217-kutter-300x200.jpg 300w, https:\/\/kunmedierne.dk\/mors\/wp-content\/uploads\/2020\/02\/200217-kutter-768x512.jpg 768w, https:\/\/kunmedierne.dk\/mors\/wp-content\/uploads\/2020\/02\/200217-kutter-360x240.jpg 360w, https:\/\/kunmedierne.dk\/mors\/wp-content\/uploads\/2020\/02\/200217-kutter-600x400.jpg 600w, https:\/\/kunmedierne.dk\/mors\/wp-content\/uploads\/2020\/02\/200217-kutter.jpg 770w\" sizes=\"auto, (max-width: 300px) 100vw, 300px\" \/><p id=\"caption-attachment-8166\" class=\"wp-caption-text\">Foto: Erik Vejling.<\/p><\/div>\n<p>&#8220;Jo, det kan man godt sige. Men man kan ogs\u00e5 sige, at der ikke er noget, der er s\u00e5 skidt, at det ikke ogs\u00e5 er godt for noget. For den har gjort os meget kendt som havn,&#8221; griner han.<\/p>\n<p>&#8220;De fleste ved nu, hvor Sundby Mors Havn ligger, og det er trods alt positivt &#8211; selv om det var en tr\u00e6ls situation. Men nu kommer den v\u00e6k,&#8221; siger han.<\/p>\n<p>If\u00f8lge Peter Hougaard har kutteren udsigt til at skulle hugges op, ogs\u00e5 selv om man i princippet kan bruge den til meget &#8211; for eksempel p\u00e5 en legeplads.<\/p>\n<p>&#8220;Det ser man jo andre steder, at de kan bruges til. Men i princippet har jeg kun den tilgang, at den skal v\u00e6k &#8211; og jeg er glad for, at man har taget den beslutning. Om kommunen s\u00e5 kan finde et sted at bruge den, eller hvad man kan finde ud af, det ved jeg ikke,&#8221; siger han.<\/p>\n<p>&nbsp;<\/p>\n<p><strong>Ikke st\u00e6rkere, men bedre fastgjort<\/strong><\/p>\n<p>Han sl\u00e5r dog fast, at hans fokus ligger et helt andet sted.<\/p>\n<p>&#8220;Nu spekulerer jeg mere p\u00e5 at f\u00e5 havnen gjort klar til s\u00e6sonen, s\u00e5 de kan f\u00e5 b\u00e5dene i vandet,&#8221; lyder tilf\u00f8jelsen.<\/p>\n<p><em>&#8220;Og hvordan ser det ud med det? Er du optimist i forhold til at n\u00e5 det?&#8221;<\/em><\/p>\n<p>&#8220;Ja, det er jeg. Jeg kan se, at man i de n\u00e6ste to-tre dage kommer et godt stykke videre. Og s\u00e5 snart elementerne ligger derude, s\u00e5 er de to b\u00e5dbroer n\u00e6sten helt beskyttet. Det, der mangler, er elementet for enden, der laver et mindre havneindl\u00f8b,&#8221; siger havneformanden og tilf\u00f8jer, at det er sj\u00e6ldent, at vinden generer, n\u00e5r den kommer fra hj\u00f8rnet med det manglende element.<\/p>\n<p>Det er i h\u00f8jere grad vestenvinden, der kan skabe \u00f8del\u00e6ggelser, s\u00e5 den skal der beskyttes imod.<\/p>\n<p>&#8220;Det er det, vi er interesseret i, for det er sl\u00e5et godt og grundigt i stykker p\u00e5 de to b\u00e5dbroer. De har simpelthen f\u00e5et nogle vippeture, s\u00e5 der kn\u00e6kkede bolte og s\u00e5dan noget,&#8221; siger Peter Hougaard.<\/p>\n<p><em>&#8220;Er det s\u00e5 st\u00e6rkere flydebroer, n\u00e5r de kommer op?&#8221;<\/em><\/p>\n<p>&#8220;Nej, det er det ikke. Men de bliver fastgjort p\u00e5 en anden m\u00e5de, og jeg tror, det er det, der virker,&#8221; siger han.<\/p>\n<p>&nbsp;<\/p>\n<p><strong>Det ser meget stabilt ud<\/strong><\/p>\n<p>Samtidig tilf\u00f8jer han, at fagfolkene har gode erfaringer med at fastg\u00f8re flydebroer med k\u00e6der.<\/p>\n<p>&#8220;De ligger cirka 25 meter fra broen, og s\u00e5 s\u00e6tter man en k\u00e6de i, som er s\u00e5 tung, at den h\u00e6nger i en bue. Og s\u00e5 kommer der kontrav\u00e6gte p\u00e5, s\u00e5 n\u00e5r der kommer nogle h\u00e5rde st\u00f8d, er de med til at tage trykket af, s\u00e5 det ikke bliver kastet rundt. Det bliver meget mere afbalanceret, n\u00e5r k\u00e6derne er i,&#8221; siger Peter Hougaard og skitserer forskellen fra f\u00f8r stormen.<\/p>\n<div id=\"attachment_7083\" style=\"width: 310px\" class=\"wp-caption alignright\"><img loading=\"lazy\" decoding=\"async\" aria-describedby=\"caption-attachment-7083\" class=\"wp-image-7083 size-medium\" src=\"https:\/\/kunmedierne.dk\/mors\/wp-content\/uploads\/2020\/02\/200211-sundby-havn4-300x200.jpg\" alt=\"\" width=\"300\" height=\"200\" srcset=\"https:\/\/kunmedierne.dk\/mors\/wp-content\/uploads\/2020\/02\/200211-sundby-havn4-300x200.jpg 300w, https:\/\/kunmedierne.dk\/mors\/wp-content\/uploads\/2020\/02\/200211-sundby-havn4-768x512.jpg 768w, https:\/\/kunmedierne.dk\/mors\/wp-content\/uploads\/2020\/02\/200211-sundby-havn4-360x240.jpg 360w, https:\/\/kunmedierne.dk\/mors\/wp-content\/uploads\/2020\/02\/200211-sundby-havn4-600x400.jpg 600w, https:\/\/kunmedierne.dk\/mors\/wp-content\/uploads\/2020\/02\/200211-sundby-havn4.jpg 770w\" sizes=\"auto, (max-width: 300px) 100vw, 300px\" \/><p id=\"caption-attachment-7083\" class=\"wp-caption-text\">St\u00e6rke kr\u00e6fter var p\u00e5 spil.<\/p><\/div>\n<p>&#8220;De har jo kun v\u00e6ret fastgjort p\u00e5 indvendige side, s\u00e5 de stod i 15 graders h\u00e6ldning, da det bl\u00e6ste mest &#8211; samtidig med, at der var 1,30 meter h\u00f8jvande. S\u00e5 der var ikke meget s\u00f8jle tilbage, og n\u00e5r der s\u00e5 ligger s\u00e5 mange tons og trykker, skal der jo ske et eller andet. Det skulle ikke kunne komme til at ske nu med k\u00e6derne, fordi de holder dem nede p\u00e5 den anden side,&#8221; siger han og erkl\u00e6rer sin tro p\u00e5 projektet.<\/p>\n<p>&#8220;Det er i hvert fald nogle kloge mennesker, der har lavet det, og s\u00e5 m\u00e5 vi jo h\u00e5be, at de rammer plet denne gang,&#8221; siger han og f\u00f8ler sig overbevist om, at Sundby Mors Havn bliver mere sikker end f\u00f8r.<\/p>\n<p>&#8220;Det er der ingen tvivl om. Det driver i hvert fald ikke nogen steder hen, s\u00e5 l\u00e6nge de k\u00e6der er i. Det ser meget stabilt ud,&#8221; siger Peter Hougaard.<\/p>\n","protected":false},"excerpt":{"rendered":"<p>SUNDBY: 2020 har indtil nu v\u00e6ret et barsk \u00e5r for alle &#8211; og ikke mindst for havnen i Sundby Mors. I februar, endnu f\u00f8r coronavirus overtog det globale mediebillede, rettede det lokale fokus sig imod lystb\u00e5dehavnen, da et stormvejr for\u00e5rsagede l\u00f8srevne flydemoler, der med mange tons v\u00e6gt bag sig truede med at smadre l\u00f8s p\u00e5 [&hellip;]<\/p>\n","protected":false},"author":8,"featured_media":20509,"comment_status":"open","ping_status":"open","sticky":false,"template":"","format":"standard","meta":{"_acf_changed":false,"footnotes":""},"categories":[51],"tags":[],"class_list":["post-20507","post","type-post","status-publish","format-standard","has-post-thumbnail","hentry","category-lokalt"],"acf":[],"yoast_head":"<!-- This site is optimized with the Yoast SEO plugin v26.8 - https:\/\/yoast.com\/product\/yoast-seo-wordpress\/ -->\n<title>Havneformand mere sikker: Flydemolerne driver ingen steder hen med de k\u00e6der - Mors<\/title>\n<meta name=\"robots\" content=\"index, follow, max-snippet:-1, max-image-preview:large, max-video-preview:-1\" \/>\n<link rel=\"canonical\" href=\"https:\/\/kunmedierne.dk\/mors\/havneformand-mere-sikker-flydemolerne-driver-ingen-steder-hen-med-de-kaeder\/\" \/>\n<meta property=\"og:locale\" content=\"da_DK\" \/>\n<meta property=\"og:type\" content=\"article\" \/>\n<meta property=\"og:title\" content=\"Havneformand mere sikker: Flydemolerne driver ingen steder hen med de k\u00e6der - Mors\" \/>\n<meta property=\"og:description\" content=\"SUNDBY: 2020 har indtil nu v\u00e6ret et barsk \u00e5r for alle &#8211; og ikke mindst for havnen i Sundby Mors. I februar, endnu f\u00f8r coronavirus overtog det globale mediebillede, rettede det lokale fokus sig imod lystb\u00e5dehavnen, da et stormvejr for\u00e5rsagede l\u00f8srevne flydemoler, der med mange tons v\u00e6gt bag sig truede med at smadre l\u00f8s p\u00e5 [&hellip;]\" \/>\n<meta property=\"og:url\" content=\"https:\/\/kunmedierne.dk\/mors\/havneformand-mere-sikker-flydemolerne-driver-ingen-steder-hen-med-de-kaeder\/\" \/>\n<meta property=\"og:site_name\" content=\"Mors\" \/>\n<meta property=\"article:published_time\" content=\"2020-05-05T16:01:55+00:00\" \/>\n<meta property=\"article:modified_time\" content=\"2024-08-12T12:06:09+00:00\" \/>\n<meta property=\"og:image\" content=\"https:\/\/kunmedierne.dk\/mors\/wp-content\/uploads\/2020\/05\/200211-sundby-havn1.jpg\" \/>\n\t<meta property=\"og:image:width\" content=\"770\" \/>\n\t<meta property=\"og:image:height\" content=\"513\" \/>\n\t<meta property=\"og:image:type\" content=\"image\/jpeg\" \/>\n<meta name=\"author\" content=\"David H\u00f8jmark\" \/>\n<meta name=\"twitter:card\" content=\"summary_large_image\" \/>\n<meta name=\"twitter:label1\" content=\"Skrevet af\" \/>\n\t<meta name=\"twitter:data1\" content=\"David H\u00f8jmark\" \/>\n\t<meta name=\"twitter:label2\" content=\"Estimeret l\u00e6setid\" \/>\n\t<meta name=\"twitter:data2\" content=\"5 minutter\" \/>\n<script type=\"application\/ld+json\" class=\"yoast-schema-graph\">{\"@context\":\"https:\/\/schema.org\",\"@graph\":[{\"@type\":\"Article\",\"@id\":\"https:\/\/kunmedierne.dk\/mors\/havneformand-mere-sikker-flydemolerne-driver-ingen-steder-hen-med-de-kaeder\/#article\",\"isPartOf\":{\"@id\":\"https:\/\/kunmedierne.dk\/mors\/havneformand-mere-sikker-flydemolerne-driver-ingen-steder-hen-med-de-kaeder\/\"},\"author\":{\"name\":\"David H\u00f8jmark\",\"@id\":\"https:\/\/kunmedierne.dk\/mors\/#\/schema\/person\/5fe23251bf1d0abbcdc6f7896579d548\"},\"headline\":\"Havneformand mere sikker: Flydemolerne driver ingen steder hen med de k\u00e6der\",\"datePublished\":\"2020-05-05T16:01:55+00:00\",\"dateModified\":\"2024-08-12T12:06:09+00:00\",\"mainEntityOfPage\":{\"@id\":\"https:\/\/kunmedierne.dk\/mors\/havneformand-mere-sikker-flydemolerne-driver-ingen-steder-hen-med-de-kaeder\/\"},\"wordCount\":994,\"commentCount\":0,\"publisher\":{\"@id\":\"https:\/\/kunmedierne.dk\/mors\/#organization\"},\"image\":{\"@id\":\"https:\/\/kunmedierne.dk\/mors\/havneformand-mere-sikker-flydemolerne-driver-ingen-steder-hen-med-de-kaeder\/#primaryimage\"},\"thumbnailUrl\":\"https:\/\/kunmedierne.dk\/mors\/wp-content\/uploads\/2020\/05\/200211-sundby-havn1.jpg\",\"articleSection\":[\"Lokalt\"],\"inLanguage\":\"da-DK\",\"potentialAction\":[{\"@type\":\"CommentAction\",\"name\":\"Comment\",\"target\":[\"https:\/\/kunmedierne.dk\/mors\/havneformand-mere-sikker-flydemolerne-driver-ingen-steder-hen-med-de-kaeder\/#respond\"]}]},{\"@type\":\"WebPage\",\"@id\":\"https:\/\/kunmedierne.dk\/mors\/havneformand-mere-sikker-flydemolerne-driver-ingen-steder-hen-med-de-kaeder\/\",\"url\":\"https:\/\/kunmedierne.dk\/mors\/havneformand-mere-sikker-flydemolerne-driver-ingen-steder-hen-med-de-kaeder\/\",\"name\":\"Havneformand mere sikker: Flydemolerne driver ingen steder hen med de k\u00e6der - Mors\",\"isPartOf\":{\"@id\":\"https:\/\/kunmedierne.dk\/mors\/#website\"},\"primaryImageOfPage\":{\"@id\":\"https:\/\/kunmedierne.dk\/mors\/havneformand-mere-sikker-flydemolerne-driver-ingen-steder-hen-med-de-kaeder\/#primaryimage\"},\"image\":{\"@id\":\"https:\/\/kunmedierne.dk\/mors\/havneformand-mere-sikker-flydemolerne-driver-ingen-steder-hen-med-de-kaeder\/#primaryimage\"},\"thumbnailUrl\":\"https:\/\/kunmedierne.dk\/mors\/wp-content\/uploads\/2020\/05\/200211-sundby-havn1.jpg\",\"datePublished\":\"2020-05-05T16:01:55+00:00\",\"dateModified\":\"2024-08-12T12:06:09+00:00\",\"breadcrumb\":{\"@id\":\"https:\/\/kunmedierne.dk\/mors\/havneformand-mere-sikker-flydemolerne-driver-ingen-steder-hen-med-de-kaeder\/#breadcrumb\"},\"inLanguage\":\"da-DK\",\"potentialAction\":[{\"@type\":\"ReadAction\",\"target\":[\"https:\/\/kunmedierne.dk\/mors\/havneformand-mere-sikker-flydemolerne-driver-ingen-steder-hen-med-de-kaeder\/\"]}]},{\"@type\":\"ImageObject\",\"inLanguage\":\"da-DK\",\"@id\":\"https:\/\/kunmedierne.dk\/mors\/havneformand-mere-sikker-flydemolerne-driver-ingen-steder-hen-med-de-kaeder\/#primaryimage\",\"url\":\"https:\/\/kunmedierne.dk\/mors\/wp-content\/uploads\/2020\/05\/200211-sundby-havn1.jpg\",\"contentUrl\":\"https:\/\/kunmedierne.dk\/mors\/wp-content\/uploads\/2020\/05\/200211-sundby-havn1.jpg\",\"width\":770,\"height\":513,\"caption\":\"Sundby Mors Havn efter stormen i februar. Foto: David H\u00f8jmark.\"},{\"@type\":\"BreadcrumbList\",\"@id\":\"https:\/\/kunmedierne.dk\/mors\/havneformand-mere-sikker-flydemolerne-driver-ingen-steder-hen-med-de-kaeder\/#breadcrumb\",\"itemListElement\":[{\"@type\":\"ListItem\",\"position\":1,\"name\":\"Hjem\",\"item\":\"https:\/\/kunmedierne.dk\/mors\/\"},{\"@type\":\"ListItem\",\"position\":2,\"name\":\"Havneformand mere sikker: Flydemolerne driver ingen steder hen med de k\u00e6der\"}]},{\"@type\":\"WebSite\",\"@id\":\"https:\/\/kunmedierne.dk\/mors\/#website\",\"url\":\"https:\/\/kunmedierne.dk\/mors\/\",\"name\":\"Mors\",\"description\":\"et netmedie med journalistik om livet p\u00e5 Mors\",\"publisher\":{\"@id\":\"https:\/\/kunmedierne.dk\/mors\/#organization\"},\"potentialAction\":[{\"@type\":\"SearchAction\",\"target\":{\"@type\":\"EntryPoint\",\"urlTemplate\":\"https:\/\/kunmedierne.dk\/mors\/?s={search_term_string}\"},\"query-input\":{\"@type\":\"PropertyValueSpecification\",\"valueRequired\":true,\"valueName\":\"search_term_string\"}}],\"inLanguage\":\"da-DK\"},{\"@type\":\"Organization\",\"@id\":\"https:\/\/kunmedierne.dk\/mors\/#organization\",\"name\":\"Mors\",\"url\":\"https:\/\/kunmedierne.dk\/mors\/\",\"logo\":{\"@type\":\"ImageObject\",\"inLanguage\":\"da-DK\",\"@id\":\"https:\/\/kunmedierne.dk\/mors\/#\/schema\/logo\/image\/\",\"url\":\"https:\/\/kunmedierne.dk\/mors\/wp-content\/uploads\/2024\/08\/kunmors-logo.svg\",\"contentUrl\":\"https:\/\/kunmedierne.dk\/mors\/wp-content\/uploads\/2024\/08\/kunmors-logo.svg\",\"caption\":\"Mors\"},\"image\":{\"@id\":\"https:\/\/kunmedierne.dk\/mors\/#\/schema\/logo\/image\/\"}},{\"@type\":\"Person\",\"@id\":\"https:\/\/kunmedierne.dk\/mors\/#\/schema\/person\/5fe23251bf1d0abbcdc6f7896579d548\",\"name\":\"David H\u00f8jmark\",\"image\":{\"@type\":\"ImageObject\",\"inLanguage\":\"da-DK\",\"@id\":\"https:\/\/kunmedierne.dk\/mors\/#\/schema\/person\/image\/\",\"url\":\"https:\/\/secure.gravatar.com\/avatar\/4315d6fb9ef244d729989f5f90268eb08d5bf8a3d84402f595fa194bb35784fd?s=96&d=mm&r=g\",\"contentUrl\":\"https:\/\/secure.gravatar.com\/avatar\/4315d6fb9ef244d729989f5f90268eb08d5bf8a3d84402f595fa194bb35784fd?s=96&d=mm&r=g\",\"caption\":\"David H\u00f8jmark\"},\"sameAs\":[\"https:\/\/www.kunmedierne.dk\"],\"url\":\"https:\/\/kunmedierne.dk\/mors\/author\/david\/\"}]}<\/script>\n<!-- \/ Yoast SEO plugin. -->","yoast_head_json":{"title":"Havneformand mere sikker: Flydemolerne driver ingen steder hen med de k\u00e6der - Mors","robots":{"index":"index","follow":"follow","max-snippet":"max-snippet:-1","max-image-preview":"max-image-preview:large","max-video-preview":"max-video-preview:-1"},"canonical":"https:\/\/kunmedierne.dk\/mors\/havneformand-mere-sikker-flydemolerne-driver-ingen-steder-hen-med-de-kaeder\/","og_locale":"da_DK","og_type":"article","og_title":"Havneformand mere sikker: Flydemolerne driver ingen steder hen med de k\u00e6der - Mors","og_description":"SUNDBY: 2020 har indtil nu v\u00e6ret et barsk \u00e5r for alle &#8211; og ikke mindst for havnen i Sundby Mors. I februar, endnu f\u00f8r coronavirus overtog det globale mediebillede, rettede det lokale fokus sig imod lystb\u00e5dehavnen, da et stormvejr for\u00e5rsagede l\u00f8srevne flydemoler, der med mange tons v\u00e6gt bag sig truede med at smadre l\u00f8s p\u00e5 [&hellip;]","og_url":"https:\/\/kunmedierne.dk\/mors\/havneformand-mere-sikker-flydemolerne-driver-ingen-steder-hen-med-de-kaeder\/","og_site_name":"Mors","article_published_time":"2020-05-05T16:01:55+00:00","article_modified_time":"2024-08-12T12:06:09+00:00","og_image":[{"width":770,"height":513,"url":"https:\/\/kunmedierne.dk\/mors\/wp-content\/uploads\/2020\/05\/200211-sundby-havn1.jpg","type":"image\/jpeg"}],"author":"David H\u00f8jmark","twitter_card":"summary_large_image","twitter_misc":{"Skrevet af":"David H\u00f8jmark","Estimeret l\u00e6setid":"5 minutter"},"schema":{"@context":"https:\/\/schema.org","@graph":[{"@type":"Article","@id":"https:\/\/kunmedierne.dk\/mors\/havneformand-mere-sikker-flydemolerne-driver-ingen-steder-hen-med-de-kaeder\/#article","isPartOf":{"@id":"https:\/\/kunmedierne.dk\/mors\/havneformand-mere-sikker-flydemolerne-driver-ingen-steder-hen-med-de-kaeder\/"},"author":{"name":"David H\u00f8jmark","@id":"https:\/\/kunmedierne.dk\/mors\/#\/schema\/person\/5fe23251bf1d0abbcdc6f7896579d548"},"headline":"Havneformand mere sikker: Flydemolerne driver ingen steder hen med de k\u00e6der","datePublished":"2020-05-05T16:01:55+00:00","dateModified":"2024-08-12T12:06:09+00:00","mainEntityOfPage":{"@id":"https:\/\/kunmedierne.dk\/mors\/havneformand-mere-sikker-flydemolerne-driver-ingen-steder-hen-med-de-kaeder\/"},"wordCount":994,"commentCount":0,"publisher":{"@id":"https:\/\/kunmedierne.dk\/mors\/#organization"},"image":{"@id":"https:\/\/kunmedierne.dk\/mors\/havneformand-mere-sikker-flydemolerne-driver-ingen-steder-hen-med-de-kaeder\/#primaryimage"},"thumbnailUrl":"https:\/\/kunmedierne.dk\/mors\/wp-content\/uploads\/2020\/05\/200211-sundby-havn1.jpg","articleSection":["Lokalt"],"inLanguage":"da-DK","potentialAction":[{"@type":"CommentAction","name":"Comment","target":["https:\/\/kunmedierne.dk\/mors\/havneformand-mere-sikker-flydemolerne-driver-ingen-steder-hen-med-de-kaeder\/#respond"]}]},{"@type":"WebPage","@id":"https:\/\/kunmedierne.dk\/mors\/havneformand-mere-sikker-flydemolerne-driver-ingen-steder-hen-med-de-kaeder\/","url":"https:\/\/kunmedierne.dk\/mors\/havneformand-mere-sikker-flydemolerne-driver-ingen-steder-hen-med-de-kaeder\/","name":"Havneformand mere sikker: Flydemolerne driver ingen steder hen med de k\u00e6der - Mors","isPartOf":{"@id":"https:\/\/kunmedierne.dk\/mors\/#website"},"primaryImageOfPage":{"@id":"https:\/\/kunmedierne.dk\/mors\/havneformand-mere-sikker-flydemolerne-driver-ingen-steder-hen-med-de-kaeder\/#primaryimage"},"image":{"@id":"https:\/\/kunmedierne.dk\/mors\/havneformand-mere-sikker-flydemolerne-driver-ingen-steder-hen-med-de-kaeder\/#primaryimage"},"thumbnailUrl":"https:\/\/kunmedierne.dk\/mors\/wp-content\/uploads\/2020\/05\/200211-sundby-havn1.jpg","datePublished":"2020-05-05T16:01:55+00:00","dateModified":"2024-08-12T12:06:09+00:00","breadcrumb":{"@id":"https:\/\/kunmedierne.dk\/mors\/havneformand-mere-sikker-flydemolerne-driver-ingen-steder-hen-med-de-kaeder\/#breadcrumb"},"inLanguage":"da-DK","potentialAction":[{"@type":"ReadAction","target":["https:\/\/kunmedierne.dk\/mors\/havneformand-mere-sikker-flydemolerne-driver-ingen-steder-hen-med-de-kaeder\/"]}]},{"@type":"ImageObject","inLanguage":"da-DK","@id":"https:\/\/kunmedierne.dk\/mors\/havneformand-mere-sikker-flydemolerne-driver-ingen-steder-hen-med-de-kaeder\/#primaryimage","url":"https:\/\/kunmedierne.dk\/mors\/wp-content\/uploads\/2020\/05\/200211-sundby-havn1.jpg","contentUrl":"https:\/\/kunmedierne.dk\/mors\/wp-content\/uploads\/2020\/05\/200211-sundby-havn1.jpg","width":770,"height":513,"caption":"Sundby Mors Havn efter stormen i februar. Foto: David H\u00f8jmark."},{"@type":"BreadcrumbList","@id":"https:\/\/kunmedierne.dk\/mors\/havneformand-mere-sikker-flydemolerne-driver-ingen-steder-hen-med-de-kaeder\/#breadcrumb","itemListElement":[{"@type":"ListItem","position":1,"name":"Hjem","item":"https:\/\/kunmedierne.dk\/mors\/"},{"@type":"ListItem","position":2,"name":"Havneformand mere sikker: Flydemolerne driver ingen steder hen med de k\u00e6der"}]},{"@type":"WebSite","@id":"https:\/\/kunmedierne.dk\/mors\/#website","url":"https:\/\/kunmedierne.dk\/mors\/","name":"Mors","description":"et netmedie med journalistik om livet p\u00e5 Mors","publisher":{"@id":"https:\/\/kunmedierne.dk\/mors\/#organization"},"potentialAction":[{"@type":"SearchAction","target":{"@type":"EntryPoint","urlTemplate":"https:\/\/kunmedierne.dk\/mors\/?s={search_term_string}"},"query-input":{"@type":"PropertyValueSpecification","valueRequired":true,"valueName":"search_term_string"}}],"inLanguage":"da-DK"},{"@type":"Organization","@id":"https:\/\/kunmedierne.dk\/mors\/#organization","name":"Mors","url":"https:\/\/kunmedierne.dk\/mors\/","logo":{"@type":"ImageObject","inLanguage":"da-DK","@id":"https:\/\/kunmedierne.dk\/mors\/#\/schema\/logo\/image\/","url":"https:\/\/kunmedierne.dk\/mors\/wp-content\/uploads\/2024\/08\/kunmors-logo.svg","contentUrl":"https:\/\/kunmedierne.dk\/mors\/wp-content\/uploads\/2024\/08\/kunmors-logo.svg","caption":"Mors"},"image":{"@id":"https:\/\/kunmedierne.dk\/mors\/#\/schema\/logo\/image\/"}},{"@type":"Person","@id":"https:\/\/kunmedierne.dk\/mors\/#\/schema\/person\/5fe23251bf1d0abbcdc6f7896579d548","name":"David H\u00f8jmark","image":{"@type":"ImageObject","inLanguage":"da-DK","@id":"https:\/\/kunmedierne.dk\/mors\/#\/schema\/person\/image\/","url":"https:\/\/secure.gravatar.com\/avatar\/4315d6fb9ef244d729989f5f90268eb08d5bf8a3d84402f595fa194bb35784fd?s=96&d=mm&r=g","contentUrl":"https:\/\/secure.gravatar.com\/avatar\/4315d6fb9ef244d729989f5f90268eb08d5bf8a3d84402f595fa194bb35784fd?s=96&d=mm&r=g","caption":"David H\u00f8jmark"},"sameAs":["https:\/\/www.kunmedierne.dk"],"url":"https:\/\/kunmedierne.dk\/mors\/author\/david\/"}]}},"_links":{"self":[{"href":"https:\/\/kunmedierne.dk\/mors\/wp-json\/wp\/v2\/posts\/20507","targetHints":{"allow":["GET"]}}],"collection":[{"href":"https:\/\/kunmedierne.dk\/mors\/wp-json\/wp\/v2\/posts"}],"about":[{"href":"https:\/\/kunmedierne.dk\/mors\/wp-json\/wp\/v2\/types\/post"}],"author":[{"embeddable":true,"href":"https:\/\/kunmedierne.dk\/mors\/wp-json\/wp\/v2\/users\/8"}],"replies":[{"embeddable":true,"href":"https:\/\/kunmedierne.dk\/mors\/wp-json\/wp\/v2\/comments?post=20507"}],"version-history":[{"count":7,"href":"https:\/\/kunmedierne.dk\/mors\/wp-json\/wp\/v2\/posts\/20507\/revisions"}],"predecessor-version":[{"id":20515,"href":"https:\/\/kunmedierne.dk\/mors\/wp-json\/wp\/v2\/posts\/20507\/revisions\/20515"}],"wp:featuredmedia":[{"embeddable":true,"href":"https:\/\/kunmedierne.dk\/mors\/wp-json\/wp\/v2\/media\/20509"}],"wp:attachment":[{"href":"https:\/\/kunmedierne.dk\/mors\/wp-json\/wp\/v2\/media?parent=20507"}],"wp:term":[{"taxonomy":"category","embeddable":true,"href":"https:\/\/kunmedierne.dk\/mors\/wp-json\/wp\/v2\/categories?post=20507"},{"taxonomy":"post_tag","embeddable":true,"href":"https:\/\/kunmedierne.dk\/mors\/wp-json\/wp\/v2\/tags?post=20507"}],"curies":[{"name":"wp","href":"https:\/\/api.w.org\/{rel}","templated":true}]}}