{"id":20389,"date":"2020-05-04T16:11:51","date_gmt":"2020-05-04T14:11:51","guid":{"rendered":"https:\/\/kunmedierne.dk\/mors\/?p=20389"},"modified":"2024-08-12T14:06:10","modified_gmt":"2024-08-12T12:06:10","slug":"dagen-betyder-noget-for-vores-historie","status":"publish","type":"post","link":"https:\/\/kunmedierne.dk\/mors\/dagen-betyder-noget-for-vores-historie\/","title":{"rendered":"&#8211; Dagen betyder noget for vores historie"},"content":{"rendered":"<p><strong>MORS<\/strong>: I dag er det 75 \u00e5r siden, Danmark atter blev frit. Efter fem \u00e5r med tysk bes\u00e6ttelse l\u00f8d <a href=\"https:\/\/www.dr.dk\/bonanza\/serie\/266\/radiooejeblikke\/57890\/bbcs-udsendelse-kl-2030-med-tysklands-kapitulation-og-danmarks-befrielse---frihedsbudskabet\" target=\"_blank\" rel=\"noopener noreferrer\">frihedsbudskabet<\/a> over radioen fra London klokken 20.36 fredag 4. maj 1945.<\/p>\n<p>KunMors markerer dagen med at stille tre identiske sp\u00f8rgsm\u00e5l til en r\u00e6kke morsingboer inden for politik, erhverv eller kultur. Vi viser deres svar i l\u00f8bet af dagen.<\/p>\n<p>Denne gang fra Tage Odgaard Nielsen, formand for Mors\u00f8 Erhvervsr\u00e5d og DI Thy-Mors samt direkt\u00f8r i Frontego A\/S.<\/p>\n<p><em>\u201cHvad betyder 4. maj for dig?\u201d<\/em><\/p>\n<p>&#8220;Det er jo ikke, fordi dagen betyder s\u00e5 meget for mig personligt, for jeg var slet ikke f\u00f8dt dengang. Men den betyder noget for vores historie.&#8221;<\/p>\n<p><em>&#8220;S\u00e6tter du lys i vinduet 4. maj?&#8221;<\/em><\/p>\n<p>Det har vi altid gjort.<\/p>\n<p><em>&#8220;Hvor l\u00e6nge skal vi markere dagen?&#8221;<\/em><\/p>\n<p>&#8220;Principielt synes jeg, at vi skal blive ved med at markere den. Men mest, fordi det ikke skal ske igen. Vi skal ikke blive ved med at klandre tyskerne, men der findes gale mennesker rundt omkring. Vi kan ikke s\u00e6tte os ind i deres tankegang, men man kan godt blive skr\u00e6mt over det, der sker ude i verden.&#8221;<\/p>\n","protected":false},"excerpt":{"rendered":"<p>MORS: I dag er det 75 \u00e5r siden, Danmark atter blev frit. Efter fem \u00e5r med tysk bes\u00e6ttelse l\u00f8d frihedsbudskabet over radioen fra London klokken 20.36 fredag 4. maj 1945. KunMors markerer dagen med at stille tre identiske sp\u00f8rgsm\u00e5l til en r\u00e6kke morsingboer inden for politik, erhverv eller kultur. Vi viser deres svar i l\u00f8bet [&hellip;]<\/p>\n","protected":false},"author":8,"featured_media":20391,"comment_status":"open","ping_status":"open","sticky":false,"template":"","format":"standard","meta":{"_acf_changed":false,"footnotes":""},"categories":[51],"tags":[],"class_list":["post-20389","post","type-post","status-publish","format-standard","has-post-thumbnail","hentry","category-lokalt"],"acf":[],"yoast_head":"<!-- This site is optimized with the Yoast SEO plugin v26.8 - https:\/\/yoast.com\/product\/yoast-seo-wordpress\/ -->\n<title>- Dagen betyder noget for vores historie - Mors<\/title>\n<meta name=\"robots\" content=\"index, follow, max-snippet:-1, max-image-preview:large, max-video-preview:-1\" \/>\n<link rel=\"canonical\" href=\"https:\/\/kunmedierne.dk\/mors\/dagen-betyder-noget-for-vores-historie\/\" \/>\n<meta property=\"og:locale\" content=\"da_DK\" \/>\n<meta property=\"og:type\" content=\"article\" \/>\n<meta property=\"og:title\" content=\"- Dagen betyder noget for vores historie - Mors\" \/>\n<meta property=\"og:description\" content=\"MORS: I dag er det 75 \u00e5r siden, Danmark atter blev frit. Efter fem \u00e5r med tysk bes\u00e6ttelse l\u00f8d frihedsbudskabet over radioen fra London klokken 20.36 fredag 4. maj 1945. KunMors markerer dagen med at stille tre identiske sp\u00f8rgsm\u00e5l til en r\u00e6kke morsingboer inden for politik, erhverv eller kultur. Vi viser deres svar i l\u00f8bet [&hellip;]\" \/>\n<meta property=\"og:url\" content=\"https:\/\/kunmedierne.dk\/mors\/dagen-betyder-noget-for-vores-historie\/\" \/>\n<meta property=\"og:site_name\" content=\"Mors\" \/>\n<meta property=\"article:published_time\" content=\"2020-05-04T14:11:51+00:00\" \/>\n<meta property=\"article:modified_time\" content=\"2024-08-12T12:06:10+00:00\" \/>\n<meta property=\"og:image\" content=\"https:\/\/kunmedierne.dk\/mors\/wp-content\/uploads\/2020\/05\/4.-maj-tage-odgaard.jpg\" \/>\n\t<meta property=\"og:image:width\" content=\"770\" \/>\n\t<meta property=\"og:image:height\" content=\"513\" \/>\n\t<meta property=\"og:image:type\" content=\"image\/jpeg\" \/>\n<meta name=\"author\" content=\"David H\u00f8jmark\" \/>\n<meta name=\"twitter:card\" content=\"summary_large_image\" \/>\n<meta name=\"twitter:label1\" content=\"Skrevet af\" \/>\n\t<meta name=\"twitter:data1\" content=\"David H\u00f8jmark\" \/>\n\t<meta name=\"twitter:label2\" content=\"Estimeret l\u00e6setid\" \/>\n\t<meta name=\"twitter:data2\" content=\"1 minut\" \/>\n<script type=\"application\/ld+json\" class=\"yoast-schema-graph\">{\"@context\":\"https:\/\/schema.org\",\"@graph\":[{\"@type\":\"Article\",\"@id\":\"https:\/\/kunmedierne.dk\/mors\/dagen-betyder-noget-for-vores-historie\/#article\",\"isPartOf\":{\"@id\":\"https:\/\/kunmedierne.dk\/mors\/dagen-betyder-noget-for-vores-historie\/\"},\"author\":{\"name\":\"David H\u00f8jmark\",\"@id\":\"https:\/\/kunmedierne.dk\/mors\/#\/schema\/person\/5fe23251bf1d0abbcdc6f7896579d548\"},\"headline\":\"&#8211; Dagen betyder noget for vores historie\",\"datePublished\":\"2020-05-04T14:11:51+00:00\",\"dateModified\":\"2024-08-12T12:06:10+00:00\",\"mainEntityOfPage\":{\"@id\":\"https:\/\/kunmedierne.dk\/mors\/dagen-betyder-noget-for-vores-historie\/\"},\"wordCount\":197,\"commentCount\":0,\"publisher\":{\"@id\":\"https:\/\/kunmedierne.dk\/mors\/#organization\"},\"image\":{\"@id\":\"https:\/\/kunmedierne.dk\/mors\/dagen-betyder-noget-for-vores-historie\/#primaryimage\"},\"thumbnailUrl\":\"https:\/\/kunmedierne.dk\/mors\/wp-content\/uploads\/2020\/05\/4.-maj-tage-odgaard.jpg\",\"articleSection\":[\"Lokalt\"],\"inLanguage\":\"da-DK\",\"potentialAction\":[{\"@type\":\"CommentAction\",\"name\":\"Comment\",\"target\":[\"https:\/\/kunmedierne.dk\/mors\/dagen-betyder-noget-for-vores-historie\/#respond\"]}]},{\"@type\":\"WebPage\",\"@id\":\"https:\/\/kunmedierne.dk\/mors\/dagen-betyder-noget-for-vores-historie\/\",\"url\":\"https:\/\/kunmedierne.dk\/mors\/dagen-betyder-noget-for-vores-historie\/\",\"name\":\"- Dagen betyder noget for vores historie - Mors\",\"isPartOf\":{\"@id\":\"https:\/\/kunmedierne.dk\/mors\/#website\"},\"primaryImageOfPage\":{\"@id\":\"https:\/\/kunmedierne.dk\/mors\/dagen-betyder-noget-for-vores-historie\/#primaryimage\"},\"image\":{\"@id\":\"https:\/\/kunmedierne.dk\/mors\/dagen-betyder-noget-for-vores-historie\/#primaryimage\"},\"thumbnailUrl\":\"https:\/\/kunmedierne.dk\/mors\/wp-content\/uploads\/2020\/05\/4.-maj-tage-odgaard.jpg\",\"datePublished\":\"2020-05-04T14:11:51+00:00\",\"dateModified\":\"2024-08-12T12:06:10+00:00\",\"breadcrumb\":{\"@id\":\"https:\/\/kunmedierne.dk\/mors\/dagen-betyder-noget-for-vores-historie\/#breadcrumb\"},\"inLanguage\":\"da-DK\",\"potentialAction\":[{\"@type\":\"ReadAction\",\"target\":[\"https:\/\/kunmedierne.dk\/mors\/dagen-betyder-noget-for-vores-historie\/\"]}]},{\"@type\":\"ImageObject\",\"inLanguage\":\"da-DK\",\"@id\":\"https:\/\/kunmedierne.dk\/mors\/dagen-betyder-noget-for-vores-historie\/#primaryimage\",\"url\":\"https:\/\/kunmedierne.dk\/mors\/wp-content\/uploads\/2020\/05\/4.-maj-tage-odgaard.jpg\",\"contentUrl\":\"https:\/\/kunmedierne.dk\/mors\/wp-content\/uploads\/2020\/05\/4.-maj-tage-odgaard.jpg\",\"width\":770,\"height\":513,\"caption\":\"Foto: David Tomaseti\/Unsplash og Mors\u00f8 Erhvervsr\u00e5d.\"},{\"@type\":\"BreadcrumbList\",\"@id\":\"https:\/\/kunmedierne.dk\/mors\/dagen-betyder-noget-for-vores-historie\/#breadcrumb\",\"itemListElement\":[{\"@type\":\"ListItem\",\"position\":1,\"name\":\"Hjem\",\"item\":\"https:\/\/kunmedierne.dk\/mors\/\"},{\"@type\":\"ListItem\",\"position\":2,\"name\":\"&#8211; Dagen betyder noget for vores historie\"}]},{\"@type\":\"WebSite\",\"@id\":\"https:\/\/kunmedierne.dk\/mors\/#website\",\"url\":\"https:\/\/kunmedierne.dk\/mors\/\",\"name\":\"Mors\",\"description\":\"et netmedie med journalistik om livet p\u00e5 Mors\",\"publisher\":{\"@id\":\"https:\/\/kunmedierne.dk\/mors\/#organization\"},\"potentialAction\":[{\"@type\":\"SearchAction\",\"target\":{\"@type\":\"EntryPoint\",\"urlTemplate\":\"https:\/\/kunmedierne.dk\/mors\/?s={search_term_string}\"},\"query-input\":{\"@type\":\"PropertyValueSpecification\",\"valueRequired\":true,\"valueName\":\"search_term_string\"}}],\"inLanguage\":\"da-DK\"},{\"@type\":\"Organization\",\"@id\":\"https:\/\/kunmedierne.dk\/mors\/#organization\",\"name\":\"Mors\",\"url\":\"https:\/\/kunmedierne.dk\/mors\/\",\"logo\":{\"@type\":\"ImageObject\",\"inLanguage\":\"da-DK\",\"@id\":\"https:\/\/kunmedierne.dk\/mors\/#\/schema\/logo\/image\/\",\"url\":\"https:\/\/kunmedierne.dk\/mors\/wp-content\/uploads\/2024\/08\/kunmors-logo.svg\",\"contentUrl\":\"https:\/\/kunmedierne.dk\/mors\/wp-content\/uploads\/2024\/08\/kunmors-logo.svg\",\"caption\":\"Mors\"},\"image\":{\"@id\":\"https:\/\/kunmedierne.dk\/mors\/#\/schema\/logo\/image\/\"}},{\"@type\":\"Person\",\"@id\":\"https:\/\/kunmedierne.dk\/mors\/#\/schema\/person\/5fe23251bf1d0abbcdc6f7896579d548\",\"name\":\"David H\u00f8jmark\",\"image\":{\"@type\":\"ImageObject\",\"inLanguage\":\"da-DK\",\"@id\":\"https:\/\/kunmedierne.dk\/mors\/#\/schema\/person\/image\/\",\"url\":\"https:\/\/secure.gravatar.com\/avatar\/4315d6fb9ef244d729989f5f90268eb08d5bf8a3d84402f595fa194bb35784fd?s=96&d=mm&r=g\",\"contentUrl\":\"https:\/\/secure.gravatar.com\/avatar\/4315d6fb9ef244d729989f5f90268eb08d5bf8a3d84402f595fa194bb35784fd?s=96&d=mm&r=g\",\"caption\":\"David H\u00f8jmark\"},\"sameAs\":[\"https:\/\/www.kunmedierne.dk\"],\"url\":\"https:\/\/kunmedierne.dk\/mors\/author\/david\/\"}]}<\/script>\n<!-- \/ Yoast SEO plugin. -->","yoast_head_json":{"title":"- Dagen betyder noget for vores historie - Mors","robots":{"index":"index","follow":"follow","max-snippet":"max-snippet:-1","max-image-preview":"max-image-preview:large","max-video-preview":"max-video-preview:-1"},"canonical":"https:\/\/kunmedierne.dk\/mors\/dagen-betyder-noget-for-vores-historie\/","og_locale":"da_DK","og_type":"article","og_title":"- Dagen betyder noget for vores historie - Mors","og_description":"MORS: I dag er det 75 \u00e5r siden, Danmark atter blev frit. Efter fem \u00e5r med tysk bes\u00e6ttelse l\u00f8d frihedsbudskabet over radioen fra London klokken 20.36 fredag 4. maj 1945. KunMors markerer dagen med at stille tre identiske sp\u00f8rgsm\u00e5l til en r\u00e6kke morsingboer inden for politik, erhverv eller kultur. Vi viser deres svar i l\u00f8bet [&hellip;]","og_url":"https:\/\/kunmedierne.dk\/mors\/dagen-betyder-noget-for-vores-historie\/","og_site_name":"Mors","article_published_time":"2020-05-04T14:11:51+00:00","article_modified_time":"2024-08-12T12:06:10+00:00","og_image":[{"width":770,"height":513,"url":"https:\/\/kunmedierne.dk\/mors\/wp-content\/uploads\/2020\/05\/4.-maj-tage-odgaard.jpg","type":"image\/jpeg"}],"author":"David H\u00f8jmark","twitter_card":"summary_large_image","twitter_misc":{"Skrevet af":"David H\u00f8jmark","Estimeret l\u00e6setid":"1 minut"},"schema":{"@context":"https:\/\/schema.org","@graph":[{"@type":"Article","@id":"https:\/\/kunmedierne.dk\/mors\/dagen-betyder-noget-for-vores-historie\/#article","isPartOf":{"@id":"https:\/\/kunmedierne.dk\/mors\/dagen-betyder-noget-for-vores-historie\/"},"author":{"name":"David H\u00f8jmark","@id":"https:\/\/kunmedierne.dk\/mors\/#\/schema\/person\/5fe23251bf1d0abbcdc6f7896579d548"},"headline":"&#8211; Dagen betyder noget for vores historie","datePublished":"2020-05-04T14:11:51+00:00","dateModified":"2024-08-12T12:06:10+00:00","mainEntityOfPage":{"@id":"https:\/\/kunmedierne.dk\/mors\/dagen-betyder-noget-for-vores-historie\/"},"wordCount":197,"commentCount":0,"publisher":{"@id":"https:\/\/kunmedierne.dk\/mors\/#organization"},"image":{"@id":"https:\/\/kunmedierne.dk\/mors\/dagen-betyder-noget-for-vores-historie\/#primaryimage"},"thumbnailUrl":"https:\/\/kunmedierne.dk\/mors\/wp-content\/uploads\/2020\/05\/4.-maj-tage-odgaard.jpg","articleSection":["Lokalt"],"inLanguage":"da-DK","potentialAction":[{"@type":"CommentAction","name":"Comment","target":["https:\/\/kunmedierne.dk\/mors\/dagen-betyder-noget-for-vores-historie\/#respond"]}]},{"@type":"WebPage","@id":"https:\/\/kunmedierne.dk\/mors\/dagen-betyder-noget-for-vores-historie\/","url":"https:\/\/kunmedierne.dk\/mors\/dagen-betyder-noget-for-vores-historie\/","name":"- Dagen betyder noget for vores historie - Mors","isPartOf":{"@id":"https:\/\/kunmedierne.dk\/mors\/#website"},"primaryImageOfPage":{"@id":"https:\/\/kunmedierne.dk\/mors\/dagen-betyder-noget-for-vores-historie\/#primaryimage"},"image":{"@id":"https:\/\/kunmedierne.dk\/mors\/dagen-betyder-noget-for-vores-historie\/#primaryimage"},"thumbnailUrl":"https:\/\/kunmedierne.dk\/mors\/wp-content\/uploads\/2020\/05\/4.-maj-tage-odgaard.jpg","datePublished":"2020-05-04T14:11:51+00:00","dateModified":"2024-08-12T12:06:10+00:00","breadcrumb":{"@id":"https:\/\/kunmedierne.dk\/mors\/dagen-betyder-noget-for-vores-historie\/#breadcrumb"},"inLanguage":"da-DK","potentialAction":[{"@type":"ReadAction","target":["https:\/\/kunmedierne.dk\/mors\/dagen-betyder-noget-for-vores-historie\/"]}]},{"@type":"ImageObject","inLanguage":"da-DK","@id":"https:\/\/kunmedierne.dk\/mors\/dagen-betyder-noget-for-vores-historie\/#primaryimage","url":"https:\/\/kunmedierne.dk\/mors\/wp-content\/uploads\/2020\/05\/4.-maj-tage-odgaard.jpg","contentUrl":"https:\/\/kunmedierne.dk\/mors\/wp-content\/uploads\/2020\/05\/4.-maj-tage-odgaard.jpg","width":770,"height":513,"caption":"Foto: David Tomaseti\/Unsplash og Mors\u00f8 Erhvervsr\u00e5d."},{"@type":"BreadcrumbList","@id":"https:\/\/kunmedierne.dk\/mors\/dagen-betyder-noget-for-vores-historie\/#breadcrumb","itemListElement":[{"@type":"ListItem","position":1,"name":"Hjem","item":"https:\/\/kunmedierne.dk\/mors\/"},{"@type":"ListItem","position":2,"name":"&#8211; Dagen betyder noget for vores historie"}]},{"@type":"WebSite","@id":"https:\/\/kunmedierne.dk\/mors\/#website","url":"https:\/\/kunmedierne.dk\/mors\/","name":"Mors","description":"et netmedie med journalistik om livet p\u00e5 Mors","publisher":{"@id":"https:\/\/kunmedierne.dk\/mors\/#organization"},"potentialAction":[{"@type":"SearchAction","target":{"@type":"EntryPoint","urlTemplate":"https:\/\/kunmedierne.dk\/mors\/?s={search_term_string}"},"query-input":{"@type":"PropertyValueSpecification","valueRequired":true,"valueName":"search_term_string"}}],"inLanguage":"da-DK"},{"@type":"Organization","@id":"https:\/\/kunmedierne.dk\/mors\/#organization","name":"Mors","url":"https:\/\/kunmedierne.dk\/mors\/","logo":{"@type":"ImageObject","inLanguage":"da-DK","@id":"https:\/\/kunmedierne.dk\/mors\/#\/schema\/logo\/image\/","url":"https:\/\/kunmedierne.dk\/mors\/wp-content\/uploads\/2024\/08\/kunmors-logo.svg","contentUrl":"https:\/\/kunmedierne.dk\/mors\/wp-content\/uploads\/2024\/08\/kunmors-logo.svg","caption":"Mors"},"image":{"@id":"https:\/\/kunmedierne.dk\/mors\/#\/schema\/logo\/image\/"}},{"@type":"Person","@id":"https:\/\/kunmedierne.dk\/mors\/#\/schema\/person\/5fe23251bf1d0abbcdc6f7896579d548","name":"David H\u00f8jmark","image":{"@type":"ImageObject","inLanguage":"da-DK","@id":"https:\/\/kunmedierne.dk\/mors\/#\/schema\/person\/image\/","url":"https:\/\/secure.gravatar.com\/avatar\/4315d6fb9ef244d729989f5f90268eb08d5bf8a3d84402f595fa194bb35784fd?s=96&d=mm&r=g","contentUrl":"https:\/\/secure.gravatar.com\/avatar\/4315d6fb9ef244d729989f5f90268eb08d5bf8a3d84402f595fa194bb35784fd?s=96&d=mm&r=g","caption":"David H\u00f8jmark"},"sameAs":["https:\/\/www.kunmedierne.dk"],"url":"https:\/\/kunmedierne.dk\/mors\/author\/david\/"}]}},"_links":{"self":[{"href":"https:\/\/kunmedierne.dk\/mors\/wp-json\/wp\/v2\/posts\/20389","targetHints":{"allow":["GET"]}}],"collection":[{"href":"https:\/\/kunmedierne.dk\/mors\/wp-json\/wp\/v2\/posts"}],"about":[{"href":"https:\/\/kunmedierne.dk\/mors\/wp-json\/wp\/v2\/types\/post"}],"author":[{"embeddable":true,"href":"https:\/\/kunmedierne.dk\/mors\/wp-json\/wp\/v2\/users\/8"}],"replies":[{"embeddable":true,"href":"https:\/\/kunmedierne.dk\/mors\/wp-json\/wp\/v2\/comments?post=20389"}],"version-history":[{"count":1,"href":"https:\/\/kunmedierne.dk\/mors\/wp-json\/wp\/v2\/posts\/20389\/revisions"}],"predecessor-version":[{"id":20390,"href":"https:\/\/kunmedierne.dk\/mors\/wp-json\/wp\/v2\/posts\/20389\/revisions\/20390"}],"wp:featuredmedia":[{"embeddable":true,"href":"https:\/\/kunmedierne.dk\/mors\/wp-json\/wp\/v2\/media\/20391"}],"wp:attachment":[{"href":"https:\/\/kunmedierne.dk\/mors\/wp-json\/wp\/v2\/media?parent=20389"}],"wp:term":[{"taxonomy":"category","embeddable":true,"href":"https:\/\/kunmedierne.dk\/mors\/wp-json\/wp\/v2\/categories?post=20389"},{"taxonomy":"post_tag","embeddable":true,"href":"https:\/\/kunmedierne.dk\/mors\/wp-json\/wp\/v2\/tags?post=20389"}],"curies":[{"name":"wp","href":"https:\/\/api.w.org\/{rel}","templated":true}]}}