{"id":20365,"date":"2020-05-04T18:27:59","date_gmt":"2020-05-04T16:27:59","guid":{"rendered":"https:\/\/kunmedierne.dk\/mors\/?p=20365"},"modified":"2024-08-12T14:06:10","modified_gmt":"2024-08-12T12:06:10","slug":"mange-ofrede-deres-liv-for-at-vi-kan-taenke-frit","status":"publish","type":"post","link":"https:\/\/kunmedierne.dk\/mors\/mange-ofrede-deres-liv-for-at-vi-kan-taenke-frit\/","title":{"rendered":"&#8211; Mange ofrede deres liv for, at vi kan t\u00e6nke frit"},"content":{"rendered":"<p><strong>MORS<\/strong>: I dag er det 75 \u00e5r siden, Danmark atter blev frit. Efter fem \u00e5r med tysk bes\u00e6ttelse l\u00f8d <a href=\"https:\/\/www.dr.dk\/bonanza\/serie\/266\/radiooejeblikke\/57890\/bbcs-udsendelse-kl-2030-med-tysklands-kapitulation-og-danmarks-befrielse---frihedsbudskabet\" target=\"_blank\" rel=\"noopener noreferrer\">frihedsbudskabet<\/a> over radioen fra London klokken 20.36 fredag 4. maj 1945.<\/p>\n<p>KunMors markerer dagen med at stille tre identiske sp\u00f8rgsm\u00e5l til en r\u00e6kke morsingboer inden for politik, erhverv eller kultur. Vi viser deres svar i l\u00f8bet af dagen.<\/p>\n<p>Denne gang fra borgmester Hans Ejner Bertelsen (V):<\/p>\n<p><em>\u201cHvad betyder 4. maj for dig?\u201d<\/em><\/p>\n<p>&#8220;Jeg synes jo, at dagen skal holdes i h\u00e6vd. Mange mennesker ofrede utroligt meget, ogs\u00e5 livet, i den krig. Og det synes jeg aldrig, vi skal glemme. Vi har fors\u00f8gt og er ogs\u00e5 lykkedes med at fort\u00e6lle vores b\u00f8rn, at det er noget, som nogen har k\u00e6mpet for.&#8221;<\/p>\n<p>\u201cS\u00e6tter du lys i vinduet?\u201d<\/p>\n<p>&#8220;I den tid, Mette og jeg har boet sammen, har vi altid haft lys i vinduerne 4. maj. Det har vi hvert eneste \u00e5r.&#8221;<\/p>\n<p><em>\u201cHvor l\u00e6nge skal vi markere dagen?\u201d<\/em><\/p>\n<p>&#8220;Det synes jeg egentlig ikke, der skal v\u00e6re en udl\u00f8bsdato p\u00e5, for det kan v\u00e6re forskelligt fra person til person. Det er op til den enkelte. Men det med, at man husker, at nogen ofrede livet for, at vi kan have et samfund, hvor vi kan t\u00e6nke frit &#8211; det er ikke noget, der skal g\u00e5 i glemmebogen.&#8221;<\/p>\n","protected":false},"excerpt":{"rendered":"<p>MORS: I dag er det 75 \u00e5r siden, Danmark atter blev frit. Efter fem \u00e5r med tysk bes\u00e6ttelse l\u00f8d frihedsbudskabet over radioen fra London klokken 20.36 fredag 4. maj 1945. KunMors markerer dagen med at stille tre identiske sp\u00f8rgsm\u00e5l til en r\u00e6kke morsingboer inden for politik, erhverv eller kultur. Vi viser deres svar i l\u00f8bet [&hellip;]<\/p>\n","protected":false},"author":8,"featured_media":20366,"comment_status":"open","ping_status":"open","sticky":false,"template":"","format":"standard","meta":{"_acf_changed":false,"footnotes":""},"categories":[51],"tags":[],"class_list":["post-20365","post","type-post","status-publish","format-standard","has-post-thumbnail","hentry","category-lokalt"],"acf":[],"yoast_head":"<!-- This site is optimized with the Yoast SEO plugin v26.8 - https:\/\/yoast.com\/product\/yoast-seo-wordpress\/ -->\n<title>- Mange ofrede deres liv for, at vi kan t\u00e6nke frit - Mors<\/title>\n<meta name=\"robots\" content=\"index, follow, max-snippet:-1, max-image-preview:large, max-video-preview:-1\" \/>\n<link rel=\"canonical\" href=\"https:\/\/kunmedierne.dk\/mors\/mange-ofrede-deres-liv-for-at-vi-kan-taenke-frit\/\" \/>\n<meta property=\"og:locale\" content=\"da_DK\" \/>\n<meta property=\"og:type\" content=\"article\" \/>\n<meta property=\"og:title\" content=\"- Mange ofrede deres liv for, at vi kan t\u00e6nke frit - Mors\" \/>\n<meta property=\"og:description\" content=\"MORS: I dag er det 75 \u00e5r siden, Danmark atter blev frit. Efter fem \u00e5r med tysk bes\u00e6ttelse l\u00f8d frihedsbudskabet over radioen fra London klokken 20.36 fredag 4. maj 1945. KunMors markerer dagen med at stille tre identiske sp\u00f8rgsm\u00e5l til en r\u00e6kke morsingboer inden for politik, erhverv eller kultur. Vi viser deres svar i l\u00f8bet [&hellip;]\" \/>\n<meta property=\"og:url\" content=\"https:\/\/kunmedierne.dk\/mors\/mange-ofrede-deres-liv-for-at-vi-kan-taenke-frit\/\" \/>\n<meta property=\"og:site_name\" content=\"Mors\" \/>\n<meta property=\"article:published_time\" content=\"2020-05-04T16:27:59+00:00\" \/>\n<meta property=\"article:modified_time\" content=\"2024-08-12T12:06:10+00:00\" \/>\n<meta property=\"og:image\" content=\"https:\/\/kunmedierne.dk\/mors\/wp-content\/uploads\/2020\/05\/4.-maj-hans-ejner-bertelsen.jpg\" \/>\n\t<meta property=\"og:image:width\" content=\"770\" \/>\n\t<meta property=\"og:image:height\" content=\"513\" \/>\n\t<meta property=\"og:image:type\" content=\"image\/jpeg\" \/>\n<meta name=\"author\" content=\"David H\u00f8jmark\" \/>\n<meta name=\"twitter:card\" content=\"summary_large_image\" \/>\n<meta name=\"twitter:label1\" content=\"Skrevet af\" \/>\n\t<meta name=\"twitter:data1\" content=\"David H\u00f8jmark\" \/>\n\t<meta name=\"twitter:label2\" content=\"Estimeret l\u00e6setid\" \/>\n\t<meta name=\"twitter:data2\" content=\"1 minut\" \/>\n<script type=\"application\/ld+json\" class=\"yoast-schema-graph\">{\"@context\":\"https:\/\/schema.org\",\"@graph\":[{\"@type\":\"Article\",\"@id\":\"https:\/\/kunmedierne.dk\/mors\/mange-ofrede-deres-liv-for-at-vi-kan-taenke-frit\/#article\",\"isPartOf\":{\"@id\":\"https:\/\/kunmedierne.dk\/mors\/mange-ofrede-deres-liv-for-at-vi-kan-taenke-frit\/\"},\"author\":{\"name\":\"David H\u00f8jmark\",\"@id\":\"https:\/\/kunmedierne.dk\/mors\/#\/schema\/person\/5fe23251bf1d0abbcdc6f7896579d548\"},\"headline\":\"&#8211; Mange ofrede deres liv for, at vi kan t\u00e6nke frit\",\"datePublished\":\"2020-05-04T16:27:59+00:00\",\"dateModified\":\"2024-08-12T12:06:10+00:00\",\"mainEntityOfPage\":{\"@id\":\"https:\/\/kunmedierne.dk\/mors\/mange-ofrede-deres-liv-for-at-vi-kan-taenke-frit\/\"},\"wordCount\":234,\"commentCount\":0,\"publisher\":{\"@id\":\"https:\/\/kunmedierne.dk\/mors\/#organization\"},\"image\":{\"@id\":\"https:\/\/kunmedierne.dk\/mors\/mange-ofrede-deres-liv-for-at-vi-kan-taenke-frit\/#primaryimage\"},\"thumbnailUrl\":\"https:\/\/kunmedierne.dk\/mors\/wp-content\/uploads\/2020\/05\/4.-maj-hans-ejner-bertelsen.jpg\",\"articleSection\":[\"Lokalt\"],\"inLanguage\":\"da-DK\",\"potentialAction\":[{\"@type\":\"CommentAction\",\"name\":\"Comment\",\"target\":[\"https:\/\/kunmedierne.dk\/mors\/mange-ofrede-deres-liv-for-at-vi-kan-taenke-frit\/#respond\"]}]},{\"@type\":\"WebPage\",\"@id\":\"https:\/\/kunmedierne.dk\/mors\/mange-ofrede-deres-liv-for-at-vi-kan-taenke-frit\/\",\"url\":\"https:\/\/kunmedierne.dk\/mors\/mange-ofrede-deres-liv-for-at-vi-kan-taenke-frit\/\",\"name\":\"- Mange ofrede deres liv for, at vi kan t\u00e6nke frit - Mors\",\"isPartOf\":{\"@id\":\"https:\/\/kunmedierne.dk\/mors\/#website\"},\"primaryImageOfPage\":{\"@id\":\"https:\/\/kunmedierne.dk\/mors\/mange-ofrede-deres-liv-for-at-vi-kan-taenke-frit\/#primaryimage\"},\"image\":{\"@id\":\"https:\/\/kunmedierne.dk\/mors\/mange-ofrede-deres-liv-for-at-vi-kan-taenke-frit\/#primaryimage\"},\"thumbnailUrl\":\"https:\/\/kunmedierne.dk\/mors\/wp-content\/uploads\/2020\/05\/4.-maj-hans-ejner-bertelsen.jpg\",\"datePublished\":\"2020-05-04T16:27:59+00:00\",\"dateModified\":\"2024-08-12T12:06:10+00:00\",\"breadcrumb\":{\"@id\":\"https:\/\/kunmedierne.dk\/mors\/mange-ofrede-deres-liv-for-at-vi-kan-taenke-frit\/#breadcrumb\"},\"inLanguage\":\"da-DK\",\"potentialAction\":[{\"@type\":\"ReadAction\",\"target\":[\"https:\/\/kunmedierne.dk\/mors\/mange-ofrede-deres-liv-for-at-vi-kan-taenke-frit\/\"]}]},{\"@type\":\"ImageObject\",\"inLanguage\":\"da-DK\",\"@id\":\"https:\/\/kunmedierne.dk\/mors\/mange-ofrede-deres-liv-for-at-vi-kan-taenke-frit\/#primaryimage\",\"url\":\"https:\/\/kunmedierne.dk\/mors\/wp-content\/uploads\/2020\/05\/4.-maj-hans-ejner-bertelsen.jpg\",\"contentUrl\":\"https:\/\/kunmedierne.dk\/mors\/wp-content\/uploads\/2020\/05\/4.-maj-hans-ejner-bertelsen.jpg\",\"width\":770,\"height\":513,\"caption\":\"Foto: David Tomaseti\/Unsplash og Per Bech\/Mors\u00f8 Kommune.\"},{\"@type\":\"BreadcrumbList\",\"@id\":\"https:\/\/kunmedierne.dk\/mors\/mange-ofrede-deres-liv-for-at-vi-kan-taenke-frit\/#breadcrumb\",\"itemListElement\":[{\"@type\":\"ListItem\",\"position\":1,\"name\":\"Hjem\",\"item\":\"https:\/\/kunmedierne.dk\/mors\/\"},{\"@type\":\"ListItem\",\"position\":2,\"name\":\"&#8211; Mange ofrede deres liv for, at vi kan t\u00e6nke frit\"}]},{\"@type\":\"WebSite\",\"@id\":\"https:\/\/kunmedierne.dk\/mors\/#website\",\"url\":\"https:\/\/kunmedierne.dk\/mors\/\",\"name\":\"Mors\",\"description\":\"et netmedie med journalistik om livet p\u00e5 Mors\",\"publisher\":{\"@id\":\"https:\/\/kunmedierne.dk\/mors\/#organization\"},\"potentialAction\":[{\"@type\":\"SearchAction\",\"target\":{\"@type\":\"EntryPoint\",\"urlTemplate\":\"https:\/\/kunmedierne.dk\/mors\/?s={search_term_string}\"},\"query-input\":{\"@type\":\"PropertyValueSpecification\",\"valueRequired\":true,\"valueName\":\"search_term_string\"}}],\"inLanguage\":\"da-DK\"},{\"@type\":\"Organization\",\"@id\":\"https:\/\/kunmedierne.dk\/mors\/#organization\",\"name\":\"Mors\",\"url\":\"https:\/\/kunmedierne.dk\/mors\/\",\"logo\":{\"@type\":\"ImageObject\",\"inLanguage\":\"da-DK\",\"@id\":\"https:\/\/kunmedierne.dk\/mors\/#\/schema\/logo\/image\/\",\"url\":\"https:\/\/kunmedierne.dk\/mors\/wp-content\/uploads\/2024\/08\/kunmors-logo.svg\",\"contentUrl\":\"https:\/\/kunmedierne.dk\/mors\/wp-content\/uploads\/2024\/08\/kunmors-logo.svg\",\"caption\":\"Mors\"},\"image\":{\"@id\":\"https:\/\/kunmedierne.dk\/mors\/#\/schema\/logo\/image\/\"}},{\"@type\":\"Person\",\"@id\":\"https:\/\/kunmedierne.dk\/mors\/#\/schema\/person\/5fe23251bf1d0abbcdc6f7896579d548\",\"name\":\"David H\u00f8jmark\",\"image\":{\"@type\":\"ImageObject\",\"inLanguage\":\"da-DK\",\"@id\":\"https:\/\/kunmedierne.dk\/mors\/#\/schema\/person\/image\/\",\"url\":\"https:\/\/secure.gravatar.com\/avatar\/4315d6fb9ef244d729989f5f90268eb08d5bf8a3d84402f595fa194bb35784fd?s=96&d=mm&r=g\",\"contentUrl\":\"https:\/\/secure.gravatar.com\/avatar\/4315d6fb9ef244d729989f5f90268eb08d5bf8a3d84402f595fa194bb35784fd?s=96&d=mm&r=g\",\"caption\":\"David H\u00f8jmark\"},\"sameAs\":[\"https:\/\/www.kunmedierne.dk\"],\"url\":\"https:\/\/kunmedierne.dk\/mors\/author\/david\/\"}]}<\/script>\n<!-- \/ Yoast SEO plugin. -->","yoast_head_json":{"title":"- Mange ofrede deres liv for, at vi kan t\u00e6nke frit - Mors","robots":{"index":"index","follow":"follow","max-snippet":"max-snippet:-1","max-image-preview":"max-image-preview:large","max-video-preview":"max-video-preview:-1"},"canonical":"https:\/\/kunmedierne.dk\/mors\/mange-ofrede-deres-liv-for-at-vi-kan-taenke-frit\/","og_locale":"da_DK","og_type":"article","og_title":"- Mange ofrede deres liv for, at vi kan t\u00e6nke frit - Mors","og_description":"MORS: I dag er det 75 \u00e5r siden, Danmark atter blev frit. Efter fem \u00e5r med tysk bes\u00e6ttelse l\u00f8d frihedsbudskabet over radioen fra London klokken 20.36 fredag 4. maj 1945. KunMors markerer dagen med at stille tre identiske sp\u00f8rgsm\u00e5l til en r\u00e6kke morsingboer inden for politik, erhverv eller kultur. Vi viser deres svar i l\u00f8bet [&hellip;]","og_url":"https:\/\/kunmedierne.dk\/mors\/mange-ofrede-deres-liv-for-at-vi-kan-taenke-frit\/","og_site_name":"Mors","article_published_time":"2020-05-04T16:27:59+00:00","article_modified_time":"2024-08-12T12:06:10+00:00","og_image":[{"width":770,"height":513,"url":"https:\/\/kunmedierne.dk\/mors\/wp-content\/uploads\/2020\/05\/4.-maj-hans-ejner-bertelsen.jpg","type":"image\/jpeg"}],"author":"David H\u00f8jmark","twitter_card":"summary_large_image","twitter_misc":{"Skrevet af":"David H\u00f8jmark","Estimeret l\u00e6setid":"1 minut"},"schema":{"@context":"https:\/\/schema.org","@graph":[{"@type":"Article","@id":"https:\/\/kunmedierne.dk\/mors\/mange-ofrede-deres-liv-for-at-vi-kan-taenke-frit\/#article","isPartOf":{"@id":"https:\/\/kunmedierne.dk\/mors\/mange-ofrede-deres-liv-for-at-vi-kan-taenke-frit\/"},"author":{"name":"David H\u00f8jmark","@id":"https:\/\/kunmedierne.dk\/mors\/#\/schema\/person\/5fe23251bf1d0abbcdc6f7896579d548"},"headline":"&#8211; Mange ofrede deres liv for, at vi kan t\u00e6nke frit","datePublished":"2020-05-04T16:27:59+00:00","dateModified":"2024-08-12T12:06:10+00:00","mainEntityOfPage":{"@id":"https:\/\/kunmedierne.dk\/mors\/mange-ofrede-deres-liv-for-at-vi-kan-taenke-frit\/"},"wordCount":234,"commentCount":0,"publisher":{"@id":"https:\/\/kunmedierne.dk\/mors\/#organization"},"image":{"@id":"https:\/\/kunmedierne.dk\/mors\/mange-ofrede-deres-liv-for-at-vi-kan-taenke-frit\/#primaryimage"},"thumbnailUrl":"https:\/\/kunmedierne.dk\/mors\/wp-content\/uploads\/2020\/05\/4.-maj-hans-ejner-bertelsen.jpg","articleSection":["Lokalt"],"inLanguage":"da-DK","potentialAction":[{"@type":"CommentAction","name":"Comment","target":["https:\/\/kunmedierne.dk\/mors\/mange-ofrede-deres-liv-for-at-vi-kan-taenke-frit\/#respond"]}]},{"@type":"WebPage","@id":"https:\/\/kunmedierne.dk\/mors\/mange-ofrede-deres-liv-for-at-vi-kan-taenke-frit\/","url":"https:\/\/kunmedierne.dk\/mors\/mange-ofrede-deres-liv-for-at-vi-kan-taenke-frit\/","name":"- Mange ofrede deres liv for, at vi kan t\u00e6nke frit - Mors","isPartOf":{"@id":"https:\/\/kunmedierne.dk\/mors\/#website"},"primaryImageOfPage":{"@id":"https:\/\/kunmedierne.dk\/mors\/mange-ofrede-deres-liv-for-at-vi-kan-taenke-frit\/#primaryimage"},"image":{"@id":"https:\/\/kunmedierne.dk\/mors\/mange-ofrede-deres-liv-for-at-vi-kan-taenke-frit\/#primaryimage"},"thumbnailUrl":"https:\/\/kunmedierne.dk\/mors\/wp-content\/uploads\/2020\/05\/4.-maj-hans-ejner-bertelsen.jpg","datePublished":"2020-05-04T16:27:59+00:00","dateModified":"2024-08-12T12:06:10+00:00","breadcrumb":{"@id":"https:\/\/kunmedierne.dk\/mors\/mange-ofrede-deres-liv-for-at-vi-kan-taenke-frit\/#breadcrumb"},"inLanguage":"da-DK","potentialAction":[{"@type":"ReadAction","target":["https:\/\/kunmedierne.dk\/mors\/mange-ofrede-deres-liv-for-at-vi-kan-taenke-frit\/"]}]},{"@type":"ImageObject","inLanguage":"da-DK","@id":"https:\/\/kunmedierne.dk\/mors\/mange-ofrede-deres-liv-for-at-vi-kan-taenke-frit\/#primaryimage","url":"https:\/\/kunmedierne.dk\/mors\/wp-content\/uploads\/2020\/05\/4.-maj-hans-ejner-bertelsen.jpg","contentUrl":"https:\/\/kunmedierne.dk\/mors\/wp-content\/uploads\/2020\/05\/4.-maj-hans-ejner-bertelsen.jpg","width":770,"height":513,"caption":"Foto: David Tomaseti\/Unsplash og Per Bech\/Mors\u00f8 Kommune."},{"@type":"BreadcrumbList","@id":"https:\/\/kunmedierne.dk\/mors\/mange-ofrede-deres-liv-for-at-vi-kan-taenke-frit\/#breadcrumb","itemListElement":[{"@type":"ListItem","position":1,"name":"Hjem","item":"https:\/\/kunmedierne.dk\/mors\/"},{"@type":"ListItem","position":2,"name":"&#8211; Mange ofrede deres liv for, at vi kan t\u00e6nke frit"}]},{"@type":"WebSite","@id":"https:\/\/kunmedierne.dk\/mors\/#website","url":"https:\/\/kunmedierne.dk\/mors\/","name":"Mors","description":"et netmedie med journalistik om livet p\u00e5 Mors","publisher":{"@id":"https:\/\/kunmedierne.dk\/mors\/#organization"},"potentialAction":[{"@type":"SearchAction","target":{"@type":"EntryPoint","urlTemplate":"https:\/\/kunmedierne.dk\/mors\/?s={search_term_string}"},"query-input":{"@type":"PropertyValueSpecification","valueRequired":true,"valueName":"search_term_string"}}],"inLanguage":"da-DK"},{"@type":"Organization","@id":"https:\/\/kunmedierne.dk\/mors\/#organization","name":"Mors","url":"https:\/\/kunmedierne.dk\/mors\/","logo":{"@type":"ImageObject","inLanguage":"da-DK","@id":"https:\/\/kunmedierne.dk\/mors\/#\/schema\/logo\/image\/","url":"https:\/\/kunmedierne.dk\/mors\/wp-content\/uploads\/2024\/08\/kunmors-logo.svg","contentUrl":"https:\/\/kunmedierne.dk\/mors\/wp-content\/uploads\/2024\/08\/kunmors-logo.svg","caption":"Mors"},"image":{"@id":"https:\/\/kunmedierne.dk\/mors\/#\/schema\/logo\/image\/"}},{"@type":"Person","@id":"https:\/\/kunmedierne.dk\/mors\/#\/schema\/person\/5fe23251bf1d0abbcdc6f7896579d548","name":"David H\u00f8jmark","image":{"@type":"ImageObject","inLanguage":"da-DK","@id":"https:\/\/kunmedierne.dk\/mors\/#\/schema\/person\/image\/","url":"https:\/\/secure.gravatar.com\/avatar\/4315d6fb9ef244d729989f5f90268eb08d5bf8a3d84402f595fa194bb35784fd?s=96&d=mm&r=g","contentUrl":"https:\/\/secure.gravatar.com\/avatar\/4315d6fb9ef244d729989f5f90268eb08d5bf8a3d84402f595fa194bb35784fd?s=96&d=mm&r=g","caption":"David H\u00f8jmark"},"sameAs":["https:\/\/www.kunmedierne.dk"],"url":"https:\/\/kunmedierne.dk\/mors\/author\/david\/"}]}},"_links":{"self":[{"href":"https:\/\/kunmedierne.dk\/mors\/wp-json\/wp\/v2\/posts\/20365","targetHints":{"allow":["GET"]}}],"collection":[{"href":"https:\/\/kunmedierne.dk\/mors\/wp-json\/wp\/v2\/posts"}],"about":[{"href":"https:\/\/kunmedierne.dk\/mors\/wp-json\/wp\/v2\/types\/post"}],"author":[{"embeddable":true,"href":"https:\/\/kunmedierne.dk\/mors\/wp-json\/wp\/v2\/users\/8"}],"replies":[{"embeddable":true,"href":"https:\/\/kunmedierne.dk\/mors\/wp-json\/wp\/v2\/comments?post=20365"}],"version-history":[{"count":1,"href":"https:\/\/kunmedierne.dk\/mors\/wp-json\/wp\/v2\/posts\/20365\/revisions"}],"predecessor-version":[{"id":20367,"href":"https:\/\/kunmedierne.dk\/mors\/wp-json\/wp\/v2\/posts\/20365\/revisions\/20367"}],"wp:featuredmedia":[{"embeddable":true,"href":"https:\/\/kunmedierne.dk\/mors\/wp-json\/wp\/v2\/media\/20366"}],"wp:attachment":[{"href":"https:\/\/kunmedierne.dk\/mors\/wp-json\/wp\/v2\/media?parent=20365"}],"wp:term":[{"taxonomy":"category","embeddable":true,"href":"https:\/\/kunmedierne.dk\/mors\/wp-json\/wp\/v2\/categories?post=20365"},{"taxonomy":"post_tag","embeddable":true,"href":"https:\/\/kunmedierne.dk\/mors\/wp-json\/wp\/v2\/tags?post=20365"}],"curies":[{"name":"wp","href":"https:\/\/api.w.org\/{rel}","templated":true}]}}