{"id":20230,"date":"2020-05-04T05:59:21","date_gmt":"2020-05-04T03:59:21","guid":{"rendered":"https:\/\/kunmedierne.dk\/mors\/?p=20230"},"modified":"2024-08-12T14:06:10","modified_gmt":"2024-08-12T12:06:10","slug":"i-manilas-slum-eller-under-en-stjernehimmel-i-flade","status":"publish","type":"post","link":"https:\/\/kunmedierne.dk\/mors\/i-manilas-slum-eller-under-en-stjernehimmel-i-flade\/","title":{"rendered":"&#8211; Ilden er den samme i Manilas slum og under en stjernehimmel i Flade"},"content":{"rendered":"<p><strong>MORS<\/strong>: I dag er det 75 \u00e5r siden, Danmark atter blev frit. Efter fem \u00e5r med tysk bes\u00e6ttelse l\u00f8d <a href=\"https:\/\/www.dr.dk\/bonanza\/serie\/266\/radiooejeblikke\/57890\/bbcs-udsendelse-kl-2030-med-tysklands-kapitulation-og-danmarks-befrielse---frihedsbudskabet\" target=\"_blank\" rel=\"noopener noreferrer\">frihedsbudskabet<\/a> over radioen fra London klokken 20.36 fredag 4. maj 1945.<\/p>\n<p>KunMors markerer dagen med at stille tre identiske sp\u00f8rgsm\u00e5l til en r\u00e6kke morsingboer inden for politik, erhverv eller kultur. Vi viser deres svar i l\u00f8bet af dagen.<\/p>\n<p>De f\u00f8rste er fra forfatteren Lene Shannon:<\/p>\n<p><em>&#8220;Hvad betyder 4. maj for dig?&#8221;<\/em><\/p>\n<p>&#8220;I den skov af m\u00e6rkedage for dit og for dat, der efterh\u00e5nden er vokset op, rager 4. maj op over dem alle som det tr\u00e6, der for mig st\u00e5r st\u00e6rkest plantet i min bevidsthed. Ikke fordi jeg selv har oplevet krig, men fordi andre har k\u00e6mpet og ofret deres liv f\u00f8r mig, s\u00e5 jeg, mine b\u00f8rn og deres b\u00f8rn i dag kan leve i et land, hvor vi frit kan t\u00e6nke tro og tale, og hvor det er ut\u00e6nkeligt, at nogle g\u00f8r sig til overmennesker over andre. I s\u00e5 fald bliver de udstillet, for hvad de er, og vi kan sl\u00e5 ring om dem &#8211; i tide.<\/p>\n<p>Jeg m\u00e5tte google mig frem til den danske journalist, der fra BBC i London kom med frihedsbudskabet om aftenen 4. maj. Johs. G. S\u00f8rensen hedder han. Og f\u00e5r altid en klump i halsen, n\u00e5r jeg h\u00f8rer hans markante stemme. Det samme sker, n\u00e5r der bliver sl\u00e5et op i H\u00f8jskolesangbogen og stemt i med &#8216;En l\u00e6rke letted\u2019, hvad enten jeg er alene eller i en forsamling. Der er en f\u00e6lles bevidsthed, der manifesterer sig, og den er meget v\u00e6rdifuld. Vi m\u00e5 v\u00e6rne om kernen i dens betydning.&#8221;<\/p>\n<p><em>&#8220;S\u00e6tter du lys i vinduet?&#8221;<\/em><\/p>\n<p>&#8220;Jeg skal \u00e6rligt indr\u00f8mme, at jeg ikke har gjort det konsekvent igennem \u00e5rene. Men i de \u00e5r, hvor jeg har opholdt mig i S\u00f8nderjylland (i \u00c5rs\u00f8sund ved Haderslev og p\u00e5 Als) har jeg. Her slipper flere kriges skygger ikke, for alle familier har betalt en pris. F\u00f8rst i 1864. S\u00e5 m\u00e5tte f\u00e6dre, s\u00f8nner, f\u00e6tre og onkler i krig mod deres vilje, og hustruer og b\u00f8rn tage over og k\u00e6mpe for at opretholde livet derhjemme under F\u00f8rste Verdenskrig. S\u00e5 stod de f\u00f8rst for skud, da invasionen kom fra syd i 1940. Hernede betyder friheden ogs\u00e5 retten til at tilh\u00f8re den nation, man f\u00f8ler sig hjemme i. Og man tager den ikke for givet, den dag i dag.<\/p>\n<p>Jeg husker, da jeg flyttede i en lille lejlighed i en n\u00e6sten nybygget ejendom i S\u00f8nderborg for f\u00e5 \u00e5r siden. Her gik alle vinduer helt til gulv, og min f\u00f8rste tanke var faktisk: &#8216;Jamen, jeg kan jo ikke s\u00e6tte lys i vinduerne! Hvad har arkitekten t\u00e6nkt?&#8217; I hvert fald ikke p\u00e5 4. maj. Jeg udt\u00e6nkte selv en l\u00f8sning.<\/p>\n<p>I dag kan jeg godt bebrejde mig selv, at jeg ikke oftere for \u00e5r tilbage benyttede lejligheden til at indprente mine b\u00f8rn dagens betydning.<\/p>\n<p>I \u00e5r vil jeg g\u00f8re det. Men jeg vil flytte fokus mod den f\u00e6lles fjende, vi k\u00e6mper mod over hele kloden lige nu. Og tage det som et symbol p\u00e5 ydmyghed, og p\u00e5, at ja, vi er nu for alvor klar over, at vi alle har &#8216;a lesson to learn&#8217; i forhold til den m\u00e5de, vi behandler planeten Jorden p\u00e5. I forhold til den m\u00e5de, rigtig mange af dens indbyggere er ofre for despoti og magtfuldkommenhed p\u00e5. I forhold til materiel gr\u00e5dighed og holdningsl\u00f8shed, der f\u00f8rer til, at medmennesker m\u00e5 bukke under andre steder p\u00e5 jorden, og planetens levende v\u00e6sener gisper efter vejret, hvis de ikke allerede er udryddede.<\/p>\n<p>Jeg ser de levende lys som f\u00e6lles symbol p\u00e5, at vi er klar over, at denne gang er det alvor; Hvad er det, der forener os som menneskehed? Vi lytter til en h\u00f8jere stemme, hvem den s\u00e5 end tilh\u00f8rer, r\u00e6kker ud, arbejder p\u00e5 det og besinder os i tide. Ilden er den samme, hvad enten den br\u00e6nder under et bliktag i slummen i Manila eller en stjernehimmel i Flade.&#8221;<\/p>\n<p><em>&#8220;Hvor l\u00e6nge skal vi markere dagen?&#8221;<\/em><\/p>\n<p>S\u00e5 l\u00e6nge, dagen kalder p\u00e5 at blive markeret.<\/p>\n<p>&nbsp;<\/p>\n","protected":false},"excerpt":{"rendered":"<p>MORS: I dag er det 75 \u00e5r siden, Danmark atter blev frit. Efter fem \u00e5r med tysk bes\u00e6ttelse l\u00f8d frihedsbudskabet over radioen fra London klokken 20.36 fredag 4. maj 1945. KunMors markerer dagen med at stille tre identiske sp\u00f8rgsm\u00e5l til en r\u00e6kke morsingboer inden for politik, erhverv eller kultur. Vi viser deres svar i l\u00f8bet [&hellip;]<\/p>\n","protected":false},"author":8,"featured_media":20300,"comment_status":"open","ping_status":"open","sticky":false,"template":"","format":"standard","meta":{"_acf_changed":false,"footnotes":""},"categories":[51],"tags":[],"class_list":["post-20230","post","type-post","status-publish","format-standard","has-post-thumbnail","hentry","category-lokalt"],"acf":[],"yoast_head":"<!-- This site is optimized with the Yoast SEO plugin v26.8 - https:\/\/yoast.com\/product\/yoast-seo-wordpress\/ -->\n<title>- Ilden er den samme i Manilas slum og under en stjernehimmel i Flade - Mors<\/title>\n<meta name=\"robots\" content=\"index, follow, max-snippet:-1, max-image-preview:large, max-video-preview:-1\" \/>\n<link rel=\"canonical\" href=\"https:\/\/kunmedierne.dk\/mors\/i-manilas-slum-eller-under-en-stjernehimmel-i-flade\/\" \/>\n<meta property=\"og:locale\" content=\"da_DK\" \/>\n<meta property=\"og:type\" content=\"article\" \/>\n<meta property=\"og:title\" content=\"- Ilden er den samme i Manilas slum og under en stjernehimmel i Flade - Mors\" \/>\n<meta property=\"og:description\" content=\"MORS: I dag er det 75 \u00e5r siden, Danmark atter blev frit. Efter fem \u00e5r med tysk bes\u00e6ttelse l\u00f8d frihedsbudskabet over radioen fra London klokken 20.36 fredag 4. maj 1945. KunMors markerer dagen med at stille tre identiske sp\u00f8rgsm\u00e5l til en r\u00e6kke morsingboer inden for politik, erhverv eller kultur. Vi viser deres svar i l\u00f8bet [&hellip;]\" \/>\n<meta property=\"og:url\" content=\"https:\/\/kunmedierne.dk\/mors\/i-manilas-slum-eller-under-en-stjernehimmel-i-flade\/\" \/>\n<meta property=\"og:site_name\" content=\"Mors\" \/>\n<meta property=\"article:published_time\" content=\"2020-05-04T03:59:21+00:00\" \/>\n<meta property=\"article:modified_time\" content=\"2024-08-12T12:06:10+00:00\" \/>\n<meta property=\"og:image\" content=\"https:\/\/kunmedierne.dk\/mors\/wp-content\/uploads\/2020\/05\/4.-maj-lene-shannon2.jpg\" \/>\n\t<meta property=\"og:image:width\" content=\"770\" \/>\n\t<meta property=\"og:image:height\" content=\"513\" \/>\n\t<meta property=\"og:image:type\" content=\"image\/jpeg\" \/>\n<meta name=\"author\" content=\"David H\u00f8jmark\" \/>\n<meta name=\"twitter:card\" content=\"summary_large_image\" \/>\n<meta name=\"twitter:label1\" content=\"Skrevet af\" \/>\n\t<meta name=\"twitter:data1\" content=\"David H\u00f8jmark\" \/>\n\t<meta name=\"twitter:label2\" content=\"Estimeret l\u00e6setid\" \/>\n\t<meta name=\"twitter:data2\" content=\"4 minutter\" \/>\n<script type=\"application\/ld+json\" class=\"yoast-schema-graph\">{\"@context\":\"https:\/\/schema.org\",\"@graph\":[{\"@type\":\"Article\",\"@id\":\"https:\/\/kunmedierne.dk\/mors\/i-manilas-slum-eller-under-en-stjernehimmel-i-flade\/#article\",\"isPartOf\":{\"@id\":\"https:\/\/kunmedierne.dk\/mors\/i-manilas-slum-eller-under-en-stjernehimmel-i-flade\/\"},\"author\":{\"name\":\"David H\u00f8jmark\",\"@id\":\"https:\/\/kunmedierne.dk\/mors\/#\/schema\/person\/5fe23251bf1d0abbcdc6f7896579d548\"},\"headline\":\"&#8211; Ilden er den samme i Manilas slum og under en stjernehimmel i Flade\",\"datePublished\":\"2020-05-04T03:59:21+00:00\",\"dateModified\":\"2024-08-12T12:06:10+00:00\",\"mainEntityOfPage\":{\"@id\":\"https:\/\/kunmedierne.dk\/mors\/i-manilas-slum-eller-under-en-stjernehimmel-i-flade\/\"},\"wordCount\":731,\"commentCount\":0,\"publisher\":{\"@id\":\"https:\/\/kunmedierne.dk\/mors\/#organization\"},\"image\":{\"@id\":\"https:\/\/kunmedierne.dk\/mors\/i-manilas-slum-eller-under-en-stjernehimmel-i-flade\/#primaryimage\"},\"thumbnailUrl\":\"https:\/\/kunmedierne.dk\/mors\/wp-content\/uploads\/2020\/05\/4.-maj-lene-shannon2.jpg\",\"articleSection\":[\"Lokalt\"],\"inLanguage\":\"da-DK\",\"potentialAction\":[{\"@type\":\"CommentAction\",\"name\":\"Comment\",\"target\":[\"https:\/\/kunmedierne.dk\/mors\/i-manilas-slum-eller-under-en-stjernehimmel-i-flade\/#respond\"]}]},{\"@type\":\"WebPage\",\"@id\":\"https:\/\/kunmedierne.dk\/mors\/i-manilas-slum-eller-under-en-stjernehimmel-i-flade\/\",\"url\":\"https:\/\/kunmedierne.dk\/mors\/i-manilas-slum-eller-under-en-stjernehimmel-i-flade\/\",\"name\":\"- Ilden er den samme i Manilas slum og under en stjernehimmel i Flade - Mors\",\"isPartOf\":{\"@id\":\"https:\/\/kunmedierne.dk\/mors\/#website\"},\"primaryImageOfPage\":{\"@id\":\"https:\/\/kunmedierne.dk\/mors\/i-manilas-slum-eller-under-en-stjernehimmel-i-flade\/#primaryimage\"},\"image\":{\"@id\":\"https:\/\/kunmedierne.dk\/mors\/i-manilas-slum-eller-under-en-stjernehimmel-i-flade\/#primaryimage\"},\"thumbnailUrl\":\"https:\/\/kunmedierne.dk\/mors\/wp-content\/uploads\/2020\/05\/4.-maj-lene-shannon2.jpg\",\"datePublished\":\"2020-05-04T03:59:21+00:00\",\"dateModified\":\"2024-08-12T12:06:10+00:00\",\"breadcrumb\":{\"@id\":\"https:\/\/kunmedierne.dk\/mors\/i-manilas-slum-eller-under-en-stjernehimmel-i-flade\/#breadcrumb\"},\"inLanguage\":\"da-DK\",\"potentialAction\":[{\"@type\":\"ReadAction\",\"target\":[\"https:\/\/kunmedierne.dk\/mors\/i-manilas-slum-eller-under-en-stjernehimmel-i-flade\/\"]}]},{\"@type\":\"ImageObject\",\"inLanguage\":\"da-DK\",\"@id\":\"https:\/\/kunmedierne.dk\/mors\/i-manilas-slum-eller-under-en-stjernehimmel-i-flade\/#primaryimage\",\"url\":\"https:\/\/kunmedierne.dk\/mors\/wp-content\/uploads\/2020\/05\/4.-maj-lene-shannon2.jpg\",\"contentUrl\":\"https:\/\/kunmedierne.dk\/mors\/wp-content\/uploads\/2020\/05\/4.-maj-lene-shannon2.jpg\",\"width\":770,\"height\":513,\"caption\":\"Foto: David Tomaseti\/Unsplash og privatfoto.\"},{\"@type\":\"BreadcrumbList\",\"@id\":\"https:\/\/kunmedierne.dk\/mors\/i-manilas-slum-eller-under-en-stjernehimmel-i-flade\/#breadcrumb\",\"itemListElement\":[{\"@type\":\"ListItem\",\"position\":1,\"name\":\"Hjem\",\"item\":\"https:\/\/kunmedierne.dk\/mors\/\"},{\"@type\":\"ListItem\",\"position\":2,\"name\":\"&#8211; Ilden er den samme i Manilas slum og under en stjernehimmel i Flade\"}]},{\"@type\":\"WebSite\",\"@id\":\"https:\/\/kunmedierne.dk\/mors\/#website\",\"url\":\"https:\/\/kunmedierne.dk\/mors\/\",\"name\":\"Mors\",\"description\":\"et netmedie med journalistik om livet p\u00e5 Mors\",\"publisher\":{\"@id\":\"https:\/\/kunmedierne.dk\/mors\/#organization\"},\"potentialAction\":[{\"@type\":\"SearchAction\",\"target\":{\"@type\":\"EntryPoint\",\"urlTemplate\":\"https:\/\/kunmedierne.dk\/mors\/?s={search_term_string}\"},\"query-input\":{\"@type\":\"PropertyValueSpecification\",\"valueRequired\":true,\"valueName\":\"search_term_string\"}}],\"inLanguage\":\"da-DK\"},{\"@type\":\"Organization\",\"@id\":\"https:\/\/kunmedierne.dk\/mors\/#organization\",\"name\":\"Mors\",\"url\":\"https:\/\/kunmedierne.dk\/mors\/\",\"logo\":{\"@type\":\"ImageObject\",\"inLanguage\":\"da-DK\",\"@id\":\"https:\/\/kunmedierne.dk\/mors\/#\/schema\/logo\/image\/\",\"url\":\"https:\/\/kunmedierne.dk\/mors\/wp-content\/uploads\/2024\/08\/kunmors-logo.svg\",\"contentUrl\":\"https:\/\/kunmedierne.dk\/mors\/wp-content\/uploads\/2024\/08\/kunmors-logo.svg\",\"caption\":\"Mors\"},\"image\":{\"@id\":\"https:\/\/kunmedierne.dk\/mors\/#\/schema\/logo\/image\/\"}},{\"@type\":\"Person\",\"@id\":\"https:\/\/kunmedierne.dk\/mors\/#\/schema\/person\/5fe23251bf1d0abbcdc6f7896579d548\",\"name\":\"David H\u00f8jmark\",\"image\":{\"@type\":\"ImageObject\",\"inLanguage\":\"da-DK\",\"@id\":\"https:\/\/kunmedierne.dk\/mors\/#\/schema\/person\/image\/\",\"url\":\"https:\/\/secure.gravatar.com\/avatar\/4315d6fb9ef244d729989f5f90268eb08d5bf8a3d84402f595fa194bb35784fd?s=96&d=mm&r=g\",\"contentUrl\":\"https:\/\/secure.gravatar.com\/avatar\/4315d6fb9ef244d729989f5f90268eb08d5bf8a3d84402f595fa194bb35784fd?s=96&d=mm&r=g\",\"caption\":\"David H\u00f8jmark\"},\"sameAs\":[\"https:\/\/www.kunmedierne.dk\"],\"url\":\"https:\/\/kunmedierne.dk\/mors\/author\/david\/\"}]}<\/script>\n<!-- \/ Yoast SEO plugin. -->","yoast_head_json":{"title":"- Ilden er den samme i Manilas slum og under en stjernehimmel i Flade - Mors","robots":{"index":"index","follow":"follow","max-snippet":"max-snippet:-1","max-image-preview":"max-image-preview:large","max-video-preview":"max-video-preview:-1"},"canonical":"https:\/\/kunmedierne.dk\/mors\/i-manilas-slum-eller-under-en-stjernehimmel-i-flade\/","og_locale":"da_DK","og_type":"article","og_title":"- Ilden er den samme i Manilas slum og under en stjernehimmel i Flade - Mors","og_description":"MORS: I dag er det 75 \u00e5r siden, Danmark atter blev frit. Efter fem \u00e5r med tysk bes\u00e6ttelse l\u00f8d frihedsbudskabet over radioen fra London klokken 20.36 fredag 4. maj 1945. KunMors markerer dagen med at stille tre identiske sp\u00f8rgsm\u00e5l til en r\u00e6kke morsingboer inden for politik, erhverv eller kultur. Vi viser deres svar i l\u00f8bet [&hellip;]","og_url":"https:\/\/kunmedierne.dk\/mors\/i-manilas-slum-eller-under-en-stjernehimmel-i-flade\/","og_site_name":"Mors","article_published_time":"2020-05-04T03:59:21+00:00","article_modified_time":"2024-08-12T12:06:10+00:00","og_image":[{"width":770,"height":513,"url":"https:\/\/kunmedierne.dk\/mors\/wp-content\/uploads\/2020\/05\/4.-maj-lene-shannon2.jpg","type":"image\/jpeg"}],"author":"David H\u00f8jmark","twitter_card":"summary_large_image","twitter_misc":{"Skrevet af":"David H\u00f8jmark","Estimeret l\u00e6setid":"4 minutter"},"schema":{"@context":"https:\/\/schema.org","@graph":[{"@type":"Article","@id":"https:\/\/kunmedierne.dk\/mors\/i-manilas-slum-eller-under-en-stjernehimmel-i-flade\/#article","isPartOf":{"@id":"https:\/\/kunmedierne.dk\/mors\/i-manilas-slum-eller-under-en-stjernehimmel-i-flade\/"},"author":{"name":"David H\u00f8jmark","@id":"https:\/\/kunmedierne.dk\/mors\/#\/schema\/person\/5fe23251bf1d0abbcdc6f7896579d548"},"headline":"&#8211; Ilden er den samme i Manilas slum og under en stjernehimmel i Flade","datePublished":"2020-05-04T03:59:21+00:00","dateModified":"2024-08-12T12:06:10+00:00","mainEntityOfPage":{"@id":"https:\/\/kunmedierne.dk\/mors\/i-manilas-slum-eller-under-en-stjernehimmel-i-flade\/"},"wordCount":731,"commentCount":0,"publisher":{"@id":"https:\/\/kunmedierne.dk\/mors\/#organization"},"image":{"@id":"https:\/\/kunmedierne.dk\/mors\/i-manilas-slum-eller-under-en-stjernehimmel-i-flade\/#primaryimage"},"thumbnailUrl":"https:\/\/kunmedierne.dk\/mors\/wp-content\/uploads\/2020\/05\/4.-maj-lene-shannon2.jpg","articleSection":["Lokalt"],"inLanguage":"da-DK","potentialAction":[{"@type":"CommentAction","name":"Comment","target":["https:\/\/kunmedierne.dk\/mors\/i-manilas-slum-eller-under-en-stjernehimmel-i-flade\/#respond"]}]},{"@type":"WebPage","@id":"https:\/\/kunmedierne.dk\/mors\/i-manilas-slum-eller-under-en-stjernehimmel-i-flade\/","url":"https:\/\/kunmedierne.dk\/mors\/i-manilas-slum-eller-under-en-stjernehimmel-i-flade\/","name":"- Ilden er den samme i Manilas slum og under en stjernehimmel i Flade - Mors","isPartOf":{"@id":"https:\/\/kunmedierne.dk\/mors\/#website"},"primaryImageOfPage":{"@id":"https:\/\/kunmedierne.dk\/mors\/i-manilas-slum-eller-under-en-stjernehimmel-i-flade\/#primaryimage"},"image":{"@id":"https:\/\/kunmedierne.dk\/mors\/i-manilas-slum-eller-under-en-stjernehimmel-i-flade\/#primaryimage"},"thumbnailUrl":"https:\/\/kunmedierne.dk\/mors\/wp-content\/uploads\/2020\/05\/4.-maj-lene-shannon2.jpg","datePublished":"2020-05-04T03:59:21+00:00","dateModified":"2024-08-12T12:06:10+00:00","breadcrumb":{"@id":"https:\/\/kunmedierne.dk\/mors\/i-manilas-slum-eller-under-en-stjernehimmel-i-flade\/#breadcrumb"},"inLanguage":"da-DK","potentialAction":[{"@type":"ReadAction","target":["https:\/\/kunmedierne.dk\/mors\/i-manilas-slum-eller-under-en-stjernehimmel-i-flade\/"]}]},{"@type":"ImageObject","inLanguage":"da-DK","@id":"https:\/\/kunmedierne.dk\/mors\/i-manilas-slum-eller-under-en-stjernehimmel-i-flade\/#primaryimage","url":"https:\/\/kunmedierne.dk\/mors\/wp-content\/uploads\/2020\/05\/4.-maj-lene-shannon2.jpg","contentUrl":"https:\/\/kunmedierne.dk\/mors\/wp-content\/uploads\/2020\/05\/4.-maj-lene-shannon2.jpg","width":770,"height":513,"caption":"Foto: David Tomaseti\/Unsplash og privatfoto."},{"@type":"BreadcrumbList","@id":"https:\/\/kunmedierne.dk\/mors\/i-manilas-slum-eller-under-en-stjernehimmel-i-flade\/#breadcrumb","itemListElement":[{"@type":"ListItem","position":1,"name":"Hjem","item":"https:\/\/kunmedierne.dk\/mors\/"},{"@type":"ListItem","position":2,"name":"&#8211; Ilden er den samme i Manilas slum og under en stjernehimmel i Flade"}]},{"@type":"WebSite","@id":"https:\/\/kunmedierne.dk\/mors\/#website","url":"https:\/\/kunmedierne.dk\/mors\/","name":"Mors","description":"et netmedie med journalistik om livet p\u00e5 Mors","publisher":{"@id":"https:\/\/kunmedierne.dk\/mors\/#organization"},"potentialAction":[{"@type":"SearchAction","target":{"@type":"EntryPoint","urlTemplate":"https:\/\/kunmedierne.dk\/mors\/?s={search_term_string}"},"query-input":{"@type":"PropertyValueSpecification","valueRequired":true,"valueName":"search_term_string"}}],"inLanguage":"da-DK"},{"@type":"Organization","@id":"https:\/\/kunmedierne.dk\/mors\/#organization","name":"Mors","url":"https:\/\/kunmedierne.dk\/mors\/","logo":{"@type":"ImageObject","inLanguage":"da-DK","@id":"https:\/\/kunmedierne.dk\/mors\/#\/schema\/logo\/image\/","url":"https:\/\/kunmedierne.dk\/mors\/wp-content\/uploads\/2024\/08\/kunmors-logo.svg","contentUrl":"https:\/\/kunmedierne.dk\/mors\/wp-content\/uploads\/2024\/08\/kunmors-logo.svg","caption":"Mors"},"image":{"@id":"https:\/\/kunmedierne.dk\/mors\/#\/schema\/logo\/image\/"}},{"@type":"Person","@id":"https:\/\/kunmedierne.dk\/mors\/#\/schema\/person\/5fe23251bf1d0abbcdc6f7896579d548","name":"David H\u00f8jmark","image":{"@type":"ImageObject","inLanguage":"da-DK","@id":"https:\/\/kunmedierne.dk\/mors\/#\/schema\/person\/image\/","url":"https:\/\/secure.gravatar.com\/avatar\/4315d6fb9ef244d729989f5f90268eb08d5bf8a3d84402f595fa194bb35784fd?s=96&d=mm&r=g","contentUrl":"https:\/\/secure.gravatar.com\/avatar\/4315d6fb9ef244d729989f5f90268eb08d5bf8a3d84402f595fa194bb35784fd?s=96&d=mm&r=g","caption":"David H\u00f8jmark"},"sameAs":["https:\/\/www.kunmedierne.dk"],"url":"https:\/\/kunmedierne.dk\/mors\/author\/david\/"}]}},"_links":{"self":[{"href":"https:\/\/kunmedierne.dk\/mors\/wp-json\/wp\/v2\/posts\/20230","targetHints":{"allow":["GET"]}}],"collection":[{"href":"https:\/\/kunmedierne.dk\/mors\/wp-json\/wp\/v2\/posts"}],"about":[{"href":"https:\/\/kunmedierne.dk\/mors\/wp-json\/wp\/v2\/types\/post"}],"author":[{"embeddable":true,"href":"https:\/\/kunmedierne.dk\/mors\/wp-json\/wp\/v2\/users\/8"}],"replies":[{"embeddable":true,"href":"https:\/\/kunmedierne.dk\/mors\/wp-json\/wp\/v2\/comments?post=20230"}],"version-history":[{"count":5,"href":"https:\/\/kunmedierne.dk\/mors\/wp-json\/wp\/v2\/posts\/20230\/revisions"}],"predecessor-version":[{"id":20302,"href":"https:\/\/kunmedierne.dk\/mors\/wp-json\/wp\/v2\/posts\/20230\/revisions\/20302"}],"wp:featuredmedia":[{"embeddable":true,"href":"https:\/\/kunmedierne.dk\/mors\/wp-json\/wp\/v2\/media\/20300"}],"wp:attachment":[{"href":"https:\/\/kunmedierne.dk\/mors\/wp-json\/wp\/v2\/media?parent=20230"}],"wp:term":[{"taxonomy":"category","embeddable":true,"href":"https:\/\/kunmedierne.dk\/mors\/wp-json\/wp\/v2\/categories?post=20230"},{"taxonomy":"post_tag","embeddable":true,"href":"https:\/\/kunmedierne.dk\/mors\/wp-json\/wp\/v2\/tags?post=20230"}],"curies":[{"name":"wp","href":"https:\/\/api.w.org\/{rel}","templated":true}]}}