{"id":20161,"date":"2020-05-04T13:08:10","date_gmt":"2020-05-04T11:08:10","guid":{"rendered":"https:\/\/kunmedierne.dk\/mors\/?p=20161"},"modified":"2024-08-12T14:06:10","modified_gmt":"2024-08-12T12:06:10","slug":"en-vaesentlig-brik-i-danmarks-historie","status":"publish","type":"post","link":"https:\/\/kunmedierne.dk\/mors\/en-vaesentlig-brik-i-danmarks-historie\/","title":{"rendered":"&#8211; En v\u00e6sentlig brik i Danmarks historie"},"content":{"rendered":"<p><strong>MORS<\/strong>: I dag er det 75 \u00e5r siden, Danmark atter blev frit. Efter fem \u00e5r med tysk bes\u00e6ttelse l\u00f8d <a href=\"https:\/\/www.dr.dk\/bonanza\/serie\/266\/radiooejeblikke\/57890\/bbcs-udsendelse-kl-2030-med-tysklands-kapitulation-og-danmarks-befrielse---frihedsbudskabet\" target=\"_blank\" rel=\"noopener noreferrer\">frihedsbudskabet<\/a> over radioen fra London klokken 20.36 fredag 4. maj 1945.<\/p>\n<p>KunMors markerer dagen med at stille tre identiske sp\u00f8rgsm\u00e5l til en r\u00e6kke morsingboer inden for politik, erhverv eller kultur. Vi viser deres svar i l\u00f8bet af dagen.<\/p>\n<p>Denne gang fra Meiner N\u00f8rgaard (DF), medlem af kommunalbestyrelsen i Mors\u00f8 Kommune:<\/p>\n<p><em>\u201cHvad betyder 4. maj for dig?\u201d<\/em><\/p>\n<p>&#8220;4. maj er dagen, hvor Danmark blev befriet fra den tyske bes\u00e6ttelse. Den har en historisk betydning.<\/p>\n<p>Jeg er en af dem, der g\u00e5r ind for Gud, Konge og F\u00e6dreland. Og hvis der opst\u00e5r trusler, skal man tage dem i opl\u00f8bet. Hvis der er kommet noget, der er farligt, skal man tage fat om n\u00e6ldens rod i stedet for at vente. For s\u00e5 bliver det for sent.&#8221;<\/p>\n<p><em>\u201cS\u00e6tter du lys i vinduet?\u201d<\/em><\/p>\n<p>&#8220;Det g\u00f8r vi ikke i hele huset, for alting kan ogs\u00e5 overdrives. Men vi har enkelte steder, vi s\u00e6tter lys.&#8221;<\/p>\n<p><em>\u201cHvor l\u00e6nge skal vi markere dagen?\u201d<\/em><\/p>\n<p>&#8220;Det er ikke noget, der b\u00f8r forsvinde. Det er v\u00e6sentlig brik i Danmarks historie, og den viser noget om fortiden. Den viser, at selv om Danmark var tvunget i kn\u00e6, form\u00e5ede Danmark at komme op igen og blive et af verdens dejligste og lykkeligste lande. S\u00e5 det synes jeg, vi skal blive ved med at markere.&#8221;<\/p>\n","protected":false},"excerpt":{"rendered":"<p>MORS: I dag er det 75 \u00e5r siden, Danmark atter blev frit. Efter fem \u00e5r med tysk bes\u00e6ttelse l\u00f8d frihedsbudskabet over radioen fra London klokken 20.36 fredag 4. maj 1945. KunMors markerer dagen med at stille tre identiske sp\u00f8rgsm\u00e5l til en r\u00e6kke morsingboer inden for politik, erhverv eller kultur. Vi viser deres svar i l\u00f8bet [&hellip;]<\/p>\n","protected":false},"author":8,"featured_media":20354,"comment_status":"open","ping_status":"open","sticky":false,"template":"","format":"standard","meta":{"_acf_changed":false,"footnotes":""},"categories":[51],"tags":[],"class_list":["post-20161","post","type-post","status-publish","format-standard","has-post-thumbnail","hentry","category-lokalt"],"acf":[],"yoast_head":"<!-- This site is optimized with the Yoast SEO plugin v26.8 - https:\/\/yoast.com\/product\/yoast-seo-wordpress\/ -->\n<title>- En v\u00e6sentlig brik i Danmarks historie - Mors<\/title>\n<meta name=\"robots\" content=\"index, follow, max-snippet:-1, max-image-preview:large, max-video-preview:-1\" \/>\n<link rel=\"canonical\" href=\"https:\/\/kunmedierne.dk\/mors\/en-vaesentlig-brik-i-danmarks-historie\/\" \/>\n<meta property=\"og:locale\" content=\"da_DK\" \/>\n<meta property=\"og:type\" content=\"article\" \/>\n<meta property=\"og:title\" content=\"- En v\u00e6sentlig brik i Danmarks historie - Mors\" \/>\n<meta property=\"og:description\" content=\"MORS: I dag er det 75 \u00e5r siden, Danmark atter blev frit. Efter fem \u00e5r med tysk bes\u00e6ttelse l\u00f8d frihedsbudskabet over radioen fra London klokken 20.36 fredag 4. maj 1945. KunMors markerer dagen med at stille tre identiske sp\u00f8rgsm\u00e5l til en r\u00e6kke morsingboer inden for politik, erhverv eller kultur. Vi viser deres svar i l\u00f8bet [&hellip;]\" \/>\n<meta property=\"og:url\" content=\"https:\/\/kunmedierne.dk\/mors\/en-vaesentlig-brik-i-danmarks-historie\/\" \/>\n<meta property=\"og:site_name\" content=\"Mors\" \/>\n<meta property=\"article:published_time\" content=\"2020-05-04T11:08:10+00:00\" \/>\n<meta property=\"article:modified_time\" content=\"2024-08-12T12:06:10+00:00\" \/>\n<meta property=\"og:image\" content=\"https:\/\/kunmedierne.dk\/mors\/wp-content\/uploads\/2020\/05\/4.-maj-meiner-n\u00f8rgaard.jpg\" \/>\n\t<meta property=\"og:image:width\" content=\"770\" \/>\n\t<meta property=\"og:image:height\" content=\"513\" \/>\n\t<meta property=\"og:image:type\" content=\"image\/jpeg\" \/>\n<meta name=\"author\" content=\"David H\u00f8jmark\" \/>\n<meta name=\"twitter:card\" content=\"summary_large_image\" \/>\n<meta name=\"twitter:label1\" content=\"Skrevet af\" \/>\n\t<meta name=\"twitter:data1\" content=\"David H\u00f8jmark\" \/>\n\t<meta name=\"twitter:label2\" content=\"Estimeret l\u00e6setid\" \/>\n\t<meta name=\"twitter:data2\" content=\"1 minut\" \/>\n<script type=\"application\/ld+json\" class=\"yoast-schema-graph\">{\"@context\":\"https:\/\/schema.org\",\"@graph\":[{\"@type\":\"Article\",\"@id\":\"https:\/\/kunmedierne.dk\/mors\/en-vaesentlig-brik-i-danmarks-historie\/#article\",\"isPartOf\":{\"@id\":\"https:\/\/kunmedierne.dk\/mors\/en-vaesentlig-brik-i-danmarks-historie\/\"},\"author\":{\"name\":\"David H\u00f8jmark\",\"@id\":\"https:\/\/kunmedierne.dk\/mors\/#\/schema\/person\/5fe23251bf1d0abbcdc6f7896579d548\"},\"headline\":\"&#8211; En v\u00e6sentlig brik i Danmarks historie\",\"datePublished\":\"2020-05-04T11:08:10+00:00\",\"dateModified\":\"2024-08-12T12:06:10+00:00\",\"mainEntityOfPage\":{\"@id\":\"https:\/\/kunmedierne.dk\/mors\/en-vaesentlig-brik-i-danmarks-historie\/\"},\"wordCount\":250,\"commentCount\":0,\"publisher\":{\"@id\":\"https:\/\/kunmedierne.dk\/mors\/#organization\"},\"image\":{\"@id\":\"https:\/\/kunmedierne.dk\/mors\/en-vaesentlig-brik-i-danmarks-historie\/#primaryimage\"},\"thumbnailUrl\":\"https:\/\/kunmedierne.dk\/mors\/wp-content\/uploads\/2020\/05\/4.-maj-meiner-n\u00f8rgaard.jpg\",\"articleSection\":[\"Lokalt\"],\"inLanguage\":\"da-DK\",\"potentialAction\":[{\"@type\":\"CommentAction\",\"name\":\"Comment\",\"target\":[\"https:\/\/kunmedierne.dk\/mors\/en-vaesentlig-brik-i-danmarks-historie\/#respond\"]}]},{\"@type\":\"WebPage\",\"@id\":\"https:\/\/kunmedierne.dk\/mors\/en-vaesentlig-brik-i-danmarks-historie\/\",\"url\":\"https:\/\/kunmedierne.dk\/mors\/en-vaesentlig-brik-i-danmarks-historie\/\",\"name\":\"- En v\u00e6sentlig brik i Danmarks historie - Mors\",\"isPartOf\":{\"@id\":\"https:\/\/kunmedierne.dk\/mors\/#website\"},\"primaryImageOfPage\":{\"@id\":\"https:\/\/kunmedierne.dk\/mors\/en-vaesentlig-brik-i-danmarks-historie\/#primaryimage\"},\"image\":{\"@id\":\"https:\/\/kunmedierne.dk\/mors\/en-vaesentlig-brik-i-danmarks-historie\/#primaryimage\"},\"thumbnailUrl\":\"https:\/\/kunmedierne.dk\/mors\/wp-content\/uploads\/2020\/05\/4.-maj-meiner-n\u00f8rgaard.jpg\",\"datePublished\":\"2020-05-04T11:08:10+00:00\",\"dateModified\":\"2024-08-12T12:06:10+00:00\",\"breadcrumb\":{\"@id\":\"https:\/\/kunmedierne.dk\/mors\/en-vaesentlig-brik-i-danmarks-historie\/#breadcrumb\"},\"inLanguage\":\"da-DK\",\"potentialAction\":[{\"@type\":\"ReadAction\",\"target\":[\"https:\/\/kunmedierne.dk\/mors\/en-vaesentlig-brik-i-danmarks-historie\/\"]}]},{\"@type\":\"ImageObject\",\"inLanguage\":\"da-DK\",\"@id\":\"https:\/\/kunmedierne.dk\/mors\/en-vaesentlig-brik-i-danmarks-historie\/#primaryimage\",\"url\":\"https:\/\/kunmedierne.dk\/mors\/wp-content\/uploads\/2020\/05\/4.-maj-meiner-n\u00f8rgaard.jpg\",\"contentUrl\":\"https:\/\/kunmedierne.dk\/mors\/wp-content\/uploads\/2020\/05\/4.-maj-meiner-n\u00f8rgaard.jpg\",\"width\":770,\"height\":513,\"caption\":\"Foto: David Tomaseti\/Unsplash og Per Bech\/Mors\u00f8 Kommune.\"},{\"@type\":\"BreadcrumbList\",\"@id\":\"https:\/\/kunmedierne.dk\/mors\/en-vaesentlig-brik-i-danmarks-historie\/#breadcrumb\",\"itemListElement\":[{\"@type\":\"ListItem\",\"position\":1,\"name\":\"Hjem\",\"item\":\"https:\/\/kunmedierne.dk\/mors\/\"},{\"@type\":\"ListItem\",\"position\":2,\"name\":\"&#8211; En v\u00e6sentlig brik i Danmarks historie\"}]},{\"@type\":\"WebSite\",\"@id\":\"https:\/\/kunmedierne.dk\/mors\/#website\",\"url\":\"https:\/\/kunmedierne.dk\/mors\/\",\"name\":\"Mors\",\"description\":\"et netmedie med journalistik om livet p\u00e5 Mors\",\"publisher\":{\"@id\":\"https:\/\/kunmedierne.dk\/mors\/#organization\"},\"potentialAction\":[{\"@type\":\"SearchAction\",\"target\":{\"@type\":\"EntryPoint\",\"urlTemplate\":\"https:\/\/kunmedierne.dk\/mors\/?s={search_term_string}\"},\"query-input\":{\"@type\":\"PropertyValueSpecification\",\"valueRequired\":true,\"valueName\":\"search_term_string\"}}],\"inLanguage\":\"da-DK\"},{\"@type\":\"Organization\",\"@id\":\"https:\/\/kunmedierne.dk\/mors\/#organization\",\"name\":\"Mors\",\"url\":\"https:\/\/kunmedierne.dk\/mors\/\",\"logo\":{\"@type\":\"ImageObject\",\"inLanguage\":\"da-DK\",\"@id\":\"https:\/\/kunmedierne.dk\/mors\/#\/schema\/logo\/image\/\",\"url\":\"https:\/\/kunmedierne.dk\/mors\/wp-content\/uploads\/2024\/08\/kunmors-logo.svg\",\"contentUrl\":\"https:\/\/kunmedierne.dk\/mors\/wp-content\/uploads\/2024\/08\/kunmors-logo.svg\",\"caption\":\"Mors\"},\"image\":{\"@id\":\"https:\/\/kunmedierne.dk\/mors\/#\/schema\/logo\/image\/\"}},{\"@type\":\"Person\",\"@id\":\"https:\/\/kunmedierne.dk\/mors\/#\/schema\/person\/5fe23251bf1d0abbcdc6f7896579d548\",\"name\":\"David H\u00f8jmark\",\"image\":{\"@type\":\"ImageObject\",\"inLanguage\":\"da-DK\",\"@id\":\"https:\/\/kunmedierne.dk\/mors\/#\/schema\/person\/image\/\",\"url\":\"https:\/\/secure.gravatar.com\/avatar\/4315d6fb9ef244d729989f5f90268eb08d5bf8a3d84402f595fa194bb35784fd?s=96&d=mm&r=g\",\"contentUrl\":\"https:\/\/secure.gravatar.com\/avatar\/4315d6fb9ef244d729989f5f90268eb08d5bf8a3d84402f595fa194bb35784fd?s=96&d=mm&r=g\",\"caption\":\"David H\u00f8jmark\"},\"sameAs\":[\"https:\/\/www.kunmedierne.dk\"],\"url\":\"https:\/\/kunmedierne.dk\/mors\/author\/david\/\"}]}<\/script>\n<!-- \/ Yoast SEO plugin. -->","yoast_head_json":{"title":"- En v\u00e6sentlig brik i Danmarks historie - Mors","robots":{"index":"index","follow":"follow","max-snippet":"max-snippet:-1","max-image-preview":"max-image-preview:large","max-video-preview":"max-video-preview:-1"},"canonical":"https:\/\/kunmedierne.dk\/mors\/en-vaesentlig-brik-i-danmarks-historie\/","og_locale":"da_DK","og_type":"article","og_title":"- En v\u00e6sentlig brik i Danmarks historie - Mors","og_description":"MORS: I dag er det 75 \u00e5r siden, Danmark atter blev frit. Efter fem \u00e5r med tysk bes\u00e6ttelse l\u00f8d frihedsbudskabet over radioen fra London klokken 20.36 fredag 4. maj 1945. KunMors markerer dagen med at stille tre identiske sp\u00f8rgsm\u00e5l til en r\u00e6kke morsingboer inden for politik, erhverv eller kultur. Vi viser deres svar i l\u00f8bet [&hellip;]","og_url":"https:\/\/kunmedierne.dk\/mors\/en-vaesentlig-brik-i-danmarks-historie\/","og_site_name":"Mors","article_published_time":"2020-05-04T11:08:10+00:00","article_modified_time":"2024-08-12T12:06:10+00:00","og_image":[{"width":770,"height":513,"url":"https:\/\/kunmedierne.dk\/mors\/wp-content\/uploads\/2020\/05\/4.-maj-meiner-n\u00f8rgaard.jpg","type":"image\/jpeg"}],"author":"David H\u00f8jmark","twitter_card":"summary_large_image","twitter_misc":{"Skrevet af":"David H\u00f8jmark","Estimeret l\u00e6setid":"1 minut"},"schema":{"@context":"https:\/\/schema.org","@graph":[{"@type":"Article","@id":"https:\/\/kunmedierne.dk\/mors\/en-vaesentlig-brik-i-danmarks-historie\/#article","isPartOf":{"@id":"https:\/\/kunmedierne.dk\/mors\/en-vaesentlig-brik-i-danmarks-historie\/"},"author":{"name":"David H\u00f8jmark","@id":"https:\/\/kunmedierne.dk\/mors\/#\/schema\/person\/5fe23251bf1d0abbcdc6f7896579d548"},"headline":"&#8211; En v\u00e6sentlig brik i Danmarks historie","datePublished":"2020-05-04T11:08:10+00:00","dateModified":"2024-08-12T12:06:10+00:00","mainEntityOfPage":{"@id":"https:\/\/kunmedierne.dk\/mors\/en-vaesentlig-brik-i-danmarks-historie\/"},"wordCount":250,"commentCount":0,"publisher":{"@id":"https:\/\/kunmedierne.dk\/mors\/#organization"},"image":{"@id":"https:\/\/kunmedierne.dk\/mors\/en-vaesentlig-brik-i-danmarks-historie\/#primaryimage"},"thumbnailUrl":"https:\/\/kunmedierne.dk\/mors\/wp-content\/uploads\/2020\/05\/4.-maj-meiner-n\u00f8rgaard.jpg","articleSection":["Lokalt"],"inLanguage":"da-DK","potentialAction":[{"@type":"CommentAction","name":"Comment","target":["https:\/\/kunmedierne.dk\/mors\/en-vaesentlig-brik-i-danmarks-historie\/#respond"]}]},{"@type":"WebPage","@id":"https:\/\/kunmedierne.dk\/mors\/en-vaesentlig-brik-i-danmarks-historie\/","url":"https:\/\/kunmedierne.dk\/mors\/en-vaesentlig-brik-i-danmarks-historie\/","name":"- En v\u00e6sentlig brik i Danmarks historie - Mors","isPartOf":{"@id":"https:\/\/kunmedierne.dk\/mors\/#website"},"primaryImageOfPage":{"@id":"https:\/\/kunmedierne.dk\/mors\/en-vaesentlig-brik-i-danmarks-historie\/#primaryimage"},"image":{"@id":"https:\/\/kunmedierne.dk\/mors\/en-vaesentlig-brik-i-danmarks-historie\/#primaryimage"},"thumbnailUrl":"https:\/\/kunmedierne.dk\/mors\/wp-content\/uploads\/2020\/05\/4.-maj-meiner-n\u00f8rgaard.jpg","datePublished":"2020-05-04T11:08:10+00:00","dateModified":"2024-08-12T12:06:10+00:00","breadcrumb":{"@id":"https:\/\/kunmedierne.dk\/mors\/en-vaesentlig-brik-i-danmarks-historie\/#breadcrumb"},"inLanguage":"da-DK","potentialAction":[{"@type":"ReadAction","target":["https:\/\/kunmedierne.dk\/mors\/en-vaesentlig-brik-i-danmarks-historie\/"]}]},{"@type":"ImageObject","inLanguage":"da-DK","@id":"https:\/\/kunmedierne.dk\/mors\/en-vaesentlig-brik-i-danmarks-historie\/#primaryimage","url":"https:\/\/kunmedierne.dk\/mors\/wp-content\/uploads\/2020\/05\/4.-maj-meiner-n\u00f8rgaard.jpg","contentUrl":"https:\/\/kunmedierne.dk\/mors\/wp-content\/uploads\/2020\/05\/4.-maj-meiner-n\u00f8rgaard.jpg","width":770,"height":513,"caption":"Foto: David Tomaseti\/Unsplash og Per Bech\/Mors\u00f8 Kommune."},{"@type":"BreadcrumbList","@id":"https:\/\/kunmedierne.dk\/mors\/en-vaesentlig-brik-i-danmarks-historie\/#breadcrumb","itemListElement":[{"@type":"ListItem","position":1,"name":"Hjem","item":"https:\/\/kunmedierne.dk\/mors\/"},{"@type":"ListItem","position":2,"name":"&#8211; En v\u00e6sentlig brik i Danmarks historie"}]},{"@type":"WebSite","@id":"https:\/\/kunmedierne.dk\/mors\/#website","url":"https:\/\/kunmedierne.dk\/mors\/","name":"Mors","description":"et netmedie med journalistik om livet p\u00e5 Mors","publisher":{"@id":"https:\/\/kunmedierne.dk\/mors\/#organization"},"potentialAction":[{"@type":"SearchAction","target":{"@type":"EntryPoint","urlTemplate":"https:\/\/kunmedierne.dk\/mors\/?s={search_term_string}"},"query-input":{"@type":"PropertyValueSpecification","valueRequired":true,"valueName":"search_term_string"}}],"inLanguage":"da-DK"},{"@type":"Organization","@id":"https:\/\/kunmedierne.dk\/mors\/#organization","name":"Mors","url":"https:\/\/kunmedierne.dk\/mors\/","logo":{"@type":"ImageObject","inLanguage":"da-DK","@id":"https:\/\/kunmedierne.dk\/mors\/#\/schema\/logo\/image\/","url":"https:\/\/kunmedierne.dk\/mors\/wp-content\/uploads\/2024\/08\/kunmors-logo.svg","contentUrl":"https:\/\/kunmedierne.dk\/mors\/wp-content\/uploads\/2024\/08\/kunmors-logo.svg","caption":"Mors"},"image":{"@id":"https:\/\/kunmedierne.dk\/mors\/#\/schema\/logo\/image\/"}},{"@type":"Person","@id":"https:\/\/kunmedierne.dk\/mors\/#\/schema\/person\/5fe23251bf1d0abbcdc6f7896579d548","name":"David H\u00f8jmark","image":{"@type":"ImageObject","inLanguage":"da-DK","@id":"https:\/\/kunmedierne.dk\/mors\/#\/schema\/person\/image\/","url":"https:\/\/secure.gravatar.com\/avatar\/4315d6fb9ef244d729989f5f90268eb08d5bf8a3d84402f595fa194bb35784fd?s=96&d=mm&r=g","contentUrl":"https:\/\/secure.gravatar.com\/avatar\/4315d6fb9ef244d729989f5f90268eb08d5bf8a3d84402f595fa194bb35784fd?s=96&d=mm&r=g","caption":"David H\u00f8jmark"},"sameAs":["https:\/\/www.kunmedierne.dk"],"url":"https:\/\/kunmedierne.dk\/mors\/author\/david\/"}]}},"_links":{"self":[{"href":"https:\/\/kunmedierne.dk\/mors\/wp-json\/wp\/v2\/posts\/20161","targetHints":{"allow":["GET"]}}],"collection":[{"href":"https:\/\/kunmedierne.dk\/mors\/wp-json\/wp\/v2\/posts"}],"about":[{"href":"https:\/\/kunmedierne.dk\/mors\/wp-json\/wp\/v2\/types\/post"}],"author":[{"embeddable":true,"href":"https:\/\/kunmedierne.dk\/mors\/wp-json\/wp\/v2\/users\/8"}],"replies":[{"embeddable":true,"href":"https:\/\/kunmedierne.dk\/mors\/wp-json\/wp\/v2\/comments?post=20161"}],"version-history":[{"count":2,"href":"https:\/\/kunmedierne.dk\/mors\/wp-json\/wp\/v2\/posts\/20161\/revisions"}],"predecessor-version":[{"id":20353,"href":"https:\/\/kunmedierne.dk\/mors\/wp-json\/wp\/v2\/posts\/20161\/revisions\/20353"}],"wp:featuredmedia":[{"embeddable":true,"href":"https:\/\/kunmedierne.dk\/mors\/wp-json\/wp\/v2\/media\/20354"}],"wp:attachment":[{"href":"https:\/\/kunmedierne.dk\/mors\/wp-json\/wp\/v2\/media?parent=20161"}],"wp:term":[{"taxonomy":"category","embeddable":true,"href":"https:\/\/kunmedierne.dk\/mors\/wp-json\/wp\/v2\/categories?post=20161"},{"taxonomy":"post_tag","embeddable":true,"href":"https:\/\/kunmedierne.dk\/mors\/wp-json\/wp\/v2\/tags?post=20161"}],"curies":[{"name":"wp","href":"https:\/\/api.w.org\/{rel}","templated":true}]}}