{"id":20043,"date":"2020-05-02T16:22:06","date_gmt":"2020-05-02T14:22:06","guid":{"rendered":"https:\/\/kunmedierne.dk\/mors\/?p=20043"},"modified":"2024-08-12T14:06:10","modified_gmt":"2024-08-12T12:06:10","slug":"no-1-er-naesten-klar-med-den-foerste-is","status":"publish","type":"post","link":"https:\/\/kunmedierne.dk\/mors\/no-1-er-naesten-klar-med-den-foerste-is\/","title":{"rendered":"No. 1 er (n\u00e6sten) klar med den f\u00f8rste is"},"content":{"rendered":"<p><strong>NYK\u00d8BING<\/strong>: &#8220;Vi h\u00e5ber p\u00e5 isvejr!&#8221;<\/p>\n<p>Er der en morsingbo, der kigger ekstra meget p\u00e5 vejrudsigten for den kommende uge, er det formentlig Thomas Schlichting.<\/p>\n<p>For ejeren af den kommende <a href=\"https:\/\/kunmedierne.dk\/mors\/ny-bistro-paa-vej-paa-lilletorv-i-nykoebing\/\" target=\"_blank\" rel=\"noopener noreferrer\">caf\u00e9 og bistro<\/a> p\u00e5 Lilletorv i Nyk\u00f8bing er p\u00e5 nippet til at \u00e5bne for salg. Ikke fra det smagfulde k\u00f8kken, der har som m\u00e5l at k\u00e6le for lokale smagsl\u00f8g med lige s\u00e5 lokale r\u00e5varer af h\u00f8j kvalitet. Men med salg af \u00f8kologisk is fra Thy, hvor 200 sortbrogede malkek\u00f8er leverer den m\u00e6lk, der uden ret mange flere led i k\u00e6den ender som l\u00e6kre smagsoplevelser i g\u00e5gaden i Nyk\u00f8bing.<\/p>\n<p>&#8220;Der er fem ingredienser og ikke noget med tils\u00e6tningsstoffer og aromaer. Det er ret sjovt at finde s\u00e5dan noget lokalt. Det er en ekstra dimension i historien, at det er s\u00e5 lokalt og med s\u00e5 f\u00e5 r\u00e5varer,&#8221; siger Thomas Schlichting, der gl\u00e6der sig meget over aftalen med Thy \u00d8ko-Is.<\/p>\n<p>&#8220;Det kan simpelthen ikke blive mere lokalt og b\u00e6redygtigt,&#8221; siger han.<\/p>\n<p>&nbsp;<\/p>\n<p><strong>F\u00e5, men gode r\u00e5varer<\/strong><\/p>\n<p>M\u00e5let er at blive klar til p\u00e5 fredag, n\u00e5r store bededagsferien begynder. Fryseren ankom fredag, og om nogle dage vil den v\u00e6re fyldt op 10-12 forskellige slags is. Det samlede repertoire forventes at blive p\u00e5 18, s\u00e5 fryseren j\u00e6vnligt kan fornyes &#8211; og s\u00e5 kunderne hele tiden kan pr\u00f8ve noget yt.<\/p>\n<p>Og konceptet passer som fod i hose med hele tanken bag No. 1, som er navnet p\u00e5 det nye spisested.<\/p>\n<p>&#8220;Det skal v\u00e6re det enkle m\u00e5ltid med de f\u00e5, men gode r\u00e5varer,&#8221; siger Thomas Schlichting og melder ogs\u00e5 k\u00f8kkendelen p\u00e5 rette vej.<\/p>\n<p>&#8220;Det g\u00e5r efter planen. Nu m\u00e5 vi se, hvorn\u00e5r vi f\u00e5r lov til at \u00e5bne, men vi regner med at v\u00e6re f\u00e6rdige sidst i maj,&#8221; siger han.<\/p>\n<p>Ovnen er kommet, og personalet er begyndt at \u00f8ve sig p\u00e5 at bage br\u00f8d, s\u00e5 rutinerne er p\u00e5 plads til \u00e5bningen. Borde og stole er ogs\u00e5 hentet i K\u00f8benhavn, og fransk inspireret kunst til v\u00e6ggene er ogs\u00e5 klar til at komme p\u00e5 plads.<\/p>\n<p>&#8220;Det er et skridt ad gangen, det er ret sjovt,&#8221; siger Thomas Schlichting, der ogs\u00e5 melder det toilet, der<a href=\"https:\/\/kunmedierne.dk\/mors\/dispensation-til-ny-cafeejer-men\/\" target=\"_blank\" rel=\"noopener noreferrer\"> tidligere<\/a> gav anledning til diskussion, p\u00e5 plads.<\/p>\n<p>Tilbage er nu kun at udf\u00f8re diverse arbejde indvendigt &#8211; for eksempel at f\u00e5 gulvet slebet. Og s\u00e5 er man klar til f\u00f8rste etape i \u00e5bningen af No. 1.<\/p>\n<p>Og vejrudsigten for fredag aften ser lige nu udm\u00e6rket ud &#8211; med en sol, der kigger mere og mere frem i l\u00f8bet af dagen.<\/p>\n","protected":false},"excerpt":{"rendered":"<p>NYK\u00d8BING: &#8220;Vi h\u00e5ber p\u00e5 isvejr!&#8221; Er der en morsingbo, der kigger ekstra meget p\u00e5 vejrudsigten for den kommende uge, er det formentlig Thomas Schlichting. For ejeren af den kommende caf\u00e9 og bistro p\u00e5 Lilletorv i Nyk\u00f8bing er p\u00e5 nippet til at \u00e5bne for salg. Ikke fra det smagfulde k\u00f8kken, der har som m\u00e5l at k\u00e6le [&hellip;]<\/p>\n","protected":false},"author":8,"featured_media":20045,"comment_status":"open","ping_status":"open","sticky":false,"template":"","format":"standard","meta":{"_acf_changed":false,"footnotes":""},"categories":[51],"tags":[160],"class_list":["post-20043","post","type-post","status-publish","format-standard","has-post-thumbnail","hentry","category-lokalt","tag-handel"],"acf":[],"yoast_head":"<!-- This site is optimized with the Yoast SEO plugin v26.8 - https:\/\/yoast.com\/product\/yoast-seo-wordpress\/ -->\n<title>No. 1 er (n\u00e6sten) klar med den f\u00f8rste is - Mors<\/title>\n<meta name=\"robots\" content=\"index, follow, max-snippet:-1, max-image-preview:large, max-video-preview:-1\" \/>\n<link rel=\"canonical\" href=\"https:\/\/kunmedierne.dk\/mors\/no-1-er-naesten-klar-med-den-foerste-is\/\" \/>\n<meta property=\"og:locale\" content=\"da_DK\" \/>\n<meta property=\"og:type\" content=\"article\" \/>\n<meta property=\"og:title\" content=\"No. 1 er (n\u00e6sten) klar med den f\u00f8rste is - Mors\" \/>\n<meta property=\"og:description\" content=\"NYK\u00d8BING: &#8220;Vi h\u00e5ber p\u00e5 isvejr!&#8221; Er der en morsingbo, der kigger ekstra meget p\u00e5 vejrudsigten for den kommende uge, er det formentlig Thomas Schlichting. For ejeren af den kommende caf\u00e9 og bistro p\u00e5 Lilletorv i Nyk\u00f8bing er p\u00e5 nippet til at \u00e5bne for salg. Ikke fra det smagfulde k\u00f8kken, der har som m\u00e5l at k\u00e6le [&hellip;]\" \/>\n<meta property=\"og:url\" content=\"https:\/\/kunmedierne.dk\/mors\/no-1-er-naesten-klar-med-den-foerste-is\/\" \/>\n<meta property=\"og:site_name\" content=\"Mors\" \/>\n<meta property=\"article:published_time\" content=\"2020-05-02T14:22:06+00:00\" \/>\n<meta property=\"article:modified_time\" content=\"2024-08-12T12:06:10+00:00\" \/>\n<meta property=\"og:image\" content=\"https:\/\/kunmedierne.dk\/mors\/wp-content\/uploads\/2020\/05\/200502-Thomas-Schlichting2.jpg\" \/>\n\t<meta property=\"og:image:width\" content=\"770\" \/>\n\t<meta property=\"og:image:height\" content=\"513\" \/>\n\t<meta property=\"og:image:type\" content=\"image\/jpeg\" \/>\n<meta name=\"author\" content=\"David H\u00f8jmark\" \/>\n<meta name=\"twitter:card\" content=\"summary_large_image\" \/>\n<meta name=\"twitter:label1\" content=\"Skrevet af\" \/>\n\t<meta name=\"twitter:data1\" content=\"David H\u00f8jmark\" \/>\n\t<meta name=\"twitter:label2\" content=\"Estimeret l\u00e6setid\" \/>\n\t<meta name=\"twitter:data2\" content=\"2 minutter\" \/>\n<script type=\"application\/ld+json\" class=\"yoast-schema-graph\">{\"@context\":\"https:\/\/schema.org\",\"@graph\":[{\"@type\":\"Article\",\"@id\":\"https:\/\/kunmedierne.dk\/mors\/no-1-er-naesten-klar-med-den-foerste-is\/#article\",\"isPartOf\":{\"@id\":\"https:\/\/kunmedierne.dk\/mors\/no-1-er-naesten-klar-med-den-foerste-is\/\"},\"author\":{\"name\":\"David H\u00f8jmark\",\"@id\":\"https:\/\/kunmedierne.dk\/mors\/#\/schema\/person\/5fe23251bf1d0abbcdc6f7896579d548\"},\"headline\":\"No. 1 er (n\u00e6sten) klar med den f\u00f8rste is\",\"datePublished\":\"2020-05-02T14:22:06+00:00\",\"dateModified\":\"2024-08-12T12:06:10+00:00\",\"mainEntityOfPage\":{\"@id\":\"https:\/\/kunmedierne.dk\/mors\/no-1-er-naesten-klar-med-den-foerste-is\/\"},\"wordCount\":452,\"commentCount\":0,\"publisher\":{\"@id\":\"https:\/\/kunmedierne.dk\/mors\/#organization\"},\"image\":{\"@id\":\"https:\/\/kunmedierne.dk\/mors\/no-1-er-naesten-klar-med-den-foerste-is\/#primaryimage\"},\"thumbnailUrl\":\"https:\/\/kunmedierne.dk\/mors\/wp-content\/uploads\/2020\/05\/200502-Thomas-Schlichting2.jpg\",\"keywords\":[\"Handel\"],\"articleSection\":[\"Lokalt\"],\"inLanguage\":\"da-DK\",\"potentialAction\":[{\"@type\":\"CommentAction\",\"name\":\"Comment\",\"target\":[\"https:\/\/kunmedierne.dk\/mors\/no-1-er-naesten-klar-med-den-foerste-is\/#respond\"]}]},{\"@type\":\"WebPage\",\"@id\":\"https:\/\/kunmedierne.dk\/mors\/no-1-er-naesten-klar-med-den-foerste-is\/\",\"url\":\"https:\/\/kunmedierne.dk\/mors\/no-1-er-naesten-klar-med-den-foerste-is\/\",\"name\":\"No. 1 er (n\u00e6sten) klar med den f\u00f8rste is - Mors\",\"isPartOf\":{\"@id\":\"https:\/\/kunmedierne.dk\/mors\/#website\"},\"primaryImageOfPage\":{\"@id\":\"https:\/\/kunmedierne.dk\/mors\/no-1-er-naesten-klar-med-den-foerste-is\/#primaryimage\"},\"image\":{\"@id\":\"https:\/\/kunmedierne.dk\/mors\/no-1-er-naesten-klar-med-den-foerste-is\/#primaryimage\"},\"thumbnailUrl\":\"https:\/\/kunmedierne.dk\/mors\/wp-content\/uploads\/2020\/05\/200502-Thomas-Schlichting2.jpg\",\"datePublished\":\"2020-05-02T14:22:06+00:00\",\"dateModified\":\"2024-08-12T12:06:10+00:00\",\"breadcrumb\":{\"@id\":\"https:\/\/kunmedierne.dk\/mors\/no-1-er-naesten-klar-med-den-foerste-is\/#breadcrumb\"},\"inLanguage\":\"da-DK\",\"potentialAction\":[{\"@type\":\"ReadAction\",\"target\":[\"https:\/\/kunmedierne.dk\/mors\/no-1-er-naesten-klar-med-den-foerste-is\/\"]}]},{\"@type\":\"ImageObject\",\"inLanguage\":\"da-DK\",\"@id\":\"https:\/\/kunmedierne.dk\/mors\/no-1-er-naesten-klar-med-den-foerste-is\/#primaryimage\",\"url\":\"https:\/\/kunmedierne.dk\/mors\/wp-content\/uploads\/2020\/05\/200502-Thomas-Schlichting2.jpg\",\"contentUrl\":\"https:\/\/kunmedierne.dk\/mors\/wp-content\/uploads\/2020\/05\/200502-Thomas-Schlichting2.jpg\",\"width\":770,\"height\":513,\"caption\":\"Thomas Schlichting. Foto: David H\u00f8jmark.\"},{\"@type\":\"BreadcrumbList\",\"@id\":\"https:\/\/kunmedierne.dk\/mors\/no-1-er-naesten-klar-med-den-foerste-is\/#breadcrumb\",\"itemListElement\":[{\"@type\":\"ListItem\",\"position\":1,\"name\":\"Hjem\",\"item\":\"https:\/\/kunmedierne.dk\/mors\/\"},{\"@type\":\"ListItem\",\"position\":2,\"name\":\"No. 1 er (n\u00e6sten) klar med den f\u00f8rste is\"}]},{\"@type\":\"WebSite\",\"@id\":\"https:\/\/kunmedierne.dk\/mors\/#website\",\"url\":\"https:\/\/kunmedierne.dk\/mors\/\",\"name\":\"Mors\",\"description\":\"et netmedie med journalistik om livet p\u00e5 Mors\",\"publisher\":{\"@id\":\"https:\/\/kunmedierne.dk\/mors\/#organization\"},\"potentialAction\":[{\"@type\":\"SearchAction\",\"target\":{\"@type\":\"EntryPoint\",\"urlTemplate\":\"https:\/\/kunmedierne.dk\/mors\/?s={search_term_string}\"},\"query-input\":{\"@type\":\"PropertyValueSpecification\",\"valueRequired\":true,\"valueName\":\"search_term_string\"}}],\"inLanguage\":\"da-DK\"},{\"@type\":\"Organization\",\"@id\":\"https:\/\/kunmedierne.dk\/mors\/#organization\",\"name\":\"Mors\",\"url\":\"https:\/\/kunmedierne.dk\/mors\/\",\"logo\":{\"@type\":\"ImageObject\",\"inLanguage\":\"da-DK\",\"@id\":\"https:\/\/kunmedierne.dk\/mors\/#\/schema\/logo\/image\/\",\"url\":\"https:\/\/kunmedierne.dk\/mors\/wp-content\/uploads\/2024\/08\/kunmors-logo.svg\",\"contentUrl\":\"https:\/\/kunmedierne.dk\/mors\/wp-content\/uploads\/2024\/08\/kunmors-logo.svg\",\"caption\":\"Mors\"},\"image\":{\"@id\":\"https:\/\/kunmedierne.dk\/mors\/#\/schema\/logo\/image\/\"}},{\"@type\":\"Person\",\"@id\":\"https:\/\/kunmedierne.dk\/mors\/#\/schema\/person\/5fe23251bf1d0abbcdc6f7896579d548\",\"name\":\"David H\u00f8jmark\",\"image\":{\"@type\":\"ImageObject\",\"inLanguage\":\"da-DK\",\"@id\":\"https:\/\/kunmedierne.dk\/mors\/#\/schema\/person\/image\/\",\"url\":\"https:\/\/secure.gravatar.com\/avatar\/4315d6fb9ef244d729989f5f90268eb08d5bf8a3d84402f595fa194bb35784fd?s=96&d=mm&r=g\",\"contentUrl\":\"https:\/\/secure.gravatar.com\/avatar\/4315d6fb9ef244d729989f5f90268eb08d5bf8a3d84402f595fa194bb35784fd?s=96&d=mm&r=g\",\"caption\":\"David H\u00f8jmark\"},\"sameAs\":[\"https:\/\/www.kunmedierne.dk\"],\"url\":\"https:\/\/kunmedierne.dk\/mors\/author\/david\/\"}]}<\/script>\n<!-- \/ Yoast SEO plugin. -->","yoast_head_json":{"title":"No. 1 er (n\u00e6sten) klar med den f\u00f8rste is - Mors","robots":{"index":"index","follow":"follow","max-snippet":"max-snippet:-1","max-image-preview":"max-image-preview:large","max-video-preview":"max-video-preview:-1"},"canonical":"https:\/\/kunmedierne.dk\/mors\/no-1-er-naesten-klar-med-den-foerste-is\/","og_locale":"da_DK","og_type":"article","og_title":"No. 1 er (n\u00e6sten) klar med den f\u00f8rste is - Mors","og_description":"NYK\u00d8BING: &#8220;Vi h\u00e5ber p\u00e5 isvejr!&#8221; Er der en morsingbo, der kigger ekstra meget p\u00e5 vejrudsigten for den kommende uge, er det formentlig Thomas Schlichting. For ejeren af den kommende caf\u00e9 og bistro p\u00e5 Lilletorv i Nyk\u00f8bing er p\u00e5 nippet til at \u00e5bne for salg. Ikke fra det smagfulde k\u00f8kken, der har som m\u00e5l at k\u00e6le [&hellip;]","og_url":"https:\/\/kunmedierne.dk\/mors\/no-1-er-naesten-klar-med-den-foerste-is\/","og_site_name":"Mors","article_published_time":"2020-05-02T14:22:06+00:00","article_modified_time":"2024-08-12T12:06:10+00:00","og_image":[{"width":770,"height":513,"url":"https:\/\/kunmedierne.dk\/mors\/wp-content\/uploads\/2020\/05\/200502-Thomas-Schlichting2.jpg","type":"image\/jpeg"}],"author":"David H\u00f8jmark","twitter_card":"summary_large_image","twitter_misc":{"Skrevet af":"David H\u00f8jmark","Estimeret l\u00e6setid":"2 minutter"},"schema":{"@context":"https:\/\/schema.org","@graph":[{"@type":"Article","@id":"https:\/\/kunmedierne.dk\/mors\/no-1-er-naesten-klar-med-den-foerste-is\/#article","isPartOf":{"@id":"https:\/\/kunmedierne.dk\/mors\/no-1-er-naesten-klar-med-den-foerste-is\/"},"author":{"name":"David H\u00f8jmark","@id":"https:\/\/kunmedierne.dk\/mors\/#\/schema\/person\/5fe23251bf1d0abbcdc6f7896579d548"},"headline":"No. 1 er (n\u00e6sten) klar med den f\u00f8rste is","datePublished":"2020-05-02T14:22:06+00:00","dateModified":"2024-08-12T12:06:10+00:00","mainEntityOfPage":{"@id":"https:\/\/kunmedierne.dk\/mors\/no-1-er-naesten-klar-med-den-foerste-is\/"},"wordCount":452,"commentCount":0,"publisher":{"@id":"https:\/\/kunmedierne.dk\/mors\/#organization"},"image":{"@id":"https:\/\/kunmedierne.dk\/mors\/no-1-er-naesten-klar-med-den-foerste-is\/#primaryimage"},"thumbnailUrl":"https:\/\/kunmedierne.dk\/mors\/wp-content\/uploads\/2020\/05\/200502-Thomas-Schlichting2.jpg","keywords":["Handel"],"articleSection":["Lokalt"],"inLanguage":"da-DK","potentialAction":[{"@type":"CommentAction","name":"Comment","target":["https:\/\/kunmedierne.dk\/mors\/no-1-er-naesten-klar-med-den-foerste-is\/#respond"]}]},{"@type":"WebPage","@id":"https:\/\/kunmedierne.dk\/mors\/no-1-er-naesten-klar-med-den-foerste-is\/","url":"https:\/\/kunmedierne.dk\/mors\/no-1-er-naesten-klar-med-den-foerste-is\/","name":"No. 1 er (n\u00e6sten) klar med den f\u00f8rste is - Mors","isPartOf":{"@id":"https:\/\/kunmedierne.dk\/mors\/#website"},"primaryImageOfPage":{"@id":"https:\/\/kunmedierne.dk\/mors\/no-1-er-naesten-klar-med-den-foerste-is\/#primaryimage"},"image":{"@id":"https:\/\/kunmedierne.dk\/mors\/no-1-er-naesten-klar-med-den-foerste-is\/#primaryimage"},"thumbnailUrl":"https:\/\/kunmedierne.dk\/mors\/wp-content\/uploads\/2020\/05\/200502-Thomas-Schlichting2.jpg","datePublished":"2020-05-02T14:22:06+00:00","dateModified":"2024-08-12T12:06:10+00:00","breadcrumb":{"@id":"https:\/\/kunmedierne.dk\/mors\/no-1-er-naesten-klar-med-den-foerste-is\/#breadcrumb"},"inLanguage":"da-DK","potentialAction":[{"@type":"ReadAction","target":["https:\/\/kunmedierne.dk\/mors\/no-1-er-naesten-klar-med-den-foerste-is\/"]}]},{"@type":"ImageObject","inLanguage":"da-DK","@id":"https:\/\/kunmedierne.dk\/mors\/no-1-er-naesten-klar-med-den-foerste-is\/#primaryimage","url":"https:\/\/kunmedierne.dk\/mors\/wp-content\/uploads\/2020\/05\/200502-Thomas-Schlichting2.jpg","contentUrl":"https:\/\/kunmedierne.dk\/mors\/wp-content\/uploads\/2020\/05\/200502-Thomas-Schlichting2.jpg","width":770,"height":513,"caption":"Thomas Schlichting. Foto: David H\u00f8jmark."},{"@type":"BreadcrumbList","@id":"https:\/\/kunmedierne.dk\/mors\/no-1-er-naesten-klar-med-den-foerste-is\/#breadcrumb","itemListElement":[{"@type":"ListItem","position":1,"name":"Hjem","item":"https:\/\/kunmedierne.dk\/mors\/"},{"@type":"ListItem","position":2,"name":"No. 1 er (n\u00e6sten) klar med den f\u00f8rste is"}]},{"@type":"WebSite","@id":"https:\/\/kunmedierne.dk\/mors\/#website","url":"https:\/\/kunmedierne.dk\/mors\/","name":"Mors","description":"et netmedie med journalistik om livet p\u00e5 Mors","publisher":{"@id":"https:\/\/kunmedierne.dk\/mors\/#organization"},"potentialAction":[{"@type":"SearchAction","target":{"@type":"EntryPoint","urlTemplate":"https:\/\/kunmedierne.dk\/mors\/?s={search_term_string}"},"query-input":{"@type":"PropertyValueSpecification","valueRequired":true,"valueName":"search_term_string"}}],"inLanguage":"da-DK"},{"@type":"Organization","@id":"https:\/\/kunmedierne.dk\/mors\/#organization","name":"Mors","url":"https:\/\/kunmedierne.dk\/mors\/","logo":{"@type":"ImageObject","inLanguage":"da-DK","@id":"https:\/\/kunmedierne.dk\/mors\/#\/schema\/logo\/image\/","url":"https:\/\/kunmedierne.dk\/mors\/wp-content\/uploads\/2024\/08\/kunmors-logo.svg","contentUrl":"https:\/\/kunmedierne.dk\/mors\/wp-content\/uploads\/2024\/08\/kunmors-logo.svg","caption":"Mors"},"image":{"@id":"https:\/\/kunmedierne.dk\/mors\/#\/schema\/logo\/image\/"}},{"@type":"Person","@id":"https:\/\/kunmedierne.dk\/mors\/#\/schema\/person\/5fe23251bf1d0abbcdc6f7896579d548","name":"David H\u00f8jmark","image":{"@type":"ImageObject","inLanguage":"da-DK","@id":"https:\/\/kunmedierne.dk\/mors\/#\/schema\/person\/image\/","url":"https:\/\/secure.gravatar.com\/avatar\/4315d6fb9ef244d729989f5f90268eb08d5bf8a3d84402f595fa194bb35784fd?s=96&d=mm&r=g","contentUrl":"https:\/\/secure.gravatar.com\/avatar\/4315d6fb9ef244d729989f5f90268eb08d5bf8a3d84402f595fa194bb35784fd?s=96&d=mm&r=g","caption":"David H\u00f8jmark"},"sameAs":["https:\/\/www.kunmedierne.dk"],"url":"https:\/\/kunmedierne.dk\/mors\/author\/david\/"}]}},"_links":{"self":[{"href":"https:\/\/kunmedierne.dk\/mors\/wp-json\/wp\/v2\/posts\/20043","targetHints":{"allow":["GET"]}}],"collection":[{"href":"https:\/\/kunmedierne.dk\/mors\/wp-json\/wp\/v2\/posts"}],"about":[{"href":"https:\/\/kunmedierne.dk\/mors\/wp-json\/wp\/v2\/types\/post"}],"author":[{"embeddable":true,"href":"https:\/\/kunmedierne.dk\/mors\/wp-json\/wp\/v2\/users\/8"}],"replies":[{"embeddable":true,"href":"https:\/\/kunmedierne.dk\/mors\/wp-json\/wp\/v2\/comments?post=20043"}],"version-history":[{"count":2,"href":"https:\/\/kunmedierne.dk\/mors\/wp-json\/wp\/v2\/posts\/20043\/revisions"}],"predecessor-version":[{"id":20047,"href":"https:\/\/kunmedierne.dk\/mors\/wp-json\/wp\/v2\/posts\/20043\/revisions\/20047"}],"wp:featuredmedia":[{"embeddable":true,"href":"https:\/\/kunmedierne.dk\/mors\/wp-json\/wp\/v2\/media\/20045"}],"wp:attachment":[{"href":"https:\/\/kunmedierne.dk\/mors\/wp-json\/wp\/v2\/media?parent=20043"}],"wp:term":[{"taxonomy":"category","embeddable":true,"href":"https:\/\/kunmedierne.dk\/mors\/wp-json\/wp\/v2\/categories?post=20043"},{"taxonomy":"post_tag","embeddable":true,"href":"https:\/\/kunmedierne.dk\/mors\/wp-json\/wp\/v2\/tags?post=20043"}],"curies":[{"name":"wp","href":"https:\/\/api.w.org\/{rel}","templated":true}]}}