{"id":20019,"date":"2020-05-02T12:55:53","date_gmt":"2020-05-02T10:55:53","guid":{"rendered":"https:\/\/kunmedierne.dk\/mors\/?p=20019"},"modified":"2024-08-12T14:06:10","modified_gmt":"2024-08-12T12:06:10","slug":"tore-muller-1-maj-kommer-staerkt-igen-til-naeste-aar","status":"publish","type":"post","link":"https:\/\/kunmedierne.dk\/mors\/tore-muller-1-maj-kommer-staerkt-igen-til-naeste-aar\/","title":{"rendered":"Tore M\u00fcller: 1. maj kommer st\u00e6rkt igen til n\u00e6ste \u00e5r"},"content":{"rendered":"<p><strong>MORS<\/strong>: De r\u00f8de faner forblev derhjemme, og arbejdernes internationale kampdag 2020 blev endnu et offer i r\u00e6kken af faldne for coronakrisen.<\/p>\n<p>Nok var der taler rundt omkring i landet &#8211; naturligvis ikke mindst fra den socialdemokratiske statsminister Mette Frederiksen &#8211; men lokalt var Kirketorvet i Nyk\u00f8bing uden politisk samling og folkelige budskaber.<\/p>\n<p>Tore M\u00fcller, gruppeformand for socialdemokraterne i Mors\u00f8 Kommunes kommunalbestyrelse, beskriver den virtuelle version af 1. maj som &#8220;lidt konstrueret&#8221; og som en, der var sv\u00e6r at v\u00e6re f\u00e6lles om, n\u00e5r man netop var afsk\u00e5ret fra at v\u00e6re det.<\/p>\n<p>Samtidig er der for tiden et v\u00e6ld af budskaber, der kommer ud via online kanaler, s\u00e5 Tore M\u00fcller valgte selv at undlade en 1. maj-tale i 2020.<\/p>\n<p>&#8220;Jeg overvejede det lidt, men det bliver ogs\u00e5 en lidt fesen kanal,&#8221; siger han og melder i stedet om en 1. maj, der b\u00f8d p\u00e5 en hyggelig dag med b\u00f8rnene.<\/p>\n<p>&#8220;Men budskabet om at st\u00e5 sammen er stadig vigtigt &#8211; det med at st\u00e5 sammen. Og det er m\u00e5ske vigtigere end f\u00f8r,&#8221; understreger han, men s\u00e6tter samtidig sin lid til, at 1. maj 2021 bliver i en anderledes form &#8211; og i et forum, der egner sig bedre til politisk snak.<\/p>\n<p>&#8220;Jeg l\u00e6der mig til, at vi kan v\u00e6re sammen om det og holde tale i samme rum,&#8221; siger han.<\/p>\n<p>Tore M\u00fcller er dog ikke nerv\u00f8s for, om dettes \u00e5rs tamme udgave af arbejdernes kampdag f\u00e5r betydning for de kommende \u00e5r. 1. maj skal nok genopst\u00e5 i sin vante form i 2021, vurderer han.<\/p>\n<p>&#8220;Det tror jeg. Og stille og roligt var vi jo ogs\u00e5 ved at f\u00e5 bygget noget op p\u00e5 Kirketorvet i Nyk\u00f8bing. Sidste \u00e5r var der et par hundrede, s\u00e5 det er \u00e6rgerligt, at det ikke lykkedes i \u00e5r,&#8221; siger han.<\/p>\n","protected":false},"excerpt":{"rendered":"<p>MORS: De r\u00f8de faner forblev derhjemme, og arbejdernes internationale kampdag 2020 blev endnu et offer i r\u00e6kken af faldne for coronakrisen. Nok var der taler rundt omkring i landet &#8211; naturligvis ikke mindst fra den socialdemokratiske statsminister Mette Frederiksen &#8211; men lokalt var Kirketorvet i Nyk\u00f8bing uden politisk samling og folkelige budskaber. Tore M\u00fcller, gruppeformand [&hellip;]<\/p>\n","protected":false},"author":8,"featured_media":2710,"comment_status":"open","ping_status":"open","sticky":false,"template":"","format":"standard","meta":{"_acf_changed":false,"footnotes":""},"categories":[51],"tags":[167],"class_list":["post-20019","post","type-post","status-publish","format-standard","has-post-thumbnail","hentry","category-lokalt","tag-politik"],"acf":[],"yoast_head":"<!-- This site is optimized with the Yoast SEO plugin v26.8 - https:\/\/yoast.com\/product\/yoast-seo-wordpress\/ -->\n<title>Tore M\u00fcller: 1. maj kommer st\u00e6rkt igen til n\u00e6ste \u00e5r - Mors<\/title>\n<meta name=\"robots\" content=\"index, follow, max-snippet:-1, max-image-preview:large, max-video-preview:-1\" \/>\n<link rel=\"canonical\" href=\"https:\/\/kunmedierne.dk\/mors\/tore-muller-1-maj-kommer-staerkt-igen-til-naeste-aar\/\" \/>\n<meta property=\"og:locale\" content=\"da_DK\" \/>\n<meta property=\"og:type\" content=\"article\" \/>\n<meta property=\"og:title\" content=\"Tore M\u00fcller: 1. maj kommer st\u00e6rkt igen til n\u00e6ste \u00e5r - Mors\" \/>\n<meta property=\"og:description\" content=\"MORS: De r\u00f8de faner forblev derhjemme, og arbejdernes internationale kampdag 2020 blev endnu et offer i r\u00e6kken af faldne for coronakrisen. Nok var der taler rundt omkring i landet &#8211; naturligvis ikke mindst fra den socialdemokratiske statsminister Mette Frederiksen &#8211; men lokalt var Kirketorvet i Nyk\u00f8bing uden politisk samling og folkelige budskaber. Tore M\u00fcller, gruppeformand [&hellip;]\" \/>\n<meta property=\"og:url\" content=\"https:\/\/kunmedierne.dk\/mors\/tore-muller-1-maj-kommer-staerkt-igen-til-naeste-aar\/\" \/>\n<meta property=\"og:site_name\" content=\"Mors\" \/>\n<meta property=\"article:published_time\" content=\"2020-05-02T10:55:53+00:00\" \/>\n<meta property=\"article:modified_time\" content=\"2024-08-12T12:06:10+00:00\" \/>\n<meta property=\"og:image\" content=\"https:\/\/kunmedierne.dk\/mors\/wp-content\/uploads\/2020\/01\/200114-tore-m\u00fcller3.jpg\" \/>\n\t<meta property=\"og:image:width\" content=\"770\" \/>\n\t<meta property=\"og:image:height\" content=\"513\" \/>\n\t<meta property=\"og:image:type\" content=\"image\/jpeg\" \/>\n<meta name=\"author\" content=\"David H\u00f8jmark\" \/>\n<meta name=\"twitter:card\" content=\"summary_large_image\" \/>\n<meta name=\"twitter:label1\" content=\"Skrevet af\" \/>\n\t<meta name=\"twitter:data1\" content=\"David H\u00f8jmark\" \/>\n\t<meta name=\"twitter:label2\" content=\"Estimeret l\u00e6setid\" \/>\n\t<meta name=\"twitter:data2\" content=\"2 minutter\" \/>\n<script type=\"application\/ld+json\" class=\"yoast-schema-graph\">{\"@context\":\"https:\/\/schema.org\",\"@graph\":[{\"@type\":\"Article\",\"@id\":\"https:\/\/kunmedierne.dk\/mors\/tore-muller-1-maj-kommer-staerkt-igen-til-naeste-aar\/#article\",\"isPartOf\":{\"@id\":\"https:\/\/kunmedierne.dk\/mors\/tore-muller-1-maj-kommer-staerkt-igen-til-naeste-aar\/\"},\"author\":{\"name\":\"David H\u00f8jmark\",\"@id\":\"https:\/\/kunmedierne.dk\/mors\/#\/schema\/person\/5fe23251bf1d0abbcdc6f7896579d548\"},\"headline\":\"Tore M\u00fcller: 1. maj kommer st\u00e6rkt igen til n\u00e6ste \u00e5r\",\"datePublished\":\"2020-05-02T10:55:53+00:00\",\"dateModified\":\"2024-08-12T12:06:10+00:00\",\"mainEntityOfPage\":{\"@id\":\"https:\/\/kunmedierne.dk\/mors\/tore-muller-1-maj-kommer-staerkt-igen-til-naeste-aar\/\"},\"wordCount\":317,\"commentCount\":0,\"publisher\":{\"@id\":\"https:\/\/kunmedierne.dk\/mors\/#organization\"},\"image\":{\"@id\":\"https:\/\/kunmedierne.dk\/mors\/tore-muller-1-maj-kommer-staerkt-igen-til-naeste-aar\/#primaryimage\"},\"thumbnailUrl\":\"https:\/\/kunmedierne.dk\/mors\/wp-content\/uploads\/2020\/01\/200114-tore-m\u00fcller3.jpg\",\"keywords\":[\"Politik\"],\"articleSection\":[\"Lokalt\"],\"inLanguage\":\"da-DK\",\"potentialAction\":[{\"@type\":\"CommentAction\",\"name\":\"Comment\",\"target\":[\"https:\/\/kunmedierne.dk\/mors\/tore-muller-1-maj-kommer-staerkt-igen-til-naeste-aar\/#respond\"]}]},{\"@type\":\"WebPage\",\"@id\":\"https:\/\/kunmedierne.dk\/mors\/tore-muller-1-maj-kommer-staerkt-igen-til-naeste-aar\/\",\"url\":\"https:\/\/kunmedierne.dk\/mors\/tore-muller-1-maj-kommer-staerkt-igen-til-naeste-aar\/\",\"name\":\"Tore M\u00fcller: 1. maj kommer st\u00e6rkt igen til n\u00e6ste \u00e5r - Mors\",\"isPartOf\":{\"@id\":\"https:\/\/kunmedierne.dk\/mors\/#website\"},\"primaryImageOfPage\":{\"@id\":\"https:\/\/kunmedierne.dk\/mors\/tore-muller-1-maj-kommer-staerkt-igen-til-naeste-aar\/#primaryimage\"},\"image\":{\"@id\":\"https:\/\/kunmedierne.dk\/mors\/tore-muller-1-maj-kommer-staerkt-igen-til-naeste-aar\/#primaryimage\"},\"thumbnailUrl\":\"https:\/\/kunmedierne.dk\/mors\/wp-content\/uploads\/2020\/01\/200114-tore-m\u00fcller3.jpg\",\"datePublished\":\"2020-05-02T10:55:53+00:00\",\"dateModified\":\"2024-08-12T12:06:10+00:00\",\"breadcrumb\":{\"@id\":\"https:\/\/kunmedierne.dk\/mors\/tore-muller-1-maj-kommer-staerkt-igen-til-naeste-aar\/#breadcrumb\"},\"inLanguage\":\"da-DK\",\"potentialAction\":[{\"@type\":\"ReadAction\",\"target\":[\"https:\/\/kunmedierne.dk\/mors\/tore-muller-1-maj-kommer-staerkt-igen-til-naeste-aar\/\"]}]},{\"@type\":\"ImageObject\",\"inLanguage\":\"da-DK\",\"@id\":\"https:\/\/kunmedierne.dk\/mors\/tore-muller-1-maj-kommer-staerkt-igen-til-naeste-aar\/#primaryimage\",\"url\":\"https:\/\/kunmedierne.dk\/mors\/wp-content\/uploads\/2020\/01\/200114-tore-m\u00fcller3.jpg\",\"contentUrl\":\"https:\/\/kunmedierne.dk\/mors\/wp-content\/uploads\/2020\/01\/200114-tore-m\u00fcller3.jpg\",\"width\":770,\"height\":513,\"caption\":\"Tore M\u00fcller, gruppeformand for Socialdemokratiet i Mors\u00f8 Kommunalbestyrelse. Foto: Lars Horn, Baghuset.\"},{\"@type\":\"BreadcrumbList\",\"@id\":\"https:\/\/kunmedierne.dk\/mors\/tore-muller-1-maj-kommer-staerkt-igen-til-naeste-aar\/#breadcrumb\",\"itemListElement\":[{\"@type\":\"ListItem\",\"position\":1,\"name\":\"Hjem\",\"item\":\"https:\/\/kunmedierne.dk\/mors\/\"},{\"@type\":\"ListItem\",\"position\":2,\"name\":\"Tore M\u00fcller: 1. maj kommer st\u00e6rkt igen til n\u00e6ste \u00e5r\"}]},{\"@type\":\"WebSite\",\"@id\":\"https:\/\/kunmedierne.dk\/mors\/#website\",\"url\":\"https:\/\/kunmedierne.dk\/mors\/\",\"name\":\"Mors\",\"description\":\"et netmedie med journalistik om livet p\u00e5 Mors\",\"publisher\":{\"@id\":\"https:\/\/kunmedierne.dk\/mors\/#organization\"},\"potentialAction\":[{\"@type\":\"SearchAction\",\"target\":{\"@type\":\"EntryPoint\",\"urlTemplate\":\"https:\/\/kunmedierne.dk\/mors\/?s={search_term_string}\"},\"query-input\":{\"@type\":\"PropertyValueSpecification\",\"valueRequired\":true,\"valueName\":\"search_term_string\"}}],\"inLanguage\":\"da-DK\"},{\"@type\":\"Organization\",\"@id\":\"https:\/\/kunmedierne.dk\/mors\/#organization\",\"name\":\"Mors\",\"url\":\"https:\/\/kunmedierne.dk\/mors\/\",\"logo\":{\"@type\":\"ImageObject\",\"inLanguage\":\"da-DK\",\"@id\":\"https:\/\/kunmedierne.dk\/mors\/#\/schema\/logo\/image\/\",\"url\":\"https:\/\/kunmedierne.dk\/mors\/wp-content\/uploads\/2024\/08\/kunmors-logo.svg\",\"contentUrl\":\"https:\/\/kunmedierne.dk\/mors\/wp-content\/uploads\/2024\/08\/kunmors-logo.svg\",\"caption\":\"Mors\"},\"image\":{\"@id\":\"https:\/\/kunmedierne.dk\/mors\/#\/schema\/logo\/image\/\"}},{\"@type\":\"Person\",\"@id\":\"https:\/\/kunmedierne.dk\/mors\/#\/schema\/person\/5fe23251bf1d0abbcdc6f7896579d548\",\"name\":\"David H\u00f8jmark\",\"image\":{\"@type\":\"ImageObject\",\"inLanguage\":\"da-DK\",\"@id\":\"https:\/\/kunmedierne.dk\/mors\/#\/schema\/person\/image\/\",\"url\":\"https:\/\/secure.gravatar.com\/avatar\/4315d6fb9ef244d729989f5f90268eb08d5bf8a3d84402f595fa194bb35784fd?s=96&d=mm&r=g\",\"contentUrl\":\"https:\/\/secure.gravatar.com\/avatar\/4315d6fb9ef244d729989f5f90268eb08d5bf8a3d84402f595fa194bb35784fd?s=96&d=mm&r=g\",\"caption\":\"David H\u00f8jmark\"},\"sameAs\":[\"https:\/\/www.kunmedierne.dk\"],\"url\":\"https:\/\/kunmedierne.dk\/mors\/author\/david\/\"}]}<\/script>\n<!-- \/ Yoast SEO plugin. -->","yoast_head_json":{"title":"Tore M\u00fcller: 1. maj kommer st\u00e6rkt igen til n\u00e6ste \u00e5r - Mors","robots":{"index":"index","follow":"follow","max-snippet":"max-snippet:-1","max-image-preview":"max-image-preview:large","max-video-preview":"max-video-preview:-1"},"canonical":"https:\/\/kunmedierne.dk\/mors\/tore-muller-1-maj-kommer-staerkt-igen-til-naeste-aar\/","og_locale":"da_DK","og_type":"article","og_title":"Tore M\u00fcller: 1. maj kommer st\u00e6rkt igen til n\u00e6ste \u00e5r - Mors","og_description":"MORS: De r\u00f8de faner forblev derhjemme, og arbejdernes internationale kampdag 2020 blev endnu et offer i r\u00e6kken af faldne for coronakrisen. Nok var der taler rundt omkring i landet &#8211; naturligvis ikke mindst fra den socialdemokratiske statsminister Mette Frederiksen &#8211; men lokalt var Kirketorvet i Nyk\u00f8bing uden politisk samling og folkelige budskaber. Tore M\u00fcller, gruppeformand [&hellip;]","og_url":"https:\/\/kunmedierne.dk\/mors\/tore-muller-1-maj-kommer-staerkt-igen-til-naeste-aar\/","og_site_name":"Mors","article_published_time":"2020-05-02T10:55:53+00:00","article_modified_time":"2024-08-12T12:06:10+00:00","og_image":[{"width":770,"height":513,"url":"https:\/\/kunmedierne.dk\/mors\/wp-content\/uploads\/2020\/01\/200114-tore-m\u00fcller3.jpg","type":"image\/jpeg"}],"author":"David H\u00f8jmark","twitter_card":"summary_large_image","twitter_misc":{"Skrevet af":"David H\u00f8jmark","Estimeret l\u00e6setid":"2 minutter"},"schema":{"@context":"https:\/\/schema.org","@graph":[{"@type":"Article","@id":"https:\/\/kunmedierne.dk\/mors\/tore-muller-1-maj-kommer-staerkt-igen-til-naeste-aar\/#article","isPartOf":{"@id":"https:\/\/kunmedierne.dk\/mors\/tore-muller-1-maj-kommer-staerkt-igen-til-naeste-aar\/"},"author":{"name":"David H\u00f8jmark","@id":"https:\/\/kunmedierne.dk\/mors\/#\/schema\/person\/5fe23251bf1d0abbcdc6f7896579d548"},"headline":"Tore M\u00fcller: 1. maj kommer st\u00e6rkt igen til n\u00e6ste \u00e5r","datePublished":"2020-05-02T10:55:53+00:00","dateModified":"2024-08-12T12:06:10+00:00","mainEntityOfPage":{"@id":"https:\/\/kunmedierne.dk\/mors\/tore-muller-1-maj-kommer-staerkt-igen-til-naeste-aar\/"},"wordCount":317,"commentCount":0,"publisher":{"@id":"https:\/\/kunmedierne.dk\/mors\/#organization"},"image":{"@id":"https:\/\/kunmedierne.dk\/mors\/tore-muller-1-maj-kommer-staerkt-igen-til-naeste-aar\/#primaryimage"},"thumbnailUrl":"https:\/\/kunmedierne.dk\/mors\/wp-content\/uploads\/2020\/01\/200114-tore-m\u00fcller3.jpg","keywords":["Politik"],"articleSection":["Lokalt"],"inLanguage":"da-DK","potentialAction":[{"@type":"CommentAction","name":"Comment","target":["https:\/\/kunmedierne.dk\/mors\/tore-muller-1-maj-kommer-staerkt-igen-til-naeste-aar\/#respond"]}]},{"@type":"WebPage","@id":"https:\/\/kunmedierne.dk\/mors\/tore-muller-1-maj-kommer-staerkt-igen-til-naeste-aar\/","url":"https:\/\/kunmedierne.dk\/mors\/tore-muller-1-maj-kommer-staerkt-igen-til-naeste-aar\/","name":"Tore M\u00fcller: 1. maj kommer st\u00e6rkt igen til n\u00e6ste \u00e5r - Mors","isPartOf":{"@id":"https:\/\/kunmedierne.dk\/mors\/#website"},"primaryImageOfPage":{"@id":"https:\/\/kunmedierne.dk\/mors\/tore-muller-1-maj-kommer-staerkt-igen-til-naeste-aar\/#primaryimage"},"image":{"@id":"https:\/\/kunmedierne.dk\/mors\/tore-muller-1-maj-kommer-staerkt-igen-til-naeste-aar\/#primaryimage"},"thumbnailUrl":"https:\/\/kunmedierne.dk\/mors\/wp-content\/uploads\/2020\/01\/200114-tore-m\u00fcller3.jpg","datePublished":"2020-05-02T10:55:53+00:00","dateModified":"2024-08-12T12:06:10+00:00","breadcrumb":{"@id":"https:\/\/kunmedierne.dk\/mors\/tore-muller-1-maj-kommer-staerkt-igen-til-naeste-aar\/#breadcrumb"},"inLanguage":"da-DK","potentialAction":[{"@type":"ReadAction","target":["https:\/\/kunmedierne.dk\/mors\/tore-muller-1-maj-kommer-staerkt-igen-til-naeste-aar\/"]}]},{"@type":"ImageObject","inLanguage":"da-DK","@id":"https:\/\/kunmedierne.dk\/mors\/tore-muller-1-maj-kommer-staerkt-igen-til-naeste-aar\/#primaryimage","url":"https:\/\/kunmedierne.dk\/mors\/wp-content\/uploads\/2020\/01\/200114-tore-m\u00fcller3.jpg","contentUrl":"https:\/\/kunmedierne.dk\/mors\/wp-content\/uploads\/2020\/01\/200114-tore-m\u00fcller3.jpg","width":770,"height":513,"caption":"Tore M\u00fcller, gruppeformand for Socialdemokratiet i Mors\u00f8 Kommunalbestyrelse. Foto: Lars Horn, Baghuset."},{"@type":"BreadcrumbList","@id":"https:\/\/kunmedierne.dk\/mors\/tore-muller-1-maj-kommer-staerkt-igen-til-naeste-aar\/#breadcrumb","itemListElement":[{"@type":"ListItem","position":1,"name":"Hjem","item":"https:\/\/kunmedierne.dk\/mors\/"},{"@type":"ListItem","position":2,"name":"Tore M\u00fcller: 1. maj kommer st\u00e6rkt igen til n\u00e6ste \u00e5r"}]},{"@type":"WebSite","@id":"https:\/\/kunmedierne.dk\/mors\/#website","url":"https:\/\/kunmedierne.dk\/mors\/","name":"Mors","description":"et netmedie med journalistik om livet p\u00e5 Mors","publisher":{"@id":"https:\/\/kunmedierne.dk\/mors\/#organization"},"potentialAction":[{"@type":"SearchAction","target":{"@type":"EntryPoint","urlTemplate":"https:\/\/kunmedierne.dk\/mors\/?s={search_term_string}"},"query-input":{"@type":"PropertyValueSpecification","valueRequired":true,"valueName":"search_term_string"}}],"inLanguage":"da-DK"},{"@type":"Organization","@id":"https:\/\/kunmedierne.dk\/mors\/#organization","name":"Mors","url":"https:\/\/kunmedierne.dk\/mors\/","logo":{"@type":"ImageObject","inLanguage":"da-DK","@id":"https:\/\/kunmedierne.dk\/mors\/#\/schema\/logo\/image\/","url":"https:\/\/kunmedierne.dk\/mors\/wp-content\/uploads\/2024\/08\/kunmors-logo.svg","contentUrl":"https:\/\/kunmedierne.dk\/mors\/wp-content\/uploads\/2024\/08\/kunmors-logo.svg","caption":"Mors"},"image":{"@id":"https:\/\/kunmedierne.dk\/mors\/#\/schema\/logo\/image\/"}},{"@type":"Person","@id":"https:\/\/kunmedierne.dk\/mors\/#\/schema\/person\/5fe23251bf1d0abbcdc6f7896579d548","name":"David H\u00f8jmark","image":{"@type":"ImageObject","inLanguage":"da-DK","@id":"https:\/\/kunmedierne.dk\/mors\/#\/schema\/person\/image\/","url":"https:\/\/secure.gravatar.com\/avatar\/4315d6fb9ef244d729989f5f90268eb08d5bf8a3d84402f595fa194bb35784fd?s=96&d=mm&r=g","contentUrl":"https:\/\/secure.gravatar.com\/avatar\/4315d6fb9ef244d729989f5f90268eb08d5bf8a3d84402f595fa194bb35784fd?s=96&d=mm&r=g","caption":"David H\u00f8jmark"},"sameAs":["https:\/\/www.kunmedierne.dk"],"url":"https:\/\/kunmedierne.dk\/mors\/author\/david\/"}]}},"_links":{"self":[{"href":"https:\/\/kunmedierne.dk\/mors\/wp-json\/wp\/v2\/posts\/20019","targetHints":{"allow":["GET"]}}],"collection":[{"href":"https:\/\/kunmedierne.dk\/mors\/wp-json\/wp\/v2\/posts"}],"about":[{"href":"https:\/\/kunmedierne.dk\/mors\/wp-json\/wp\/v2\/types\/post"}],"author":[{"embeddable":true,"href":"https:\/\/kunmedierne.dk\/mors\/wp-json\/wp\/v2\/users\/8"}],"replies":[{"embeddable":true,"href":"https:\/\/kunmedierne.dk\/mors\/wp-json\/wp\/v2\/comments?post=20019"}],"version-history":[{"count":2,"href":"https:\/\/kunmedierne.dk\/mors\/wp-json\/wp\/v2\/posts\/20019\/revisions"}],"predecessor-version":[{"id":20021,"href":"https:\/\/kunmedierne.dk\/mors\/wp-json\/wp\/v2\/posts\/20019\/revisions\/20021"}],"wp:featuredmedia":[{"embeddable":true,"href":"https:\/\/kunmedierne.dk\/mors\/wp-json\/wp\/v2\/media\/2710"}],"wp:attachment":[{"href":"https:\/\/kunmedierne.dk\/mors\/wp-json\/wp\/v2\/media?parent=20019"}],"wp:term":[{"taxonomy":"category","embeddable":true,"href":"https:\/\/kunmedierne.dk\/mors\/wp-json\/wp\/v2\/categories?post=20019"},{"taxonomy":"post_tag","embeddable":true,"href":"https:\/\/kunmedierne.dk\/mors\/wp-json\/wp\/v2\/tags?post=20019"}],"curies":[{"name":"wp","href":"https:\/\/api.w.org\/{rel}","templated":true}]}}