{"id":19787,"date":"2020-05-01T15:56:54","date_gmt":"2020-05-01T13:56:54","guid":{"rendered":"https:\/\/kunmedierne.dk\/mors\/?p=19787"},"modified":"2024-08-12T14:06:10","modified_gmt":"2024-08-12T12:06:10","slug":"aktiviteten-i-det-nordjyske-sundhedsvaesen-naermer-sig-normalen","status":"publish","type":"post","link":"https:\/\/kunmedierne.dk\/mors\/aktiviteten-i-det-nordjyske-sundhedsvaesen-naermer-sig-normalen\/","title":{"rendered":"Aktiviteten i det nordjyske sundhedsv\u00e6sen n\u00e6rmer sig normalen"},"content":{"rendered":"<p><strong>MORS<\/strong>:\u00a0B\u00e5de p\u00e5 de nordjyske hospitaler, i Psykiatrien og hos de praktiserende l\u00e6ger er aktiviteten ved at n\u00e6rme sig niveauet fra f\u00f8r coronakrisen. Der er dog et stykke vej endnu, og patienterne vil opleve, at tingene foreg\u00e5r anderledes.<i><\/i><\/p>\n<p>S\u00e5dan lyder det i en pressemeddelelse fra Region Nordjylland.<\/p>\n<p class=\"v1Brdtekst-PM\">I uge 17 (20.-26. april, red.) oplevede hospitalerne en stigning i antal henvisninger til udredning og behandling p\u00e5 43 procent \u2013 heraf var der eksempelvis en 30 procent stigning i antallet af henvisninger til kr\u00e6ftpakker. Samtidig var der 17 procent flere indl\u00e6ggelser, og der er ved at komme godt gang i operationerne igen.<\/p>\n<p class=\"v1Brdtekst-PM\">Det gl\u00e6der formanden for Patientudvalget i Region Nordjylland, Henrik Buchhave (V).<\/p>\n<p>&#8220;Det har v\u00e6ret bekymrende at se, at antallet af henvisninger til udredning for s\u00e5 alvorlige sygdomme som eksempelvis hjerteproblemer og kr\u00e6ft har v\u00e6ret faldende under coronakrisen, selv om dette fortsat har v\u00e6ret prioriteret. Derfor er det ogs\u00e5 godt at se, at disse patienter igen kommer ind p\u00e5 hospitalerne, ligesom flere patienter nu kan se frem til at f\u00e5 foretaget en l\u00e6nge ventet operation. Der er selvf\u00f8lgelig oparbejdet en pukkel, s\u00e5 vi h\u00e5ber p\u00e5 en vis t\u00e5lmodighed fra patienterne,&#8221; siger Henrik Buchhave.<\/p>\n<p>&nbsp;<\/p>\n<p><strong>Skal fastholde kontakt til psykiatri-patienter<\/strong><\/p>\n<p>Ogs\u00e5 i Psykiatrien er aktiviteten ved at n\u00e6rme sig det normale niveau. Bel\u00e6gningsprocenten har v\u00e6ret helt nede p\u00e5 56 procent sammenlignet med 74 procent i ugen f\u00f8r landets nedlukning. I uge 17 var bel\u00e6gningsprocenten 66 procent, og den er stadig stigende. Ogs\u00e5 antallet af henvisninger har v\u00e6ret bekymrende lavt, og faldt fra omkring 200 ugentlige henvisninger til et godt stykke under 100, mens det i uge 17 er kommet op p\u00e5 godt 150.<\/p>\n<p class=\"v1Brdtekst-PM\">Formand for Psykiatriudvalget, Jette Ramskov Kristensen (S), fremh\u00e6ver, at Psykiatriens personale har v\u00e6ret i stand til at fastholde patienterne i deres behandlingsforl\u00f8b ved i h\u00f8j grad at oml\u00e6gge den ambulante behandling til virtuelle konsultationer over telefon eller video. Derudover har gruppebehandling v\u00e6ret omlagt til individuelle forl\u00f8b.<\/p>\n<p>&#8220;Det er helt sikkert, at den vedholdende indsats har hindret en forv\u00e6rring af nogle patienters sygdom. Jeg har v\u00e6ret alvorligt bekymret for, om nogle psykiatriske patienter ikke henvendte sig i tide, og jeg vil da ogs\u00e5 fortsat opfordre patienterne til at henvende sig til deres egen l\u00e6ge eller behandler, hvis de oplever symptomer p\u00e5 psykisk sygdom,&#8221; siger Jette Ramskov Kristensen.<\/p>\n<p class=\"v1Brdtekst-PM\">I Psykiatrien bliver gruppebehandling lige nu genoptaget under hensyntagen til smitterisiko.<\/p>\n<p>&nbsp;<\/p>\n<p><strong>Omstillingsparate l\u00e6ger<\/strong><\/p>\n<p>Aktiviteten hos de praktiserende l\u00e6ger i Region Nordjylland har ogs\u00e5 taget et ordentligt dyk under coronakrisen. I flere uger har aktiviteten v\u00e6ret cirka 40 procent under aktivitetsgennemsnittet for de to uger inden nedlukningen af landet \u2013 og i den korte p\u00e5skeuge hele 60 procent lavere. Det tal er ogs\u00e5 kravlet t\u00e6ttere p\u00e5 normalen, siden de praktiserende l\u00e6ger \u00e5bnede for patienter tirsdag efter p\u00e5ske. I uge 17, som er den f\u00f8rste hele uge siden gen\u00e5bningen, var aktiviteten s\u00e5ledes p\u00e5 83 procent af de to uger inden nedlukningen.<\/p>\n<p class=\"v1Brdtekst-PM\">Formand for Akut- og Praksisudvalget, Mogens Ove Madsen (S), har bidt m\u00e6rke i, at de praktiserende l\u00e6ger har v\u00e6ret omstillingsparate under coronakrisen og blandt andet har taget videokonsultationer til sig, s\u00e5 de til en vis grad har kunnet tilse deres patienter.<\/p>\n<p>&#8220;De skal have ros for at have taget store skridt i en udvikling, som vi ogs\u00e5 her fra regionen har st\u00f8ttet op om med udstyr, og selv om videokonsultationer ikke kan bruges til alt, s\u00e5 kan det ogs\u00e5 fremadrettet v\u00e6re et rigtigt godt alternativ til fysisk fremm\u00f8de. Alligevel er det godt at se, at patienterne igen kan m\u00f8de op hos deres praktiserende l\u00e6ge. De er det f\u00f8rste bolv\u00e6rk, der s\u00f8rger for b\u00e5de behandling og henvisninger til hospitaler og privatpraktiserende speciall\u00e6ger,&#8221; siger Mogens Ove Madsen.<\/p>\n","protected":false},"excerpt":{"rendered":"<p>MORS:\u00a0B\u00e5de p\u00e5 de nordjyske hospitaler, i Psykiatrien og hos de praktiserende l\u00e6ger er aktiviteten ved at n\u00e6rme sig niveauet fra f\u00f8r coronakrisen. Der er dog et stykke vej endnu, og patienterne vil opleve, at tingene foreg\u00e5r anderledes. S\u00e5dan lyder det i en pressemeddelelse fra Region Nordjylland. I uge 17 (20.-26. april, red.) oplevede hospitalerne en [&hellip;]<\/p>\n","protected":false},"author":8,"featured_media":19908,"comment_status":"open","ping_status":"open","sticky":false,"template":"","format":"standard","meta":{"_acf_changed":false,"footnotes":""},"categories":[51],"tags":[],"class_list":["post-19787","post","type-post","status-publish","format-standard","has-post-thumbnail","hentry","category-lokalt"],"acf":[],"yoast_head":"<!-- This site is optimized with the Yoast SEO plugin v26.8 - https:\/\/yoast.com\/product\/yoast-seo-wordpress\/ -->\n<title>Aktiviteten i det nordjyske sundhedsv\u00e6sen n\u00e6rmer sig normalen - Mors<\/title>\n<meta name=\"robots\" content=\"index, follow, max-snippet:-1, max-image-preview:large, max-video-preview:-1\" \/>\n<link rel=\"canonical\" href=\"https:\/\/kunmedierne.dk\/mors\/aktiviteten-i-det-nordjyske-sundhedsvaesen-naermer-sig-normalen\/\" \/>\n<meta property=\"og:locale\" content=\"da_DK\" \/>\n<meta property=\"og:type\" content=\"article\" \/>\n<meta property=\"og:title\" content=\"Aktiviteten i det nordjyske sundhedsv\u00e6sen n\u00e6rmer sig normalen - Mors\" \/>\n<meta property=\"og:description\" content=\"MORS:\u00a0B\u00e5de p\u00e5 de nordjyske hospitaler, i Psykiatrien og hos de praktiserende l\u00e6ger er aktiviteten ved at n\u00e6rme sig niveauet fra f\u00f8r coronakrisen. Der er dog et stykke vej endnu, og patienterne vil opleve, at tingene foreg\u00e5r anderledes. S\u00e5dan lyder det i en pressemeddelelse fra Region Nordjylland. I uge 17 (20.-26. april, red.) oplevede hospitalerne en [&hellip;]\" \/>\n<meta property=\"og:url\" content=\"https:\/\/kunmedierne.dk\/mors\/aktiviteten-i-det-nordjyske-sundhedsvaesen-naermer-sig-normalen\/\" \/>\n<meta property=\"og:site_name\" content=\"Mors\" \/>\n<meta property=\"article:published_time\" content=\"2020-05-01T13:56:54+00:00\" \/>\n<meta property=\"article:modified_time\" content=\"2024-08-12T12:06:10+00:00\" \/>\n<meta property=\"og:image\" content=\"https:\/\/kunmedierne.dk\/mors\/wp-content\/uploads\/2020\/05\/Operation.jpg\" \/>\n\t<meta property=\"og:image:width\" content=\"770\" \/>\n\t<meta property=\"og:image:height\" content=\"514\" \/>\n\t<meta property=\"og:image:type\" content=\"image\/jpeg\" \/>\n<meta name=\"author\" content=\"David H\u00f8jmark\" \/>\n<meta name=\"twitter:card\" content=\"summary_large_image\" \/>\n<meta name=\"twitter:label1\" content=\"Skrevet af\" \/>\n\t<meta name=\"twitter:data1\" content=\"David H\u00f8jmark\" \/>\n\t<meta name=\"twitter:label2\" content=\"Estimeret l\u00e6setid\" \/>\n\t<meta name=\"twitter:data2\" content=\"3 minutter\" \/>\n<script type=\"application\/ld+json\" class=\"yoast-schema-graph\">{\"@context\":\"https:\/\/schema.org\",\"@graph\":[{\"@type\":\"Article\",\"@id\":\"https:\/\/kunmedierne.dk\/mors\/aktiviteten-i-det-nordjyske-sundhedsvaesen-naermer-sig-normalen\/#article\",\"isPartOf\":{\"@id\":\"https:\/\/kunmedierne.dk\/mors\/aktiviteten-i-det-nordjyske-sundhedsvaesen-naermer-sig-normalen\/\"},\"author\":{\"name\":\"David H\u00f8jmark\",\"@id\":\"https:\/\/kunmedierne.dk\/mors\/#\/schema\/person\/5fe23251bf1d0abbcdc6f7896579d548\"},\"headline\":\"Aktiviteten i det nordjyske sundhedsv\u00e6sen n\u00e6rmer sig normalen\",\"datePublished\":\"2020-05-01T13:56:54+00:00\",\"dateModified\":\"2024-08-12T12:06:10+00:00\",\"mainEntityOfPage\":{\"@id\":\"https:\/\/kunmedierne.dk\/mors\/aktiviteten-i-det-nordjyske-sundhedsvaesen-naermer-sig-normalen\/\"},\"wordCount\":650,\"commentCount\":0,\"publisher\":{\"@id\":\"https:\/\/kunmedierne.dk\/mors\/#organization\"},\"image\":{\"@id\":\"https:\/\/kunmedierne.dk\/mors\/aktiviteten-i-det-nordjyske-sundhedsvaesen-naermer-sig-normalen\/#primaryimage\"},\"thumbnailUrl\":\"https:\/\/kunmedierne.dk\/mors\/wp-content\/uploads\/2020\/05\/Operation.jpg\",\"articleSection\":[\"Lokalt\"],\"inLanguage\":\"da-DK\",\"potentialAction\":[{\"@type\":\"CommentAction\",\"name\":\"Comment\",\"target\":[\"https:\/\/kunmedierne.dk\/mors\/aktiviteten-i-det-nordjyske-sundhedsvaesen-naermer-sig-normalen\/#respond\"]}]},{\"@type\":\"WebPage\",\"@id\":\"https:\/\/kunmedierne.dk\/mors\/aktiviteten-i-det-nordjyske-sundhedsvaesen-naermer-sig-normalen\/\",\"url\":\"https:\/\/kunmedierne.dk\/mors\/aktiviteten-i-det-nordjyske-sundhedsvaesen-naermer-sig-normalen\/\",\"name\":\"Aktiviteten i det nordjyske sundhedsv\u00e6sen n\u00e6rmer sig normalen - Mors\",\"isPartOf\":{\"@id\":\"https:\/\/kunmedierne.dk\/mors\/#website\"},\"primaryImageOfPage\":{\"@id\":\"https:\/\/kunmedierne.dk\/mors\/aktiviteten-i-det-nordjyske-sundhedsvaesen-naermer-sig-normalen\/#primaryimage\"},\"image\":{\"@id\":\"https:\/\/kunmedierne.dk\/mors\/aktiviteten-i-det-nordjyske-sundhedsvaesen-naermer-sig-normalen\/#primaryimage\"},\"thumbnailUrl\":\"https:\/\/kunmedierne.dk\/mors\/wp-content\/uploads\/2020\/05\/Operation.jpg\",\"datePublished\":\"2020-05-01T13:56:54+00:00\",\"dateModified\":\"2024-08-12T12:06:10+00:00\",\"breadcrumb\":{\"@id\":\"https:\/\/kunmedierne.dk\/mors\/aktiviteten-i-det-nordjyske-sundhedsvaesen-naermer-sig-normalen\/#breadcrumb\"},\"inLanguage\":\"da-DK\",\"potentialAction\":[{\"@type\":\"ReadAction\",\"target\":[\"https:\/\/kunmedierne.dk\/mors\/aktiviteten-i-det-nordjyske-sundhedsvaesen-naermer-sig-normalen\/\"]}]},{\"@type\":\"ImageObject\",\"inLanguage\":\"da-DK\",\"@id\":\"https:\/\/kunmedierne.dk\/mors\/aktiviteten-i-det-nordjyske-sundhedsvaesen-naermer-sig-normalen\/#primaryimage\",\"url\":\"https:\/\/kunmedierne.dk\/mors\/wp-content\/uploads\/2020\/05\/Operation.jpg\",\"contentUrl\":\"https:\/\/kunmedierne.dk\/mors\/wp-content\/uploads\/2020\/05\/Operation.jpg\",\"width\":770,\"height\":514,\"caption\":\"Foto: Lasse H\u00f8j Nielsen, Region Nordjylland.\"},{\"@type\":\"BreadcrumbList\",\"@id\":\"https:\/\/kunmedierne.dk\/mors\/aktiviteten-i-det-nordjyske-sundhedsvaesen-naermer-sig-normalen\/#breadcrumb\",\"itemListElement\":[{\"@type\":\"ListItem\",\"position\":1,\"name\":\"Hjem\",\"item\":\"https:\/\/kunmedierne.dk\/mors\/\"},{\"@type\":\"ListItem\",\"position\":2,\"name\":\"Aktiviteten i det nordjyske sundhedsv\u00e6sen n\u00e6rmer sig normalen\"}]},{\"@type\":\"WebSite\",\"@id\":\"https:\/\/kunmedierne.dk\/mors\/#website\",\"url\":\"https:\/\/kunmedierne.dk\/mors\/\",\"name\":\"Mors\",\"description\":\"et netmedie med journalistik om livet p\u00e5 Mors\",\"publisher\":{\"@id\":\"https:\/\/kunmedierne.dk\/mors\/#organization\"},\"potentialAction\":[{\"@type\":\"SearchAction\",\"target\":{\"@type\":\"EntryPoint\",\"urlTemplate\":\"https:\/\/kunmedierne.dk\/mors\/?s={search_term_string}\"},\"query-input\":{\"@type\":\"PropertyValueSpecification\",\"valueRequired\":true,\"valueName\":\"search_term_string\"}}],\"inLanguage\":\"da-DK\"},{\"@type\":\"Organization\",\"@id\":\"https:\/\/kunmedierne.dk\/mors\/#organization\",\"name\":\"Mors\",\"url\":\"https:\/\/kunmedierne.dk\/mors\/\",\"logo\":{\"@type\":\"ImageObject\",\"inLanguage\":\"da-DK\",\"@id\":\"https:\/\/kunmedierne.dk\/mors\/#\/schema\/logo\/image\/\",\"url\":\"https:\/\/kunmedierne.dk\/mors\/wp-content\/uploads\/2024\/08\/kunmors-logo.svg\",\"contentUrl\":\"https:\/\/kunmedierne.dk\/mors\/wp-content\/uploads\/2024\/08\/kunmors-logo.svg\",\"caption\":\"Mors\"},\"image\":{\"@id\":\"https:\/\/kunmedierne.dk\/mors\/#\/schema\/logo\/image\/\"}},{\"@type\":\"Person\",\"@id\":\"https:\/\/kunmedierne.dk\/mors\/#\/schema\/person\/5fe23251bf1d0abbcdc6f7896579d548\",\"name\":\"David H\u00f8jmark\",\"image\":{\"@type\":\"ImageObject\",\"inLanguage\":\"da-DK\",\"@id\":\"https:\/\/kunmedierne.dk\/mors\/#\/schema\/person\/image\/\",\"url\":\"https:\/\/secure.gravatar.com\/avatar\/4315d6fb9ef244d729989f5f90268eb08d5bf8a3d84402f595fa194bb35784fd?s=96&d=mm&r=g\",\"contentUrl\":\"https:\/\/secure.gravatar.com\/avatar\/4315d6fb9ef244d729989f5f90268eb08d5bf8a3d84402f595fa194bb35784fd?s=96&d=mm&r=g\",\"caption\":\"David H\u00f8jmark\"},\"sameAs\":[\"https:\/\/www.kunmedierne.dk\"],\"url\":\"https:\/\/kunmedierne.dk\/mors\/author\/david\/\"}]}<\/script>\n<!-- \/ Yoast SEO plugin. -->","yoast_head_json":{"title":"Aktiviteten i det nordjyske sundhedsv\u00e6sen n\u00e6rmer sig normalen - Mors","robots":{"index":"index","follow":"follow","max-snippet":"max-snippet:-1","max-image-preview":"max-image-preview:large","max-video-preview":"max-video-preview:-1"},"canonical":"https:\/\/kunmedierne.dk\/mors\/aktiviteten-i-det-nordjyske-sundhedsvaesen-naermer-sig-normalen\/","og_locale":"da_DK","og_type":"article","og_title":"Aktiviteten i det nordjyske sundhedsv\u00e6sen n\u00e6rmer sig normalen - Mors","og_description":"MORS:\u00a0B\u00e5de p\u00e5 de nordjyske hospitaler, i Psykiatrien og hos de praktiserende l\u00e6ger er aktiviteten ved at n\u00e6rme sig niveauet fra f\u00f8r coronakrisen. Der er dog et stykke vej endnu, og patienterne vil opleve, at tingene foreg\u00e5r anderledes. S\u00e5dan lyder det i en pressemeddelelse fra Region Nordjylland. I uge 17 (20.-26. april, red.) oplevede hospitalerne en [&hellip;]","og_url":"https:\/\/kunmedierne.dk\/mors\/aktiviteten-i-det-nordjyske-sundhedsvaesen-naermer-sig-normalen\/","og_site_name":"Mors","article_published_time":"2020-05-01T13:56:54+00:00","article_modified_time":"2024-08-12T12:06:10+00:00","og_image":[{"width":770,"height":514,"url":"https:\/\/kunmedierne.dk\/mors\/wp-content\/uploads\/2020\/05\/Operation.jpg","type":"image\/jpeg"}],"author":"David H\u00f8jmark","twitter_card":"summary_large_image","twitter_misc":{"Skrevet af":"David H\u00f8jmark","Estimeret l\u00e6setid":"3 minutter"},"schema":{"@context":"https:\/\/schema.org","@graph":[{"@type":"Article","@id":"https:\/\/kunmedierne.dk\/mors\/aktiviteten-i-det-nordjyske-sundhedsvaesen-naermer-sig-normalen\/#article","isPartOf":{"@id":"https:\/\/kunmedierne.dk\/mors\/aktiviteten-i-det-nordjyske-sundhedsvaesen-naermer-sig-normalen\/"},"author":{"name":"David H\u00f8jmark","@id":"https:\/\/kunmedierne.dk\/mors\/#\/schema\/person\/5fe23251bf1d0abbcdc6f7896579d548"},"headline":"Aktiviteten i det nordjyske sundhedsv\u00e6sen n\u00e6rmer sig normalen","datePublished":"2020-05-01T13:56:54+00:00","dateModified":"2024-08-12T12:06:10+00:00","mainEntityOfPage":{"@id":"https:\/\/kunmedierne.dk\/mors\/aktiviteten-i-det-nordjyske-sundhedsvaesen-naermer-sig-normalen\/"},"wordCount":650,"commentCount":0,"publisher":{"@id":"https:\/\/kunmedierne.dk\/mors\/#organization"},"image":{"@id":"https:\/\/kunmedierne.dk\/mors\/aktiviteten-i-det-nordjyske-sundhedsvaesen-naermer-sig-normalen\/#primaryimage"},"thumbnailUrl":"https:\/\/kunmedierne.dk\/mors\/wp-content\/uploads\/2020\/05\/Operation.jpg","articleSection":["Lokalt"],"inLanguage":"da-DK","potentialAction":[{"@type":"CommentAction","name":"Comment","target":["https:\/\/kunmedierne.dk\/mors\/aktiviteten-i-det-nordjyske-sundhedsvaesen-naermer-sig-normalen\/#respond"]}]},{"@type":"WebPage","@id":"https:\/\/kunmedierne.dk\/mors\/aktiviteten-i-det-nordjyske-sundhedsvaesen-naermer-sig-normalen\/","url":"https:\/\/kunmedierne.dk\/mors\/aktiviteten-i-det-nordjyske-sundhedsvaesen-naermer-sig-normalen\/","name":"Aktiviteten i det nordjyske sundhedsv\u00e6sen n\u00e6rmer sig normalen - Mors","isPartOf":{"@id":"https:\/\/kunmedierne.dk\/mors\/#website"},"primaryImageOfPage":{"@id":"https:\/\/kunmedierne.dk\/mors\/aktiviteten-i-det-nordjyske-sundhedsvaesen-naermer-sig-normalen\/#primaryimage"},"image":{"@id":"https:\/\/kunmedierne.dk\/mors\/aktiviteten-i-det-nordjyske-sundhedsvaesen-naermer-sig-normalen\/#primaryimage"},"thumbnailUrl":"https:\/\/kunmedierne.dk\/mors\/wp-content\/uploads\/2020\/05\/Operation.jpg","datePublished":"2020-05-01T13:56:54+00:00","dateModified":"2024-08-12T12:06:10+00:00","breadcrumb":{"@id":"https:\/\/kunmedierne.dk\/mors\/aktiviteten-i-det-nordjyske-sundhedsvaesen-naermer-sig-normalen\/#breadcrumb"},"inLanguage":"da-DK","potentialAction":[{"@type":"ReadAction","target":["https:\/\/kunmedierne.dk\/mors\/aktiviteten-i-det-nordjyske-sundhedsvaesen-naermer-sig-normalen\/"]}]},{"@type":"ImageObject","inLanguage":"da-DK","@id":"https:\/\/kunmedierne.dk\/mors\/aktiviteten-i-det-nordjyske-sundhedsvaesen-naermer-sig-normalen\/#primaryimage","url":"https:\/\/kunmedierne.dk\/mors\/wp-content\/uploads\/2020\/05\/Operation.jpg","contentUrl":"https:\/\/kunmedierne.dk\/mors\/wp-content\/uploads\/2020\/05\/Operation.jpg","width":770,"height":514,"caption":"Foto: Lasse H\u00f8j Nielsen, Region Nordjylland."},{"@type":"BreadcrumbList","@id":"https:\/\/kunmedierne.dk\/mors\/aktiviteten-i-det-nordjyske-sundhedsvaesen-naermer-sig-normalen\/#breadcrumb","itemListElement":[{"@type":"ListItem","position":1,"name":"Hjem","item":"https:\/\/kunmedierne.dk\/mors\/"},{"@type":"ListItem","position":2,"name":"Aktiviteten i det nordjyske sundhedsv\u00e6sen n\u00e6rmer sig normalen"}]},{"@type":"WebSite","@id":"https:\/\/kunmedierne.dk\/mors\/#website","url":"https:\/\/kunmedierne.dk\/mors\/","name":"Mors","description":"et netmedie med journalistik om livet p\u00e5 Mors","publisher":{"@id":"https:\/\/kunmedierne.dk\/mors\/#organization"},"potentialAction":[{"@type":"SearchAction","target":{"@type":"EntryPoint","urlTemplate":"https:\/\/kunmedierne.dk\/mors\/?s={search_term_string}"},"query-input":{"@type":"PropertyValueSpecification","valueRequired":true,"valueName":"search_term_string"}}],"inLanguage":"da-DK"},{"@type":"Organization","@id":"https:\/\/kunmedierne.dk\/mors\/#organization","name":"Mors","url":"https:\/\/kunmedierne.dk\/mors\/","logo":{"@type":"ImageObject","inLanguage":"da-DK","@id":"https:\/\/kunmedierne.dk\/mors\/#\/schema\/logo\/image\/","url":"https:\/\/kunmedierne.dk\/mors\/wp-content\/uploads\/2024\/08\/kunmors-logo.svg","contentUrl":"https:\/\/kunmedierne.dk\/mors\/wp-content\/uploads\/2024\/08\/kunmors-logo.svg","caption":"Mors"},"image":{"@id":"https:\/\/kunmedierne.dk\/mors\/#\/schema\/logo\/image\/"}},{"@type":"Person","@id":"https:\/\/kunmedierne.dk\/mors\/#\/schema\/person\/5fe23251bf1d0abbcdc6f7896579d548","name":"David H\u00f8jmark","image":{"@type":"ImageObject","inLanguage":"da-DK","@id":"https:\/\/kunmedierne.dk\/mors\/#\/schema\/person\/image\/","url":"https:\/\/secure.gravatar.com\/avatar\/4315d6fb9ef244d729989f5f90268eb08d5bf8a3d84402f595fa194bb35784fd?s=96&d=mm&r=g","contentUrl":"https:\/\/secure.gravatar.com\/avatar\/4315d6fb9ef244d729989f5f90268eb08d5bf8a3d84402f595fa194bb35784fd?s=96&d=mm&r=g","caption":"David H\u00f8jmark"},"sameAs":["https:\/\/www.kunmedierne.dk"],"url":"https:\/\/kunmedierne.dk\/mors\/author\/david\/"}]}},"_links":{"self":[{"href":"https:\/\/kunmedierne.dk\/mors\/wp-json\/wp\/v2\/posts\/19787","targetHints":{"allow":["GET"]}}],"collection":[{"href":"https:\/\/kunmedierne.dk\/mors\/wp-json\/wp\/v2\/posts"}],"about":[{"href":"https:\/\/kunmedierne.dk\/mors\/wp-json\/wp\/v2\/types\/post"}],"author":[{"embeddable":true,"href":"https:\/\/kunmedierne.dk\/mors\/wp-json\/wp\/v2\/users\/8"}],"replies":[{"embeddable":true,"href":"https:\/\/kunmedierne.dk\/mors\/wp-json\/wp\/v2\/comments?post=19787"}],"version-history":[{"count":2,"href":"https:\/\/kunmedierne.dk\/mors\/wp-json\/wp\/v2\/posts\/19787\/revisions"}],"predecessor-version":[{"id":19907,"href":"https:\/\/kunmedierne.dk\/mors\/wp-json\/wp\/v2\/posts\/19787\/revisions\/19907"}],"wp:featuredmedia":[{"embeddable":true,"href":"https:\/\/kunmedierne.dk\/mors\/wp-json\/wp\/v2\/media\/19908"}],"wp:attachment":[{"href":"https:\/\/kunmedierne.dk\/mors\/wp-json\/wp\/v2\/media?parent=19787"}],"wp:term":[{"taxonomy":"category","embeddable":true,"href":"https:\/\/kunmedierne.dk\/mors\/wp-json\/wp\/v2\/categories?post=19787"},{"taxonomy":"post_tag","embeddable":true,"href":"https:\/\/kunmedierne.dk\/mors\/wp-json\/wp\/v2\/tags?post=19787"}],"curies":[{"name":"wp","href":"https:\/\/api.w.org\/{rel}","templated":true}]}}