{"id":19613,"date":"2020-04-30T18:51:13","date_gmt":"2020-04-30T16:51:13","guid":{"rendered":"https:\/\/kunmedierne.dk\/mors\/?p=19613"},"modified":"2024-08-12T14:06:11","modified_gmt":"2024-08-12T12:06:11","slug":"chef-for-jobcenter-det-kunne-vaere-gaaet-vaerre","status":"publish","type":"post","link":"https:\/\/kunmedierne.dk\/mors\/chef-for-jobcenter-det-kunne-vaere-gaaet-vaerre\/","title":{"rendered":"Chef for jobcenter: &#8211; Det kunne v\u00e6re g\u00e5et v\u00e6rre"},"content":{"rendered":"<p><strong>MORS<\/strong>: Armene er p\u00e5 ingen m\u00e5de i vejret, men jobsituationen p\u00e5 Mors er p\u00e5 den anden side heller ikke helt s\u00e5 slem, som man kunne have frygtet, da coronakrisen satte ind.<\/p>\n<p>Det fort\u00e6ller Jan Pedersen, jobcenterchef i Mors\u00f8 Kommune. Han melder om et helt aktuelt ledighedstal p\u00e5 434 &#8211; hvilket er 84 h\u00f8jere, end lige f\u00f8r krisen satte ind.<\/p>\n<p>&#8220;Vi kunne have frygtet, at det var g\u00e5et v\u00e6rre,&#8221; siger han &#8211; med den tilf\u00f8jelse, at udviklingen er sv\u00e6r at sp\u00e5 om, og at coronakrisen stadig kan n\u00e5 at presse ledigheden mere i vejret.<\/p>\n<p>Samtidig h\u00f8rer det med, at denne tid p\u00e5 \u00e5ret normalt byder p\u00e5 et fald i antallet af ledige.<\/p>\n<p>&#8220;Det er der, hvor vi kommer ud over s\u00e6sonledighed, s\u00e5 vi burde nok have ligget omkring 280-300 ledige p\u00e5 nuv\u00e6rende tidspunkt,&#8221; siger Jan Pedersen.<\/p>\n<p>P\u00e5 Jobcenter Mors kunne man omg\u00e5ende se det p\u00e5 tallene, da samfundet lukkede ned. Ledigheden steg med det samme fra 350 til 476, men er s\u00e5 siden faldet med 42, efter at landbrug, virksomheder inden for gr\u00f8nne omr\u00e5der og andre med vind i sejlene under coronakrisen har haft brug for flere folk.<\/p>\n<p>Og h\u00e5bet er nu, at tallene daler yderligere i takt med, at samfundet bliver \u00e5bnet mere igen.<\/p>\n<p>&#8220;Vi forventer, at en gradvis oplukning vil bedre situationen igen, men hvor meget, den kommer til at bedre det, ved vi af gode grunde ikke. S\u00e5 vi er lidt forsigtige med at h\u00e5be p\u00e5, at det hele bare stille og roligt g\u00e5r over,&#8221; siger Jan Pedersen.<\/p>\n<p>&nbsp;<\/p>\n<p><strong>Ekstremt f\u00e5 p\u00e5 arbejdsfordeling<\/strong><\/p>\n<p>Han melder om et lokalt arbejdsmarked, der kun i meget begr\u00e6nset omfang har gjort brug af ordningen med arbejdsfordeling. Den giver virksomheder mulighed for at neds\u00e6tte arbejdstiden i perioder med arbejdsmangel og dermed undg\u00e5 opsigelser. Til geng\u00e6ld risikerer de, at medarbejdere, der p\u00e5 ledige dage f\u00e5r supplerende dagpenge, udnytter muligheden for at kunne skifte job uden opsigelsesvarsel.<\/p>\n<p>&#8220;Vi har haft ganske f\u00e5 arbejdsfordelinger rundt omkring, men de er faktisk g\u00e5et i sig selv ret hurtigt igen. Det har v\u00e6ret ganske sporadisk, at vi har haft dem &#8211; og det har omfattet f\u00e5 personer. H\u00f8jst op imod 20, som s\u00e5 igen er g\u00e5et i besk\u00e6ftigelse. S\u00e5 lige nu har vi kun to eller tre personer, der er sendt p\u00e5 arbejdsfordeling. Det er ekstremt lavt,&#8221; siger Jan Pedersen.<\/p>\n","protected":false},"excerpt":{"rendered":"<p>MORS: Armene er p\u00e5 ingen m\u00e5de i vejret, men jobsituationen p\u00e5 Mors er p\u00e5 den anden side heller ikke helt s\u00e5 slem, som man kunne have frygtet, da coronakrisen satte ind. Det fort\u00e6ller Jan Pedersen, jobcenterchef i Mors\u00f8 Kommune. Han melder om et helt aktuelt ledighedstal p\u00e5 434 &#8211; hvilket er 84 h\u00f8jere, end lige [&hellip;]<\/p>\n","protected":false},"author":8,"featured_media":19634,"comment_status":"open","ping_status":"open","sticky":false,"template":"","format":"standard","meta":{"_acf_changed":false,"footnotes":""},"categories":[51],"tags":[],"class_list":["post-19613","post","type-post","status-publish","format-standard","has-post-thumbnail","hentry","category-lokalt"],"acf":[],"yoast_head":"<!-- This site is optimized with the Yoast SEO plugin v26.8 - https:\/\/yoast.com\/product\/yoast-seo-wordpress\/ -->\n<title>Chef for jobcenter: - Det kunne v\u00e6re g\u00e5et v\u00e6rre - Mors<\/title>\n<meta name=\"robots\" content=\"index, follow, max-snippet:-1, max-image-preview:large, max-video-preview:-1\" \/>\n<link rel=\"canonical\" href=\"https:\/\/kunmedierne.dk\/mors\/chef-for-jobcenter-det-kunne-vaere-gaaet-vaerre\/\" \/>\n<meta property=\"og:locale\" content=\"da_DK\" \/>\n<meta property=\"og:type\" content=\"article\" \/>\n<meta property=\"og:title\" content=\"Chef for jobcenter: - Det kunne v\u00e6re g\u00e5et v\u00e6rre - Mors\" \/>\n<meta property=\"og:description\" content=\"MORS: Armene er p\u00e5 ingen m\u00e5de i vejret, men jobsituationen p\u00e5 Mors er p\u00e5 den anden side heller ikke helt s\u00e5 slem, som man kunne have frygtet, da coronakrisen satte ind. Det fort\u00e6ller Jan Pedersen, jobcenterchef i Mors\u00f8 Kommune. Han melder om et helt aktuelt ledighedstal p\u00e5 434 &#8211; hvilket er 84 h\u00f8jere, end lige [&hellip;]\" \/>\n<meta property=\"og:url\" content=\"https:\/\/kunmedierne.dk\/mors\/chef-for-jobcenter-det-kunne-vaere-gaaet-vaerre\/\" \/>\n<meta property=\"og:site_name\" content=\"Mors\" \/>\n<meta property=\"article:published_time\" content=\"2020-04-30T16:51:13+00:00\" \/>\n<meta property=\"article:modified_time\" content=\"2024-08-12T12:06:11+00:00\" \/>\n<meta property=\"og:image\" content=\"https:\/\/kunmedierne.dk\/mors\/wp-content\/uploads\/2020\/04\/200430-jobcenter.jpg\" \/>\n\t<meta property=\"og:image:width\" content=\"770\" \/>\n\t<meta property=\"og:image:height\" content=\"513\" \/>\n\t<meta property=\"og:image:type\" content=\"image\/jpeg\" \/>\n<meta name=\"author\" content=\"David H\u00f8jmark\" \/>\n<meta name=\"twitter:card\" content=\"summary_large_image\" \/>\n<meta name=\"twitter:label1\" content=\"Skrevet af\" \/>\n\t<meta name=\"twitter:data1\" content=\"David H\u00f8jmark\" \/>\n\t<meta name=\"twitter:label2\" content=\"Estimeret l\u00e6setid\" \/>\n\t<meta name=\"twitter:data2\" content=\"2 minutter\" \/>\n<script type=\"application\/ld+json\" class=\"yoast-schema-graph\">{\"@context\":\"https:\/\/schema.org\",\"@graph\":[{\"@type\":\"Article\",\"@id\":\"https:\/\/kunmedierne.dk\/mors\/chef-for-jobcenter-det-kunne-vaere-gaaet-vaerre\/#article\",\"isPartOf\":{\"@id\":\"https:\/\/kunmedierne.dk\/mors\/chef-for-jobcenter-det-kunne-vaere-gaaet-vaerre\/\"},\"author\":{\"name\":\"David H\u00f8jmark\",\"@id\":\"https:\/\/kunmedierne.dk\/mors\/#\/schema\/person\/5fe23251bf1d0abbcdc6f7896579d548\"},\"headline\":\"Chef for jobcenter: &#8211; Det kunne v\u00e6re g\u00e5et v\u00e6rre\",\"datePublished\":\"2020-04-30T16:51:13+00:00\",\"dateModified\":\"2024-08-12T12:06:11+00:00\",\"mainEntityOfPage\":{\"@id\":\"https:\/\/kunmedierne.dk\/mors\/chef-for-jobcenter-det-kunne-vaere-gaaet-vaerre\/\"},\"wordCount\":413,\"commentCount\":0,\"publisher\":{\"@id\":\"https:\/\/kunmedierne.dk\/mors\/#organization\"},\"image\":{\"@id\":\"https:\/\/kunmedierne.dk\/mors\/chef-for-jobcenter-det-kunne-vaere-gaaet-vaerre\/#primaryimage\"},\"thumbnailUrl\":\"https:\/\/kunmedierne.dk\/mors\/wp-content\/uploads\/2020\/04\/200430-jobcenter.jpg\",\"articleSection\":[\"Lokalt\"],\"inLanguage\":\"da-DK\",\"potentialAction\":[{\"@type\":\"CommentAction\",\"name\":\"Comment\",\"target\":[\"https:\/\/kunmedierne.dk\/mors\/chef-for-jobcenter-det-kunne-vaere-gaaet-vaerre\/#respond\"]}]},{\"@type\":\"WebPage\",\"@id\":\"https:\/\/kunmedierne.dk\/mors\/chef-for-jobcenter-det-kunne-vaere-gaaet-vaerre\/\",\"url\":\"https:\/\/kunmedierne.dk\/mors\/chef-for-jobcenter-det-kunne-vaere-gaaet-vaerre\/\",\"name\":\"Chef for jobcenter: - Det kunne v\u00e6re g\u00e5et v\u00e6rre - Mors\",\"isPartOf\":{\"@id\":\"https:\/\/kunmedierne.dk\/mors\/#website\"},\"primaryImageOfPage\":{\"@id\":\"https:\/\/kunmedierne.dk\/mors\/chef-for-jobcenter-det-kunne-vaere-gaaet-vaerre\/#primaryimage\"},\"image\":{\"@id\":\"https:\/\/kunmedierne.dk\/mors\/chef-for-jobcenter-det-kunne-vaere-gaaet-vaerre\/#primaryimage\"},\"thumbnailUrl\":\"https:\/\/kunmedierne.dk\/mors\/wp-content\/uploads\/2020\/04\/200430-jobcenter.jpg\",\"datePublished\":\"2020-04-30T16:51:13+00:00\",\"dateModified\":\"2024-08-12T12:06:11+00:00\",\"breadcrumb\":{\"@id\":\"https:\/\/kunmedierne.dk\/mors\/chef-for-jobcenter-det-kunne-vaere-gaaet-vaerre\/#breadcrumb\"},\"inLanguage\":\"da-DK\",\"potentialAction\":[{\"@type\":\"ReadAction\",\"target\":[\"https:\/\/kunmedierne.dk\/mors\/chef-for-jobcenter-det-kunne-vaere-gaaet-vaerre\/\"]}]},{\"@type\":\"ImageObject\",\"inLanguage\":\"da-DK\",\"@id\":\"https:\/\/kunmedierne.dk\/mors\/chef-for-jobcenter-det-kunne-vaere-gaaet-vaerre\/#primaryimage\",\"url\":\"https:\/\/kunmedierne.dk\/mors\/wp-content\/uploads\/2020\/04\/200430-jobcenter.jpg\",\"contentUrl\":\"https:\/\/kunmedierne.dk\/mors\/wp-content\/uploads\/2020\/04\/200430-jobcenter.jpg\",\"width\":770,\"height\":513,\"caption\":\"Jobcenter Mors\u00f8. Arkivfoto\"},{\"@type\":\"BreadcrumbList\",\"@id\":\"https:\/\/kunmedierne.dk\/mors\/chef-for-jobcenter-det-kunne-vaere-gaaet-vaerre\/#breadcrumb\",\"itemListElement\":[{\"@type\":\"ListItem\",\"position\":1,\"name\":\"Hjem\",\"item\":\"https:\/\/kunmedierne.dk\/mors\/\"},{\"@type\":\"ListItem\",\"position\":2,\"name\":\"Chef for jobcenter: &#8211; Det kunne v\u00e6re g\u00e5et v\u00e6rre\"}]},{\"@type\":\"WebSite\",\"@id\":\"https:\/\/kunmedierne.dk\/mors\/#website\",\"url\":\"https:\/\/kunmedierne.dk\/mors\/\",\"name\":\"Mors\",\"description\":\"et netmedie med journalistik om livet p\u00e5 Mors\",\"publisher\":{\"@id\":\"https:\/\/kunmedierne.dk\/mors\/#organization\"},\"potentialAction\":[{\"@type\":\"SearchAction\",\"target\":{\"@type\":\"EntryPoint\",\"urlTemplate\":\"https:\/\/kunmedierne.dk\/mors\/?s={search_term_string}\"},\"query-input\":{\"@type\":\"PropertyValueSpecification\",\"valueRequired\":true,\"valueName\":\"search_term_string\"}}],\"inLanguage\":\"da-DK\"},{\"@type\":\"Organization\",\"@id\":\"https:\/\/kunmedierne.dk\/mors\/#organization\",\"name\":\"Mors\",\"url\":\"https:\/\/kunmedierne.dk\/mors\/\",\"logo\":{\"@type\":\"ImageObject\",\"inLanguage\":\"da-DK\",\"@id\":\"https:\/\/kunmedierne.dk\/mors\/#\/schema\/logo\/image\/\",\"url\":\"https:\/\/kunmedierne.dk\/mors\/wp-content\/uploads\/2024\/08\/kunmors-logo.svg\",\"contentUrl\":\"https:\/\/kunmedierne.dk\/mors\/wp-content\/uploads\/2024\/08\/kunmors-logo.svg\",\"caption\":\"Mors\"},\"image\":{\"@id\":\"https:\/\/kunmedierne.dk\/mors\/#\/schema\/logo\/image\/\"}},{\"@type\":\"Person\",\"@id\":\"https:\/\/kunmedierne.dk\/mors\/#\/schema\/person\/5fe23251bf1d0abbcdc6f7896579d548\",\"name\":\"David H\u00f8jmark\",\"image\":{\"@type\":\"ImageObject\",\"inLanguage\":\"da-DK\",\"@id\":\"https:\/\/kunmedierne.dk\/mors\/#\/schema\/person\/image\/\",\"url\":\"https:\/\/secure.gravatar.com\/avatar\/4315d6fb9ef244d729989f5f90268eb08d5bf8a3d84402f595fa194bb35784fd?s=96&d=mm&r=g\",\"contentUrl\":\"https:\/\/secure.gravatar.com\/avatar\/4315d6fb9ef244d729989f5f90268eb08d5bf8a3d84402f595fa194bb35784fd?s=96&d=mm&r=g\",\"caption\":\"David H\u00f8jmark\"},\"sameAs\":[\"https:\/\/www.kunmedierne.dk\"],\"url\":\"https:\/\/kunmedierne.dk\/mors\/author\/david\/\"}]}<\/script>\n<!-- \/ Yoast SEO plugin. -->","yoast_head_json":{"title":"Chef for jobcenter: - Det kunne v\u00e6re g\u00e5et v\u00e6rre - Mors","robots":{"index":"index","follow":"follow","max-snippet":"max-snippet:-1","max-image-preview":"max-image-preview:large","max-video-preview":"max-video-preview:-1"},"canonical":"https:\/\/kunmedierne.dk\/mors\/chef-for-jobcenter-det-kunne-vaere-gaaet-vaerre\/","og_locale":"da_DK","og_type":"article","og_title":"Chef for jobcenter: - Det kunne v\u00e6re g\u00e5et v\u00e6rre - Mors","og_description":"MORS: Armene er p\u00e5 ingen m\u00e5de i vejret, men jobsituationen p\u00e5 Mors er p\u00e5 den anden side heller ikke helt s\u00e5 slem, som man kunne have frygtet, da coronakrisen satte ind. Det fort\u00e6ller Jan Pedersen, jobcenterchef i Mors\u00f8 Kommune. Han melder om et helt aktuelt ledighedstal p\u00e5 434 &#8211; hvilket er 84 h\u00f8jere, end lige [&hellip;]","og_url":"https:\/\/kunmedierne.dk\/mors\/chef-for-jobcenter-det-kunne-vaere-gaaet-vaerre\/","og_site_name":"Mors","article_published_time":"2020-04-30T16:51:13+00:00","article_modified_time":"2024-08-12T12:06:11+00:00","og_image":[{"width":770,"height":513,"url":"https:\/\/kunmedierne.dk\/mors\/wp-content\/uploads\/2020\/04\/200430-jobcenter.jpg","type":"image\/jpeg"}],"author":"David H\u00f8jmark","twitter_card":"summary_large_image","twitter_misc":{"Skrevet af":"David H\u00f8jmark","Estimeret l\u00e6setid":"2 minutter"},"schema":{"@context":"https:\/\/schema.org","@graph":[{"@type":"Article","@id":"https:\/\/kunmedierne.dk\/mors\/chef-for-jobcenter-det-kunne-vaere-gaaet-vaerre\/#article","isPartOf":{"@id":"https:\/\/kunmedierne.dk\/mors\/chef-for-jobcenter-det-kunne-vaere-gaaet-vaerre\/"},"author":{"name":"David H\u00f8jmark","@id":"https:\/\/kunmedierne.dk\/mors\/#\/schema\/person\/5fe23251bf1d0abbcdc6f7896579d548"},"headline":"Chef for jobcenter: &#8211; Det kunne v\u00e6re g\u00e5et v\u00e6rre","datePublished":"2020-04-30T16:51:13+00:00","dateModified":"2024-08-12T12:06:11+00:00","mainEntityOfPage":{"@id":"https:\/\/kunmedierne.dk\/mors\/chef-for-jobcenter-det-kunne-vaere-gaaet-vaerre\/"},"wordCount":413,"commentCount":0,"publisher":{"@id":"https:\/\/kunmedierne.dk\/mors\/#organization"},"image":{"@id":"https:\/\/kunmedierne.dk\/mors\/chef-for-jobcenter-det-kunne-vaere-gaaet-vaerre\/#primaryimage"},"thumbnailUrl":"https:\/\/kunmedierne.dk\/mors\/wp-content\/uploads\/2020\/04\/200430-jobcenter.jpg","articleSection":["Lokalt"],"inLanguage":"da-DK","potentialAction":[{"@type":"CommentAction","name":"Comment","target":["https:\/\/kunmedierne.dk\/mors\/chef-for-jobcenter-det-kunne-vaere-gaaet-vaerre\/#respond"]}]},{"@type":"WebPage","@id":"https:\/\/kunmedierne.dk\/mors\/chef-for-jobcenter-det-kunne-vaere-gaaet-vaerre\/","url":"https:\/\/kunmedierne.dk\/mors\/chef-for-jobcenter-det-kunne-vaere-gaaet-vaerre\/","name":"Chef for jobcenter: - Det kunne v\u00e6re g\u00e5et v\u00e6rre - Mors","isPartOf":{"@id":"https:\/\/kunmedierne.dk\/mors\/#website"},"primaryImageOfPage":{"@id":"https:\/\/kunmedierne.dk\/mors\/chef-for-jobcenter-det-kunne-vaere-gaaet-vaerre\/#primaryimage"},"image":{"@id":"https:\/\/kunmedierne.dk\/mors\/chef-for-jobcenter-det-kunne-vaere-gaaet-vaerre\/#primaryimage"},"thumbnailUrl":"https:\/\/kunmedierne.dk\/mors\/wp-content\/uploads\/2020\/04\/200430-jobcenter.jpg","datePublished":"2020-04-30T16:51:13+00:00","dateModified":"2024-08-12T12:06:11+00:00","breadcrumb":{"@id":"https:\/\/kunmedierne.dk\/mors\/chef-for-jobcenter-det-kunne-vaere-gaaet-vaerre\/#breadcrumb"},"inLanguage":"da-DK","potentialAction":[{"@type":"ReadAction","target":["https:\/\/kunmedierne.dk\/mors\/chef-for-jobcenter-det-kunne-vaere-gaaet-vaerre\/"]}]},{"@type":"ImageObject","inLanguage":"da-DK","@id":"https:\/\/kunmedierne.dk\/mors\/chef-for-jobcenter-det-kunne-vaere-gaaet-vaerre\/#primaryimage","url":"https:\/\/kunmedierne.dk\/mors\/wp-content\/uploads\/2020\/04\/200430-jobcenter.jpg","contentUrl":"https:\/\/kunmedierne.dk\/mors\/wp-content\/uploads\/2020\/04\/200430-jobcenter.jpg","width":770,"height":513,"caption":"Jobcenter Mors\u00f8. Arkivfoto"},{"@type":"BreadcrumbList","@id":"https:\/\/kunmedierne.dk\/mors\/chef-for-jobcenter-det-kunne-vaere-gaaet-vaerre\/#breadcrumb","itemListElement":[{"@type":"ListItem","position":1,"name":"Hjem","item":"https:\/\/kunmedierne.dk\/mors\/"},{"@type":"ListItem","position":2,"name":"Chef for jobcenter: &#8211; Det kunne v\u00e6re g\u00e5et v\u00e6rre"}]},{"@type":"WebSite","@id":"https:\/\/kunmedierne.dk\/mors\/#website","url":"https:\/\/kunmedierne.dk\/mors\/","name":"Mors","description":"et netmedie med journalistik om livet p\u00e5 Mors","publisher":{"@id":"https:\/\/kunmedierne.dk\/mors\/#organization"},"potentialAction":[{"@type":"SearchAction","target":{"@type":"EntryPoint","urlTemplate":"https:\/\/kunmedierne.dk\/mors\/?s={search_term_string}"},"query-input":{"@type":"PropertyValueSpecification","valueRequired":true,"valueName":"search_term_string"}}],"inLanguage":"da-DK"},{"@type":"Organization","@id":"https:\/\/kunmedierne.dk\/mors\/#organization","name":"Mors","url":"https:\/\/kunmedierne.dk\/mors\/","logo":{"@type":"ImageObject","inLanguage":"da-DK","@id":"https:\/\/kunmedierne.dk\/mors\/#\/schema\/logo\/image\/","url":"https:\/\/kunmedierne.dk\/mors\/wp-content\/uploads\/2024\/08\/kunmors-logo.svg","contentUrl":"https:\/\/kunmedierne.dk\/mors\/wp-content\/uploads\/2024\/08\/kunmors-logo.svg","caption":"Mors"},"image":{"@id":"https:\/\/kunmedierne.dk\/mors\/#\/schema\/logo\/image\/"}},{"@type":"Person","@id":"https:\/\/kunmedierne.dk\/mors\/#\/schema\/person\/5fe23251bf1d0abbcdc6f7896579d548","name":"David H\u00f8jmark","image":{"@type":"ImageObject","inLanguage":"da-DK","@id":"https:\/\/kunmedierne.dk\/mors\/#\/schema\/person\/image\/","url":"https:\/\/secure.gravatar.com\/avatar\/4315d6fb9ef244d729989f5f90268eb08d5bf8a3d84402f595fa194bb35784fd?s=96&d=mm&r=g","contentUrl":"https:\/\/secure.gravatar.com\/avatar\/4315d6fb9ef244d729989f5f90268eb08d5bf8a3d84402f595fa194bb35784fd?s=96&d=mm&r=g","caption":"David H\u00f8jmark"},"sameAs":["https:\/\/www.kunmedierne.dk"],"url":"https:\/\/kunmedierne.dk\/mors\/author\/david\/"}]}},"_links":{"self":[{"href":"https:\/\/kunmedierne.dk\/mors\/wp-json\/wp\/v2\/posts\/19613","targetHints":{"allow":["GET"]}}],"collection":[{"href":"https:\/\/kunmedierne.dk\/mors\/wp-json\/wp\/v2\/posts"}],"about":[{"href":"https:\/\/kunmedierne.dk\/mors\/wp-json\/wp\/v2\/types\/post"}],"author":[{"embeddable":true,"href":"https:\/\/kunmedierne.dk\/mors\/wp-json\/wp\/v2\/users\/8"}],"replies":[{"embeddable":true,"href":"https:\/\/kunmedierne.dk\/mors\/wp-json\/wp\/v2\/comments?post=19613"}],"version-history":[{"count":3,"href":"https:\/\/kunmedierne.dk\/mors\/wp-json\/wp\/v2\/posts\/19613\/revisions"}],"predecessor-version":[{"id":19636,"href":"https:\/\/kunmedierne.dk\/mors\/wp-json\/wp\/v2\/posts\/19613\/revisions\/19636"}],"wp:featuredmedia":[{"embeddable":true,"href":"https:\/\/kunmedierne.dk\/mors\/wp-json\/wp\/v2\/media\/19634"}],"wp:attachment":[{"href":"https:\/\/kunmedierne.dk\/mors\/wp-json\/wp\/v2\/media?parent=19613"}],"wp:term":[{"taxonomy":"category","embeddable":true,"href":"https:\/\/kunmedierne.dk\/mors\/wp-json\/wp\/v2\/categories?post=19613"},{"taxonomy":"post_tag","embeddable":true,"href":"https:\/\/kunmedierne.dk\/mors\/wp-json\/wp\/v2\/tags?post=19613"}],"curies":[{"name":"wp","href":"https:\/\/api.w.org\/{rel}","templated":true}]}}