{"id":19568,"date":"2020-04-30T14:37:11","date_gmt":"2020-04-30T12:37:11","guid":{"rendered":"https:\/\/kunmedierne.dk\/mors\/?p=19568"},"modified":"2024-08-12T14:06:11","modified_gmt":"2024-08-12T12:06:11","slug":"vindmoellen-maa-staa-i-et-aar","status":"publish","type":"post","link":"https:\/\/kunmedierne.dk\/mors\/vindmoellen-maa-staa-i-et-aar\/","title":{"rendered":"Vindm\u00f8llen m\u00e5 st\u00e5 i et \u00e5r"},"content":{"rendered":"<p><strong>L\u00d8DDERUP<\/strong>: Der er udl\u00f8bsdato p\u00e5 synet af den forliste vindm\u00f8lle uden for Nyk\u00f8bing.<\/p>\n<p>Som omtalt p\u00e5 KunMors <a href=\"https:\/\/kunmedierne.dk\/mors\/vindmoelleejer-den-skal-koere-igen\/\" target=\"_blank\" rel=\"noopener noreferrer\">i mandags<\/a> giver ejeren, J\u00f8rgen Agerholm, udtryk for, at m\u00f8llen skal i sving igen. Det har han i s\u00e5 fald otte m\u00e5neder til at f\u00e5 den til, lyder meldingen fra Arne Kirk, direkt\u00f8r for teknik og milj\u00f8 i Mors\u00f8 Kommune. For p\u00e5 sp\u00f8rgsm\u00e5let om, hvor l\u00e6nge en vindm\u00f8lle m\u00e5 st\u00e5 inaktiv, lyder svaret:<\/p>\n<p>&#8220;Et \u00e5r efter, at den er g\u00e5et i st\u00e5.&#8221;<\/p>\n<p>Arne Kirk oplyser, at han ikke har unders\u00f8gt reglerne til bunds, men vurderingen om de 12 m\u00e5neder er klar.<\/p>\n<p>&#8220;Det var et standardvilk\u00e5r i landzonetilladelserne, og jeg er ret sikker p\u00e5, at det ogs\u00e5 g\u00e6lder her,&#8221; siger han.<\/p>\n<p>Vindm\u00f8llen, der er fra 1986, bliver heller ikke fredet mod eventuel nedrivning i kraft af dens h\u00f8je alder.<\/p>\n<p>&#8220;Det er netop fra den tid, at reglerne typisk var, at n\u00e5r man gav fik en zonetilladelse, var der et vilk\u00e5r om, at m\u00f8llen skulle fjernes, hvis den ikke var i drift i et \u00e5r,&#8221; siger Arne Kirk.<\/p>\n<p>&nbsp;<\/p>\n<p><strong>Ikke krav om service p\u00e5 inaktiv m\u00f8lle<\/strong><\/p>\n<p>KunMors har forh\u00f8rt sig om reglerne p\u00e5 omr\u00e5det hos Wind Denmark, der repr\u00e6senterer virksomheder, vindm\u00f8lleejere og vindinteresserede privatpersoner &#8211; i alt 2700 medlemmer i Danmark.<\/p>\n<p>Herfra oplyser man p\u00e5 det generelle plan, at vindm\u00f8lleejere har pligt til at udf\u00f8re regelm\u00e6ssig service p\u00e5 en vindm\u00f8lle, s\u00e5 l\u00e6nge den er i drift &#8211; herunder\u00a0udvidet service, hvis den har overskredet designlevetiden. Der er derimod ikke regler om service, hvis m\u00f8llen st\u00e5r stille.<\/p>\n<p>Wind Denmark oplyser desuden, at det er kommunerne, der har det sidste ord om, hvor l\u00e6nge de \u00f8nsker at have solcelleanl\u00e6g og vindm\u00f8ller st\u00e5ende p\u00e5 en grund.<\/p>\n<p>If\u00f8lge Arne Kirk har Mors\u00f8 Kommune og vindm\u00f8lleejer J\u00f8rgen Agerholm ikke v\u00e6ret i dialog om den forliste vindm\u00f8lle.<\/p>\n","protected":false},"excerpt":{"rendered":"<p>L\u00d8DDERUP: Der er udl\u00f8bsdato p\u00e5 synet af den forliste vindm\u00f8lle uden for Nyk\u00f8bing. Som omtalt p\u00e5 KunMors i mandags giver ejeren, J\u00f8rgen Agerholm, udtryk for, at m\u00f8llen skal i sving igen. Det har han i s\u00e5 fald otte m\u00e5neder til at f\u00e5 den til, lyder meldingen fra Arne Kirk, direkt\u00f8r for teknik og milj\u00f8 i [&hellip;]<\/p>\n","protected":false},"author":8,"featured_media":19309,"comment_status":"open","ping_status":"open","sticky":false,"template":"","format":"standard","meta":{"_acf_changed":false,"footnotes":""},"categories":[51],"tags":[],"class_list":["post-19568","post","type-post","status-publish","format-standard","has-post-thumbnail","hentry","category-lokalt"],"acf":[],"yoast_head":"<!-- This site is optimized with the Yoast SEO plugin v26.8 - https:\/\/yoast.com\/product\/yoast-seo-wordpress\/ -->\n<title>Vindm\u00f8llen m\u00e5 st\u00e5 i et \u00e5r - Mors<\/title>\n<meta name=\"robots\" content=\"index, follow, max-snippet:-1, max-image-preview:large, max-video-preview:-1\" \/>\n<link rel=\"canonical\" href=\"https:\/\/kunmedierne.dk\/mors\/vindmoellen-maa-staa-i-et-aar\/\" \/>\n<meta property=\"og:locale\" content=\"da_DK\" \/>\n<meta property=\"og:type\" content=\"article\" \/>\n<meta property=\"og:title\" content=\"Vindm\u00f8llen m\u00e5 st\u00e5 i et \u00e5r - Mors\" \/>\n<meta property=\"og:description\" content=\"L\u00d8DDERUP: Der er udl\u00f8bsdato p\u00e5 synet af den forliste vindm\u00f8lle uden for Nyk\u00f8bing. Som omtalt p\u00e5 KunMors i mandags giver ejeren, J\u00f8rgen Agerholm, udtryk for, at m\u00f8llen skal i sving igen. Det har han i s\u00e5 fald otte m\u00e5neder til at f\u00e5 den til, lyder meldingen fra Arne Kirk, direkt\u00f8r for teknik og milj\u00f8 i [&hellip;]\" \/>\n<meta property=\"og:url\" content=\"https:\/\/kunmedierne.dk\/mors\/vindmoellen-maa-staa-i-et-aar\/\" \/>\n<meta property=\"og:site_name\" content=\"Mors\" \/>\n<meta property=\"article:published_time\" content=\"2020-04-30T12:37:11+00:00\" \/>\n<meta property=\"article:modified_time\" content=\"2024-08-12T12:06:11+00:00\" \/>\n<meta property=\"og:image\" content=\"https:\/\/kunmedierne.dk\/mors\/wp-content\/uploads\/2020\/04\/200427-vindm\u00f8lle2.jpg\" \/>\n\t<meta property=\"og:image:width\" content=\"770\" \/>\n\t<meta property=\"og:image:height\" content=\"513\" \/>\n\t<meta property=\"og:image:type\" content=\"image\/jpeg\" \/>\n<meta name=\"author\" content=\"David H\u00f8jmark\" \/>\n<meta name=\"twitter:card\" content=\"summary_large_image\" \/>\n<meta name=\"twitter:label1\" content=\"Skrevet af\" \/>\n\t<meta name=\"twitter:data1\" content=\"David H\u00f8jmark\" \/>\n\t<meta name=\"twitter:label2\" content=\"Estimeret l\u00e6setid\" \/>\n\t<meta name=\"twitter:data2\" content=\"2 minutter\" \/>\n<script type=\"application\/ld+json\" class=\"yoast-schema-graph\">{\"@context\":\"https:\/\/schema.org\",\"@graph\":[{\"@type\":\"Article\",\"@id\":\"https:\/\/kunmedierne.dk\/mors\/vindmoellen-maa-staa-i-et-aar\/#article\",\"isPartOf\":{\"@id\":\"https:\/\/kunmedierne.dk\/mors\/vindmoellen-maa-staa-i-et-aar\/\"},\"author\":{\"name\":\"David H\u00f8jmark\",\"@id\":\"https:\/\/kunmedierne.dk\/mors\/#\/schema\/person\/5fe23251bf1d0abbcdc6f7896579d548\"},\"headline\":\"Vindm\u00f8llen m\u00e5 st\u00e5 i et \u00e5r\",\"datePublished\":\"2020-04-30T12:37:11+00:00\",\"dateModified\":\"2024-08-12T12:06:11+00:00\",\"mainEntityOfPage\":{\"@id\":\"https:\/\/kunmedierne.dk\/mors\/vindmoellen-maa-staa-i-et-aar\/\"},\"wordCount\":343,\"commentCount\":0,\"publisher\":{\"@id\":\"https:\/\/kunmedierne.dk\/mors\/#organization\"},\"image\":{\"@id\":\"https:\/\/kunmedierne.dk\/mors\/vindmoellen-maa-staa-i-et-aar\/#primaryimage\"},\"thumbnailUrl\":\"https:\/\/kunmedierne.dk\/mors\/wp-content\/uploads\/2020\/04\/200427-vindm\u00f8lle2.jpg\",\"articleSection\":[\"Lokalt\"],\"inLanguage\":\"da-DK\",\"potentialAction\":[{\"@type\":\"CommentAction\",\"name\":\"Comment\",\"target\":[\"https:\/\/kunmedierne.dk\/mors\/vindmoellen-maa-staa-i-et-aar\/#respond\"]}]},{\"@type\":\"WebPage\",\"@id\":\"https:\/\/kunmedierne.dk\/mors\/vindmoellen-maa-staa-i-et-aar\/\",\"url\":\"https:\/\/kunmedierne.dk\/mors\/vindmoellen-maa-staa-i-et-aar\/\",\"name\":\"Vindm\u00f8llen m\u00e5 st\u00e5 i et \u00e5r - Mors\",\"isPartOf\":{\"@id\":\"https:\/\/kunmedierne.dk\/mors\/#website\"},\"primaryImageOfPage\":{\"@id\":\"https:\/\/kunmedierne.dk\/mors\/vindmoellen-maa-staa-i-et-aar\/#primaryimage\"},\"image\":{\"@id\":\"https:\/\/kunmedierne.dk\/mors\/vindmoellen-maa-staa-i-et-aar\/#primaryimage\"},\"thumbnailUrl\":\"https:\/\/kunmedierne.dk\/mors\/wp-content\/uploads\/2020\/04\/200427-vindm\u00f8lle2.jpg\",\"datePublished\":\"2020-04-30T12:37:11+00:00\",\"dateModified\":\"2024-08-12T12:06:11+00:00\",\"breadcrumb\":{\"@id\":\"https:\/\/kunmedierne.dk\/mors\/vindmoellen-maa-staa-i-et-aar\/#breadcrumb\"},\"inLanguage\":\"da-DK\",\"potentialAction\":[{\"@type\":\"ReadAction\",\"target\":[\"https:\/\/kunmedierne.dk\/mors\/vindmoellen-maa-staa-i-et-aar\/\"]}]},{\"@type\":\"ImageObject\",\"inLanguage\":\"da-DK\",\"@id\":\"https:\/\/kunmedierne.dk\/mors\/vindmoellen-maa-staa-i-et-aar\/#primaryimage\",\"url\":\"https:\/\/kunmedierne.dk\/mors\/wp-content\/uploads\/2020\/04\/200427-vindm\u00f8lle2.jpg\",\"contentUrl\":\"https:\/\/kunmedierne.dk\/mors\/wp-content\/uploads\/2020\/04\/200427-vindm\u00f8lle2.jpg\",\"width\":770,\"height\":513,\"caption\":\"Vindm\u00f8llen har st\u00e5et inaktiv siden 30. december 2019. Foto: David H\u00f8jmark.\"},{\"@type\":\"BreadcrumbList\",\"@id\":\"https:\/\/kunmedierne.dk\/mors\/vindmoellen-maa-staa-i-et-aar\/#breadcrumb\",\"itemListElement\":[{\"@type\":\"ListItem\",\"position\":1,\"name\":\"Hjem\",\"item\":\"https:\/\/kunmedierne.dk\/mors\/\"},{\"@type\":\"ListItem\",\"position\":2,\"name\":\"Vindm\u00f8llen m\u00e5 st\u00e5 i et \u00e5r\"}]},{\"@type\":\"WebSite\",\"@id\":\"https:\/\/kunmedierne.dk\/mors\/#website\",\"url\":\"https:\/\/kunmedierne.dk\/mors\/\",\"name\":\"Mors\",\"description\":\"et netmedie med journalistik om livet p\u00e5 Mors\",\"publisher\":{\"@id\":\"https:\/\/kunmedierne.dk\/mors\/#organization\"},\"potentialAction\":[{\"@type\":\"SearchAction\",\"target\":{\"@type\":\"EntryPoint\",\"urlTemplate\":\"https:\/\/kunmedierne.dk\/mors\/?s={search_term_string}\"},\"query-input\":{\"@type\":\"PropertyValueSpecification\",\"valueRequired\":true,\"valueName\":\"search_term_string\"}}],\"inLanguage\":\"da-DK\"},{\"@type\":\"Organization\",\"@id\":\"https:\/\/kunmedierne.dk\/mors\/#organization\",\"name\":\"Mors\",\"url\":\"https:\/\/kunmedierne.dk\/mors\/\",\"logo\":{\"@type\":\"ImageObject\",\"inLanguage\":\"da-DK\",\"@id\":\"https:\/\/kunmedierne.dk\/mors\/#\/schema\/logo\/image\/\",\"url\":\"https:\/\/kunmedierne.dk\/mors\/wp-content\/uploads\/2024\/08\/kunmors-logo.svg\",\"contentUrl\":\"https:\/\/kunmedierne.dk\/mors\/wp-content\/uploads\/2024\/08\/kunmors-logo.svg\",\"caption\":\"Mors\"},\"image\":{\"@id\":\"https:\/\/kunmedierne.dk\/mors\/#\/schema\/logo\/image\/\"}},{\"@type\":\"Person\",\"@id\":\"https:\/\/kunmedierne.dk\/mors\/#\/schema\/person\/5fe23251bf1d0abbcdc6f7896579d548\",\"name\":\"David H\u00f8jmark\",\"image\":{\"@type\":\"ImageObject\",\"inLanguage\":\"da-DK\",\"@id\":\"https:\/\/kunmedierne.dk\/mors\/#\/schema\/person\/image\/\",\"url\":\"https:\/\/secure.gravatar.com\/avatar\/4315d6fb9ef244d729989f5f90268eb08d5bf8a3d84402f595fa194bb35784fd?s=96&d=mm&r=g\",\"contentUrl\":\"https:\/\/secure.gravatar.com\/avatar\/4315d6fb9ef244d729989f5f90268eb08d5bf8a3d84402f595fa194bb35784fd?s=96&d=mm&r=g\",\"caption\":\"David H\u00f8jmark\"},\"sameAs\":[\"https:\/\/www.kunmedierne.dk\"],\"url\":\"https:\/\/kunmedierne.dk\/mors\/author\/david\/\"}]}<\/script>\n<!-- \/ Yoast SEO plugin. -->","yoast_head_json":{"title":"Vindm\u00f8llen m\u00e5 st\u00e5 i et \u00e5r - Mors","robots":{"index":"index","follow":"follow","max-snippet":"max-snippet:-1","max-image-preview":"max-image-preview:large","max-video-preview":"max-video-preview:-1"},"canonical":"https:\/\/kunmedierne.dk\/mors\/vindmoellen-maa-staa-i-et-aar\/","og_locale":"da_DK","og_type":"article","og_title":"Vindm\u00f8llen m\u00e5 st\u00e5 i et \u00e5r - Mors","og_description":"L\u00d8DDERUP: Der er udl\u00f8bsdato p\u00e5 synet af den forliste vindm\u00f8lle uden for Nyk\u00f8bing. Som omtalt p\u00e5 KunMors i mandags giver ejeren, J\u00f8rgen Agerholm, udtryk for, at m\u00f8llen skal i sving igen. Det har han i s\u00e5 fald otte m\u00e5neder til at f\u00e5 den til, lyder meldingen fra Arne Kirk, direkt\u00f8r for teknik og milj\u00f8 i [&hellip;]","og_url":"https:\/\/kunmedierne.dk\/mors\/vindmoellen-maa-staa-i-et-aar\/","og_site_name":"Mors","article_published_time":"2020-04-30T12:37:11+00:00","article_modified_time":"2024-08-12T12:06:11+00:00","og_image":[{"width":770,"height":513,"url":"https:\/\/kunmedierne.dk\/mors\/wp-content\/uploads\/2020\/04\/200427-vindm\u00f8lle2.jpg","type":"image\/jpeg"}],"author":"David H\u00f8jmark","twitter_card":"summary_large_image","twitter_misc":{"Skrevet af":"David H\u00f8jmark","Estimeret l\u00e6setid":"2 minutter"},"schema":{"@context":"https:\/\/schema.org","@graph":[{"@type":"Article","@id":"https:\/\/kunmedierne.dk\/mors\/vindmoellen-maa-staa-i-et-aar\/#article","isPartOf":{"@id":"https:\/\/kunmedierne.dk\/mors\/vindmoellen-maa-staa-i-et-aar\/"},"author":{"name":"David H\u00f8jmark","@id":"https:\/\/kunmedierne.dk\/mors\/#\/schema\/person\/5fe23251bf1d0abbcdc6f7896579d548"},"headline":"Vindm\u00f8llen m\u00e5 st\u00e5 i et \u00e5r","datePublished":"2020-04-30T12:37:11+00:00","dateModified":"2024-08-12T12:06:11+00:00","mainEntityOfPage":{"@id":"https:\/\/kunmedierne.dk\/mors\/vindmoellen-maa-staa-i-et-aar\/"},"wordCount":343,"commentCount":0,"publisher":{"@id":"https:\/\/kunmedierne.dk\/mors\/#organization"},"image":{"@id":"https:\/\/kunmedierne.dk\/mors\/vindmoellen-maa-staa-i-et-aar\/#primaryimage"},"thumbnailUrl":"https:\/\/kunmedierne.dk\/mors\/wp-content\/uploads\/2020\/04\/200427-vindm\u00f8lle2.jpg","articleSection":["Lokalt"],"inLanguage":"da-DK","potentialAction":[{"@type":"CommentAction","name":"Comment","target":["https:\/\/kunmedierne.dk\/mors\/vindmoellen-maa-staa-i-et-aar\/#respond"]}]},{"@type":"WebPage","@id":"https:\/\/kunmedierne.dk\/mors\/vindmoellen-maa-staa-i-et-aar\/","url":"https:\/\/kunmedierne.dk\/mors\/vindmoellen-maa-staa-i-et-aar\/","name":"Vindm\u00f8llen m\u00e5 st\u00e5 i et \u00e5r - Mors","isPartOf":{"@id":"https:\/\/kunmedierne.dk\/mors\/#website"},"primaryImageOfPage":{"@id":"https:\/\/kunmedierne.dk\/mors\/vindmoellen-maa-staa-i-et-aar\/#primaryimage"},"image":{"@id":"https:\/\/kunmedierne.dk\/mors\/vindmoellen-maa-staa-i-et-aar\/#primaryimage"},"thumbnailUrl":"https:\/\/kunmedierne.dk\/mors\/wp-content\/uploads\/2020\/04\/200427-vindm\u00f8lle2.jpg","datePublished":"2020-04-30T12:37:11+00:00","dateModified":"2024-08-12T12:06:11+00:00","breadcrumb":{"@id":"https:\/\/kunmedierne.dk\/mors\/vindmoellen-maa-staa-i-et-aar\/#breadcrumb"},"inLanguage":"da-DK","potentialAction":[{"@type":"ReadAction","target":["https:\/\/kunmedierne.dk\/mors\/vindmoellen-maa-staa-i-et-aar\/"]}]},{"@type":"ImageObject","inLanguage":"da-DK","@id":"https:\/\/kunmedierne.dk\/mors\/vindmoellen-maa-staa-i-et-aar\/#primaryimage","url":"https:\/\/kunmedierne.dk\/mors\/wp-content\/uploads\/2020\/04\/200427-vindm\u00f8lle2.jpg","contentUrl":"https:\/\/kunmedierne.dk\/mors\/wp-content\/uploads\/2020\/04\/200427-vindm\u00f8lle2.jpg","width":770,"height":513,"caption":"Vindm\u00f8llen har st\u00e5et inaktiv siden 30. december 2019. Foto: David H\u00f8jmark."},{"@type":"BreadcrumbList","@id":"https:\/\/kunmedierne.dk\/mors\/vindmoellen-maa-staa-i-et-aar\/#breadcrumb","itemListElement":[{"@type":"ListItem","position":1,"name":"Hjem","item":"https:\/\/kunmedierne.dk\/mors\/"},{"@type":"ListItem","position":2,"name":"Vindm\u00f8llen m\u00e5 st\u00e5 i et \u00e5r"}]},{"@type":"WebSite","@id":"https:\/\/kunmedierne.dk\/mors\/#website","url":"https:\/\/kunmedierne.dk\/mors\/","name":"Mors","description":"et netmedie med journalistik om livet p\u00e5 Mors","publisher":{"@id":"https:\/\/kunmedierne.dk\/mors\/#organization"},"potentialAction":[{"@type":"SearchAction","target":{"@type":"EntryPoint","urlTemplate":"https:\/\/kunmedierne.dk\/mors\/?s={search_term_string}"},"query-input":{"@type":"PropertyValueSpecification","valueRequired":true,"valueName":"search_term_string"}}],"inLanguage":"da-DK"},{"@type":"Organization","@id":"https:\/\/kunmedierne.dk\/mors\/#organization","name":"Mors","url":"https:\/\/kunmedierne.dk\/mors\/","logo":{"@type":"ImageObject","inLanguage":"da-DK","@id":"https:\/\/kunmedierne.dk\/mors\/#\/schema\/logo\/image\/","url":"https:\/\/kunmedierne.dk\/mors\/wp-content\/uploads\/2024\/08\/kunmors-logo.svg","contentUrl":"https:\/\/kunmedierne.dk\/mors\/wp-content\/uploads\/2024\/08\/kunmors-logo.svg","caption":"Mors"},"image":{"@id":"https:\/\/kunmedierne.dk\/mors\/#\/schema\/logo\/image\/"}},{"@type":"Person","@id":"https:\/\/kunmedierne.dk\/mors\/#\/schema\/person\/5fe23251bf1d0abbcdc6f7896579d548","name":"David H\u00f8jmark","image":{"@type":"ImageObject","inLanguage":"da-DK","@id":"https:\/\/kunmedierne.dk\/mors\/#\/schema\/person\/image\/","url":"https:\/\/secure.gravatar.com\/avatar\/4315d6fb9ef244d729989f5f90268eb08d5bf8a3d84402f595fa194bb35784fd?s=96&d=mm&r=g","contentUrl":"https:\/\/secure.gravatar.com\/avatar\/4315d6fb9ef244d729989f5f90268eb08d5bf8a3d84402f595fa194bb35784fd?s=96&d=mm&r=g","caption":"David H\u00f8jmark"},"sameAs":["https:\/\/www.kunmedierne.dk"],"url":"https:\/\/kunmedierne.dk\/mors\/author\/david\/"}]}},"_links":{"self":[{"href":"https:\/\/kunmedierne.dk\/mors\/wp-json\/wp\/v2\/posts\/19568","targetHints":{"allow":["GET"]}}],"collection":[{"href":"https:\/\/kunmedierne.dk\/mors\/wp-json\/wp\/v2\/posts"}],"about":[{"href":"https:\/\/kunmedierne.dk\/mors\/wp-json\/wp\/v2\/types\/post"}],"author":[{"embeddable":true,"href":"https:\/\/kunmedierne.dk\/mors\/wp-json\/wp\/v2\/users\/8"}],"replies":[{"embeddable":true,"href":"https:\/\/kunmedierne.dk\/mors\/wp-json\/wp\/v2\/comments?post=19568"}],"version-history":[{"count":2,"href":"https:\/\/kunmedierne.dk\/mors\/wp-json\/wp\/v2\/posts\/19568\/revisions"}],"predecessor-version":[{"id":19586,"href":"https:\/\/kunmedierne.dk\/mors\/wp-json\/wp\/v2\/posts\/19568\/revisions\/19586"}],"wp:featuredmedia":[{"embeddable":true,"href":"https:\/\/kunmedierne.dk\/mors\/wp-json\/wp\/v2\/media\/19309"}],"wp:attachment":[{"href":"https:\/\/kunmedierne.dk\/mors\/wp-json\/wp\/v2\/media?parent=19568"}],"wp:term":[{"taxonomy":"category","embeddable":true,"href":"https:\/\/kunmedierne.dk\/mors\/wp-json\/wp\/v2\/categories?post=19568"},{"taxonomy":"post_tag","embeddable":true,"href":"https:\/\/kunmedierne.dk\/mors\/wp-json\/wp\/v2\/tags?post=19568"}],"curies":[{"name":"wp","href":"https:\/\/api.w.org\/{rel}","templated":true}]}}