{"id":19535,"date":"2020-04-30T12:11:55","date_gmt":"2020-04-30T10:11:55","guid":{"rendered":"https:\/\/kunmedierne.dk\/mors\/?p=19535"},"modified":"2024-08-12T14:06:11","modified_gmt":"2024-08-12T12:06:11","slug":"sidste-regnskab-inden-coronatidsalderen","status":"publish","type":"post","link":"https:\/\/kunmedierne.dk\/mors\/sidste-regnskab-inden-coronatidsalderen\/","title":{"rendered":"Sidste regnskab inden coronatidsalderen"},"content":{"rendered":"<p><strong>MORS<\/strong>: Mors\u00f8 Kommune har sendt sit 2019-regnskab til ekstern revision, og det er med et underskud p\u00e5 bundlinjen.<\/p>\n<p>Det kunne borgmester Hans Ejner Bertelsen (V) p\u00e5 tirsdagens m\u00f8de i kommunalbestyrelsen uddybe i sin regnskabstale til de 20 \u00f8vrige lokalpolitikere.<\/p>\n<p>&#8220;Det samlede regnskab ender med et merforbrug p\u00e5 7,9 millioner kroner. Men med et budget p\u00e5 1,5 milliarder m\u00e5 det siges at v\u00e6re et godkendt resultat,&#8221; sagde Hans Ejner Bertelsen, der blandt andet opsummerede, at 2019 ogs\u00e5 var \u00e5ret, hvor kommunen med et indk\u00f8bs- og ans\u00e6ttelsesstop fra slutningen af november og \u00e5ret ud fik begr\u00e6nset underskuddet til 7,9 millioner kroner.<\/p>\n<p>&#8220;Det svarer til 0,5 procent af de samlede drifts- og anl\u00e6gsudgifter p\u00e5 1,5 milliarder,&#8221; sagde Hans Ejner Bertelsen og supplerede:<\/p>\n<p>&#8220;Baggrunden for indk\u00f8bs- og ans\u00e6ttelsesstoppet var et stigende udgiftspres, der i lighed med andre kommuner kom fra flere omr\u00e5der &#8211; herunder \u00e6ldreomr\u00e5det og det specialiserede socialomr\u00e5de.&#8221;<\/p>\n<p>Borgmesteren refererede desuden, at kommunen i 2019 undlod at optage l\u00e5n og i stedet afdrage ekstraordin\u00e6rt p\u00e5 l\u00e5n &#8211; og at salget af HMN Gasnet havde bidraget posititivt til regnskabet med 17,7 millioner kroner. Desuden mindede han om, at Mors\u00f8 Kommune i 2019 havde undladt at optage l\u00e5n, men derimod afdrage ekstraordin\u00e6rt p\u00e5 l\u00e5n med 15 millioner kroner.<\/p>\n<p>Endelig gav han udtryk for et h\u00e5b om, at den kommende udligningsreform falder positivt ud for Mors\u00f8 Kommune.<\/p>\n<p>&nbsp;<\/p>\n<p><strong>Nu kommer coronaen<\/strong><\/p>\n<p>S\u00e5 langt, s\u00e5 godt. For talen om 2019-regnskabet bar ogs\u00e5 pr\u00e6g af den verden, der har \u00e6ndret sig, siden regnskabet blev lukket i marts.<\/p>\n<p>&#8220;Coronavirussen kommer til at pr\u00e6ge regnskabet i 2020 og sandsynligvis ogs\u00e5 i de kommende \u00e5r. S\u00e5 denne regnskabstale for 2019 vil v\u00e6re den sidste, inden coronatidsalderen kom ind i vores verden og blev en del af vores bevidsthed, dagligdag og politiske dagsorden p\u00e5 godt og desv\u00e6rre mest p\u00e5 ondt,&#8221; sagde Hans Ejner Bertelsen.<\/p>\n<p>Han tilf\u00f8jede, at 2019 blev \u00e5ret, hvor man politisk og i hele organisationen rykkede sammen om Mors\u00f8 Kommunes \u00f8konomi.<\/p>\n<p>&#8220;Resultatet giver h\u00e5b om fremtidens udfordringer. Dette sammenhold rundt om p\u00e5 \u00f8en og i administrationen ses tydeligt og ikke mindst i disse coronatider,&#8221; sagde borgmesteren og takkede i den forbindelse alle medarbejdere &#8211; fra den sidst ankomne og til kommunalbestyrelsen.<\/p>\n<p>&nbsp;<\/p>\n<p><strong>Socialdemokratisk ros<\/strong><\/p>\n<p>Tore M\u00fcller, gruppeformand for Socialdemokratiet i Mors\u00f8 Kommune, var eneste i kommunalbestyrelsen med en bem\u00e6rkning til regnskabstalen. Og det var med en l\u00f8ftet tommelfinger for bundlinjen.<\/p>\n<p>&#8220;Jeg vil gerne rose \u00e5rets resultat, der p\u00e5 fornem vis rammer ret pr\u00e6cist inden for skiven. Og det er ogs\u00e5 en del bedre i forhold det, der i vores korrigerede budget var forudset,&#8221; sagde Tore M\u00fcller og sendte skulderklappene ud i kommunen.<\/p>\n<p>&#8220;S\u00e5 stor ros herfra til medarbejderne, der om nogen har hjulpet til med resultatet. Det er fornuftige prioriteringer ude i de enkelte led, der har afg\u00f8rende betydning for, at vi kan lykkes med dette resultat. S\u00e5 tak for det til hver og en af vores ansatte,&#8221; sagde han.<\/p>\n<p>Dern\u00e6st pointerede han, at Mors\u00f8 Kommune st\u00e5r med en coronakrise, man endnu ikke kender konsekvenserne af. Man st\u00e5r med store anl\u00e6gsprojekter, pres p\u00e5 driften og udfordringer p\u00e5 socialomr\u00e5det &#8211; og alt i alt s\u00e5ledes med en stor \u00f8konomisk udfordring for de kommende \u00e5r.<\/p>\n<p>&#8220;S\u00e5 set i det lys er det helt afg\u00f8rende, at vi trygt kan sende et flot 2019-regnskab til revision,&#8221; sagde Tore M\u00fcller.<\/p>\n","protected":false},"excerpt":{"rendered":"<p>MORS: Mors\u00f8 Kommune har sendt sit 2019-regnskab til ekstern revision, og det er med et underskud p\u00e5 bundlinjen. Det kunne borgmester Hans Ejner Bertelsen (V) p\u00e5 tirsdagens m\u00f8de i kommunalbestyrelsen uddybe i sin regnskabstale til de 20 \u00f8vrige lokalpolitikere. &#8220;Det samlede regnskab ender med et merforbrug p\u00e5 7,9 millioner kroner. Men med et budget p\u00e5 [&hellip;]<\/p>\n","protected":false},"author":8,"featured_media":13431,"comment_status":"open","ping_status":"open","sticky":false,"template":"","format":"standard","meta":{"_acf_changed":false,"footnotes":""},"categories":[51],"tags":[167],"class_list":["post-19535","post","type-post","status-publish","format-standard","has-post-thumbnail","hentry","category-lokalt","tag-politik"],"acf":[],"yoast_head":"<!-- This site is optimized with the Yoast SEO plugin v26.8 - https:\/\/yoast.com\/product\/yoast-seo-wordpress\/ -->\n<title>Sidste regnskab inden coronatidsalderen - Mors<\/title>\n<meta name=\"robots\" content=\"index, follow, max-snippet:-1, max-image-preview:large, max-video-preview:-1\" \/>\n<link rel=\"canonical\" href=\"https:\/\/kunmedierne.dk\/mors\/sidste-regnskab-inden-coronatidsalderen\/\" \/>\n<meta property=\"og:locale\" content=\"da_DK\" \/>\n<meta property=\"og:type\" content=\"article\" \/>\n<meta property=\"og:title\" content=\"Sidste regnskab inden coronatidsalderen - Mors\" \/>\n<meta property=\"og:description\" content=\"MORS: Mors\u00f8 Kommune har sendt sit 2019-regnskab til ekstern revision, og det er med et underskud p\u00e5 bundlinjen. Det kunne borgmester Hans Ejner Bertelsen (V) p\u00e5 tirsdagens m\u00f8de i kommunalbestyrelsen uddybe i sin regnskabstale til de 20 \u00f8vrige lokalpolitikere. &#8220;Det samlede regnskab ender med et merforbrug p\u00e5 7,9 millioner kroner. Men med et budget p\u00e5 [&hellip;]\" \/>\n<meta property=\"og:url\" content=\"https:\/\/kunmedierne.dk\/mors\/sidste-regnskab-inden-coronatidsalderen\/\" \/>\n<meta property=\"og:site_name\" content=\"Mors\" \/>\n<meta property=\"article:published_time\" content=\"2020-04-30T10:11:55+00:00\" \/>\n<meta property=\"article:modified_time\" content=\"2024-08-12T12:06:11+00:00\" \/>\n<meta property=\"og:image\" content=\"https:\/\/kunmedierne.dk\/mors\/wp-content\/uploads\/2020\/03\/200311-mors\u00f8-kommune2.jpg\" \/>\n\t<meta property=\"og:image:width\" content=\"770\" \/>\n\t<meta property=\"og:image:height\" content=\"513\" \/>\n\t<meta property=\"og:image:type\" content=\"image\/jpeg\" \/>\n<meta name=\"author\" content=\"David H\u00f8jmark\" \/>\n<meta name=\"twitter:card\" content=\"summary_large_image\" \/>\n<meta name=\"twitter:label1\" content=\"Skrevet af\" \/>\n\t<meta name=\"twitter:data1\" content=\"David H\u00f8jmark\" \/>\n\t<meta name=\"twitter:label2\" content=\"Estimeret l\u00e6setid\" \/>\n\t<meta name=\"twitter:data2\" content=\"3 minutter\" \/>\n<script type=\"application\/ld+json\" class=\"yoast-schema-graph\">{\"@context\":\"https:\/\/schema.org\",\"@graph\":[{\"@type\":\"Article\",\"@id\":\"https:\/\/kunmedierne.dk\/mors\/sidste-regnskab-inden-coronatidsalderen\/#article\",\"isPartOf\":{\"@id\":\"https:\/\/kunmedierne.dk\/mors\/sidste-regnskab-inden-coronatidsalderen\/\"},\"author\":{\"name\":\"David H\u00f8jmark\",\"@id\":\"https:\/\/kunmedierne.dk\/mors\/#\/schema\/person\/5fe23251bf1d0abbcdc6f7896579d548\"},\"headline\":\"Sidste regnskab inden coronatidsalderen\",\"datePublished\":\"2020-04-30T10:11:55+00:00\",\"dateModified\":\"2024-08-12T12:06:11+00:00\",\"mainEntityOfPage\":{\"@id\":\"https:\/\/kunmedierne.dk\/mors\/sidste-regnskab-inden-coronatidsalderen\/\"},\"wordCount\":573,\"commentCount\":0,\"publisher\":{\"@id\":\"https:\/\/kunmedierne.dk\/mors\/#organization\"},\"image\":{\"@id\":\"https:\/\/kunmedierne.dk\/mors\/sidste-regnskab-inden-coronatidsalderen\/#primaryimage\"},\"thumbnailUrl\":\"https:\/\/kunmedierne.dk\/mors\/wp-content\/uploads\/2020\/03\/200311-mors\u00f8-kommune2.jpg\",\"keywords\":[\"Politik\"],\"articleSection\":[\"Lokalt\"],\"inLanguage\":\"da-DK\",\"potentialAction\":[{\"@type\":\"CommentAction\",\"name\":\"Comment\",\"target\":[\"https:\/\/kunmedierne.dk\/mors\/sidste-regnskab-inden-coronatidsalderen\/#respond\"]}]},{\"@type\":\"WebPage\",\"@id\":\"https:\/\/kunmedierne.dk\/mors\/sidste-regnskab-inden-coronatidsalderen\/\",\"url\":\"https:\/\/kunmedierne.dk\/mors\/sidste-regnskab-inden-coronatidsalderen\/\",\"name\":\"Sidste regnskab inden coronatidsalderen - Mors\",\"isPartOf\":{\"@id\":\"https:\/\/kunmedierne.dk\/mors\/#website\"},\"primaryImageOfPage\":{\"@id\":\"https:\/\/kunmedierne.dk\/mors\/sidste-regnskab-inden-coronatidsalderen\/#primaryimage\"},\"image\":{\"@id\":\"https:\/\/kunmedierne.dk\/mors\/sidste-regnskab-inden-coronatidsalderen\/#primaryimage\"},\"thumbnailUrl\":\"https:\/\/kunmedierne.dk\/mors\/wp-content\/uploads\/2020\/03\/200311-mors\u00f8-kommune2.jpg\",\"datePublished\":\"2020-04-30T10:11:55+00:00\",\"dateModified\":\"2024-08-12T12:06:11+00:00\",\"breadcrumb\":{\"@id\":\"https:\/\/kunmedierne.dk\/mors\/sidste-regnskab-inden-coronatidsalderen\/#breadcrumb\"},\"inLanguage\":\"da-DK\",\"potentialAction\":[{\"@type\":\"ReadAction\",\"target\":[\"https:\/\/kunmedierne.dk\/mors\/sidste-regnskab-inden-coronatidsalderen\/\"]}]},{\"@type\":\"ImageObject\",\"inLanguage\":\"da-DK\",\"@id\":\"https:\/\/kunmedierne.dk\/mors\/sidste-regnskab-inden-coronatidsalderen\/#primaryimage\",\"url\":\"https:\/\/kunmedierne.dk\/mors\/wp-content\/uploads\/2020\/03\/200311-mors\u00f8-kommune2.jpg\",\"contentUrl\":\"https:\/\/kunmedierne.dk\/mors\/wp-content\/uploads\/2020\/03\/200311-mors\u00f8-kommune2.jpg\",\"width\":770,\"height\":513,\"caption\":\"Logo: Mors\u00f8 Kommune\"},{\"@type\":\"BreadcrumbList\",\"@id\":\"https:\/\/kunmedierne.dk\/mors\/sidste-regnskab-inden-coronatidsalderen\/#breadcrumb\",\"itemListElement\":[{\"@type\":\"ListItem\",\"position\":1,\"name\":\"Hjem\",\"item\":\"https:\/\/kunmedierne.dk\/mors\/\"},{\"@type\":\"ListItem\",\"position\":2,\"name\":\"Sidste regnskab inden coronatidsalderen\"}]},{\"@type\":\"WebSite\",\"@id\":\"https:\/\/kunmedierne.dk\/mors\/#website\",\"url\":\"https:\/\/kunmedierne.dk\/mors\/\",\"name\":\"Mors\",\"description\":\"et netmedie med journalistik om livet p\u00e5 Mors\",\"publisher\":{\"@id\":\"https:\/\/kunmedierne.dk\/mors\/#organization\"},\"potentialAction\":[{\"@type\":\"SearchAction\",\"target\":{\"@type\":\"EntryPoint\",\"urlTemplate\":\"https:\/\/kunmedierne.dk\/mors\/?s={search_term_string}\"},\"query-input\":{\"@type\":\"PropertyValueSpecification\",\"valueRequired\":true,\"valueName\":\"search_term_string\"}}],\"inLanguage\":\"da-DK\"},{\"@type\":\"Organization\",\"@id\":\"https:\/\/kunmedierne.dk\/mors\/#organization\",\"name\":\"Mors\",\"url\":\"https:\/\/kunmedierne.dk\/mors\/\",\"logo\":{\"@type\":\"ImageObject\",\"inLanguage\":\"da-DK\",\"@id\":\"https:\/\/kunmedierne.dk\/mors\/#\/schema\/logo\/image\/\",\"url\":\"https:\/\/kunmedierne.dk\/mors\/wp-content\/uploads\/2024\/08\/kunmors-logo.svg\",\"contentUrl\":\"https:\/\/kunmedierne.dk\/mors\/wp-content\/uploads\/2024\/08\/kunmors-logo.svg\",\"caption\":\"Mors\"},\"image\":{\"@id\":\"https:\/\/kunmedierne.dk\/mors\/#\/schema\/logo\/image\/\"}},{\"@type\":\"Person\",\"@id\":\"https:\/\/kunmedierne.dk\/mors\/#\/schema\/person\/5fe23251bf1d0abbcdc6f7896579d548\",\"name\":\"David H\u00f8jmark\",\"image\":{\"@type\":\"ImageObject\",\"inLanguage\":\"da-DK\",\"@id\":\"https:\/\/kunmedierne.dk\/mors\/#\/schema\/person\/image\/\",\"url\":\"https:\/\/secure.gravatar.com\/avatar\/4315d6fb9ef244d729989f5f90268eb08d5bf8a3d84402f595fa194bb35784fd?s=96&d=mm&r=g\",\"contentUrl\":\"https:\/\/secure.gravatar.com\/avatar\/4315d6fb9ef244d729989f5f90268eb08d5bf8a3d84402f595fa194bb35784fd?s=96&d=mm&r=g\",\"caption\":\"David H\u00f8jmark\"},\"sameAs\":[\"https:\/\/www.kunmedierne.dk\"],\"url\":\"https:\/\/kunmedierne.dk\/mors\/author\/david\/\"}]}<\/script>\n<!-- \/ Yoast SEO plugin. -->","yoast_head_json":{"title":"Sidste regnskab inden coronatidsalderen - Mors","robots":{"index":"index","follow":"follow","max-snippet":"max-snippet:-1","max-image-preview":"max-image-preview:large","max-video-preview":"max-video-preview:-1"},"canonical":"https:\/\/kunmedierne.dk\/mors\/sidste-regnskab-inden-coronatidsalderen\/","og_locale":"da_DK","og_type":"article","og_title":"Sidste regnskab inden coronatidsalderen - Mors","og_description":"MORS: Mors\u00f8 Kommune har sendt sit 2019-regnskab til ekstern revision, og det er med et underskud p\u00e5 bundlinjen. Det kunne borgmester Hans Ejner Bertelsen (V) p\u00e5 tirsdagens m\u00f8de i kommunalbestyrelsen uddybe i sin regnskabstale til de 20 \u00f8vrige lokalpolitikere. &#8220;Det samlede regnskab ender med et merforbrug p\u00e5 7,9 millioner kroner. Men med et budget p\u00e5 [&hellip;]","og_url":"https:\/\/kunmedierne.dk\/mors\/sidste-regnskab-inden-coronatidsalderen\/","og_site_name":"Mors","article_published_time":"2020-04-30T10:11:55+00:00","article_modified_time":"2024-08-12T12:06:11+00:00","og_image":[{"width":770,"height":513,"url":"https:\/\/kunmedierne.dk\/mors\/wp-content\/uploads\/2020\/03\/200311-mors\u00f8-kommune2.jpg","type":"image\/jpeg"}],"author":"David H\u00f8jmark","twitter_card":"summary_large_image","twitter_misc":{"Skrevet af":"David H\u00f8jmark","Estimeret l\u00e6setid":"3 minutter"},"schema":{"@context":"https:\/\/schema.org","@graph":[{"@type":"Article","@id":"https:\/\/kunmedierne.dk\/mors\/sidste-regnskab-inden-coronatidsalderen\/#article","isPartOf":{"@id":"https:\/\/kunmedierne.dk\/mors\/sidste-regnskab-inden-coronatidsalderen\/"},"author":{"name":"David H\u00f8jmark","@id":"https:\/\/kunmedierne.dk\/mors\/#\/schema\/person\/5fe23251bf1d0abbcdc6f7896579d548"},"headline":"Sidste regnskab inden coronatidsalderen","datePublished":"2020-04-30T10:11:55+00:00","dateModified":"2024-08-12T12:06:11+00:00","mainEntityOfPage":{"@id":"https:\/\/kunmedierne.dk\/mors\/sidste-regnskab-inden-coronatidsalderen\/"},"wordCount":573,"commentCount":0,"publisher":{"@id":"https:\/\/kunmedierne.dk\/mors\/#organization"},"image":{"@id":"https:\/\/kunmedierne.dk\/mors\/sidste-regnskab-inden-coronatidsalderen\/#primaryimage"},"thumbnailUrl":"https:\/\/kunmedierne.dk\/mors\/wp-content\/uploads\/2020\/03\/200311-mors\u00f8-kommune2.jpg","keywords":["Politik"],"articleSection":["Lokalt"],"inLanguage":"da-DK","potentialAction":[{"@type":"CommentAction","name":"Comment","target":["https:\/\/kunmedierne.dk\/mors\/sidste-regnskab-inden-coronatidsalderen\/#respond"]}]},{"@type":"WebPage","@id":"https:\/\/kunmedierne.dk\/mors\/sidste-regnskab-inden-coronatidsalderen\/","url":"https:\/\/kunmedierne.dk\/mors\/sidste-regnskab-inden-coronatidsalderen\/","name":"Sidste regnskab inden coronatidsalderen - Mors","isPartOf":{"@id":"https:\/\/kunmedierne.dk\/mors\/#website"},"primaryImageOfPage":{"@id":"https:\/\/kunmedierne.dk\/mors\/sidste-regnskab-inden-coronatidsalderen\/#primaryimage"},"image":{"@id":"https:\/\/kunmedierne.dk\/mors\/sidste-regnskab-inden-coronatidsalderen\/#primaryimage"},"thumbnailUrl":"https:\/\/kunmedierne.dk\/mors\/wp-content\/uploads\/2020\/03\/200311-mors\u00f8-kommune2.jpg","datePublished":"2020-04-30T10:11:55+00:00","dateModified":"2024-08-12T12:06:11+00:00","breadcrumb":{"@id":"https:\/\/kunmedierne.dk\/mors\/sidste-regnskab-inden-coronatidsalderen\/#breadcrumb"},"inLanguage":"da-DK","potentialAction":[{"@type":"ReadAction","target":["https:\/\/kunmedierne.dk\/mors\/sidste-regnskab-inden-coronatidsalderen\/"]}]},{"@type":"ImageObject","inLanguage":"da-DK","@id":"https:\/\/kunmedierne.dk\/mors\/sidste-regnskab-inden-coronatidsalderen\/#primaryimage","url":"https:\/\/kunmedierne.dk\/mors\/wp-content\/uploads\/2020\/03\/200311-mors\u00f8-kommune2.jpg","contentUrl":"https:\/\/kunmedierne.dk\/mors\/wp-content\/uploads\/2020\/03\/200311-mors\u00f8-kommune2.jpg","width":770,"height":513,"caption":"Logo: Mors\u00f8 Kommune"},{"@type":"BreadcrumbList","@id":"https:\/\/kunmedierne.dk\/mors\/sidste-regnskab-inden-coronatidsalderen\/#breadcrumb","itemListElement":[{"@type":"ListItem","position":1,"name":"Hjem","item":"https:\/\/kunmedierne.dk\/mors\/"},{"@type":"ListItem","position":2,"name":"Sidste regnskab inden coronatidsalderen"}]},{"@type":"WebSite","@id":"https:\/\/kunmedierne.dk\/mors\/#website","url":"https:\/\/kunmedierne.dk\/mors\/","name":"Mors","description":"et netmedie med journalistik om livet p\u00e5 Mors","publisher":{"@id":"https:\/\/kunmedierne.dk\/mors\/#organization"},"potentialAction":[{"@type":"SearchAction","target":{"@type":"EntryPoint","urlTemplate":"https:\/\/kunmedierne.dk\/mors\/?s={search_term_string}"},"query-input":{"@type":"PropertyValueSpecification","valueRequired":true,"valueName":"search_term_string"}}],"inLanguage":"da-DK"},{"@type":"Organization","@id":"https:\/\/kunmedierne.dk\/mors\/#organization","name":"Mors","url":"https:\/\/kunmedierne.dk\/mors\/","logo":{"@type":"ImageObject","inLanguage":"da-DK","@id":"https:\/\/kunmedierne.dk\/mors\/#\/schema\/logo\/image\/","url":"https:\/\/kunmedierne.dk\/mors\/wp-content\/uploads\/2024\/08\/kunmors-logo.svg","contentUrl":"https:\/\/kunmedierne.dk\/mors\/wp-content\/uploads\/2024\/08\/kunmors-logo.svg","caption":"Mors"},"image":{"@id":"https:\/\/kunmedierne.dk\/mors\/#\/schema\/logo\/image\/"}},{"@type":"Person","@id":"https:\/\/kunmedierne.dk\/mors\/#\/schema\/person\/5fe23251bf1d0abbcdc6f7896579d548","name":"David H\u00f8jmark","image":{"@type":"ImageObject","inLanguage":"da-DK","@id":"https:\/\/kunmedierne.dk\/mors\/#\/schema\/person\/image\/","url":"https:\/\/secure.gravatar.com\/avatar\/4315d6fb9ef244d729989f5f90268eb08d5bf8a3d84402f595fa194bb35784fd?s=96&d=mm&r=g","contentUrl":"https:\/\/secure.gravatar.com\/avatar\/4315d6fb9ef244d729989f5f90268eb08d5bf8a3d84402f595fa194bb35784fd?s=96&d=mm&r=g","caption":"David H\u00f8jmark"},"sameAs":["https:\/\/www.kunmedierne.dk"],"url":"https:\/\/kunmedierne.dk\/mors\/author\/david\/"}]}},"_links":{"self":[{"href":"https:\/\/kunmedierne.dk\/mors\/wp-json\/wp\/v2\/posts\/19535","targetHints":{"allow":["GET"]}}],"collection":[{"href":"https:\/\/kunmedierne.dk\/mors\/wp-json\/wp\/v2\/posts"}],"about":[{"href":"https:\/\/kunmedierne.dk\/mors\/wp-json\/wp\/v2\/types\/post"}],"author":[{"embeddable":true,"href":"https:\/\/kunmedierne.dk\/mors\/wp-json\/wp\/v2\/users\/8"}],"replies":[{"embeddable":true,"href":"https:\/\/kunmedierne.dk\/mors\/wp-json\/wp\/v2\/comments?post=19535"}],"version-history":[{"count":4,"href":"https:\/\/kunmedierne.dk\/mors\/wp-json\/wp\/v2\/posts\/19535\/revisions"}],"predecessor-version":[{"id":19567,"href":"https:\/\/kunmedierne.dk\/mors\/wp-json\/wp\/v2\/posts\/19535\/revisions\/19567"}],"wp:featuredmedia":[{"embeddable":true,"href":"https:\/\/kunmedierne.dk\/mors\/wp-json\/wp\/v2\/media\/13431"}],"wp:attachment":[{"href":"https:\/\/kunmedierne.dk\/mors\/wp-json\/wp\/v2\/media?parent=19535"}],"wp:term":[{"taxonomy":"category","embeddable":true,"href":"https:\/\/kunmedierne.dk\/mors\/wp-json\/wp\/v2\/categories?post=19535"},{"taxonomy":"post_tag","embeddable":true,"href":"https:\/\/kunmedierne.dk\/mors\/wp-json\/wp\/v2\/tags?post=19535"}],"curies":[{"name":"wp","href":"https:\/\/api.w.org\/{rel}","templated":true}]}}