{"id":19467,"date":"2020-04-29T14:51:26","date_gmt":"2020-04-29T12:51:26","guid":{"rendered":"https:\/\/kunmedierne.dk\/mors\/?p=19467"},"modified":"2024-08-12T14:06:11","modified_gmt":"2024-08-12T12:06:11","slug":"lokale-virksomheder-saadan-paavirker-coronakrisen-vores-hverdag","status":"publish","type":"post","link":"https:\/\/kunmedierne.dk\/mors\/lokale-virksomheder-saadan-paavirker-coronakrisen-vores-hverdag\/","title":{"rendered":"Lokale virksomheder: S\u00e5dan p\u00e5virker coronakrisen vores hverdag"},"content":{"rendered":"<p><strong>MORS<\/strong>: Hos den ene er der fuld tryk p\u00e5 opgaverne. Hos den anden blev telefonerne fra den ene dag til den anden helt tavse. Og hos den tredje har regeringens hj\u00e6lpepakker forhindret fyring.<\/p>\n<p>Coronakrisen rammer bredt, men den rammer meget forskelligt. Det viser svarene fra tre lokale virksomheder, som Mors\u00f8 Erhvervsr\u00e5d har spurgt. Det har f\u00f8rt til en r\u00e6kke svar, som KunMors bringer her:<\/p>\n<p>&nbsp;<\/p>\n<p><strong>Ikke en eneste aflysning<\/strong><\/p>\n<p>Hos T\u00f8mrermester Klaus Vig arbejdes der for fuld tryk. Alle otte mand er fuld besk\u00e6ftiget.<\/p>\n<p>&#8220;Vi har ikke oplevet nedgang. Der kommer fortsat foresp\u00f8rgsler p\u00e5 store projekter hos hr. og fru Jensen \u2013 alt lige fra nye huse der skal bygges, til tag der skal skiftes. Vi har ikke f\u00e5et aflyst en eneste aftale hos vores kunder. Vi har travlt\u201d, fort\u00e6ller t\u00f8mrermester Klaus Vig og forts\u00e6tter:<\/p>\n<p>\u201dLige nu g\u00e5r tankerne da mest p\u00e5, hvor lang tid coronavirussen vil s\u00e6tte sit pr\u00e6g p\u00e5 vores arbejde og vores hverdag. Hvordan ser det ud efter sommerferien? T\u00f8r folk bruge penge, eller s\u00e6tter frygten og uvisheden tingene i st\u00e5?\u201d<\/p>\n<p>For netop at afv\u00e6rge dette scenarie har Dansk Byggeri fremlagt en investeringsplan med 12 konkrete forslag. Et af forslagene er netop at g\u00f8re h\u00e5ndv\u00e6rkerfradraget mere attraktiv. Et forslag, som der tegner sig en bred politisk opbakning til i Folketinget, hvilket er meget positivt, mener Klaus Vig:<\/p>\n<p>&#8220;Min fornemmelse er, at hr. og fru Jensen holder lidt igen med sm\u00e5-projekterne som for eksempel renovering af udh\u00e6ng eller et nyt vindue. Bliver forslaget fra Dansk Byggeri en realitet, tror jeg p\u00e5, vi vil f\u00e5 sat godt gang i hjulene, og flere vil udnytte den fordel, der f\u00f8lger med.\u201d<\/p>\n<p>I en sp\u00f8rgeunders\u00f8gelse, som Dansk Byggeri har foretaget blandt befolkningen, siger hver tredje, at de har projekter, som de vil gennemf\u00f8re, hvis h\u00e5ndv\u00e6rkerfradraget bliver forbedret.<\/p>\n<p>&nbsp;<\/p>\n<p><strong>I st\u00e5 fra den ene dag til den anden<\/strong><\/p>\n<p>Hos VW i Nyk\u00f8bing gav nedlukningen i forbindelse med coronakrisen en\u00a0omg\u00e5ende reaktion:<\/p>\n<p>&#8220;Telefonerne var med \u00e9t helt tavse. B\u00e5de bilsalg og booking af v\u00e6rkstedstider gik i st\u00e5 fra den ene dag til den anden. Vi fornemmede en nerv\u00f8s, usikker stemning hos kunderne &#8211; mest fordi ingen jo vidste, hvor l\u00e6nge dette skulle st\u00e5 p\u00e5\u201d, siger Torben Haaning, daglig leder hos Volkswagen Thisted-Nyk\u00f8bing.<\/p>\n<div id=\"attachment_19470\" style=\"width: 160px\" class=\"wp-caption alignright\"><img loading=\"lazy\" decoding=\"async\" aria-describedby=\"caption-attachment-19470\" class=\"wp-image-19470 size-thumbnail\" src=\"https:\/\/kunmedierne.dk\/mors\/wp-content\/uploads\/2020\/04\/Torben-Haaning-150x150.jpg\" alt=\"\" width=\"150\" height=\"150\" srcset=\"https:\/\/kunmedierne.dk\/mors\/wp-content\/uploads\/2020\/04\/Torben-Haaning-150x150.jpg 150w, https:\/\/kunmedierne.dk\/mors\/wp-content\/uploads\/2020\/04\/Torben-Haaning-100x100.jpg 100w\" sizes=\"auto, (max-width: 150px) 100vw, 150px\" \/><p id=\"caption-attachment-19470\" class=\"wp-caption-text\">Torben Haaning, daglig leder hos VW Thisted-Nyk\u00f8bing. Foto: Mors\u00f8 Erhvervsr\u00e5d.<\/p><\/div>\n<p>Chokket ramte b\u00e5de de private kunder og forretningens erhvervsafdeling, som ellers har oplevet en lang periode med optimisme og stigende salg.<\/p>\n<p>&#8220;Vi skruede ned for aktiviteterne og indf\u00f8rte arbejdsfordeling for at afb\u00f8de de v\u00e6rste virkninger,\u201d fort\u00e6ller Torben Hanning, som dog atter melder om lysere udsigter:<\/p>\n<p>&#8220;Nu er der n\u00e6rmest fuld aktivitet p\u00e5 v\u00e6rkstedet, og telefonerne kimer flittigt igen. Kunderne har overvundet det v\u00e6rste chok og har fundet en ny hverdag. Samtidig kan vi se effekten af de forholdsregler, vi alle sammen tager i omgangen med hinanden. Og endelig tror jeg ogs\u00e5, det gode vejr har spillet ind og giver lidt optimisme,&#8221; siger Torben Haaning.<\/p>\n<p>&#8220;Men bilsalget halter efter. Mange er usikre p\u00e5 deres private \u00f8konomi, og is\u00e6r sm\u00e5 og mellemstore virksomheder tr\u00e6kker indk\u00f8b og udskiftning af deres erhvervsbiler ud, til vi alle er p\u00e5 mere sikker grund igen. Vi skal arbejde og v\u00e6re t\u00e5lmodige for at f\u00e5 salget op p\u00e5 niveau igen\u201d, siger Torben Hanning og forts\u00e6tter:<\/p>\n<p>&#8220;Det mest positive ved det, vi har v\u00e6ret igennem, er personalets holdning. Alle var indstillet p\u00e5, at vi m\u00e5tte rykke sammen og hver is\u00e6r bidrage med det, vi kunne. Vi havde ingen problemer med at f\u00e5 medarbejderne sendt p\u00e5 arbejdsfordeling, og alle har givet den en ekstra skalle nu, hvor vi skal op i omdrejninger igen. Det har &#8211; p\u00e5 en yderst alvorlig baggrund &#8211; n\u00e6rmest v\u00e6ret en forn\u00f8jelse at se medarbejdernes reaktion.\u201d<\/p>\n<p>&nbsp;<\/p>\n<p><strong>Hj\u00e6lpepakker g\u00f8r en forskel<\/strong><\/p>\n<p>Da statsminister Mette Frederiksen lukkede Danmark ned 11. marts, fulgte Mors\u00f8 Fysioterapi efter og sendte alle medarbejdere hjem.<\/p>\n<p>&#8220;Jeg t\u00e6nkte i f\u00f8rste omgang: &#8216;Det her er ikke godt for vores patienter og for rigtig mange mennesker.&#8217; S\u00e5 t\u00e6nkte jeg: &#8216;To uger, det kan vi sagtens klare.&#8217; M\u00e5ske en smule naivt, for det viste sig jo at blive en helt anden situation,&#8221; fort\u00e6ller medejer Helle Th\u00f8gersen hos Mors\u00f8 Fysioterapi.<\/p>\n<div id=\"attachment_19471\" style=\"width: 160px\" class=\"wp-caption alignright\"><img loading=\"lazy\" decoding=\"async\" aria-describedby=\"caption-attachment-19471\" class=\"wp-image-19471 size-thumbnail\" src=\"https:\/\/kunmedierne.dk\/mors\/wp-content\/uploads\/2020\/04\/Helle-Feldborg-Th\u00f8gersen-Fysioterapeut-1-1002345b-150x150.jpg\" alt=\"\" width=\"150\" height=\"150\" srcset=\"https:\/\/kunmedierne.dk\/mors\/wp-content\/uploads\/2020\/04\/Helle-Feldborg-Th\u00f8gersen-Fysioterapeut-1-1002345b-150x150.jpg 150w, https:\/\/kunmedierne.dk\/mors\/wp-content\/uploads\/2020\/04\/Helle-Feldborg-Th\u00f8gersen-Fysioterapeut-1-1002345b-100x100.jpg 100w\" sizes=\"auto, (max-width: 150px) 100vw, 150px\" \/><p id=\"caption-attachment-19471\" class=\"wp-caption-text\">Helle Feldborg Th\u00f8gersen, medejer af Mors\u00f8 Fysioterapi. Foto: Mors\u00f8 Erhvervsr\u00e5d.<\/p><\/div>\n<p>Mors\u00f8 Fysioterapi endte med at have lukket i to uger, inden der igen blev \u00e5bnet for kritiske og akutte patienter. 17. april oph\u00e6vede man det midlertidige forbud mod visse liberale erhverv, og det betyder, at Mors\u00f8 Fysioterapi nu igen tilbyder alle former for behandlinger og har tanker om holdtr\u00e6ning:<\/p>\n<p>&#8220;Jeg er rimelig fortr\u00f8stningsfuld. Lige nu fokuserer vi p\u00e5 at finde tider til alle de patienter, der har f\u00e5et aflyst deres tid, og samtidig give tider til de nye patienter, der ringer ind. I l\u00f8bet af denne uge kommer alle medarbejdere p\u00e5 arbejde igen p\u00e5 skift, og inden for n\u00e6rmeste fremtid arbejder alle p\u00e5 fuldtid igen,\u201d siger Helle Th\u00f8gersen.<\/p>\n<p>Hos Mors\u00f8 Fysioterapi er ingen medarbejdere blevet fyret. Men dette kunne v\u00e6re endt anderledes, hvis ikke det var for regeringens hj\u00e6lpepakker.<\/p>\n<p>&#8220;Til en start var det sv\u00e6rt at overskue rent \u00f8konomisk. Alt var usikkert. Med hj\u00e6lpepakkerne dannede regeringen et sikkerhedsnet under os. Havde det ikke v\u00e6ret for dette tiltag, havde vi v\u00e6ret n\u00f8dsaget til at v\u00e6re p\u00e5 forkant og simpelthen opsige medarbejdere. Vi har sv\u00e6rt ved at forudsige noget i den situation, vi alle st\u00e5r i, men \u00e9n ting ved vi med sikkerhed: Vi overlever\u201d, siger Helle Th\u00f8gersen.<\/p>\n","protected":false},"excerpt":{"rendered":"<p>MORS: Hos den ene er der fuld tryk p\u00e5 opgaverne. Hos den anden blev telefonerne fra den ene dag til den anden helt tavse. Og hos den tredje har regeringens hj\u00e6lpepakker forhindret fyring. Coronakrisen rammer bredt, men den rammer meget forskelligt. Det viser svarene fra tre lokale virksomheder, som Mors\u00f8 Erhvervsr\u00e5d har spurgt. Det har [&hellip;]<\/p>\n","protected":false},"author":8,"featured_media":19469,"comment_status":"open","ping_status":"open","sticky":false,"template":"","format":"standard","meta":{"_acf_changed":false,"footnotes":""},"categories":[51],"tags":[159],"class_list":["post-19467","post","type-post","status-publish","format-standard","has-post-thumbnail","hentry","category-lokalt","tag-erhverv"],"acf":[],"yoast_head":"<!-- This site is optimized with the Yoast SEO plugin v26.8 - https:\/\/yoast.com\/product\/yoast-seo-wordpress\/ -->\n<title>Lokale virksomheder: S\u00e5dan p\u00e5virker coronakrisen vores hverdag - Mors<\/title>\n<meta name=\"robots\" content=\"index, follow, max-snippet:-1, max-image-preview:large, max-video-preview:-1\" \/>\n<link rel=\"canonical\" href=\"https:\/\/kunmedierne.dk\/mors\/lokale-virksomheder-saadan-paavirker-coronakrisen-vores-hverdag\/\" \/>\n<meta property=\"og:locale\" content=\"da_DK\" \/>\n<meta property=\"og:type\" content=\"article\" \/>\n<meta property=\"og:title\" content=\"Lokale virksomheder: S\u00e5dan p\u00e5virker coronakrisen vores hverdag - Mors\" \/>\n<meta property=\"og:description\" content=\"MORS: Hos den ene er der fuld tryk p\u00e5 opgaverne. Hos den anden blev telefonerne fra den ene dag til den anden helt tavse. Og hos den tredje har regeringens hj\u00e6lpepakker forhindret fyring. Coronakrisen rammer bredt, men den rammer meget forskelligt. Det viser svarene fra tre lokale virksomheder, som Mors\u00f8 Erhvervsr\u00e5d har spurgt. Det har [&hellip;]\" \/>\n<meta property=\"og:url\" content=\"https:\/\/kunmedierne.dk\/mors\/lokale-virksomheder-saadan-paavirker-coronakrisen-vores-hverdag\/\" \/>\n<meta property=\"og:site_name\" content=\"Mors\" \/>\n<meta property=\"article:published_time\" content=\"2020-04-29T12:51:26+00:00\" \/>\n<meta property=\"article:modified_time\" content=\"2024-08-12T12:06:11+00:00\" \/>\n<meta property=\"og:image\" content=\"https:\/\/kunmedierne.dk\/mors\/wp-content\/uploads\/2020\/04\/Klaus-Vig.jpg\" \/>\n\t<meta property=\"og:image:width\" content=\"770\" \/>\n\t<meta property=\"og:image:height\" content=\"513\" \/>\n\t<meta property=\"og:image:type\" content=\"image\/jpeg\" \/>\n<meta name=\"author\" content=\"David H\u00f8jmark\" \/>\n<meta name=\"twitter:card\" content=\"summary_large_image\" \/>\n<meta name=\"twitter:label1\" content=\"Skrevet af\" \/>\n\t<meta name=\"twitter:data1\" content=\"David H\u00f8jmark\" \/>\n\t<meta name=\"twitter:label2\" content=\"Estimeret l\u00e6setid\" \/>\n\t<meta name=\"twitter:data2\" content=\"5 minutter\" \/>\n<script type=\"application\/ld+json\" class=\"yoast-schema-graph\">{\"@context\":\"https:\/\/schema.org\",\"@graph\":[{\"@type\":\"Article\",\"@id\":\"https:\/\/kunmedierne.dk\/mors\/lokale-virksomheder-saadan-paavirker-coronakrisen-vores-hverdag\/#article\",\"isPartOf\":{\"@id\":\"https:\/\/kunmedierne.dk\/mors\/lokale-virksomheder-saadan-paavirker-coronakrisen-vores-hverdag\/\"},\"author\":{\"name\":\"David H\u00f8jmark\",\"@id\":\"https:\/\/kunmedierne.dk\/mors\/#\/schema\/person\/5fe23251bf1d0abbcdc6f7896579d548\"},\"headline\":\"Lokale virksomheder: S\u00e5dan p\u00e5virker coronakrisen vores hverdag\",\"datePublished\":\"2020-04-29T12:51:26+00:00\",\"dateModified\":\"2024-08-12T12:06:11+00:00\",\"mainEntityOfPage\":{\"@id\":\"https:\/\/kunmedierne.dk\/mors\/lokale-virksomheder-saadan-paavirker-coronakrisen-vores-hverdag\/\"},\"wordCount\":991,\"commentCount\":0,\"publisher\":{\"@id\":\"https:\/\/kunmedierne.dk\/mors\/#organization\"},\"image\":{\"@id\":\"https:\/\/kunmedierne.dk\/mors\/lokale-virksomheder-saadan-paavirker-coronakrisen-vores-hverdag\/#primaryimage\"},\"thumbnailUrl\":\"https:\/\/kunmedierne.dk\/mors\/wp-content\/uploads\/2020\/04\/Klaus-Vig.jpg\",\"keywords\":[\"Erhverv\"],\"articleSection\":[\"Lokalt\"],\"inLanguage\":\"da-DK\",\"potentialAction\":[{\"@type\":\"CommentAction\",\"name\":\"Comment\",\"target\":[\"https:\/\/kunmedierne.dk\/mors\/lokale-virksomheder-saadan-paavirker-coronakrisen-vores-hverdag\/#respond\"]}]},{\"@type\":\"WebPage\",\"@id\":\"https:\/\/kunmedierne.dk\/mors\/lokale-virksomheder-saadan-paavirker-coronakrisen-vores-hverdag\/\",\"url\":\"https:\/\/kunmedierne.dk\/mors\/lokale-virksomheder-saadan-paavirker-coronakrisen-vores-hverdag\/\",\"name\":\"Lokale virksomheder: S\u00e5dan p\u00e5virker coronakrisen vores hverdag - Mors\",\"isPartOf\":{\"@id\":\"https:\/\/kunmedierne.dk\/mors\/#website\"},\"primaryImageOfPage\":{\"@id\":\"https:\/\/kunmedierne.dk\/mors\/lokale-virksomheder-saadan-paavirker-coronakrisen-vores-hverdag\/#primaryimage\"},\"image\":{\"@id\":\"https:\/\/kunmedierne.dk\/mors\/lokale-virksomheder-saadan-paavirker-coronakrisen-vores-hverdag\/#primaryimage\"},\"thumbnailUrl\":\"https:\/\/kunmedierne.dk\/mors\/wp-content\/uploads\/2020\/04\/Klaus-Vig.jpg\",\"datePublished\":\"2020-04-29T12:51:26+00:00\",\"dateModified\":\"2024-08-12T12:06:11+00:00\",\"breadcrumb\":{\"@id\":\"https:\/\/kunmedierne.dk\/mors\/lokale-virksomheder-saadan-paavirker-coronakrisen-vores-hverdag\/#breadcrumb\"},\"inLanguage\":\"da-DK\",\"potentialAction\":[{\"@type\":\"ReadAction\",\"target\":[\"https:\/\/kunmedierne.dk\/mors\/lokale-virksomheder-saadan-paavirker-coronakrisen-vores-hverdag\/\"]}]},{\"@type\":\"ImageObject\",\"inLanguage\":\"da-DK\",\"@id\":\"https:\/\/kunmedierne.dk\/mors\/lokale-virksomheder-saadan-paavirker-coronakrisen-vores-hverdag\/#primaryimage\",\"url\":\"https:\/\/kunmedierne.dk\/mors\/wp-content\/uploads\/2020\/04\/Klaus-Vig.jpg\",\"contentUrl\":\"https:\/\/kunmedierne.dk\/mors\/wp-content\/uploads\/2020\/04\/Klaus-Vig.jpg\",\"width\":770,\"height\":513,\"caption\":\"T\u00f8mrermester Klaus Vig. Foto. Mors\u00f8 Erhvervsr\u00e5d.\"},{\"@type\":\"BreadcrumbList\",\"@id\":\"https:\/\/kunmedierne.dk\/mors\/lokale-virksomheder-saadan-paavirker-coronakrisen-vores-hverdag\/#breadcrumb\",\"itemListElement\":[{\"@type\":\"ListItem\",\"position\":1,\"name\":\"Hjem\",\"item\":\"https:\/\/kunmedierne.dk\/mors\/\"},{\"@type\":\"ListItem\",\"position\":2,\"name\":\"Lokale virksomheder: S\u00e5dan p\u00e5virker coronakrisen vores hverdag\"}]},{\"@type\":\"WebSite\",\"@id\":\"https:\/\/kunmedierne.dk\/mors\/#website\",\"url\":\"https:\/\/kunmedierne.dk\/mors\/\",\"name\":\"Mors\",\"description\":\"et netmedie med journalistik om livet p\u00e5 Mors\",\"publisher\":{\"@id\":\"https:\/\/kunmedierne.dk\/mors\/#organization\"},\"potentialAction\":[{\"@type\":\"SearchAction\",\"target\":{\"@type\":\"EntryPoint\",\"urlTemplate\":\"https:\/\/kunmedierne.dk\/mors\/?s={search_term_string}\"},\"query-input\":{\"@type\":\"PropertyValueSpecification\",\"valueRequired\":true,\"valueName\":\"search_term_string\"}}],\"inLanguage\":\"da-DK\"},{\"@type\":\"Organization\",\"@id\":\"https:\/\/kunmedierne.dk\/mors\/#organization\",\"name\":\"Mors\",\"url\":\"https:\/\/kunmedierne.dk\/mors\/\",\"logo\":{\"@type\":\"ImageObject\",\"inLanguage\":\"da-DK\",\"@id\":\"https:\/\/kunmedierne.dk\/mors\/#\/schema\/logo\/image\/\",\"url\":\"https:\/\/kunmedierne.dk\/mors\/wp-content\/uploads\/2024\/08\/kunmors-logo.svg\",\"contentUrl\":\"https:\/\/kunmedierne.dk\/mors\/wp-content\/uploads\/2024\/08\/kunmors-logo.svg\",\"caption\":\"Mors\"},\"image\":{\"@id\":\"https:\/\/kunmedierne.dk\/mors\/#\/schema\/logo\/image\/\"}},{\"@type\":\"Person\",\"@id\":\"https:\/\/kunmedierne.dk\/mors\/#\/schema\/person\/5fe23251bf1d0abbcdc6f7896579d548\",\"name\":\"David H\u00f8jmark\",\"image\":{\"@type\":\"ImageObject\",\"inLanguage\":\"da-DK\",\"@id\":\"https:\/\/kunmedierne.dk\/mors\/#\/schema\/person\/image\/\",\"url\":\"https:\/\/secure.gravatar.com\/avatar\/4315d6fb9ef244d729989f5f90268eb08d5bf8a3d84402f595fa194bb35784fd?s=96&d=mm&r=g\",\"contentUrl\":\"https:\/\/secure.gravatar.com\/avatar\/4315d6fb9ef244d729989f5f90268eb08d5bf8a3d84402f595fa194bb35784fd?s=96&d=mm&r=g\",\"caption\":\"David H\u00f8jmark\"},\"sameAs\":[\"https:\/\/www.kunmedierne.dk\"],\"url\":\"https:\/\/kunmedierne.dk\/mors\/author\/david\/\"}]}<\/script>\n<!-- \/ Yoast SEO plugin. -->","yoast_head_json":{"title":"Lokale virksomheder: S\u00e5dan p\u00e5virker coronakrisen vores hverdag - Mors","robots":{"index":"index","follow":"follow","max-snippet":"max-snippet:-1","max-image-preview":"max-image-preview:large","max-video-preview":"max-video-preview:-1"},"canonical":"https:\/\/kunmedierne.dk\/mors\/lokale-virksomheder-saadan-paavirker-coronakrisen-vores-hverdag\/","og_locale":"da_DK","og_type":"article","og_title":"Lokale virksomheder: S\u00e5dan p\u00e5virker coronakrisen vores hverdag - Mors","og_description":"MORS: Hos den ene er der fuld tryk p\u00e5 opgaverne. Hos den anden blev telefonerne fra den ene dag til den anden helt tavse. Og hos den tredje har regeringens hj\u00e6lpepakker forhindret fyring. Coronakrisen rammer bredt, men den rammer meget forskelligt. Det viser svarene fra tre lokale virksomheder, som Mors\u00f8 Erhvervsr\u00e5d har spurgt. Det har [&hellip;]","og_url":"https:\/\/kunmedierne.dk\/mors\/lokale-virksomheder-saadan-paavirker-coronakrisen-vores-hverdag\/","og_site_name":"Mors","article_published_time":"2020-04-29T12:51:26+00:00","article_modified_time":"2024-08-12T12:06:11+00:00","og_image":[{"width":770,"height":513,"url":"https:\/\/kunmedierne.dk\/mors\/wp-content\/uploads\/2020\/04\/Klaus-Vig.jpg","type":"image\/jpeg"}],"author":"David H\u00f8jmark","twitter_card":"summary_large_image","twitter_misc":{"Skrevet af":"David H\u00f8jmark","Estimeret l\u00e6setid":"5 minutter"},"schema":{"@context":"https:\/\/schema.org","@graph":[{"@type":"Article","@id":"https:\/\/kunmedierne.dk\/mors\/lokale-virksomheder-saadan-paavirker-coronakrisen-vores-hverdag\/#article","isPartOf":{"@id":"https:\/\/kunmedierne.dk\/mors\/lokale-virksomheder-saadan-paavirker-coronakrisen-vores-hverdag\/"},"author":{"name":"David H\u00f8jmark","@id":"https:\/\/kunmedierne.dk\/mors\/#\/schema\/person\/5fe23251bf1d0abbcdc6f7896579d548"},"headline":"Lokale virksomheder: S\u00e5dan p\u00e5virker coronakrisen vores hverdag","datePublished":"2020-04-29T12:51:26+00:00","dateModified":"2024-08-12T12:06:11+00:00","mainEntityOfPage":{"@id":"https:\/\/kunmedierne.dk\/mors\/lokale-virksomheder-saadan-paavirker-coronakrisen-vores-hverdag\/"},"wordCount":991,"commentCount":0,"publisher":{"@id":"https:\/\/kunmedierne.dk\/mors\/#organization"},"image":{"@id":"https:\/\/kunmedierne.dk\/mors\/lokale-virksomheder-saadan-paavirker-coronakrisen-vores-hverdag\/#primaryimage"},"thumbnailUrl":"https:\/\/kunmedierne.dk\/mors\/wp-content\/uploads\/2020\/04\/Klaus-Vig.jpg","keywords":["Erhverv"],"articleSection":["Lokalt"],"inLanguage":"da-DK","potentialAction":[{"@type":"CommentAction","name":"Comment","target":["https:\/\/kunmedierne.dk\/mors\/lokale-virksomheder-saadan-paavirker-coronakrisen-vores-hverdag\/#respond"]}]},{"@type":"WebPage","@id":"https:\/\/kunmedierne.dk\/mors\/lokale-virksomheder-saadan-paavirker-coronakrisen-vores-hverdag\/","url":"https:\/\/kunmedierne.dk\/mors\/lokale-virksomheder-saadan-paavirker-coronakrisen-vores-hverdag\/","name":"Lokale virksomheder: S\u00e5dan p\u00e5virker coronakrisen vores hverdag - Mors","isPartOf":{"@id":"https:\/\/kunmedierne.dk\/mors\/#website"},"primaryImageOfPage":{"@id":"https:\/\/kunmedierne.dk\/mors\/lokale-virksomheder-saadan-paavirker-coronakrisen-vores-hverdag\/#primaryimage"},"image":{"@id":"https:\/\/kunmedierne.dk\/mors\/lokale-virksomheder-saadan-paavirker-coronakrisen-vores-hverdag\/#primaryimage"},"thumbnailUrl":"https:\/\/kunmedierne.dk\/mors\/wp-content\/uploads\/2020\/04\/Klaus-Vig.jpg","datePublished":"2020-04-29T12:51:26+00:00","dateModified":"2024-08-12T12:06:11+00:00","breadcrumb":{"@id":"https:\/\/kunmedierne.dk\/mors\/lokale-virksomheder-saadan-paavirker-coronakrisen-vores-hverdag\/#breadcrumb"},"inLanguage":"da-DK","potentialAction":[{"@type":"ReadAction","target":["https:\/\/kunmedierne.dk\/mors\/lokale-virksomheder-saadan-paavirker-coronakrisen-vores-hverdag\/"]}]},{"@type":"ImageObject","inLanguage":"da-DK","@id":"https:\/\/kunmedierne.dk\/mors\/lokale-virksomheder-saadan-paavirker-coronakrisen-vores-hverdag\/#primaryimage","url":"https:\/\/kunmedierne.dk\/mors\/wp-content\/uploads\/2020\/04\/Klaus-Vig.jpg","contentUrl":"https:\/\/kunmedierne.dk\/mors\/wp-content\/uploads\/2020\/04\/Klaus-Vig.jpg","width":770,"height":513,"caption":"T\u00f8mrermester Klaus Vig. Foto. Mors\u00f8 Erhvervsr\u00e5d."},{"@type":"BreadcrumbList","@id":"https:\/\/kunmedierne.dk\/mors\/lokale-virksomheder-saadan-paavirker-coronakrisen-vores-hverdag\/#breadcrumb","itemListElement":[{"@type":"ListItem","position":1,"name":"Hjem","item":"https:\/\/kunmedierne.dk\/mors\/"},{"@type":"ListItem","position":2,"name":"Lokale virksomheder: S\u00e5dan p\u00e5virker coronakrisen vores hverdag"}]},{"@type":"WebSite","@id":"https:\/\/kunmedierne.dk\/mors\/#website","url":"https:\/\/kunmedierne.dk\/mors\/","name":"Mors","description":"et netmedie med journalistik om livet p\u00e5 Mors","publisher":{"@id":"https:\/\/kunmedierne.dk\/mors\/#organization"},"potentialAction":[{"@type":"SearchAction","target":{"@type":"EntryPoint","urlTemplate":"https:\/\/kunmedierne.dk\/mors\/?s={search_term_string}"},"query-input":{"@type":"PropertyValueSpecification","valueRequired":true,"valueName":"search_term_string"}}],"inLanguage":"da-DK"},{"@type":"Organization","@id":"https:\/\/kunmedierne.dk\/mors\/#organization","name":"Mors","url":"https:\/\/kunmedierne.dk\/mors\/","logo":{"@type":"ImageObject","inLanguage":"da-DK","@id":"https:\/\/kunmedierne.dk\/mors\/#\/schema\/logo\/image\/","url":"https:\/\/kunmedierne.dk\/mors\/wp-content\/uploads\/2024\/08\/kunmors-logo.svg","contentUrl":"https:\/\/kunmedierne.dk\/mors\/wp-content\/uploads\/2024\/08\/kunmors-logo.svg","caption":"Mors"},"image":{"@id":"https:\/\/kunmedierne.dk\/mors\/#\/schema\/logo\/image\/"}},{"@type":"Person","@id":"https:\/\/kunmedierne.dk\/mors\/#\/schema\/person\/5fe23251bf1d0abbcdc6f7896579d548","name":"David H\u00f8jmark","image":{"@type":"ImageObject","inLanguage":"da-DK","@id":"https:\/\/kunmedierne.dk\/mors\/#\/schema\/person\/image\/","url":"https:\/\/secure.gravatar.com\/avatar\/4315d6fb9ef244d729989f5f90268eb08d5bf8a3d84402f595fa194bb35784fd?s=96&d=mm&r=g","contentUrl":"https:\/\/secure.gravatar.com\/avatar\/4315d6fb9ef244d729989f5f90268eb08d5bf8a3d84402f595fa194bb35784fd?s=96&d=mm&r=g","caption":"David H\u00f8jmark"},"sameAs":["https:\/\/www.kunmedierne.dk"],"url":"https:\/\/kunmedierne.dk\/mors\/author\/david\/"}]}},"_links":{"self":[{"href":"https:\/\/kunmedierne.dk\/mors\/wp-json\/wp\/v2\/posts\/19467","targetHints":{"allow":["GET"]}}],"collection":[{"href":"https:\/\/kunmedierne.dk\/mors\/wp-json\/wp\/v2\/posts"}],"about":[{"href":"https:\/\/kunmedierne.dk\/mors\/wp-json\/wp\/v2\/types\/post"}],"author":[{"embeddable":true,"href":"https:\/\/kunmedierne.dk\/mors\/wp-json\/wp\/v2\/users\/8"}],"replies":[{"embeddable":true,"href":"https:\/\/kunmedierne.dk\/mors\/wp-json\/wp\/v2\/comments?post=19467"}],"version-history":[{"count":7,"href":"https:\/\/kunmedierne.dk\/mors\/wp-json\/wp\/v2\/posts\/19467\/revisions"}],"predecessor-version":[{"id":19739,"href":"https:\/\/kunmedierne.dk\/mors\/wp-json\/wp\/v2\/posts\/19467\/revisions\/19739"}],"wp:featuredmedia":[{"embeddable":true,"href":"https:\/\/kunmedierne.dk\/mors\/wp-json\/wp\/v2\/media\/19469"}],"wp:attachment":[{"href":"https:\/\/kunmedierne.dk\/mors\/wp-json\/wp\/v2\/media?parent=19467"}],"wp:term":[{"taxonomy":"category","embeddable":true,"href":"https:\/\/kunmedierne.dk\/mors\/wp-json\/wp\/v2\/categories?post=19467"},{"taxonomy":"post_tag","embeddable":true,"href":"https:\/\/kunmedierne.dk\/mors\/wp-json\/wp\/v2\/tags?post=19467"}],"curies":[{"name":"wp","href":"https:\/\/api.w.org\/{rel}","templated":true}]}}