{"id":19422,"date":"2020-04-29T10:26:56","date_gmt":"2020-04-29T08:26:56","guid":{"rendered":"https:\/\/kunmedierne.dk\/mors\/?p=19422"},"modified":"2024-08-12T14:06:11","modified_gmt":"2024-08-12T12:06:11","slug":"forskelsbehandler-morsoe-kommune-oeens-haandvaerkere","status":"publish","type":"post","link":"https:\/\/kunmedierne.dk\/mors\/forskelsbehandler-morsoe-kommune-oeens-haandvaerkere\/","title":{"rendered":"Forskelsbehandler Mors\u00f8 Kommune \u00f8ens h\u00e5ndv\u00e6rkere?"},"content":{"rendered":"<p><strong>MORS<\/strong>: Ser Mors\u00f8 Kommune for meget i retning af de samme h\u00e5ndv\u00e6rkere, mens andre ikke f\u00e5r opgaver, n\u00e5r kommunen s\u00e6tter dem i udbud?<\/p>\n<p>Det sp\u00f8rgsm\u00e5l dukkede op undervejs p\u00e5 kommunalbestyrelsens m\u00f8de tirsdag aften, da et punkt om energirenoveringer for 4,9 millioner kom vidt omkring.<\/p>\n<p>Punktet, der p\u00e5 foranledning af Anja Birch Als\u00f8er (V) ogs\u00e5 f\u00f8rte til en snak om at kr\u00e6ve brug af genanvendelige materialer, b\u00f8d p\u00e5 generel ros til initiativet, der ogs\u00e5 skal ses i lyset af nedlukningen af samfundet, som har kostet mange opgaver for h\u00e5ndv\u00e6rkere.<\/p>\n<p>Derfor fremskynder Mors\u00f8 Kommune nu nogle, og Meiner N\u00f8rgaard (DF), formand for udvalget for teknik og milj\u00f8, \u00e5bnede selv for bem\u00e6rkninger om, hvordan kommunen behandler sine h\u00e5ndv\u00e6rkere.<\/p>\n<p>&#8220;Der er rigtig meget t\u00f8mmerarbejde, el-arbejde og vvs-arbejde i alle de ting, der skal laves. Og vi h\u00e5ber da i teknisk udvalg, at det er med til, at vores h\u00e5ndv\u00e6rkere f\u00e5r nok at lave. Vi vil selvf\u00f8lgelig ogs\u00e5 s\u00f8rge for, at det bliver udbudt p\u00e5 en m\u00e5de, s\u00e5 alle vores mindre, lokale h\u00e5ndv\u00e6rkere har mulighed for at byde ind p\u00e5 de forskellige opgaver,&#8221; sagde han.<\/p>\n<p>L\u00f8sg\u00e6nger Viggo Vangsgaard, der ogs\u00e5 sidder i udvalget for teknik og milj\u00f8, kom ind p\u00e5 det samme med en kommentar om, at arbejdet bliver udbudt i sm\u00e5 pakker, s\u00e5 de lokale h\u00e5ndv\u00e6rkere kan byde ind p\u00e5 dem.<\/p>\n<p>&#8220;Det skal vi virkelig sl\u00e5 p\u00e5, s\u00e5 vi forh\u00e5bentlig kan holde noget af arbejdet p\u00e5 \u00f8en. Vi kan jo ikke garantere, at det er vores lokale, der f\u00e5r det, men vi kan trods alt udbyde det i nogle puljer, s\u00e5 de har mulighed for at byde p\u00e5 det,&#8221; sagde han.<\/p>\n<p>&nbsp;<\/p>\n<p><strong>Utilfredse h\u00e5ndv\u00e6rkere<\/strong><\/p>\n<p>John Christiansen (S) roste initiativet med at dele udbuddene op i mindre etaper, men\u00a0l\u00f8ftede ogs\u00e5 en advarende pegefinger for, hvordan udbud i kommunen bliver h\u00e5ndteret.<\/p>\n<p>&#8220;Jeg vil h\u00e5be, at man tager hensyn til nye og forholdsvis nyetablerede virksomheder. For jeg synes somme tider, at man h\u00f8rer i h\u00e5ndv\u00e6rkerkredse, at det er de samme, der f\u00e5r et stykke arbejde. Hvis man har mulighed for at tilgodese nogle af de nye, kunne det v\u00e6re rigtig godt,&#8221; sagde han, hvilket fik Meiner N\u00f8rgaard tilbage i taler\u00e6kken:<\/p>\n<p>&#8220;Jeg er n\u00f8dt til lige at kommentere det sidste, for n\u00e5r der bliver lavet udbud i teknisk forvaltning, tager vi ikke efter, hvad vi h\u00f8rer. Vi tager efter, hvad der foreg\u00e5r ude i den virkelige verden. Og det er jo s\u00e5dan, at alle kan byde ind p\u00e5 de opgaver, der kommer ud, s\u00e5 det er op til hver enkelt selv at vurdere det,&#8221; sagde han &#8211; med tilf\u00f8jelsen:<\/p>\n<p>&#8220;Det er s\u00e5 rigtigt, at hvis vi skal have skiftet en p\u00e6re i en lampe, eller hvis der skal et nyt ammatur op et sted, s\u00e5 sender vi det ikke i udbud. S\u00e5 ringer vi normalt til den elektriker, der har lavet installationen, for det m\u00e5 jo v\u00e6re dem, der ved mest om, hvad der skal bruges i det tilf\u00e6lde.&#8221;<\/p>\n<p>&nbsp;<\/p>\n<p><strong>Forslag om k\u00e6deansvar<\/strong><\/p>\n<p>Pia Storm (S) blandede sig ogs\u00e5 i debatten om udbud med en bem\u00e6rkning om, at den socialdemokratiske gruppe tidligere har rejst problematikken og foresl\u00e5et indf\u00f8rsel af k\u00e6deansvar.<\/p>\n<p>&#8220;Vi st\u00e5r fast p\u00e5, at det vil v\u00e6re mest hensigtsm\u00e6ssigt for at undg\u00e5 social dumping og l\u00f8ndumping. Det synes jeg ogs\u00e5, at man skal g\u00f8re ved dette udbud. Man skal sikre, at der er k\u00e6deansvar. Det g\u00f8r man i andre kommuner, og det kunne vi jo ogs\u00e5 have som princip,&#8221; sagde Pia Storm.<\/p>\n<p>Meiner N\u00f8rgaard argumenterede, at kommunalbestyrelsen ikke kan diskutere pr\u00e6misser for udbud, n\u00e5r pr\u00e6misserne allerede er godkendt.<\/p>\n<p>&#8220;Ellers kan vi jo komme ind p\u00e5 mange ting under et dagsordenpunkt, der hedder energirenoveringer,&#8221; sagde han.<\/p>\n<p>&#8220;Jeg vil bare gl\u00e6de mig over, at det n\u00e6sten er fem millioner kroner, vi sender i oml\u00f8b til vores h\u00e5ndv\u00e6rkere og deres medarbejdere. Det er mest det, sagen handler om, og vi har en fuldst\u00e6ndig godkendt udbudsprocedure &#8211; og den er ogs\u00e5 godkendt i kommunalbestyrelsen i denne periode,&#8221; sagde Meiner N\u00f8rgaard.<\/p>\n<p>&nbsp;<\/p>\n<p><strong>Videolink fra hjemmeadresserne<\/strong><\/p>\n<p>Lige som seneste kommunalbestyrelsesm\u00f8de foregik det i aftes hver for sig. Udover borgmester Hans Ejner Bertelsen (V), kommunaldirekt\u00f8r Rikke W\u00fcrtz og jurist Erik Jensen var kun pressen best\u00e5ende af Nordjyske Stiftstidende og KunMors til stede i byr\u00e5dssalen.<\/p>\n<p>De \u00f8vrige politikere sad p\u00e5 deres hjemmeadresser &#8211; men denne gang med videolink, hvilket i minutterne op til m\u00f8det blandt andet kastede en bem\u00e6rkning om Peter Lilleb\u00e6ks loft af sig, fordi Venstre-politikeren lige skulle finde ud af at dreje kameraet, s\u00e5 det pegede p\u00e5 ham.<\/p>\n<p>Pia Storm l\u00f8d som en, der \u00f8nskede sig tilbage til m\u00f8der som f\u00f8r coronakrisen:<\/p>\n<p>&#8220;Skal der v\u00e6re billede p\u00e5? Hvis jeg havde vidst det, havde jeg lige pyntet mig,&#8221; sagde hun.<\/p>\n<p>Hele kommunalbestyrelsens m\u00f8de, og de lokale politikere i hjemmevante omgivelser, kan ses p\u00e5 Mors\u00f8 Kommunes link <a href=\"https:\/\/www.mors.dk\/nyheder\/2020\/se-moedet-i-kommunalbestyrelsen-28-april-2020-kl-17-video\" target=\"_blank\" rel=\"noopener noreferrer\">her<\/a>.<\/p>\n","protected":false},"excerpt":{"rendered":"<p>MORS: Ser Mors\u00f8 Kommune for meget i retning af de samme h\u00e5ndv\u00e6rkere, mens andre ikke f\u00e5r opgaver, n\u00e5r kommunen s\u00e6tter dem i udbud? Det sp\u00f8rgsm\u00e5l dukkede op undervejs p\u00e5 kommunalbestyrelsens m\u00f8de tirsdag aften, da et punkt om energirenoveringer for 4,9 millioner kom vidt omkring. Punktet, der p\u00e5 foranledning af Anja Birch Als\u00f8er (V) ogs\u00e5 f\u00f8rte [&hellip;]<\/p>\n","protected":false},"author":8,"featured_media":19435,"comment_status":"open","ping_status":"open","sticky":false,"template":"","format":"standard","meta":{"_acf_changed":false,"footnotes":""},"categories":[51],"tags":[159,167],"class_list":["post-19422","post","type-post","status-publish","format-standard","has-post-thumbnail","hentry","category-lokalt","tag-erhverv","tag-politik"],"acf":[],"yoast_head":"<!-- This site is optimized with the Yoast SEO plugin v26.8 - https:\/\/yoast.com\/product\/yoast-seo-wordpress\/ -->\n<title>Forskelsbehandler Mors\u00f8 Kommune \u00f8ens h\u00e5ndv\u00e6rkere? - Mors<\/title>\n<meta name=\"robots\" content=\"index, follow, max-snippet:-1, max-image-preview:large, max-video-preview:-1\" \/>\n<link rel=\"canonical\" href=\"https:\/\/kunmedierne.dk\/mors\/forskelsbehandler-morsoe-kommune-oeens-haandvaerkere\/\" \/>\n<meta property=\"og:locale\" content=\"da_DK\" \/>\n<meta property=\"og:type\" content=\"article\" \/>\n<meta property=\"og:title\" content=\"Forskelsbehandler Mors\u00f8 Kommune \u00f8ens h\u00e5ndv\u00e6rkere? - Mors\" \/>\n<meta property=\"og:description\" content=\"MORS: Ser Mors\u00f8 Kommune for meget i retning af de samme h\u00e5ndv\u00e6rkere, mens andre ikke f\u00e5r opgaver, n\u00e5r kommunen s\u00e6tter dem i udbud? Det sp\u00f8rgsm\u00e5l dukkede op undervejs p\u00e5 kommunalbestyrelsens m\u00f8de tirsdag aften, da et punkt om energirenoveringer for 4,9 millioner kom vidt omkring. Punktet, der p\u00e5 foranledning af Anja Birch Als\u00f8er (V) ogs\u00e5 f\u00f8rte [&hellip;]\" \/>\n<meta property=\"og:url\" content=\"https:\/\/kunmedierne.dk\/mors\/forskelsbehandler-morsoe-kommune-oeens-haandvaerkere\/\" \/>\n<meta property=\"og:site_name\" content=\"Mors\" \/>\n<meta property=\"article:published_time\" content=\"2020-04-29T08:26:56+00:00\" \/>\n<meta property=\"article:modified_time\" content=\"2024-08-12T12:06:11+00:00\" \/>\n<meta property=\"og:image\" content=\"https:\/\/kunmedierne.dk\/mors\/wp-content\/uploads\/2020\/04\/william-wendling-PVGYTu5yAAA-unsplash.jpg\" \/>\n\t<meta property=\"og:image:width\" content=\"770\" \/>\n\t<meta property=\"og:image:height\" content=\"513\" \/>\n\t<meta property=\"og:image:type\" content=\"image\/jpeg\" \/>\n<meta name=\"author\" content=\"David H\u00f8jmark\" \/>\n<meta name=\"twitter:card\" content=\"summary_large_image\" \/>\n<meta name=\"twitter:label1\" content=\"Skrevet af\" \/>\n\t<meta name=\"twitter:data1\" content=\"David H\u00f8jmark\" \/>\n\t<meta name=\"twitter:label2\" content=\"Estimeret l\u00e6setid\" \/>\n\t<meta name=\"twitter:data2\" content=\"4 minutter\" \/>\n<script type=\"application\/ld+json\" class=\"yoast-schema-graph\">{\"@context\":\"https:\/\/schema.org\",\"@graph\":[{\"@type\":\"Article\",\"@id\":\"https:\/\/kunmedierne.dk\/mors\/forskelsbehandler-morsoe-kommune-oeens-haandvaerkere\/#article\",\"isPartOf\":{\"@id\":\"https:\/\/kunmedierne.dk\/mors\/forskelsbehandler-morsoe-kommune-oeens-haandvaerkere\/\"},\"author\":{\"name\":\"David H\u00f8jmark\",\"@id\":\"https:\/\/kunmedierne.dk\/mors\/#\/schema\/person\/5fe23251bf1d0abbcdc6f7896579d548\"},\"headline\":\"Forskelsbehandler Mors\u00f8 Kommune \u00f8ens h\u00e5ndv\u00e6rkere?\",\"datePublished\":\"2020-04-29T08:26:56+00:00\",\"dateModified\":\"2024-08-12T12:06:11+00:00\",\"mainEntityOfPage\":{\"@id\":\"https:\/\/kunmedierne.dk\/mors\/forskelsbehandler-morsoe-kommune-oeens-haandvaerkere\/\"},\"wordCount\":881,\"commentCount\":0,\"publisher\":{\"@id\":\"https:\/\/kunmedierne.dk\/mors\/#organization\"},\"image\":{\"@id\":\"https:\/\/kunmedierne.dk\/mors\/forskelsbehandler-morsoe-kommune-oeens-haandvaerkere\/#primaryimage\"},\"thumbnailUrl\":\"https:\/\/kunmedierne.dk\/mors\/wp-content\/uploads\/2020\/04\/william-wendling-PVGYTu5yAAA-unsplash.jpg\",\"keywords\":[\"Erhverv\",\"Politik\"],\"articleSection\":[\"Lokalt\"],\"inLanguage\":\"da-DK\",\"potentialAction\":[{\"@type\":\"CommentAction\",\"name\":\"Comment\",\"target\":[\"https:\/\/kunmedierne.dk\/mors\/forskelsbehandler-morsoe-kommune-oeens-haandvaerkere\/#respond\"]}]},{\"@type\":\"WebPage\",\"@id\":\"https:\/\/kunmedierne.dk\/mors\/forskelsbehandler-morsoe-kommune-oeens-haandvaerkere\/\",\"url\":\"https:\/\/kunmedierne.dk\/mors\/forskelsbehandler-morsoe-kommune-oeens-haandvaerkere\/\",\"name\":\"Forskelsbehandler Mors\u00f8 Kommune \u00f8ens h\u00e5ndv\u00e6rkere? - Mors\",\"isPartOf\":{\"@id\":\"https:\/\/kunmedierne.dk\/mors\/#website\"},\"primaryImageOfPage\":{\"@id\":\"https:\/\/kunmedierne.dk\/mors\/forskelsbehandler-morsoe-kommune-oeens-haandvaerkere\/#primaryimage\"},\"image\":{\"@id\":\"https:\/\/kunmedierne.dk\/mors\/forskelsbehandler-morsoe-kommune-oeens-haandvaerkere\/#primaryimage\"},\"thumbnailUrl\":\"https:\/\/kunmedierne.dk\/mors\/wp-content\/uploads\/2020\/04\/william-wendling-PVGYTu5yAAA-unsplash.jpg\",\"datePublished\":\"2020-04-29T08:26:56+00:00\",\"dateModified\":\"2024-08-12T12:06:11+00:00\",\"breadcrumb\":{\"@id\":\"https:\/\/kunmedierne.dk\/mors\/forskelsbehandler-morsoe-kommune-oeens-haandvaerkere\/#breadcrumb\"},\"inLanguage\":\"da-DK\",\"potentialAction\":[{\"@type\":\"ReadAction\",\"target\":[\"https:\/\/kunmedierne.dk\/mors\/forskelsbehandler-morsoe-kommune-oeens-haandvaerkere\/\"]}]},{\"@type\":\"ImageObject\",\"inLanguage\":\"da-DK\",\"@id\":\"https:\/\/kunmedierne.dk\/mors\/forskelsbehandler-morsoe-kommune-oeens-haandvaerkere\/#primaryimage\",\"url\":\"https:\/\/kunmedierne.dk\/mors\/wp-content\/uploads\/2020\/04\/william-wendling-PVGYTu5yAAA-unsplash.jpg\",\"contentUrl\":\"https:\/\/kunmedierne.dk\/mors\/wp-content\/uploads\/2020\/04\/william-wendling-PVGYTu5yAAA-unsplash.jpg\",\"width\":770,\"height\":513,\"caption\":\"Mors\u00f8 Kommunes h\u00e5ndtering af udbud til h\u00e5ndv\u00e6rksarbejde blev behandlet p\u00e5 kommunalbestyrelsens m\u00f8de. Modelfoto: William Wending\/Unsplash.\"},{\"@type\":\"BreadcrumbList\",\"@id\":\"https:\/\/kunmedierne.dk\/mors\/forskelsbehandler-morsoe-kommune-oeens-haandvaerkere\/#breadcrumb\",\"itemListElement\":[{\"@type\":\"ListItem\",\"position\":1,\"name\":\"Hjem\",\"item\":\"https:\/\/kunmedierne.dk\/mors\/\"},{\"@type\":\"ListItem\",\"position\":2,\"name\":\"Forskelsbehandler Mors\u00f8 Kommune \u00f8ens h\u00e5ndv\u00e6rkere?\"}]},{\"@type\":\"WebSite\",\"@id\":\"https:\/\/kunmedierne.dk\/mors\/#website\",\"url\":\"https:\/\/kunmedierne.dk\/mors\/\",\"name\":\"Mors\",\"description\":\"et netmedie med journalistik om livet p\u00e5 Mors\",\"publisher\":{\"@id\":\"https:\/\/kunmedierne.dk\/mors\/#organization\"},\"potentialAction\":[{\"@type\":\"SearchAction\",\"target\":{\"@type\":\"EntryPoint\",\"urlTemplate\":\"https:\/\/kunmedierne.dk\/mors\/?s={search_term_string}\"},\"query-input\":{\"@type\":\"PropertyValueSpecification\",\"valueRequired\":true,\"valueName\":\"search_term_string\"}}],\"inLanguage\":\"da-DK\"},{\"@type\":\"Organization\",\"@id\":\"https:\/\/kunmedierne.dk\/mors\/#organization\",\"name\":\"Mors\",\"url\":\"https:\/\/kunmedierne.dk\/mors\/\",\"logo\":{\"@type\":\"ImageObject\",\"inLanguage\":\"da-DK\",\"@id\":\"https:\/\/kunmedierne.dk\/mors\/#\/schema\/logo\/image\/\",\"url\":\"https:\/\/kunmedierne.dk\/mors\/wp-content\/uploads\/2024\/08\/kunmors-logo.svg\",\"contentUrl\":\"https:\/\/kunmedierne.dk\/mors\/wp-content\/uploads\/2024\/08\/kunmors-logo.svg\",\"caption\":\"Mors\"},\"image\":{\"@id\":\"https:\/\/kunmedierne.dk\/mors\/#\/schema\/logo\/image\/\"}},{\"@type\":\"Person\",\"@id\":\"https:\/\/kunmedierne.dk\/mors\/#\/schema\/person\/5fe23251bf1d0abbcdc6f7896579d548\",\"name\":\"David H\u00f8jmark\",\"image\":{\"@type\":\"ImageObject\",\"inLanguage\":\"da-DK\",\"@id\":\"https:\/\/kunmedierne.dk\/mors\/#\/schema\/person\/image\/\",\"url\":\"https:\/\/secure.gravatar.com\/avatar\/4315d6fb9ef244d729989f5f90268eb08d5bf8a3d84402f595fa194bb35784fd?s=96&d=mm&r=g\",\"contentUrl\":\"https:\/\/secure.gravatar.com\/avatar\/4315d6fb9ef244d729989f5f90268eb08d5bf8a3d84402f595fa194bb35784fd?s=96&d=mm&r=g\",\"caption\":\"David H\u00f8jmark\"},\"sameAs\":[\"https:\/\/www.kunmedierne.dk\"],\"url\":\"https:\/\/kunmedierne.dk\/mors\/author\/david\/\"}]}<\/script>\n<!-- \/ Yoast SEO plugin. -->","yoast_head_json":{"title":"Forskelsbehandler Mors\u00f8 Kommune \u00f8ens h\u00e5ndv\u00e6rkere? - Mors","robots":{"index":"index","follow":"follow","max-snippet":"max-snippet:-1","max-image-preview":"max-image-preview:large","max-video-preview":"max-video-preview:-1"},"canonical":"https:\/\/kunmedierne.dk\/mors\/forskelsbehandler-morsoe-kommune-oeens-haandvaerkere\/","og_locale":"da_DK","og_type":"article","og_title":"Forskelsbehandler Mors\u00f8 Kommune \u00f8ens h\u00e5ndv\u00e6rkere? - Mors","og_description":"MORS: Ser Mors\u00f8 Kommune for meget i retning af de samme h\u00e5ndv\u00e6rkere, mens andre ikke f\u00e5r opgaver, n\u00e5r kommunen s\u00e6tter dem i udbud? Det sp\u00f8rgsm\u00e5l dukkede op undervejs p\u00e5 kommunalbestyrelsens m\u00f8de tirsdag aften, da et punkt om energirenoveringer for 4,9 millioner kom vidt omkring. Punktet, der p\u00e5 foranledning af Anja Birch Als\u00f8er (V) ogs\u00e5 f\u00f8rte [&hellip;]","og_url":"https:\/\/kunmedierne.dk\/mors\/forskelsbehandler-morsoe-kommune-oeens-haandvaerkere\/","og_site_name":"Mors","article_published_time":"2020-04-29T08:26:56+00:00","article_modified_time":"2024-08-12T12:06:11+00:00","og_image":[{"width":770,"height":513,"url":"https:\/\/kunmedierne.dk\/mors\/wp-content\/uploads\/2020\/04\/william-wendling-PVGYTu5yAAA-unsplash.jpg","type":"image\/jpeg"}],"author":"David H\u00f8jmark","twitter_card":"summary_large_image","twitter_misc":{"Skrevet af":"David H\u00f8jmark","Estimeret l\u00e6setid":"4 minutter"},"schema":{"@context":"https:\/\/schema.org","@graph":[{"@type":"Article","@id":"https:\/\/kunmedierne.dk\/mors\/forskelsbehandler-morsoe-kommune-oeens-haandvaerkere\/#article","isPartOf":{"@id":"https:\/\/kunmedierne.dk\/mors\/forskelsbehandler-morsoe-kommune-oeens-haandvaerkere\/"},"author":{"name":"David H\u00f8jmark","@id":"https:\/\/kunmedierne.dk\/mors\/#\/schema\/person\/5fe23251bf1d0abbcdc6f7896579d548"},"headline":"Forskelsbehandler Mors\u00f8 Kommune \u00f8ens h\u00e5ndv\u00e6rkere?","datePublished":"2020-04-29T08:26:56+00:00","dateModified":"2024-08-12T12:06:11+00:00","mainEntityOfPage":{"@id":"https:\/\/kunmedierne.dk\/mors\/forskelsbehandler-morsoe-kommune-oeens-haandvaerkere\/"},"wordCount":881,"commentCount":0,"publisher":{"@id":"https:\/\/kunmedierne.dk\/mors\/#organization"},"image":{"@id":"https:\/\/kunmedierne.dk\/mors\/forskelsbehandler-morsoe-kommune-oeens-haandvaerkere\/#primaryimage"},"thumbnailUrl":"https:\/\/kunmedierne.dk\/mors\/wp-content\/uploads\/2020\/04\/william-wendling-PVGYTu5yAAA-unsplash.jpg","keywords":["Erhverv","Politik"],"articleSection":["Lokalt"],"inLanguage":"da-DK","potentialAction":[{"@type":"CommentAction","name":"Comment","target":["https:\/\/kunmedierne.dk\/mors\/forskelsbehandler-morsoe-kommune-oeens-haandvaerkere\/#respond"]}]},{"@type":"WebPage","@id":"https:\/\/kunmedierne.dk\/mors\/forskelsbehandler-morsoe-kommune-oeens-haandvaerkere\/","url":"https:\/\/kunmedierne.dk\/mors\/forskelsbehandler-morsoe-kommune-oeens-haandvaerkere\/","name":"Forskelsbehandler Mors\u00f8 Kommune \u00f8ens h\u00e5ndv\u00e6rkere? - Mors","isPartOf":{"@id":"https:\/\/kunmedierne.dk\/mors\/#website"},"primaryImageOfPage":{"@id":"https:\/\/kunmedierne.dk\/mors\/forskelsbehandler-morsoe-kommune-oeens-haandvaerkere\/#primaryimage"},"image":{"@id":"https:\/\/kunmedierne.dk\/mors\/forskelsbehandler-morsoe-kommune-oeens-haandvaerkere\/#primaryimage"},"thumbnailUrl":"https:\/\/kunmedierne.dk\/mors\/wp-content\/uploads\/2020\/04\/william-wendling-PVGYTu5yAAA-unsplash.jpg","datePublished":"2020-04-29T08:26:56+00:00","dateModified":"2024-08-12T12:06:11+00:00","breadcrumb":{"@id":"https:\/\/kunmedierne.dk\/mors\/forskelsbehandler-morsoe-kommune-oeens-haandvaerkere\/#breadcrumb"},"inLanguage":"da-DK","potentialAction":[{"@type":"ReadAction","target":["https:\/\/kunmedierne.dk\/mors\/forskelsbehandler-morsoe-kommune-oeens-haandvaerkere\/"]}]},{"@type":"ImageObject","inLanguage":"da-DK","@id":"https:\/\/kunmedierne.dk\/mors\/forskelsbehandler-morsoe-kommune-oeens-haandvaerkere\/#primaryimage","url":"https:\/\/kunmedierne.dk\/mors\/wp-content\/uploads\/2020\/04\/william-wendling-PVGYTu5yAAA-unsplash.jpg","contentUrl":"https:\/\/kunmedierne.dk\/mors\/wp-content\/uploads\/2020\/04\/william-wendling-PVGYTu5yAAA-unsplash.jpg","width":770,"height":513,"caption":"Mors\u00f8 Kommunes h\u00e5ndtering af udbud til h\u00e5ndv\u00e6rksarbejde blev behandlet p\u00e5 kommunalbestyrelsens m\u00f8de. Modelfoto: William Wending\/Unsplash."},{"@type":"BreadcrumbList","@id":"https:\/\/kunmedierne.dk\/mors\/forskelsbehandler-morsoe-kommune-oeens-haandvaerkere\/#breadcrumb","itemListElement":[{"@type":"ListItem","position":1,"name":"Hjem","item":"https:\/\/kunmedierne.dk\/mors\/"},{"@type":"ListItem","position":2,"name":"Forskelsbehandler Mors\u00f8 Kommune \u00f8ens h\u00e5ndv\u00e6rkere?"}]},{"@type":"WebSite","@id":"https:\/\/kunmedierne.dk\/mors\/#website","url":"https:\/\/kunmedierne.dk\/mors\/","name":"Mors","description":"et netmedie med journalistik om livet p\u00e5 Mors","publisher":{"@id":"https:\/\/kunmedierne.dk\/mors\/#organization"},"potentialAction":[{"@type":"SearchAction","target":{"@type":"EntryPoint","urlTemplate":"https:\/\/kunmedierne.dk\/mors\/?s={search_term_string}"},"query-input":{"@type":"PropertyValueSpecification","valueRequired":true,"valueName":"search_term_string"}}],"inLanguage":"da-DK"},{"@type":"Organization","@id":"https:\/\/kunmedierne.dk\/mors\/#organization","name":"Mors","url":"https:\/\/kunmedierne.dk\/mors\/","logo":{"@type":"ImageObject","inLanguage":"da-DK","@id":"https:\/\/kunmedierne.dk\/mors\/#\/schema\/logo\/image\/","url":"https:\/\/kunmedierne.dk\/mors\/wp-content\/uploads\/2024\/08\/kunmors-logo.svg","contentUrl":"https:\/\/kunmedierne.dk\/mors\/wp-content\/uploads\/2024\/08\/kunmors-logo.svg","caption":"Mors"},"image":{"@id":"https:\/\/kunmedierne.dk\/mors\/#\/schema\/logo\/image\/"}},{"@type":"Person","@id":"https:\/\/kunmedierne.dk\/mors\/#\/schema\/person\/5fe23251bf1d0abbcdc6f7896579d548","name":"David H\u00f8jmark","image":{"@type":"ImageObject","inLanguage":"da-DK","@id":"https:\/\/kunmedierne.dk\/mors\/#\/schema\/person\/image\/","url":"https:\/\/secure.gravatar.com\/avatar\/4315d6fb9ef244d729989f5f90268eb08d5bf8a3d84402f595fa194bb35784fd?s=96&d=mm&r=g","contentUrl":"https:\/\/secure.gravatar.com\/avatar\/4315d6fb9ef244d729989f5f90268eb08d5bf8a3d84402f595fa194bb35784fd?s=96&d=mm&r=g","caption":"David H\u00f8jmark"},"sameAs":["https:\/\/www.kunmedierne.dk"],"url":"https:\/\/kunmedierne.dk\/mors\/author\/david\/"}]}},"_links":{"self":[{"href":"https:\/\/kunmedierne.dk\/mors\/wp-json\/wp\/v2\/posts\/19422","targetHints":{"allow":["GET"]}}],"collection":[{"href":"https:\/\/kunmedierne.dk\/mors\/wp-json\/wp\/v2\/posts"}],"about":[{"href":"https:\/\/kunmedierne.dk\/mors\/wp-json\/wp\/v2\/types\/post"}],"author":[{"embeddable":true,"href":"https:\/\/kunmedierne.dk\/mors\/wp-json\/wp\/v2\/users\/8"}],"replies":[{"embeddable":true,"href":"https:\/\/kunmedierne.dk\/mors\/wp-json\/wp\/v2\/comments?post=19422"}],"version-history":[{"count":6,"href":"https:\/\/kunmedierne.dk\/mors\/wp-json\/wp\/v2\/posts\/19422\/revisions"}],"predecessor-version":[{"id":19506,"href":"https:\/\/kunmedierne.dk\/mors\/wp-json\/wp\/v2\/posts\/19422\/revisions\/19506"}],"wp:featuredmedia":[{"embeddable":true,"href":"https:\/\/kunmedierne.dk\/mors\/wp-json\/wp\/v2\/media\/19435"}],"wp:attachment":[{"href":"https:\/\/kunmedierne.dk\/mors\/wp-json\/wp\/v2\/media?parent=19422"}],"wp:term":[{"taxonomy":"category","embeddable":true,"href":"https:\/\/kunmedierne.dk\/mors\/wp-json\/wp\/v2\/categories?post=19422"},{"taxonomy":"post_tag","embeddable":true,"href":"https:\/\/kunmedierne.dk\/mors\/wp-json\/wp\/v2\/tags?post=19422"}],"curies":[{"name":"wp","href":"https:\/\/api.w.org\/{rel}","templated":true}]}}