{"id":19366,"date":"2020-04-28T14:48:05","date_gmt":"2020-04-28T12:48:05","guid":{"rendered":"https:\/\/kunmedierne.dk\/mors\/?p=19366"},"modified":"2024-08-12T14:06:11","modified_gmt":"2024-08-12T12:06:11","slug":"hvorfor-fyrer-virksomheder-uden-at-bruge-hjaelpepakker","status":"publish","type":"post","link":"https:\/\/kunmedierne.dk\/mors\/hvorfor-fyrer-virksomheder-uden-at-bruge-hjaelpepakker\/","title":{"rendered":"Hvorfor fyrer virksomheder uden at bruge hj\u00e6lpepakker?"},"content":{"rendered":"<p><strong>MORS<\/strong>: Hvad stiller man op med sin virksomhed, n\u00e5r ordrebogen bliver tyndere? Det sp\u00f8rgsm\u00e5l m\u00e5 mange virksomhedsejere forholde sig til under coronakrisen &#8211; og for nogle er svaret at sk\u00e6re ned p\u00e5 staben af medarbejdere.<\/p>\n<p>De st\u00e5r s\u00e5 til geng\u00e6ld ofte tilbage med et andet og lige s\u00e5 dramatisk sp\u00f8rgsm\u00e5l: Kunne virksomheden have valgt en anden l\u00f8sning? For eksempel ved at g\u00f8re brug af den hj\u00e6lpepakke, som regeringen og arbejdsmarkedets parter er blevet enig om at forl\u00e6nge, s\u00e5 man helt frem til 8. juli kan modtage l\u00f8nkompensation og samtidig lade medarbejderne beholde jobbet frem for at fyre dem.<\/p>\n<p>Tage Odgaard Nielsen, formand for s\u00e5vel Mors\u00f8 Erhvervsr\u00e5d som Dansk Industri Thy-Mors, kan godt s\u00e6tte sig ind i frustrationerne hos en, der har mistet sit job i en virksomhed, som har sagt nej tak til hj\u00e6lpepakke.<\/p>\n<p>&#8220;Det kan jeg godt forst\u00e5. Og man kan godt diskutere, hvad der er godt og skidt. Men hvis man st\u00e5r tilbage som medarbejder og t\u00e6nker: &#8216;Hvorfor fanden brugte de ikke hj\u00e6lpepakken?&#8217;, s\u00e5 er det nok, fordi det alligevel koster virksomheden 10-12.000 kroner om m\u00e5neden at have en medarbejder p\u00e5 hj\u00e6lpepakken,&#8221; siger han med henvisning til, at l\u00f8nkompensationsordningen ikke d\u00e6kker 100 procent af l\u00f8nomkostningerne.<\/p>\n<p>&nbsp;<\/p>\n<p><strong>Savner mere fleksibilitet<\/strong><\/p>\n<p>Trepartsaftalen mellem regeringen, Fagbev\u00e6gelsens Hovedorganisation og Dansk Arbejdsgiverforening sikrer, at staten d\u00e6kker 75 procent af l\u00f8nudgifterne til funktion\u00e6rer og 90 procent af l\u00f8nudgifterne til ikke-funktion\u00e6rer &#8211; dog maksimalt 30.000 kroner om m\u00e5neden for hver fuldtidsansatte.<\/p>\n<p>Det betyder, at der stadig er en udgift at forholde sig til for virksomhederne, og Tage Odgaard Nielsen fremh\u00e6ver samtidig, at aftalen ikke er helt s\u00e5 fleksibel, som nogle virksomheder kunne \u00f8nske sig. For eksempel ville de gerne have mulighed for at tage medarbejdere ind i et par dage, hvis det blev muligt.<\/p>\n<p>&#8220;Men det kan man ikke. Det er enten eller. Man kan heller ikke bytte rundt og sige, at det er en tredjedel i denne m\u00e5ned og en tredjedel i n\u00e6ste. Det skal v\u00e6re de samme,&#8221; siger han.<\/p>\n<p>&#8220;Det er klart, at det er bedre end ingenting, men det koster stadig en del penge,&#8221; siger Tage Odgaard Nielsen om l\u00f8nkompensationsordningen. Samtidig udtrykker han forst\u00e5else for, at staten og virksomhederne i f\u00e6llesskab l\u00f8ser udfordringen.<\/p>\n<p>&#8220;Men hvis man ikke har for godt et resultat, v\u00e6lger man m\u00e5ske at fyre i stedet for. Det, man s\u00e5 kan h\u00e5be, er, at med det samme, vi kommer i gang igen, kommer medarbejderne i arbejde igen. Det h\u00e5ber jeg selvf\u00f8lgelig voldsomt p\u00e5,&#8221; siger Tage Odgaard Nielsen.<\/p>\n<p>&nbsp;<\/p>\n<p><strong>Arbejdsfordeling er mere popul\u00e6rt<\/strong><\/p>\n<p>Det g\u00f8r Niels Jensen, formand for 3F Thy-Mors, utvivlsomt ogs\u00e5. Og han har bem\u00e6rket, at l\u00f8nkompensationsordningen ikke er lige s\u00e5 anvendt i det nordvestjyske som andre steder i landet.<\/p>\n<p>&#8220;Det er bem\u00e6rkelsesv\u00e6rdigt, at lige pr\u00e6cis Thy og Mors ikke har benyttet sig af l\u00f8ngarantiordningen fra trepartsforhandlingerne. Det undrer vi os faktisk ogs\u00e5 over. Vi synes jo, at det er en knaldhamrende god l\u00f8sning,&#8221; siger han.<\/p>\n<p>Han melder om mere brug af arbejdsfordelingsordningen, der g\u00f8r det muligt for virksomhederne midlertidigt at neds\u00e6tte medarbejdernes arbejdstid i en periode. Og han\u00a0advarer virksomhederne mod at t\u00e6nke kortsigtet, fordi de risikerer at miste medarbejdere p\u00e5 arbejdsfordeling.<\/p>\n<p>&#8220;Det, man skal huske, er, at de folk, der ryger p\u00e5 Arbejdsformidlingen, st\u00e5r til r\u00e5dighed for arbejdsmarkedet. S\u00e5 man risikerer, at de g\u00e5r hen og finder andet arbejde,&#8221; siger han og uddyber, at virksomheden dermed risikerer at miste en medarbejder, den har brugt mange penge p\u00e5 at uddanne.<\/p>\n<p>&#8220;Hvis man benytter sig af l\u00f8ngarantiordningen, er de tilknyttet virksomheden,&#8221; tilf\u00f8jer han.<\/p>\n<p>&nbsp;<\/p>\n<p><strong>Man kigger p\u00e5 bundlinjen<\/strong><\/p>\n<p>Niels Jensen kan dog godt s\u00e6tte sig ind i tankegangen hos virksomheder, der kigger p\u00e5 bundlinjen og p\u00e5, hvad det koster at bevare medarbejdere &#8211; ogs\u00e5 selv om de f\u00e5r l\u00f8nkompensation.<\/p>\n<p>&#8220;Det er jo nok naturligt nok. Hvis du og jeg var direkt\u00f8r eller bestyrelsesmedlem i en stor virksomhed, ville vi jo nok ogs\u00e5 minimere vores variable omkostninger og kapacitetsomkostninger s\u00e5 meget som muligt. S\u00e5 det kommer ikke bag p\u00e5 mig, at de tr\u00e6kker det kort. Men de har alts\u00e5 den risiko, at n\u00e5r de sender folk hjem p\u00e5 arbejdsfordeling, kan de risikere, at de medarbejdere finder et andet job. Men det m\u00e5 tiden jo vise,&#8221; siger han.<\/p>\n<p>Niels Jensen vurderer, at mange p\u00e5 arbejdsfordeling vil blive fristet til at s\u00f8ge mod nogle af de virksomheder, der trods coronakrise har ekstra travlt &#8211; eller m\u00e5ske har travlt netop p\u00e5 grund af coronakrisen, fordi danskernes feriebudget bliver brugt p\u00e5 eksempel huset.<\/p>\n<p>&#8220;S\u00e5 vil de s\u00f8ge derover. For det er ikke nogen sp\u00f8g at komme p\u00e5 dagpenge. Det n\u00e6rmer sig 60 procent af en ordentlig timel\u00f8n. Dagpengesatsen er jo slet ikke reguleret de sidste 10-15 \u00e5r, s\u00e5 det er ikke sjovt at komme p\u00e5 dagpenge,&#8221; siger Niels Jensen.<\/p>\n<p>&#8220;S\u00e5 som udgangspunkt opfordrer vi virksomhederne til at fastholde medarbejderne og benytte sig af l\u00f8nkompensation,&#8221; siger han og tilf\u00f8jer:<\/p>\n<p>&#8220;Men den siver ikke ind, det g\u00f8r den ikke. Man kigger p\u00e5 bundlinjen.&#8221;<\/p>\n","protected":false},"excerpt":{"rendered":"<p>MORS: Hvad stiller man op med sin virksomhed, n\u00e5r ordrebogen bliver tyndere? Det sp\u00f8rgsm\u00e5l m\u00e5 mange virksomhedsejere forholde sig til under coronakrisen &#8211; og for nogle er svaret at sk\u00e6re ned p\u00e5 staben af medarbejdere. De st\u00e5r s\u00e5 til geng\u00e6ld ofte tilbage med et andet og lige s\u00e5 dramatisk sp\u00f8rgsm\u00e5l: Kunne virksomheden have valgt en [&hellip;]<\/p>\n","protected":false},"author":8,"featured_media":19372,"comment_status":"open","ping_status":"open","sticky":false,"template":"","format":"standard","meta":{"_acf_changed":false,"footnotes":""},"categories":[51],"tags":[159],"class_list":["post-19366","post","type-post","status-publish","format-standard","has-post-thumbnail","hentry","category-lokalt","tag-erhverv"],"acf":[],"yoast_head":"<!-- This site is optimized with the Yoast SEO plugin v26.8 - https:\/\/yoast.com\/product\/yoast-seo-wordpress\/ -->\n<title>Hvorfor fyrer virksomheder uden at bruge hj\u00e6lpepakker? - Mors<\/title>\n<meta name=\"robots\" content=\"index, follow, max-snippet:-1, max-image-preview:large, max-video-preview:-1\" \/>\n<link rel=\"canonical\" href=\"https:\/\/kunmedierne.dk\/mors\/hvorfor-fyrer-virksomheder-uden-at-bruge-hjaelpepakker\/\" \/>\n<meta property=\"og:locale\" content=\"da_DK\" \/>\n<meta property=\"og:type\" content=\"article\" \/>\n<meta property=\"og:title\" content=\"Hvorfor fyrer virksomheder uden at bruge hj\u00e6lpepakker? - Mors\" \/>\n<meta property=\"og:description\" content=\"MORS: Hvad stiller man op med sin virksomhed, n\u00e5r ordrebogen bliver tyndere? Det sp\u00f8rgsm\u00e5l m\u00e5 mange virksomhedsejere forholde sig til under coronakrisen &#8211; og for nogle er svaret at sk\u00e6re ned p\u00e5 staben af medarbejdere. De st\u00e5r s\u00e5 til geng\u00e6ld ofte tilbage med et andet og lige s\u00e5 dramatisk sp\u00f8rgsm\u00e5l: Kunne virksomheden have valgt en [&hellip;]\" \/>\n<meta property=\"og:url\" content=\"https:\/\/kunmedierne.dk\/mors\/hvorfor-fyrer-virksomheder-uden-at-bruge-hjaelpepakker\/\" \/>\n<meta property=\"og:site_name\" content=\"Mors\" \/>\n<meta property=\"article:published_time\" content=\"2020-04-28T12:48:05+00:00\" \/>\n<meta property=\"article:modified_time\" content=\"2024-08-12T12:06:11+00:00\" \/>\n<meta property=\"og:image\" content=\"https:\/\/kunmedierne.dk\/mors\/wp-content\/uploads\/2020\/04\/xi-wang-vevOKBpCI5E-unsplash.jpg\" \/>\n\t<meta property=\"og:image:width\" content=\"770\" \/>\n\t<meta property=\"og:image:height\" content=\"513\" \/>\n\t<meta property=\"og:image:type\" content=\"image\/jpeg\" \/>\n<meta name=\"author\" content=\"David H\u00f8jmark\" \/>\n<meta name=\"twitter:card\" content=\"summary_large_image\" \/>\n<meta name=\"twitter:label1\" content=\"Skrevet af\" \/>\n\t<meta name=\"twitter:data1\" content=\"David H\u00f8jmark\" \/>\n\t<meta name=\"twitter:label2\" content=\"Estimeret l\u00e6setid\" \/>\n\t<meta name=\"twitter:data2\" content=\"4 minutter\" \/>\n<script type=\"application\/ld+json\" class=\"yoast-schema-graph\">{\"@context\":\"https:\/\/schema.org\",\"@graph\":[{\"@type\":\"Article\",\"@id\":\"https:\/\/kunmedierne.dk\/mors\/hvorfor-fyrer-virksomheder-uden-at-bruge-hjaelpepakker\/#article\",\"isPartOf\":{\"@id\":\"https:\/\/kunmedierne.dk\/mors\/hvorfor-fyrer-virksomheder-uden-at-bruge-hjaelpepakker\/\"},\"author\":{\"name\":\"David H\u00f8jmark\",\"@id\":\"https:\/\/kunmedierne.dk\/mors\/#\/schema\/person\/5fe23251bf1d0abbcdc6f7896579d548\"},\"headline\":\"Hvorfor fyrer virksomheder uden at bruge hj\u00e6lpepakker?\",\"datePublished\":\"2020-04-28T12:48:05+00:00\",\"dateModified\":\"2024-08-12T12:06:11+00:00\",\"mainEntityOfPage\":{\"@id\":\"https:\/\/kunmedierne.dk\/mors\/hvorfor-fyrer-virksomheder-uden-at-bruge-hjaelpepakker\/\"},\"wordCount\":887,\"commentCount\":0,\"publisher\":{\"@id\":\"https:\/\/kunmedierne.dk\/mors\/#organization\"},\"image\":{\"@id\":\"https:\/\/kunmedierne.dk\/mors\/hvorfor-fyrer-virksomheder-uden-at-bruge-hjaelpepakker\/#primaryimage\"},\"thumbnailUrl\":\"https:\/\/kunmedierne.dk\/mors\/wp-content\/uploads\/2020\/04\/xi-wang-vevOKBpCI5E-unsplash.jpg\",\"keywords\":[\"Erhverv\"],\"articleSection\":[\"Lokalt\"],\"inLanguage\":\"da-DK\",\"potentialAction\":[{\"@type\":\"CommentAction\",\"name\":\"Comment\",\"target\":[\"https:\/\/kunmedierne.dk\/mors\/hvorfor-fyrer-virksomheder-uden-at-bruge-hjaelpepakker\/#respond\"]}]},{\"@type\":\"WebPage\",\"@id\":\"https:\/\/kunmedierne.dk\/mors\/hvorfor-fyrer-virksomheder-uden-at-bruge-hjaelpepakker\/\",\"url\":\"https:\/\/kunmedierne.dk\/mors\/hvorfor-fyrer-virksomheder-uden-at-bruge-hjaelpepakker\/\",\"name\":\"Hvorfor fyrer virksomheder uden at bruge hj\u00e6lpepakker? - Mors\",\"isPartOf\":{\"@id\":\"https:\/\/kunmedierne.dk\/mors\/#website\"},\"primaryImageOfPage\":{\"@id\":\"https:\/\/kunmedierne.dk\/mors\/hvorfor-fyrer-virksomheder-uden-at-bruge-hjaelpepakker\/#primaryimage\"},\"image\":{\"@id\":\"https:\/\/kunmedierne.dk\/mors\/hvorfor-fyrer-virksomheder-uden-at-bruge-hjaelpepakker\/#primaryimage\"},\"thumbnailUrl\":\"https:\/\/kunmedierne.dk\/mors\/wp-content\/uploads\/2020\/04\/xi-wang-vevOKBpCI5E-unsplash.jpg\",\"datePublished\":\"2020-04-28T12:48:05+00:00\",\"dateModified\":\"2024-08-12T12:06:11+00:00\",\"breadcrumb\":{\"@id\":\"https:\/\/kunmedierne.dk\/mors\/hvorfor-fyrer-virksomheder-uden-at-bruge-hjaelpepakker\/#breadcrumb\"},\"inLanguage\":\"da-DK\",\"potentialAction\":[{\"@type\":\"ReadAction\",\"target\":[\"https:\/\/kunmedierne.dk\/mors\/hvorfor-fyrer-virksomheder-uden-at-bruge-hjaelpepakker\/\"]}]},{\"@type\":\"ImageObject\",\"inLanguage\":\"da-DK\",\"@id\":\"https:\/\/kunmedierne.dk\/mors\/hvorfor-fyrer-virksomheder-uden-at-bruge-hjaelpepakker\/#primaryimage\",\"url\":\"https:\/\/kunmedierne.dk\/mors\/wp-content\/uploads\/2020\/04\/xi-wang-vevOKBpCI5E-unsplash.jpg\",\"contentUrl\":\"https:\/\/kunmedierne.dk\/mors\/wp-content\/uploads\/2020\/04\/xi-wang-vevOKBpCI5E-unsplash.jpg\",\"width\":770,\"height\":513,\"caption\":\"Modelfoto: Xi Wang\/Unsplash.\"},{\"@type\":\"BreadcrumbList\",\"@id\":\"https:\/\/kunmedierne.dk\/mors\/hvorfor-fyrer-virksomheder-uden-at-bruge-hjaelpepakker\/#breadcrumb\",\"itemListElement\":[{\"@type\":\"ListItem\",\"position\":1,\"name\":\"Hjem\",\"item\":\"https:\/\/kunmedierne.dk\/mors\/\"},{\"@type\":\"ListItem\",\"position\":2,\"name\":\"Hvorfor fyrer virksomheder uden at bruge hj\u00e6lpepakker?\"}]},{\"@type\":\"WebSite\",\"@id\":\"https:\/\/kunmedierne.dk\/mors\/#website\",\"url\":\"https:\/\/kunmedierne.dk\/mors\/\",\"name\":\"Mors\",\"description\":\"et netmedie med journalistik om livet p\u00e5 Mors\",\"publisher\":{\"@id\":\"https:\/\/kunmedierne.dk\/mors\/#organization\"},\"potentialAction\":[{\"@type\":\"SearchAction\",\"target\":{\"@type\":\"EntryPoint\",\"urlTemplate\":\"https:\/\/kunmedierne.dk\/mors\/?s={search_term_string}\"},\"query-input\":{\"@type\":\"PropertyValueSpecification\",\"valueRequired\":true,\"valueName\":\"search_term_string\"}}],\"inLanguage\":\"da-DK\"},{\"@type\":\"Organization\",\"@id\":\"https:\/\/kunmedierne.dk\/mors\/#organization\",\"name\":\"Mors\",\"url\":\"https:\/\/kunmedierne.dk\/mors\/\",\"logo\":{\"@type\":\"ImageObject\",\"inLanguage\":\"da-DK\",\"@id\":\"https:\/\/kunmedierne.dk\/mors\/#\/schema\/logo\/image\/\",\"url\":\"https:\/\/kunmedierne.dk\/mors\/wp-content\/uploads\/2024\/08\/kunmors-logo.svg\",\"contentUrl\":\"https:\/\/kunmedierne.dk\/mors\/wp-content\/uploads\/2024\/08\/kunmors-logo.svg\",\"caption\":\"Mors\"},\"image\":{\"@id\":\"https:\/\/kunmedierne.dk\/mors\/#\/schema\/logo\/image\/\"}},{\"@type\":\"Person\",\"@id\":\"https:\/\/kunmedierne.dk\/mors\/#\/schema\/person\/5fe23251bf1d0abbcdc6f7896579d548\",\"name\":\"David H\u00f8jmark\",\"image\":{\"@type\":\"ImageObject\",\"inLanguage\":\"da-DK\",\"@id\":\"https:\/\/kunmedierne.dk\/mors\/#\/schema\/person\/image\/\",\"url\":\"https:\/\/secure.gravatar.com\/avatar\/4315d6fb9ef244d729989f5f90268eb08d5bf8a3d84402f595fa194bb35784fd?s=96&d=mm&r=g\",\"contentUrl\":\"https:\/\/secure.gravatar.com\/avatar\/4315d6fb9ef244d729989f5f90268eb08d5bf8a3d84402f595fa194bb35784fd?s=96&d=mm&r=g\",\"caption\":\"David H\u00f8jmark\"},\"sameAs\":[\"https:\/\/www.kunmedierne.dk\"],\"url\":\"https:\/\/kunmedierne.dk\/mors\/author\/david\/\"}]}<\/script>\n<!-- \/ Yoast SEO plugin. -->","yoast_head_json":{"title":"Hvorfor fyrer virksomheder uden at bruge hj\u00e6lpepakker? - Mors","robots":{"index":"index","follow":"follow","max-snippet":"max-snippet:-1","max-image-preview":"max-image-preview:large","max-video-preview":"max-video-preview:-1"},"canonical":"https:\/\/kunmedierne.dk\/mors\/hvorfor-fyrer-virksomheder-uden-at-bruge-hjaelpepakker\/","og_locale":"da_DK","og_type":"article","og_title":"Hvorfor fyrer virksomheder uden at bruge hj\u00e6lpepakker? - Mors","og_description":"MORS: Hvad stiller man op med sin virksomhed, n\u00e5r ordrebogen bliver tyndere? Det sp\u00f8rgsm\u00e5l m\u00e5 mange virksomhedsejere forholde sig til under coronakrisen &#8211; og for nogle er svaret at sk\u00e6re ned p\u00e5 staben af medarbejdere. De st\u00e5r s\u00e5 til geng\u00e6ld ofte tilbage med et andet og lige s\u00e5 dramatisk sp\u00f8rgsm\u00e5l: Kunne virksomheden have valgt en [&hellip;]","og_url":"https:\/\/kunmedierne.dk\/mors\/hvorfor-fyrer-virksomheder-uden-at-bruge-hjaelpepakker\/","og_site_name":"Mors","article_published_time":"2020-04-28T12:48:05+00:00","article_modified_time":"2024-08-12T12:06:11+00:00","og_image":[{"width":770,"height":513,"url":"https:\/\/kunmedierne.dk\/mors\/wp-content\/uploads\/2020\/04\/xi-wang-vevOKBpCI5E-unsplash.jpg","type":"image\/jpeg"}],"author":"David H\u00f8jmark","twitter_card":"summary_large_image","twitter_misc":{"Skrevet af":"David H\u00f8jmark","Estimeret l\u00e6setid":"4 minutter"},"schema":{"@context":"https:\/\/schema.org","@graph":[{"@type":"Article","@id":"https:\/\/kunmedierne.dk\/mors\/hvorfor-fyrer-virksomheder-uden-at-bruge-hjaelpepakker\/#article","isPartOf":{"@id":"https:\/\/kunmedierne.dk\/mors\/hvorfor-fyrer-virksomheder-uden-at-bruge-hjaelpepakker\/"},"author":{"name":"David H\u00f8jmark","@id":"https:\/\/kunmedierne.dk\/mors\/#\/schema\/person\/5fe23251bf1d0abbcdc6f7896579d548"},"headline":"Hvorfor fyrer virksomheder uden at bruge hj\u00e6lpepakker?","datePublished":"2020-04-28T12:48:05+00:00","dateModified":"2024-08-12T12:06:11+00:00","mainEntityOfPage":{"@id":"https:\/\/kunmedierne.dk\/mors\/hvorfor-fyrer-virksomheder-uden-at-bruge-hjaelpepakker\/"},"wordCount":887,"commentCount":0,"publisher":{"@id":"https:\/\/kunmedierne.dk\/mors\/#organization"},"image":{"@id":"https:\/\/kunmedierne.dk\/mors\/hvorfor-fyrer-virksomheder-uden-at-bruge-hjaelpepakker\/#primaryimage"},"thumbnailUrl":"https:\/\/kunmedierne.dk\/mors\/wp-content\/uploads\/2020\/04\/xi-wang-vevOKBpCI5E-unsplash.jpg","keywords":["Erhverv"],"articleSection":["Lokalt"],"inLanguage":"da-DK","potentialAction":[{"@type":"CommentAction","name":"Comment","target":["https:\/\/kunmedierne.dk\/mors\/hvorfor-fyrer-virksomheder-uden-at-bruge-hjaelpepakker\/#respond"]}]},{"@type":"WebPage","@id":"https:\/\/kunmedierne.dk\/mors\/hvorfor-fyrer-virksomheder-uden-at-bruge-hjaelpepakker\/","url":"https:\/\/kunmedierne.dk\/mors\/hvorfor-fyrer-virksomheder-uden-at-bruge-hjaelpepakker\/","name":"Hvorfor fyrer virksomheder uden at bruge hj\u00e6lpepakker? - Mors","isPartOf":{"@id":"https:\/\/kunmedierne.dk\/mors\/#website"},"primaryImageOfPage":{"@id":"https:\/\/kunmedierne.dk\/mors\/hvorfor-fyrer-virksomheder-uden-at-bruge-hjaelpepakker\/#primaryimage"},"image":{"@id":"https:\/\/kunmedierne.dk\/mors\/hvorfor-fyrer-virksomheder-uden-at-bruge-hjaelpepakker\/#primaryimage"},"thumbnailUrl":"https:\/\/kunmedierne.dk\/mors\/wp-content\/uploads\/2020\/04\/xi-wang-vevOKBpCI5E-unsplash.jpg","datePublished":"2020-04-28T12:48:05+00:00","dateModified":"2024-08-12T12:06:11+00:00","breadcrumb":{"@id":"https:\/\/kunmedierne.dk\/mors\/hvorfor-fyrer-virksomheder-uden-at-bruge-hjaelpepakker\/#breadcrumb"},"inLanguage":"da-DK","potentialAction":[{"@type":"ReadAction","target":["https:\/\/kunmedierne.dk\/mors\/hvorfor-fyrer-virksomheder-uden-at-bruge-hjaelpepakker\/"]}]},{"@type":"ImageObject","inLanguage":"da-DK","@id":"https:\/\/kunmedierne.dk\/mors\/hvorfor-fyrer-virksomheder-uden-at-bruge-hjaelpepakker\/#primaryimage","url":"https:\/\/kunmedierne.dk\/mors\/wp-content\/uploads\/2020\/04\/xi-wang-vevOKBpCI5E-unsplash.jpg","contentUrl":"https:\/\/kunmedierne.dk\/mors\/wp-content\/uploads\/2020\/04\/xi-wang-vevOKBpCI5E-unsplash.jpg","width":770,"height":513,"caption":"Modelfoto: Xi Wang\/Unsplash."},{"@type":"BreadcrumbList","@id":"https:\/\/kunmedierne.dk\/mors\/hvorfor-fyrer-virksomheder-uden-at-bruge-hjaelpepakker\/#breadcrumb","itemListElement":[{"@type":"ListItem","position":1,"name":"Hjem","item":"https:\/\/kunmedierne.dk\/mors\/"},{"@type":"ListItem","position":2,"name":"Hvorfor fyrer virksomheder uden at bruge hj\u00e6lpepakker?"}]},{"@type":"WebSite","@id":"https:\/\/kunmedierne.dk\/mors\/#website","url":"https:\/\/kunmedierne.dk\/mors\/","name":"Mors","description":"et netmedie med journalistik om livet p\u00e5 Mors","publisher":{"@id":"https:\/\/kunmedierne.dk\/mors\/#organization"},"potentialAction":[{"@type":"SearchAction","target":{"@type":"EntryPoint","urlTemplate":"https:\/\/kunmedierne.dk\/mors\/?s={search_term_string}"},"query-input":{"@type":"PropertyValueSpecification","valueRequired":true,"valueName":"search_term_string"}}],"inLanguage":"da-DK"},{"@type":"Organization","@id":"https:\/\/kunmedierne.dk\/mors\/#organization","name":"Mors","url":"https:\/\/kunmedierne.dk\/mors\/","logo":{"@type":"ImageObject","inLanguage":"da-DK","@id":"https:\/\/kunmedierne.dk\/mors\/#\/schema\/logo\/image\/","url":"https:\/\/kunmedierne.dk\/mors\/wp-content\/uploads\/2024\/08\/kunmors-logo.svg","contentUrl":"https:\/\/kunmedierne.dk\/mors\/wp-content\/uploads\/2024\/08\/kunmors-logo.svg","caption":"Mors"},"image":{"@id":"https:\/\/kunmedierne.dk\/mors\/#\/schema\/logo\/image\/"}},{"@type":"Person","@id":"https:\/\/kunmedierne.dk\/mors\/#\/schema\/person\/5fe23251bf1d0abbcdc6f7896579d548","name":"David H\u00f8jmark","image":{"@type":"ImageObject","inLanguage":"da-DK","@id":"https:\/\/kunmedierne.dk\/mors\/#\/schema\/person\/image\/","url":"https:\/\/secure.gravatar.com\/avatar\/4315d6fb9ef244d729989f5f90268eb08d5bf8a3d84402f595fa194bb35784fd?s=96&d=mm&r=g","contentUrl":"https:\/\/secure.gravatar.com\/avatar\/4315d6fb9ef244d729989f5f90268eb08d5bf8a3d84402f595fa194bb35784fd?s=96&d=mm&r=g","caption":"David H\u00f8jmark"},"sameAs":["https:\/\/www.kunmedierne.dk"],"url":"https:\/\/kunmedierne.dk\/mors\/author\/david\/"}]}},"_links":{"self":[{"href":"https:\/\/kunmedierne.dk\/mors\/wp-json\/wp\/v2\/posts\/19366","targetHints":{"allow":["GET"]}}],"collection":[{"href":"https:\/\/kunmedierne.dk\/mors\/wp-json\/wp\/v2\/posts"}],"about":[{"href":"https:\/\/kunmedierne.dk\/mors\/wp-json\/wp\/v2\/types\/post"}],"author":[{"embeddable":true,"href":"https:\/\/kunmedierne.dk\/mors\/wp-json\/wp\/v2\/users\/8"}],"replies":[{"embeddable":true,"href":"https:\/\/kunmedierne.dk\/mors\/wp-json\/wp\/v2\/comments?post=19366"}],"version-history":[{"count":3,"href":"https:\/\/kunmedierne.dk\/mors\/wp-json\/wp\/v2\/posts\/19366\/revisions"}],"predecessor-version":[{"id":19371,"href":"https:\/\/kunmedierne.dk\/mors\/wp-json\/wp\/v2\/posts\/19366\/revisions\/19371"}],"wp:featuredmedia":[{"embeddable":true,"href":"https:\/\/kunmedierne.dk\/mors\/wp-json\/wp\/v2\/media\/19372"}],"wp:attachment":[{"href":"https:\/\/kunmedierne.dk\/mors\/wp-json\/wp\/v2\/media?parent=19366"}],"wp:term":[{"taxonomy":"category","embeddable":true,"href":"https:\/\/kunmedierne.dk\/mors\/wp-json\/wp\/v2\/categories?post=19366"},{"taxonomy":"post_tag","embeddable":true,"href":"https:\/\/kunmedierne.dk\/mors\/wp-json\/wp\/v2\/tags?post=19366"}],"curies":[{"name":"wp","href":"https:\/\/api.w.org\/{rel}","templated":true}]}}