{"id":19296,"date":"2020-04-27T15:36:53","date_gmt":"2020-04-27T13:36:53","guid":{"rendered":"https:\/\/kunmedierne.dk\/mors\/?p=19296"},"modified":"2024-08-12T14:06:11","modified_gmt":"2024-08-12T12:06:11","slug":"vindmoelleejer-den-skal-koere-igen","status":"publish","type":"post","link":"https:\/\/kunmedierne.dk\/mors\/vindmoelleejer-den-skal-koere-igen\/","title":{"rendered":"Vindm\u00f8lleejer: &#8211; Den skal k\u00f8re igen"},"content":{"rendered":"<p><strong>L\u00d8DDERUP<\/strong>: Hvad skal der ske med den vindm\u00f8lle?<\/p>\n<p>Det sp\u00f8rgsm\u00e5l stiller forbipasserende sig selv dag for dag, n\u00e5r de passerer den inaktive vindm\u00f8lle, der siden 30. december har sk\u00e6mmet synet ved til- og frak\u00f8rslen til A26 uden for Nyk\u00f8bing. Tydeligt ramt af rust, og med de wirer, der 30. december bragte den l\u00f8bske vindm\u00f8lle til standsning, stadig fastsp\u00e6ndt, er den ikke ligefrem et smukt f\u00f8rsteindtryk af Mors, n\u00e5r man kommer til \u00f8en fra Salling.<\/p>\n<p>Men vindm\u00f8llen kommer i gang igen. Det oplyser dens ejer, J\u00f8rgen Agerholm, til KunMors. For p\u00e5 sp\u00f8rgsm\u00e5let, om det er planen, svarer han:<\/p>\n<p><img loading=\"lazy\" decoding=\"async\" class=\"size-full wp-image-19310 alignright\" src=\"https:\/\/kunmedierne.dk\/mors\/wp-content\/uploads\/2020\/04\/200427-vindm\u00f8lle3.jpg\" alt=\"\" width=\"300\" height=\"513\" srcset=\"https:\/\/kunmedierne.dk\/mors\/wp-content\/uploads\/2020\/04\/200427-vindm\u00f8lle3.jpg 300w, https:\/\/kunmedierne.dk\/mors\/wp-content\/uploads\/2020\/04\/200427-vindm\u00f8lle3-175x300.jpg 175w\" sizes=\"auto, (max-width: 300px) 100vw, 300px\" \/>&#8220;Ja, men jeg kan ikke se, at det kommer dig ved.&#8221;<\/p>\n<p><em>&#8220;Nej, men det kommer nogen ved, som er kede af, at den st\u00e5r og ser ud, som den g\u00f8r. Men du siger, at den kommer i gang igen?&#8221;<\/em><\/p>\n<p>&#8220;Ja.&#8221;<\/p>\n<p><em>&#8220;Ved du hvorn\u00e5r?&#8221;<\/em><\/p>\n<p>&#8220;Nej, og det vil jeg ikke svare p\u00e5.&#8221;<\/p>\n<p>&nbsp;<\/p>\n<p><strong>Kan h\u00f8re fuglene synge<\/strong><\/p>\n<p>Vindm\u00f8llen, der blev opstillet i 1986, har i l\u00e6ngere tid v\u00e6ret en torn i \u00f8jet p\u00e5 omkringboende. Eller m\u00e5ske n\u00e6rmere en torn i \u00f8ret, for efter dens standsning er der en helt anderledes lyd, n\u00e5r man bev\u00e6ger sig uden for sit hus, fort\u00e6ller en nabo til vindm\u00f8llen.<\/p>\n<p>&#8220;Nu kan vi g\u00e5 uden for og nyde roen. Det er helt vildt, man kan h\u00f8re fuglene synge,&#8221; lyder det fra Arne Houm\u00f8ller.<\/p>\n<p>Han fort\u00e6ller om en vindm\u00f8lle, der l\u00e6nge f\u00f8r den l\u00f8b l\u00f8bsk gav indtryk af, at den k\u00f8rte p\u00e5 sin sidste tid.<\/p>\n<p>&#8220;Man kunne h\u00f8re gearkassen og generatoren. Og man kunne h\u00f8re dens susen fra vingerne. M\u00f8llen var slidt op. Det var virkelig slemt, man kan slet ikke sammenligne det med en ny m\u00f8lle,&#8221; siger Arne Houm\u00f8ller.<\/p>\n<p>&#8220;Vi krydser fingre for, at den er helt d\u00f8d. Men jeg t\u00f8r ikke tro p\u00e5 det, f\u00f8r vi har set d\u00f8sattesten,&#8221; tilf\u00f8jer han og siger, at efter at den er standset, er det som at bo et nyt sted.<\/p>\n<p>&#8220;Og jeg er helt sikker p\u00e5, at vores ejendomsv\u00e6rdi er steget,&#8221; siger Arne Houm\u00f8ller og tilf\u00f8jer:<\/p>\n<p>&#8220;Nu er det ikke m\u00f8llen, der holder os v\u00e5gen om natten.&#8221;<\/p>\n","protected":false},"excerpt":{"rendered":"<p>L\u00d8DDERUP: Hvad skal der ske med den vindm\u00f8lle? Det sp\u00f8rgsm\u00e5l stiller forbipasserende sig selv dag for dag, n\u00e5r de passerer den inaktive vindm\u00f8lle, der siden 30. december har sk\u00e6mmet synet ved til- og frak\u00f8rslen til A26 uden for Nyk\u00f8bing. Tydeligt ramt af rust, og med de wirer, der 30. december bragte den l\u00f8bske vindm\u00f8lle til [&hellip;]<\/p>\n","protected":false},"author":8,"featured_media":19309,"comment_status":"open","ping_status":"open","sticky":false,"template":"","format":"standard","meta":{"_acf_changed":false,"footnotes":""},"categories":[51],"tags":[],"class_list":["post-19296","post","type-post","status-publish","format-standard","has-post-thumbnail","hentry","category-lokalt"],"acf":[],"yoast_head":"<!-- This site is optimized with the Yoast SEO plugin v26.8 - https:\/\/yoast.com\/product\/yoast-seo-wordpress\/ -->\n<title>Vindm\u00f8lleejer: - Den skal k\u00f8re igen - Mors<\/title>\n<meta name=\"robots\" content=\"index, follow, max-snippet:-1, max-image-preview:large, max-video-preview:-1\" \/>\n<link rel=\"canonical\" href=\"https:\/\/kunmedierne.dk\/mors\/vindmoelleejer-den-skal-koere-igen\/\" \/>\n<meta property=\"og:locale\" content=\"da_DK\" \/>\n<meta property=\"og:type\" content=\"article\" \/>\n<meta property=\"og:title\" content=\"Vindm\u00f8lleejer: - Den skal k\u00f8re igen - Mors\" \/>\n<meta property=\"og:description\" content=\"L\u00d8DDERUP: Hvad skal der ske med den vindm\u00f8lle? Det sp\u00f8rgsm\u00e5l stiller forbipasserende sig selv dag for dag, n\u00e5r de passerer den inaktive vindm\u00f8lle, der siden 30. december har sk\u00e6mmet synet ved til- og frak\u00f8rslen til A26 uden for Nyk\u00f8bing. Tydeligt ramt af rust, og med de wirer, der 30. december bragte den l\u00f8bske vindm\u00f8lle til [&hellip;]\" \/>\n<meta property=\"og:url\" content=\"https:\/\/kunmedierne.dk\/mors\/vindmoelleejer-den-skal-koere-igen\/\" \/>\n<meta property=\"og:site_name\" content=\"Mors\" \/>\n<meta property=\"article:published_time\" content=\"2020-04-27T13:36:53+00:00\" \/>\n<meta property=\"article:modified_time\" content=\"2024-08-12T12:06:11+00:00\" \/>\n<meta property=\"og:image\" content=\"https:\/\/kunmedierne.dk\/mors\/wp-content\/uploads\/2020\/04\/200427-vindm\u00f8lle2.jpg\" \/>\n\t<meta property=\"og:image:width\" content=\"770\" \/>\n\t<meta property=\"og:image:height\" content=\"513\" \/>\n\t<meta property=\"og:image:type\" content=\"image\/jpeg\" \/>\n<meta name=\"author\" content=\"David H\u00f8jmark\" \/>\n<meta name=\"twitter:card\" content=\"summary_large_image\" \/>\n<meta name=\"twitter:label1\" content=\"Skrevet af\" \/>\n\t<meta name=\"twitter:data1\" content=\"David H\u00f8jmark\" \/>\n\t<meta name=\"twitter:label2\" content=\"Estimeret l\u00e6setid\" \/>\n\t<meta name=\"twitter:data2\" content=\"2 minutter\" \/>\n<script type=\"application\/ld+json\" class=\"yoast-schema-graph\">{\"@context\":\"https:\/\/schema.org\",\"@graph\":[{\"@type\":\"Article\",\"@id\":\"https:\/\/kunmedierne.dk\/mors\/vindmoelleejer-den-skal-koere-igen\/#article\",\"isPartOf\":{\"@id\":\"https:\/\/kunmedierne.dk\/mors\/vindmoelleejer-den-skal-koere-igen\/\"},\"author\":{\"name\":\"David H\u00f8jmark\",\"@id\":\"https:\/\/kunmedierne.dk\/mors\/#\/schema\/person\/5fe23251bf1d0abbcdc6f7896579d548\"},\"headline\":\"Vindm\u00f8lleejer: &#8211; Den skal k\u00f8re igen\",\"datePublished\":\"2020-04-27T13:36:53+00:00\",\"dateModified\":\"2024-08-12T12:06:11+00:00\",\"mainEntityOfPage\":{\"@id\":\"https:\/\/kunmedierne.dk\/mors\/vindmoelleejer-den-skal-koere-igen\/\"},\"wordCount\":405,\"commentCount\":0,\"publisher\":{\"@id\":\"https:\/\/kunmedierne.dk\/mors\/#organization\"},\"image\":{\"@id\":\"https:\/\/kunmedierne.dk\/mors\/vindmoelleejer-den-skal-koere-igen\/#primaryimage\"},\"thumbnailUrl\":\"https:\/\/kunmedierne.dk\/mors\/wp-content\/uploads\/2020\/04\/200427-vindm\u00f8lle2.jpg\",\"articleSection\":[\"Lokalt\"],\"inLanguage\":\"da-DK\",\"potentialAction\":[{\"@type\":\"CommentAction\",\"name\":\"Comment\",\"target\":[\"https:\/\/kunmedierne.dk\/mors\/vindmoelleejer-den-skal-koere-igen\/#respond\"]}]},{\"@type\":\"WebPage\",\"@id\":\"https:\/\/kunmedierne.dk\/mors\/vindmoelleejer-den-skal-koere-igen\/\",\"url\":\"https:\/\/kunmedierne.dk\/mors\/vindmoelleejer-den-skal-koere-igen\/\",\"name\":\"Vindm\u00f8lleejer: - Den skal k\u00f8re igen - Mors\",\"isPartOf\":{\"@id\":\"https:\/\/kunmedierne.dk\/mors\/#website\"},\"primaryImageOfPage\":{\"@id\":\"https:\/\/kunmedierne.dk\/mors\/vindmoelleejer-den-skal-koere-igen\/#primaryimage\"},\"image\":{\"@id\":\"https:\/\/kunmedierne.dk\/mors\/vindmoelleejer-den-skal-koere-igen\/#primaryimage\"},\"thumbnailUrl\":\"https:\/\/kunmedierne.dk\/mors\/wp-content\/uploads\/2020\/04\/200427-vindm\u00f8lle2.jpg\",\"datePublished\":\"2020-04-27T13:36:53+00:00\",\"dateModified\":\"2024-08-12T12:06:11+00:00\",\"breadcrumb\":{\"@id\":\"https:\/\/kunmedierne.dk\/mors\/vindmoelleejer-den-skal-koere-igen\/#breadcrumb\"},\"inLanguage\":\"da-DK\",\"potentialAction\":[{\"@type\":\"ReadAction\",\"target\":[\"https:\/\/kunmedierne.dk\/mors\/vindmoelleejer-den-skal-koere-igen\/\"]}]},{\"@type\":\"ImageObject\",\"inLanguage\":\"da-DK\",\"@id\":\"https:\/\/kunmedierne.dk\/mors\/vindmoelleejer-den-skal-koere-igen\/#primaryimage\",\"url\":\"https:\/\/kunmedierne.dk\/mors\/wp-content\/uploads\/2020\/04\/200427-vindm\u00f8lle2.jpg\",\"contentUrl\":\"https:\/\/kunmedierne.dk\/mors\/wp-content\/uploads\/2020\/04\/200427-vindm\u00f8lle2.jpg\",\"width\":770,\"height\":513,\"caption\":\"Vindm\u00f8llen har st\u00e5et inaktiv siden 30. december 2019. Foto: David H\u00f8jmark.\"},{\"@type\":\"BreadcrumbList\",\"@id\":\"https:\/\/kunmedierne.dk\/mors\/vindmoelleejer-den-skal-koere-igen\/#breadcrumb\",\"itemListElement\":[{\"@type\":\"ListItem\",\"position\":1,\"name\":\"Hjem\",\"item\":\"https:\/\/kunmedierne.dk\/mors\/\"},{\"@type\":\"ListItem\",\"position\":2,\"name\":\"Vindm\u00f8lleejer: &#8211; Den skal k\u00f8re igen\"}]},{\"@type\":\"WebSite\",\"@id\":\"https:\/\/kunmedierne.dk\/mors\/#website\",\"url\":\"https:\/\/kunmedierne.dk\/mors\/\",\"name\":\"Mors\",\"description\":\"et netmedie med journalistik om livet p\u00e5 Mors\",\"publisher\":{\"@id\":\"https:\/\/kunmedierne.dk\/mors\/#organization\"},\"potentialAction\":[{\"@type\":\"SearchAction\",\"target\":{\"@type\":\"EntryPoint\",\"urlTemplate\":\"https:\/\/kunmedierne.dk\/mors\/?s={search_term_string}\"},\"query-input\":{\"@type\":\"PropertyValueSpecification\",\"valueRequired\":true,\"valueName\":\"search_term_string\"}}],\"inLanguage\":\"da-DK\"},{\"@type\":\"Organization\",\"@id\":\"https:\/\/kunmedierne.dk\/mors\/#organization\",\"name\":\"Mors\",\"url\":\"https:\/\/kunmedierne.dk\/mors\/\",\"logo\":{\"@type\":\"ImageObject\",\"inLanguage\":\"da-DK\",\"@id\":\"https:\/\/kunmedierne.dk\/mors\/#\/schema\/logo\/image\/\",\"url\":\"https:\/\/kunmedierne.dk\/mors\/wp-content\/uploads\/2024\/08\/kunmors-logo.svg\",\"contentUrl\":\"https:\/\/kunmedierne.dk\/mors\/wp-content\/uploads\/2024\/08\/kunmors-logo.svg\",\"caption\":\"Mors\"},\"image\":{\"@id\":\"https:\/\/kunmedierne.dk\/mors\/#\/schema\/logo\/image\/\"}},{\"@type\":\"Person\",\"@id\":\"https:\/\/kunmedierne.dk\/mors\/#\/schema\/person\/5fe23251bf1d0abbcdc6f7896579d548\",\"name\":\"David H\u00f8jmark\",\"image\":{\"@type\":\"ImageObject\",\"inLanguage\":\"da-DK\",\"@id\":\"https:\/\/kunmedierne.dk\/mors\/#\/schema\/person\/image\/\",\"url\":\"https:\/\/secure.gravatar.com\/avatar\/4315d6fb9ef244d729989f5f90268eb08d5bf8a3d84402f595fa194bb35784fd?s=96&d=mm&r=g\",\"contentUrl\":\"https:\/\/secure.gravatar.com\/avatar\/4315d6fb9ef244d729989f5f90268eb08d5bf8a3d84402f595fa194bb35784fd?s=96&d=mm&r=g\",\"caption\":\"David H\u00f8jmark\"},\"sameAs\":[\"https:\/\/www.kunmedierne.dk\"],\"url\":\"https:\/\/kunmedierne.dk\/mors\/author\/david\/\"}]}<\/script>\n<!-- \/ Yoast SEO plugin. -->","yoast_head_json":{"title":"Vindm\u00f8lleejer: - Den skal k\u00f8re igen - Mors","robots":{"index":"index","follow":"follow","max-snippet":"max-snippet:-1","max-image-preview":"max-image-preview:large","max-video-preview":"max-video-preview:-1"},"canonical":"https:\/\/kunmedierne.dk\/mors\/vindmoelleejer-den-skal-koere-igen\/","og_locale":"da_DK","og_type":"article","og_title":"Vindm\u00f8lleejer: - Den skal k\u00f8re igen - Mors","og_description":"L\u00d8DDERUP: Hvad skal der ske med den vindm\u00f8lle? Det sp\u00f8rgsm\u00e5l stiller forbipasserende sig selv dag for dag, n\u00e5r de passerer den inaktive vindm\u00f8lle, der siden 30. december har sk\u00e6mmet synet ved til- og frak\u00f8rslen til A26 uden for Nyk\u00f8bing. Tydeligt ramt af rust, og med de wirer, der 30. december bragte den l\u00f8bske vindm\u00f8lle til [&hellip;]","og_url":"https:\/\/kunmedierne.dk\/mors\/vindmoelleejer-den-skal-koere-igen\/","og_site_name":"Mors","article_published_time":"2020-04-27T13:36:53+00:00","article_modified_time":"2024-08-12T12:06:11+00:00","og_image":[{"width":770,"height":513,"url":"https:\/\/kunmedierne.dk\/mors\/wp-content\/uploads\/2020\/04\/200427-vindm\u00f8lle2.jpg","type":"image\/jpeg"}],"author":"David H\u00f8jmark","twitter_card":"summary_large_image","twitter_misc":{"Skrevet af":"David H\u00f8jmark","Estimeret l\u00e6setid":"2 minutter"},"schema":{"@context":"https:\/\/schema.org","@graph":[{"@type":"Article","@id":"https:\/\/kunmedierne.dk\/mors\/vindmoelleejer-den-skal-koere-igen\/#article","isPartOf":{"@id":"https:\/\/kunmedierne.dk\/mors\/vindmoelleejer-den-skal-koere-igen\/"},"author":{"name":"David H\u00f8jmark","@id":"https:\/\/kunmedierne.dk\/mors\/#\/schema\/person\/5fe23251bf1d0abbcdc6f7896579d548"},"headline":"Vindm\u00f8lleejer: &#8211; Den skal k\u00f8re igen","datePublished":"2020-04-27T13:36:53+00:00","dateModified":"2024-08-12T12:06:11+00:00","mainEntityOfPage":{"@id":"https:\/\/kunmedierne.dk\/mors\/vindmoelleejer-den-skal-koere-igen\/"},"wordCount":405,"commentCount":0,"publisher":{"@id":"https:\/\/kunmedierne.dk\/mors\/#organization"},"image":{"@id":"https:\/\/kunmedierne.dk\/mors\/vindmoelleejer-den-skal-koere-igen\/#primaryimage"},"thumbnailUrl":"https:\/\/kunmedierne.dk\/mors\/wp-content\/uploads\/2020\/04\/200427-vindm\u00f8lle2.jpg","articleSection":["Lokalt"],"inLanguage":"da-DK","potentialAction":[{"@type":"CommentAction","name":"Comment","target":["https:\/\/kunmedierne.dk\/mors\/vindmoelleejer-den-skal-koere-igen\/#respond"]}]},{"@type":"WebPage","@id":"https:\/\/kunmedierne.dk\/mors\/vindmoelleejer-den-skal-koere-igen\/","url":"https:\/\/kunmedierne.dk\/mors\/vindmoelleejer-den-skal-koere-igen\/","name":"Vindm\u00f8lleejer: - Den skal k\u00f8re igen - Mors","isPartOf":{"@id":"https:\/\/kunmedierne.dk\/mors\/#website"},"primaryImageOfPage":{"@id":"https:\/\/kunmedierne.dk\/mors\/vindmoelleejer-den-skal-koere-igen\/#primaryimage"},"image":{"@id":"https:\/\/kunmedierne.dk\/mors\/vindmoelleejer-den-skal-koere-igen\/#primaryimage"},"thumbnailUrl":"https:\/\/kunmedierne.dk\/mors\/wp-content\/uploads\/2020\/04\/200427-vindm\u00f8lle2.jpg","datePublished":"2020-04-27T13:36:53+00:00","dateModified":"2024-08-12T12:06:11+00:00","breadcrumb":{"@id":"https:\/\/kunmedierne.dk\/mors\/vindmoelleejer-den-skal-koere-igen\/#breadcrumb"},"inLanguage":"da-DK","potentialAction":[{"@type":"ReadAction","target":["https:\/\/kunmedierne.dk\/mors\/vindmoelleejer-den-skal-koere-igen\/"]}]},{"@type":"ImageObject","inLanguage":"da-DK","@id":"https:\/\/kunmedierne.dk\/mors\/vindmoelleejer-den-skal-koere-igen\/#primaryimage","url":"https:\/\/kunmedierne.dk\/mors\/wp-content\/uploads\/2020\/04\/200427-vindm\u00f8lle2.jpg","contentUrl":"https:\/\/kunmedierne.dk\/mors\/wp-content\/uploads\/2020\/04\/200427-vindm\u00f8lle2.jpg","width":770,"height":513,"caption":"Vindm\u00f8llen har st\u00e5et inaktiv siden 30. december 2019. Foto: David H\u00f8jmark."},{"@type":"BreadcrumbList","@id":"https:\/\/kunmedierne.dk\/mors\/vindmoelleejer-den-skal-koere-igen\/#breadcrumb","itemListElement":[{"@type":"ListItem","position":1,"name":"Hjem","item":"https:\/\/kunmedierne.dk\/mors\/"},{"@type":"ListItem","position":2,"name":"Vindm\u00f8lleejer: &#8211; Den skal k\u00f8re igen"}]},{"@type":"WebSite","@id":"https:\/\/kunmedierne.dk\/mors\/#website","url":"https:\/\/kunmedierne.dk\/mors\/","name":"Mors","description":"et netmedie med journalistik om livet p\u00e5 Mors","publisher":{"@id":"https:\/\/kunmedierne.dk\/mors\/#organization"},"potentialAction":[{"@type":"SearchAction","target":{"@type":"EntryPoint","urlTemplate":"https:\/\/kunmedierne.dk\/mors\/?s={search_term_string}"},"query-input":{"@type":"PropertyValueSpecification","valueRequired":true,"valueName":"search_term_string"}}],"inLanguage":"da-DK"},{"@type":"Organization","@id":"https:\/\/kunmedierne.dk\/mors\/#organization","name":"Mors","url":"https:\/\/kunmedierne.dk\/mors\/","logo":{"@type":"ImageObject","inLanguage":"da-DK","@id":"https:\/\/kunmedierne.dk\/mors\/#\/schema\/logo\/image\/","url":"https:\/\/kunmedierne.dk\/mors\/wp-content\/uploads\/2024\/08\/kunmors-logo.svg","contentUrl":"https:\/\/kunmedierne.dk\/mors\/wp-content\/uploads\/2024\/08\/kunmors-logo.svg","caption":"Mors"},"image":{"@id":"https:\/\/kunmedierne.dk\/mors\/#\/schema\/logo\/image\/"}},{"@type":"Person","@id":"https:\/\/kunmedierne.dk\/mors\/#\/schema\/person\/5fe23251bf1d0abbcdc6f7896579d548","name":"David H\u00f8jmark","image":{"@type":"ImageObject","inLanguage":"da-DK","@id":"https:\/\/kunmedierne.dk\/mors\/#\/schema\/person\/image\/","url":"https:\/\/secure.gravatar.com\/avatar\/4315d6fb9ef244d729989f5f90268eb08d5bf8a3d84402f595fa194bb35784fd?s=96&d=mm&r=g","contentUrl":"https:\/\/secure.gravatar.com\/avatar\/4315d6fb9ef244d729989f5f90268eb08d5bf8a3d84402f595fa194bb35784fd?s=96&d=mm&r=g","caption":"David H\u00f8jmark"},"sameAs":["https:\/\/www.kunmedierne.dk"],"url":"https:\/\/kunmedierne.dk\/mors\/author\/david\/"}]}},"_links":{"self":[{"href":"https:\/\/kunmedierne.dk\/mors\/wp-json\/wp\/v2\/posts\/19296","targetHints":{"allow":["GET"]}}],"collection":[{"href":"https:\/\/kunmedierne.dk\/mors\/wp-json\/wp\/v2\/posts"}],"about":[{"href":"https:\/\/kunmedierne.dk\/mors\/wp-json\/wp\/v2\/types\/post"}],"author":[{"embeddable":true,"href":"https:\/\/kunmedierne.dk\/mors\/wp-json\/wp\/v2\/users\/8"}],"replies":[{"embeddable":true,"href":"https:\/\/kunmedierne.dk\/mors\/wp-json\/wp\/v2\/comments?post=19296"}],"version-history":[{"count":6,"href":"https:\/\/kunmedierne.dk\/mors\/wp-json\/wp\/v2\/posts\/19296\/revisions"}],"predecessor-version":[{"id":19608,"href":"https:\/\/kunmedierne.dk\/mors\/wp-json\/wp\/v2\/posts\/19296\/revisions\/19608"}],"wp:featuredmedia":[{"embeddable":true,"href":"https:\/\/kunmedierne.dk\/mors\/wp-json\/wp\/v2\/media\/19309"}],"wp:attachment":[{"href":"https:\/\/kunmedierne.dk\/mors\/wp-json\/wp\/v2\/media?parent=19296"}],"wp:term":[{"taxonomy":"category","embeddable":true,"href":"https:\/\/kunmedierne.dk\/mors\/wp-json\/wp\/v2\/categories?post=19296"},{"taxonomy":"post_tag","embeddable":true,"href":"https:\/\/kunmedierne.dk\/mors\/wp-json\/wp\/v2\/tags?post=19296"}],"curies":[{"name":"wp","href":"https:\/\/api.w.org\/{rel}","templated":true}]}}